{"id":13435,"date":"2026-03-15T20:06:26","date_gmt":"2026-03-15T23:06:26","guid":{"rendered":"http:\/\/metropoleemfoco.com.br\/?p=13435"},"modified":"2026-03-18T18:25:37","modified_gmt":"2026-03-18T21:25:37","slug":"13435","status":"publish","type":"post","link":"http:\/\/metropoleemfoco.com.br\/?p=13435","title":{"rendered":"SUS adota estrat\u00e9gia com antibi\u00f3tico para prevenir s\u00edfilis e clam\u00eddia"},"content":{"rendered":"<p>&nbsp;<\/p>\n<header class=\"Grid__Col-sc-owmjhw-2 ivaiSK\">\n<div class=\"HeaderNoticiaWrapper-sc-4exe2y-0 bZTBph colunas-wrapper\">\n<h1 class=\"Text__TextBase-sc-1d75gww-0 TcJvw\">SUS adota estrat\u00e9gia com antibi\u00f3tico para prevenir s\u00edfilis e clam\u00eddia<\/h1>\n<h2 class=\"Text__TextBase-sc-1d75gww-0 eOYeiH noticiaCabecalho__subtitulo\">Estrat\u00e9gia com doxiciclina poder\u00e1 ajudar a reduzir casos de s\u00edfilis e clam\u00eddia em grupos mais vulner\u00e1veis<\/h2>\n<div class=\"logo-div-container\">\n<div>\n<div class=\"HeaderNoticiaWrapper__Autor-sc-4exe2y-2 ghxIAK\"><a href=\"https:\/\/www.metropoles.com\/author\/ravenna-alves\" target=\"_top\" rel=\"author\">Ravenna Alves<\/a><\/div>\n<\/div>\n<\/div>\n<\/div>\n<\/header>\n<div class=\"Grid__Col-sc-owmjhw-2 cgtvGh\">\n<div class=\"NoticiaInternaWrapper__ImagemDestaque-sc-481g5p-5 bBlNwq\">\n<div class=\"ImgDestaqueNoticiaWrapper-sc-1frrxvx-0 btGEwY\">\n<figure class=\"ImgDestaqueNoticiaWrapper__Imagem-sc-1frrxvx-2 ebzoXV\"><img loading=\"lazy\" decoding=\"async\" class=\"imagem__placeholder\" src=\"https:\/\/i.metroimg.com\/Dh06vDLIW_D-aVD0fK-V6Drw0MspKO8Bg7r_0E8rzLU\/w:900\/q:85\/f:webp\/plain\/https:\/\/images.metroimg.com\/e4fe398e-sifilis.jpg\" alt=\"Ilustra\u00e7\u00e3o colorida mostra representa\u00e7\u00e3o da bact\u00e9ria causadora da s\u00edfilis, que tem formato de mola - Metr\u00f3poles\" width=\"1200\" height=\"800\" data-nimg=\"1\" \/><\/figure>\n<\/div>\n<\/div>\n<div class=\"ConteudoNoticiaWrapper-sc-19fsm27-0 hIDPRr m-content\">\n<div class=\"ConteudoNoticiaWrapper__Artigo-sc-19fsm27-1 dMBxPt\">\n<p>O Minist\u00e9rio da Sa\u00fade decidiu incorporar ao Sistema \u00danico de Sa\u00fade (SUS) uma nova estrat\u00e9gia para prevenir infec\u00e7\u00f5es sexualmente transmiss\u00edveis bacterianas. A medida prev\u00ea o uso da doxiciclina ap\u00f3s rela\u00e7\u00f5es sexuais desprotegidas<strong> como forma de reduzir o risco de infec\u00e7\u00e3o por clam\u00eddia e s\u00edfilis.<\/strong><\/p>\n<p data-gtm-vis-recent-on-screen104869357_94=\"1298\" data-gtm-vis-first-on-screen104869357_94=\"1298\" data-gtm-vis-total-visible-time104869357_94=\"100\" data-gtm-vis-has-fired104869357_94=\"1\">A iniciativa foi avaliada e aprovada pela Comiss\u00e3o Nacional de Incorpora\u00e7\u00e3o de Tecnologias no Sistema \u00danico de Sa\u00fade (Conitec). A estrat\u00e9gia,\u00a0<a href=\"https:\/\/www.metropoles.com\/saude\/doxipep-brasil-estuda-adocao-contra-sifilis\" target=\"_blank\" rel=\"noopener\">chamada de DoxiPEP<\/a>, consiste no uso do antibi\u00f3tico ap\u00f3s uma poss\u00edvel exposi\u00e7\u00e3o ao risco de infec\u00e7\u00e3o.<\/p>\n<p><span class=\"highlight highlight-visible\">A proposta \u00e9 diminuir a incid\u00eancia de novas ISTs, especialmente\u00a0<a href=\"https:\/\/www.metropoles.com\/saude\/sifilis-em-alta-apesar-prevencao-simples\" target=\"_blank\" rel=\"noopener\">a s\u00edfilis<\/a>\u00a0adquirida,<\/span> que ainda representa um importante problema de sa\u00fade p\u00fablica no Brasil.<\/p>\n<p>Na pr\u00e1tica, o cuidado envolve a ingest\u00e3o de dois comprimidos de doxiciclina ap\u00f3s a exposi\u00e7\u00e3o sexual sem prote\u00e7\u00e3o. O objetivo \u00e9 impedir que bact\u00e9rias respons\u00e1veis por essas infec\u00e7\u00f5es se estabele\u00e7am no organismo.<\/p>\n<p>Segundo a secret\u00e1ria de Ci\u00eancia, Tecnologia e Inova\u00e7\u00e3o em Sa\u00fade, Fernanda De Negri, a decis\u00e3o foi baseada em evid\u00eancias cient\u00edficas que demonstram a efic\u00e1cia e a seguran\u00e7a da estrat\u00e9gia.<\/p>\n<div class=\"m-banner-wrap m-banner-rectangle m-publicity-content-middle\">\n<div id=\"div-gpt-ad-saude-quadrado-2\" data-gtm-vis-recent-on-screen104869357_329=\"1669\" data-gtm-vis-first-on-screen104869357_329=\"1669\" data-gtm-vis-total-visible-time104869357_329=\"100\" data-gtm-vis-has-fired104869357_329=\"1\"><\/div>\n<\/div>\n<blockquote><p><strong>\u201cEssa decis\u00e3o reflete o compromisso do Governo do Brasil em incorporar tecnologias que tenham efic\u00e1cia, seguran\u00e7a e impacto comprovados. A DoxiPEP \u00e9 uma estrat\u00e9gia respaldada por evid\u00eancias cient\u00edficas e que pode contribuir para reduzir a incid\u00eancia de ISTs no pa\u00eds\u201d,<\/strong>\u00a0afirma, em comunicado.<\/p><\/blockquote>\n<h2>Quem poder\u00e1 receber o tratamento?<\/h2>\n<p>A oferta do tratamento ser\u00e1 direcionada inicialmente a grupos considerados mais vulner\u00e1veis a essas infec\u00e7\u00f5es.<\/p>\n<p><span class=\"highlight highlight-visible\">Entre eles est\u00e3o homens cisg\u00eanero gays, bissexuais e outros homens que fazem sexo com homens, al\u00e9m de mulheres transg\u00eanero<\/span>\u00a0que tiveram pelo menos um epis\u00f3dio de\u00a0<a href=\"https:\/\/www.gov.br\/saude\/pt-br\/assuntos\/saude-de-a-a-z\/i\/ist\" target=\"_blank\" rel=\"noopener\">infec\u00e7\u00e3o sexualmente transmiss\u00edvel<\/a>\u00a0nos \u00faltimos 12 meses.<\/p>\n<p>De acordo com o Minist\u00e9rio da Sa\u00fade, a defini\u00e7\u00e3o da popula\u00e7\u00e3o priorit\u00e1ria tamb\u00e9m foi baseada em estudos cient\u00edficos que apontam maior efetividade da estrat\u00e9gia nesses grupos.<\/p>\n<p>A pasta tamb\u00e9m informou que pretende apoiar pesquisas nacionais para avaliar o uso da DoxiPEP em outros p\u00fablicos, como mulheres cisg\u00eanero e homens transg\u00eanero.<\/p>\n<p>Antes de ser disponibilizada amplamente no SUS, a estrat\u00e9gia ainda precisa passar por etapas administrativas, que incluem a defini\u00e7\u00e3o do financiamento do medicamento e a pactua\u00e7\u00e3o entre Uni\u00e3o, estados e munic\u00edpios.<\/p>\n<div class=\"splide-container\">\n<div class=\"pre-slider\">\n<div class=\"splide__arrows\"><\/div>\n<div class=\"splide__first\">\n<div class=\"splide__slide\"><img decoding=\"async\" title=\"SUS adota estrat\u00e9gia com antibi\u00f3tico para prevenir s\u00edfilis e clam\u00eddia - destaque galeria\" src=\"https:\/\/i.metroimg.com\/MZtfF6vDYEzxM4pqneIGm-WFa26Q7X_ImApIF73TamI\/w:600\/q:85\/f:webp\/plain\/https:\/\/images.metroimg.com\/2022\/03\/01184810\/CapaDoencas.jpeg\" alt=\"SUS adota estrat\u00e9gia com antibi\u00f3tico para prevenir s\u00edfilis e clam\u00eddia - destaque galeria\" \/><\/div>\n<\/div>\n<div class=\"splide__thumb-list\">\n<div class=\"splide__slide\">\n<div class=\"splide__total-images\"><\/div>\n<p><img decoding=\"async\" title=\"&lt;b&gt;Herpes genital -&lt;\/b&gt; Altamente contagiosa, a herpes genital \u00e9 causada pelo v\u00edrus Herpes simplex (HSV). As pessoas infectadas podem desenvolver pequenas bolinhas vermelhas muito pr\u00f3ximas umas das outras na pele das coxas, anus e \u00f3rg\u00e3os genitais. Essas bolinhas cont\u00eam um l\u00edquido altamente viral de cor amarelada que causa coceira. Al\u00e9m disso, a doen\u00e7a pode se manifestar com febre, dor ao urinar e, no caso de mulheres, corrimento\" src=\"https:\/\/i.metroimg.com\/GaFHlfs-_wxQGyXldgxHRYzhIVj7FetDc4ctC8DqQp4\/w:180\/q:85\/f:webp\/plain\/https:\/\/images.metroimg.com\/2022\/03\/01173104\/Herpes-genital.jpg\" alt=\"&lt;b&gt;Herpes genital -&lt;\/b&gt; Altamente contagiosa, a herpes genital \u00e9 causada pelo v\u00edrus Herpes simplex (HSV). As pessoas infectadas podem desenvolver pequenas bolinhas vermelhas muito pr\u00f3ximas umas das outras na pele das coxas, anus e \u00f3rg\u00e3os genitais. Essas bolinhas cont\u00eam um l\u00edquido altamente viral de cor amarelada que causa coceira. Al\u00e9m disso, a doen\u00e7a pode se manifestar com febre, dor ao urinar e, no caso de mulheres, corrimento\" \/><\/p>\n<\/div>\n<div class=\"splide__slide\"><img decoding=\"async\" title=\"&lt;b&gt;Aids -&lt;\/b&gt;\u00e9 causada pelo v\u00edrus HIV e faz com que o sistema imunol\u00f3gico perca a capacidade de defender o organismo. Ainda n\u00e3o tem tratamento conhecido que seja eficaz.\" src=\"https:\/\/i.metroimg.com\/Uvo7uiyjAJPtvWjJheRYfZyTEFG29a-zwgX0G5l9v0c\/w:180\/q:85\/f:webp\/plain\/https:\/\/images.metroimg.com\/2020\/12\/01145816\/Justica-diz-que-demissao-de-funcionario-com-HIV-foi-discriminatoria.jpg\" alt=\"&lt;b&gt;Aids -&lt;\/b&gt;\u00e9 causada pelo v\u00edrus HIV e faz com que o sistema imunol\u00f3gico perca a capacidade de defender o organismo. Ainda n\u00e3o tem tratamento conhecido que seja eficaz.\" \/><\/div>\n<div class=\"splide__slide\"><img decoding=\"async\" title=\"&lt;b&gt;Gonorreia e infec\u00e7\u00e3o por Clam\u00eddia -&lt;\/b&gt; Na maioria das vezes, as duas doen\u00e7as est\u00e3o associadas. A infec\u00e7\u00e3o atinge os \u00f3rg\u00e3os genitais, a garganta e os olhos. Quando n\u00e3o \u00e9 tratada, a gonorreia pode levar \u00e0 infertilidade. Os principais sintomas em mulheres s\u00e3o dor ao urinar ou no p\u00e9 da barriga (baixo ventre), corrimento amarelado ou claro fora do per\u00edodo de menstrua\u00e7\u00e3o, dor ou sangramento durante a rela\u00e7\u00e3o sexual. Os homens costumam sentir ardor e esquentamento ao urinar, corrimento ou pus e dor nos test\u00edculos\" src=\"https:\/\/i.metroimg.com\/6TGo2sZsiG_4b1yR8xBuwj5qvlgVSt8btrdzMGh0E6Q\/w:180\/q:85\/f:webp\/plain\/https:\/\/images.metroimg.com\/2022\/03\/01173056\/Gonorreia.jpg\" alt=\"&lt;b&gt;Gonorreia e infec\u00e7\u00e3o por Clam\u00eddia -&lt;\/b&gt; Na maioria das vezes, as duas doen\u00e7as est\u00e3o associadas. A infec\u00e7\u00e3o atinge os \u00f3rg\u00e3os genitais, a garganta e os olhos. Quando n\u00e3o \u00e9 tratada, a gonorreia pode levar \u00e0 infertilidade. Os principais sintomas em mulheres s\u00e3o dor ao urinar ou no p\u00e9 da barriga (baixo ventre), corrimento amarelado ou claro fora do per\u00edodo de menstrua\u00e7\u00e3o, dor ou sangramento durante a rela\u00e7\u00e3o sexual. Os homens costumam sentir ardor e esquentamento ao urinar, corrimento ou pus e dor nos test\u00edculos\" \/><\/div>\n<div class=\"splide__slide\"><img decoding=\"async\" title=\"&lt;b&gt;HPV -&lt;\/b&gt; A infec\u00e7\u00e3o por papilomav\u00edrus humano (HPV) \u00e9 uma das mais incidentes e pode ser prevenida com vacina. Ela leva ao aparecimento de les\u00f5es na pele dos \u00f3rg\u00e3os genitais de homens e mulheres. A textura dessas altera\u00e7\u00f5es pode ser suave ou rugosa, com colora\u00e7\u00e3o que varia de acordo com o tom de pele. Elas n\u00e3o causam dor, mas s\u00e3o contagiosas\" src=\"https:\/\/i.metroimg.com\/En6UbSdp9lvlJ1ZwYj4fsimXnxNFPpp80R1pHJTEnXY\/w:180\/q:85\/f:webp\/plain\/https:\/\/images.metroimg.com\/2022\/03\/01173112\/HPV-1.jpg\" alt=\"&lt;b&gt;HPV -&lt;\/b&gt; A infec\u00e7\u00e3o por papilomav\u00edrus humano (HPV) \u00e9 uma das mais incidentes e pode ser prevenida com vacina. Ela leva ao aparecimento de les\u00f5es na pele dos \u00f3rg\u00e3os genitais de homens e mulheres. A textura dessas altera\u00e7\u00f5es pode ser suave ou rugosa, com colora\u00e7\u00e3o que varia de acordo com o tom de pele. Elas n\u00e3o causam dor, mas s\u00e3o contagiosas\" \/><\/div>\n<div class=\"splide__slide\"><img decoding=\"async\" title=\"&lt;b&gt;S\u00edfilis -&lt;\/b&gt; A s\u00edfilis \u00e9 uma infec\u00e7\u00e3o bacteriana geralmente transmitida pelo contato sexual ou pelo contato com sangue infectado. Os primeiros sintomas surgem no intervalo de tr\u00eas a 12 semanas ap\u00f3s o cont\u00e1gio, provocando feridas e manchas vermelhas nas m\u00e3os e p\u00e9s que n\u00e3o sangram e nem causam dor. A s\u00edfilis pode provocar cegueira, paralisia e problemas card\u00edacos\" src=\"https:\/\/i.metroimg.com\/tCB4IoEIrC5jzFjjpZCC15uoKx5A_wKpYai2Z8VwpLA\/w:180\/q:85\/f:webp\/plain\/https:\/\/images.metroimg.com\/2022\/03\/01173130\/Sifilis-1.jpg\" alt=\"&lt;b&gt;S\u00edfilis -&lt;\/b&gt; A s\u00edfilis \u00e9 uma infec\u00e7\u00e3o bacteriana geralmente transmitida pelo contato sexual ou pelo contato com sangue infectado. Os primeiros sintomas surgem no intervalo de tr\u00eas a 12 semanas ap\u00f3s o cont\u00e1gio, provocando feridas e manchas vermelhas nas m\u00e3os e p\u00e9s que n\u00e3o sangram e nem causam dor. A s\u00edfilis pode provocar cegueira, paralisia e problemas card\u00edacos\" \/><br \/>\nFonte: Metropoles<\/div>\n<\/div>\n<\/div>\n<\/div>\n<\/div>\n<\/div>\n<\/div>\n","protected":false},"excerpt":{"rendered":"<p>&nbsp; SUS adota estrat\u00e9gia com antibi\u00f3tico para prevenir s\u00edfilis e clam\u00eddia Estrat\u00e9gia com doxiciclina poder\u00e1 ajudar a reduzir casos de<\/p>\n","protected":false},"author":1,"featured_media":13437,"comment_status":"open","ping_status":"open","sticky":false,"template":"","format":"standard","meta":{"colormag_page_container_layout":"default_layout","colormag_page_sidebar_layout":"default_layout","footnotes":""},"categories":[9],"tags":[],"class_list":["post-13435","post","type-post","status-publish","format-standard","has-post-thumbnail","hentry","category-saude"],"_links":{"self":[{"href":"http:\/\/metropoleemfoco.com.br\/index.php?rest_route=\/wp\/v2\/posts\/13435","targetHints":{"allow":["GET"]}}],"collection":[{"href":"http:\/\/metropoleemfoco.com.br\/index.php?rest_route=\/wp\/v2\/posts"}],"about":[{"href":"http:\/\/metropoleemfoco.com.br\/index.php?rest_route=\/wp\/v2\/types\/post"}],"author":[{"embeddable":true,"href":"http:\/\/metropoleemfoco.com.br\/index.php?rest_route=\/wp\/v2\/users\/1"}],"replies":[{"embeddable":true,"href":"http:\/\/metropoleemfoco.com.br\/index.php?rest_route=%2Fwp%2Fv2%2Fcomments&post=13435"}],"version-history":[{"count":2,"href":"http:\/\/metropoleemfoco.com.br\/index.php?rest_route=\/wp\/v2\/posts\/13435\/revisions"}],"predecessor-version":[{"id":13495,"href":"http:\/\/metropoleemfoco.com.br\/index.php?rest_route=\/wp\/v2\/posts\/13435\/revisions\/13495"}],"wp:featuredmedia":[{"embeddable":true,"href":"http:\/\/metropoleemfoco.com.br\/index.php?rest_route=\/wp\/v2\/media\/13437"}],"wp:attachment":[{"href":"http:\/\/metropoleemfoco.com.br\/index.php?rest_route=%2Fwp%2Fv2%2Fmedia&parent=13435"}],"wp:term":[{"taxonomy":"category","embeddable":true,"href":"http:\/\/metropoleemfoco.com.br\/index.php?rest_route=%2Fwp%2Fv2%2Fcategories&post=13435"},{"taxonomy":"post_tag","embeddable":true,"href":"http:\/\/metropoleemfoco.com.br\/index.php?rest_route=%2Fwp%2Fv2%2Ftags&post=13435"}],"curies":[{"name":"wp","href":"https:\/\/api.w.org\/{rel}","templated":true}]}}