{"id":13430,"date":"2026-03-16T06:00:15","date_gmt":"2026-03-16T09:00:15","guid":{"rendered":"http:\/\/metropoleemfoco.com.br\/?p=13430"},"modified":"2026-03-15T20:03:51","modified_gmt":"2026-03-15T23:03:51","slug":"13430","status":"publish","type":"post","link":"http:\/\/metropoleemfoco.com.br\/?p=13430","title":{"rendered":""},"content":{"rendered":"<header class=\"group\/header group mx-auto box-border flex w-full max-w-full flex-col gap-4 pb-4 md:border-b md:border-neutral-200 [&amp;_.gallery]:-mx-4 [&amp;_.gallery]:outline [&amp;_.gallery]:outline-2 [&amp;_.gallery]:outline-neutral-950 [&amp;_.gallery]:lg:-mx-0 [&amp;_.gallery]:lg:outline-none\">\n<div class=\"flex w-full flex-col gap-4\">\n<div class=\"border-b pb-4 lg:border-b-0 lg:pb-0\" tabindex=\"1\">\n<h1 class=\"font-bold text-3xl lg:text-4xl\" data-single-title=\"true\">An\u00e1lise: Trump pode n\u00e3o conseguir terminar a guerra mesmo se quisesse<\/h1>\n<\/div>\n<div tabindex=\"2\">\n<h2 class=\"text-lg font-normal group-[.isActiveSource]:text-xl\" data-single-excerpt=\"true\">Ret\u00f3rica do presidente dos EUA se choca com a realidade de um conflito sem um fim claro para ambos os lados<\/h2>\n<\/div>\n<\/div>\n<div class=\"flex w-full flex-col gap-1\" data-single-author=\"true\"><span class=\"text-sm font-normal\"><a class=\"text-sm underline\" href=\"https:\/\/www.cnnbrasil.com.br\/autor\/nick-paton-walsh\/\" target=\"_self\"><span class=\"text-sm font-medium\">Nick Paton Walsh<\/span><\/a><\/span><\/div>\n<div class=\"h-auto w-fit cursor-pointer group-has-[.featuredImage]:w-full group-has-[.gallery]:w-full group-has-[.mosaic-large]:w-full group-has-[.mosaic-small]:w-fit [#gut-square_&amp;]:w-full [#gut-square_&amp;]:lg:w-fit [#gut-trio_&amp;]:w-full [#manchete-section-one_&amp;]:h-full [#manchete-section-one_&amp;]:w-full\" tabindex=\"0\" role=\"button\" aria-controls=\"modal-content\" aria-expanded=\"false\" aria-haspopup=\"true\">\n<div class=\"group\/featureImage featuredImage relative w-full\" data-image=\"true\">\n<div class=\"fullScreenButton absolute right-0 z-20 mr-2 mt-2 size-6 rounded-sm bg-red-600 p-0 hover:bg-red-500 sm:p-1 md:mr-4 md:mt-4 md:size-8\"><\/div>\n<figure class=\"group\/featureImage featuredImage relative z-10 mb-4 flex shrink flex-col gap-2\">\n<div class=\"featuredImage--image z-10 -mx-4 flex items-center justify-center bg-neutral-950 lg:mx-0 lg:overflow-hidden lg:rounded-lg\"><picture class=\"flex object-cover overflow-clip w-full aspect-video\"><source srcset=\"https:\/\/admin.cnnbrasil.com.br\/wp-content\/uploads\/sites\/12\/2026\/03\/GettyImages-2265657250-e1773241887523.jpg?w=1200&amp;h=900&amp;crop=0\" media=\"(min-width: 1024px)\" \/><source srcset=\"https:\/\/admin.cnnbrasil.com.br\/wp-content\/uploads\/sites\/12\/2026\/03\/GettyImages-2265657250-e1773241887523.jpg?w=849&amp;h=477&amp;crop=0\" media=\"(min-width: 768px)\" \/><img loading=\"lazy\" decoding=\"async\" class=\"flex size-full object-cover\" src=\"https:\/\/admin.cnnbrasil.com.br\/wp-content\/uploads\/sites\/12\/2026\/03\/GettyImages-2265657250-e1773241887523.jpg?w=419&amp;h=283&amp;crop=0\" alt=\"\" width=\"419\" height=\"283\" \/><\/picture><\/div><figcaption class=\"featuredImage--caption text-neutral-500\"><span class=\"text-sm font-medium featuredImage--subtitle\">O presidente dos EUA, Donald Trump, durante coletiva de imprensa na Fl\u00f3rida na segunda-feira (9)<\/span><span class=\"text-xs font-normal featuredImage--credits\">\u00a0 \u2022 Roberto Schmidt\/Getty Images<\/span><\/figcaption><\/figure>\n<\/div>\n<\/div>\n<\/header>\n<div class=\"text-lg w-full pt-6 font-light text-neutral-800 group-[.isActiveSource&gt;*]:text-xl md:pt-10 [&amp;&gt;*:not(.single-product)]:mx-auto [&amp;&gt;*:not(.single-product)]:max-w-2xl [&amp;_.gallery]:mb-4 [&amp;_p]:my-4 first:[&amp;_p]:mt-0 [&amp;_strong]:font-medium\" data-single-content=\"true\">\n<p class=\"my-5 break-words group-[.isActiveSource]:text-xl\">Uma guerra que \u00e9 &#8220;vencida&#8221; mas tamb\u00e9m &#8220;ainda n\u00e3o acabou&#8221;. Uma &#8220;incurs\u00e3o&#8221; que exige a &#8220;rendi\u00e7\u00e3o incondicional&#8221; do Ir\u00e3. Os n\u00f3s ret\u00f3ricos do presidente dos Estados Unidos Donald Trump se encaixam bem em seu estilo de ditar a dieta informativa da Am\u00e9rica, mas perdem for\u00e7a quando se chocam com a dura realidade do conflito.<\/p>\n<p class=\"my-5 break-words group-[.isActiveSource]:text-xl\">A &#8220;vit\u00f3ria&#8221; na guerra n\u00e3o \u00e9 como no esporte: um placar n\u00e3o declara o vencedor ap\u00f3s uma dura\u00e7\u00e3o previamente acordada. A bravata e os v\u00eddeos estilo game do governo dos EUA enquanto prossegue seu ataque ao Ir\u00e3 contradizem a extraordin\u00e1ria seriedade de um momento intrat\u00e1vel.<\/p>\n<p class=\"my-5 break-words group-[.isActiveSource]:text-xl\">At\u00e9 onde os americanos precisam ir, n\u00e3o apenas para declarar &#8220;n\u00f3s vencemos&#8221;, como\u00a0<a class=\"text-red-600 underline hover:text-red-500 font-medium break-words group-[.isActiveSource]:text-xl\" href=\"https:\/\/www.cnnbrasil.com.br\/internacional\/trump-diz-que-venceu-a-guerra-contra-o-ira-mas-que-continuara-lutando\/\" target=\"_blank\" rel=\"noopener noreferrer\">Trump fez na quarta-feira (11)<\/a> em Kentucky, mas para fazer o Ir\u00e3 se comportar como se tivesse sofrido uma derrota?<\/p>\n<p class=\"my-5 break-words group-[.isActiveSource]:text-xl\">Trump agora est\u00e1 preso na armadilha mais antiga da guerra moderna \u2013 acreditar que uma opera\u00e7\u00e3o militar r\u00e1pida e cir\u00fargica produzir\u00e1 resultados pol\u00edticos r\u00e1pidos e duradouros.<\/p>\n<p class=\"my-5 break-words group-[.isActiveSource]:text-xl\">Os sovi\u00e9ticos fizeram isso no Afeganist\u00e3o; os EUA no Iraque em 2003; Putin fez isso na Ucr\u00e2nia, e ainda est\u00e1 lutando. Independentemente da for\u00e7a que um ex\u00e9rcito falha ou consegue aplicar no in\u00edcio, as pessoas que est\u00e3o sendo atacadas t\u00eam maior compromisso em defender suas terras e lares.<\/p>\n<p class=\"my-5 break-words group-[.isActiveSource]:text-xl\">A Casa Branca pode ter se precipitado nisso, aproveitando a oportunidade de um ataque de decapita\u00e7\u00e3o, fornecida pela intelig\u00eancia israelense.<\/p>\n<p class=\"my-5 break-words group-[.isActiveSource]:text-xl\">O primeiro-ministro israelense Benjamin Netanyahu tem objetivos regionais muito diferentes, e um longo envolvimento dos EUA contra Teer\u00e3 serve ao seu desejo de um Ir\u00e3 em colapso cont\u00ednuo que n\u00e3o seja mais uma amea\u00e7a.<\/p>\n<p class=\"my-5 break-words group-[.isActiveSource]:text-xl\">Mas a\u00a0<a class=\"text-red-600 underline hover:text-red-500 font-medium break-words group-[.isActiveSource]:text-xl\" href=\"https:\/\/www.cnnbrasil.com.br\/internacional\/trump-diz-que-khamenei-foi-morto\/\" target=\"_blank\" rel=\"noopener noreferrer\">morte do L\u00edder Supremo Ali Khamenei<\/a>\u00a0no dia 28 de fevereiro causou tantos problemas quanto resolveu.<\/p>\n<p class=\"my-5 break-words group-[.isActiveSource]:text-xl\">N\u00e3o h\u00e1 uma Delcy Rodriguez esperando nos bastidores para Trump ungir, como foi o caso quando as for\u00e7as dos EUA capturaram o presidente venezuelano Nicol\u00e1s Maduro<\/p>\n<p class=\"my-5 break-words group-[.isActiveSource]:text-xl\">Na verdade, os linha-dura iranianos preencheram o v\u00e1cuo com o filho de Khamenei, Mojtaba \u2013 exatamente o homem que Trump disse publicamente que n\u00e3o queria<\/p>\n<div class=\"h-auto w-fit cursor-pointer group-has-[.featuredImage]:w-full group-has-[.gallery]:w-full group-has-[.mosaic-large]:w-full group-has-[.mosaic-small]:w-fit [#gut-square_&amp;]:w-full [#gut-square_&amp;]:lg:w-fit [#gut-trio_&amp;]:w-full [#manchete-section-one_&amp;]:h-full [#manchete-section-one_&amp;]:w-full\" tabindex=\"0\" role=\"button\" aria-controls=\"modal-content\" aria-expanded=\"false\" aria-haspopup=\"true\">\n<div class=\"group\/featureImage featuredImage relative w-full\" data-image=\"true\">\n<figure class=\"group\/featureImage featuredImage relative z-10 mb-4 flex shrink flex-col gap-2\">\n<div class=\"featuredImage--image z-10 -mx-4 flex items-center justify-center bg-neutral-950 lg:mx-0 lg:overflow-hidden lg:rounded-lg\"><picture class=\"flex object-cover overflow-clip\"><img loading=\"lazy\" decoding=\"async\" class=\"flex size-full object-cover\" src=\"https:\/\/admin.cnnbrasil.com.br\/wp-content\/uploads\/sites\/12\/2026\/03\/mojtaba-khamenei-lider-supremo-ira-e1773323109119.jpg?w=849&amp;h=477&amp;crop=0\" alt=\"Mojtaba Khamenei em Teer\u00e3, no Ir\u00e3 \u2022 13\/10\/2024 Hamed Jafarnejad\/ISNA\/WANA (West Asia News Agency) via REUTERS\" width=\"849\" height=\"477\" \/><\/picture><\/div><figcaption class=\"featuredImage--caption text-neutral-500\"><span class=\"text-sm font-medium featuredImage--subtitle\">Mojtaba Khamenei em Teer\u00e3, no Ir\u00e3 \u2022 13\/10\/2024 Hamed Jafarnejad\/ISNA\/WANA (West Asia News Agency) via REUTERS<\/span><\/figcaption><\/figure>\n<\/div>\n<\/div>\n<p class=\"my-5 break-words group-[.isActiveSource]:text-xl\">N\u00e3o est\u00e1 claro se Mojtaba est\u00e1 com sa\u00fade suficientemente boa para gravar um v\u00eddeo anunciando sua lideran\u00e7a, embora o que a m\u00eddia estatal iraniana disse ser sua primeira mensagem desde que se tornou l\u00edder supremo tenha sido lida no ar na quinta-feira (12).<\/p>\n<p class=\"my-5 break-words group-[.isActiveSource]:text-xl\">\u00c9 muito claro que o IRGC (Corpo da Guarda Revolucion\u00e1ria Isl\u00e2mica) est\u00e1 buscando uma vingan\u00e7a sangrenta pelo assassinato implac\u00e1vel de seus comandantes, assim como seria de se esperar que as tropas americanas fizessem se Trump, o Estado-Maior Conjunto e grande parte da comunidade de intelig\u00eancia dos EUA fossem mortos.<\/p>\n<p class=\"my-5 break-words group-[.isActiveSource]:text-xl\">Esta raiva prejudica as perspectivas imediatas de Trump para um fim. O Ir\u00e3 \u2013 em 13 dias \u2013 transformou isso em um teste de resist\u00eancia que parece estar sobrevivendo.<\/p>\n<p class=\"my-5 break-words group-[.isActiveSource]:text-xl\">Os EUA podem bombardear por meses, mas n\u00e3o sem esgotar seus estoques vitais de muni\u00e7\u00f5es, e enfrentando tanto maiores danos pol\u00edticos antes das elei\u00e7\u00f5es de meio de mandato de novembro quanto o risco de mais baixas americanas.<\/p>\n<p class=\"my-5 break-words group-[.isActiveSource]:text-xl\">O Ir\u00e3 continuar\u00e1 a perder lan\u00e7adores, bases de drones, pessoal e infraestrutura, mas provavelmente sobreviver\u00e1 o suficiente para que suas for\u00e7as nunca tenham que parar e cair de joelhos. Os l\u00edderes do IRGC se prepararam para este momento por anos.<\/p>\n<p class=\"my-5 break-words group-[.isActiveSource]:text-xl\">Esta \u00e9 sua voca\u00e7\u00e3o. Eles podem ficar sem bombas, drones ou at\u00e9 pessoas, mas n\u00e3o sem motiva\u00e7\u00e3o. Esta, tamb\u00e9m, foi a li\u00e7\u00e3o do Iraque e do Afeganist\u00e3o.<\/p>\n<p class=\"my-5 break-words group-[.isActiveSource]:text-xl\">O Ir\u00e3 est\u00e1 dividido em seu apoio ao regime. Mas o bombardeio a\u00e9reo cria estranhas alian\u00e7as entre os bombardeados. A no\u00e7\u00e3o m\u00edope de que ataques de precis\u00e3o suficientes potencialmente garantiriam um\u00a0<a class=\"text-red-600 underline hover:text-red-500 font-medium break-words group-[.isActiveSource]:text-xl\" href=\"https:\/\/www.cnnbrasil.com.br\/internacional\/inteligencia-dos-eua-diz-que-regime-do-ira-nao-corre-risco-dizem-fontes\/\" target=\"_blank\" rel=\"noopener noreferrer\">amplo levante popular iraniano<\/a> foi lentamente exposta como uma farsa.<\/p>\n<p class=\"my-5 break-words group-[.isActiveSource]:text-xl\">Democracia e mudan\u00e7a de regime s\u00e3o agora uma aspira\u00e7\u00e3o no retrovisor de Trump enquanto ele busca um fim para a guerra.<\/p>\n<p class=\"my-5 break-words group-[.isActiveSource]:text-xl\">Em vez disso, as limita\u00e7\u00f5es do poder a\u00e9reo dos EUA s\u00e3o expostas. Ele pode alterar regimes \u2013 em termos de suas capacidades ou figuras de lideran\u00e7a \u2013 mas ainda n\u00e3o conseguiu, com o Ir\u00e3, for\u00e7ar um regime a mudar seus m\u00e9todos ou for\u00e7ar uma mudan\u00e7a de regime<\/p>\n<p class=\"my-5 break-words group-[.isActiveSource]:text-xl\">Com o passar do tempo, o bombardeio provavelmente se tornar\u00e1 menos eficaz e mais letal para civis \u2013 conforme a lista de alvos diminui e os itens que os americanos e israelenses precisam atingir se tornam mais entrela\u00e7ados com a vida civil.<\/p>\n<div class=\"h-auto w-fit cursor-pointer group-has-[.featuredImage]:w-full group-has-[.gallery]:w-full group-has-[.mosaic-large]:w-full group-has-[.mosaic-small]:w-fit [#gut-square_&amp;]:w-full [#gut-square_&amp;]:lg:w-fit [#gut-trio_&amp;]:w-full [#manchete-section-one_&amp;]:h-full [#manchete-section-one_&amp;]:w-full\" tabindex=\"0\" role=\"button\" aria-controls=\"modal-content\" aria-expanded=\"false\" aria-haspopup=\"true\">\n<div class=\"group\/featureImage featuredImage relative w-full\" data-image=\"true\">\n<figure class=\"group\/featureImage featuredImage relative z-10 mb-4 flex shrink flex-col gap-2\">\n<div class=\"featuredImage--image z-10 -mx-4 flex items-center justify-center bg-neutral-950 lg:mx-0 lg:overflow-hidden lg:rounded-lg\"><picture class=\"flex object-cover overflow-clip\"><img loading=\"lazy\" decoding=\"async\" class=\"flex size-full object-cover\" src=\"https:\/\/admin.cnnbrasil.com.br\/wp-content\/uploads\/sites\/12\/2026\/02\/ap26059256811672-e1772487765983.avif?w=849&amp;h=477&amp;crop=0\" alt=\"Fuma\u00e7a se eleva no horizonte ap\u00f3s uma explos\u00e3o em Teer\u00e3, Ir\u00e3, no s\u00e1bado (28) \u2022 Reprodu\u00e7\u00e3o\/AP\/CNN Internacional\" width=\"849\" height=\"477\" \/><\/picture><\/div><figcaption class=\"featuredImage--caption text-neutral-500\"><span class=\"text-sm font-medium featuredImage--subtitle\">Fuma\u00e7a se eleva no horizonte ap\u00f3s uma explos\u00e3o em Teer\u00e3, Ir\u00e3, no s\u00e1bado (28) \u2022 Reprodu\u00e7\u00e3o\/AP\/CNN Internacional<\/span><\/figcaption><\/figure>\n<\/div>\n<\/div>\n<p class=\"my-5 break-words group-[.isActiveSource]:text-xl\">Para os iranianos, o c\u00e1lculo de risco versus recompensa est\u00e1 seguindo o caminho oposto: eles podem assediar e destruir navios no Estreito de Hormuz, mantendo o pre\u00e7o do petr\u00f3leo acima de $100, e for\u00e7ando a economia global a protestar que Trump deveria ter previsto isso.<\/p>\n<p class=\"my-5 break-words group-[.isActiveSource]:text-xl\">Os bombardeios de m\u00edsseis do Ir\u00e3 podem se tornar menos frequentes, mas sua mera persist\u00eancia \u00e9 uma vit\u00f3ria.<\/p>\n<p class=\"my-5 break-words group-[.isActiveSource]:text-xl\">Agora que Trump come\u00e7ou a falar diariamente sobre o fim e sobre a vit\u00f3ria, ele tornou muito palp\u00e1vel que quer parar. Disciplina nas mensagens \u00e9 \u00fatil na guerra, e ele deixou seu inimigo saber que quer sair agora.<\/p>\n<p class=\"my-5 break-words group-[.isActiveSource]:text-xl\">E assim, para o regime do Ir\u00e3, o caminho para a vit\u00f3ria \u2013 ou pelo menos para evitar a derrota \u2013 est\u00e1 repentinamente muito claro, embora longo. S\u00f3 precisa sobreviver. Trump ou Israel poderiam matar um segundo Khamenei, mas a determina\u00e7\u00e3o iraniana resultante seria ainda mais dif\u00edcil de derrotar.<\/p>\n<p class=\"my-5 break-words group-[.isActiveSource]:text-xl\">(Os americanos aprenderam no Afeganist\u00e3o que suas incurs\u00f5es noturnas contra a lideran\u00e7a do Talib\u00e3 na verdade tornaram mais dif\u00edcil encerrar a guerra \u2013 eles ficaram apenas com filhos impetuosos e enlutados de l\u00edderes mortos para tentar conversar).<\/p>\n<p class=\"my-5 break-words group-[.isActiveSource]:text-xl\">No entanto, esta n\u00e3o \u00e9 uma &#8220;Guerra Eterna&#8221;, por enquanto. Tem 13 dias de idade. \u00c9 mais prov\u00e1vel que a diplomacia silenciosa, ou puro esgotamento, fa\u00e7a a viol\u00eancia diminuir nas pr\u00f3ximas semanas, de uma forma que ambos os lados possam reivindicar uma vit\u00f3ria.<\/p>\n<p class=\"my-5 break-words group-[.isActiveSource]:text-xl\">Ent\u00e3o, o regime do Ir\u00e3 se reconstruir\u00e1, mais linha-dura, mais violento, mais brutal \u2013 seus membros conscientes de que todo o poderio militar dos EUA pode matar seu l\u00edder supremo, devastar seu ex\u00e9rcito, mas ainda assim n\u00e3o desalojar sua impopular cabala. Isso \u00e9 um grande triunfo psicol\u00f3gico.<\/p>\n<p class=\"my-5 break-words group-[.isActiveSource]:text-xl\">R\u00fassia e China sem d\u00favida ajudar\u00e3o eles a se recuperarem \u2013 n\u00e3o a se tornarem gigantes, mas est\u00e1veis o suficiente para dar um soco.<\/p>\n<p class=\"my-5 break-words group-[.isActiveSource]:text-xl\">Os EUA provavelmente ter\u00e3o que considerar uma nova investida, em algum momento no futuro, para diminuir um Teer\u00e3 reconstru\u00eddo. Tamb\u00e9m podem enfrentar o mesmo dilema que a Europa enfrenta agora com a Ucr\u00e2nia<\/p>\n<p class=\"my-5 break-words group-[.isActiveSource]:text-xl\">A R\u00fassia est\u00e1 provocando os aliados europeus da Ucr\u00e2nia com guerra assim\u00e9trica \u2013 sabotagem e ataques cibern\u00e9ticos \u2013 possivelmente para provocar um conflito mais amplo enquanto imp\u00f5e custos.<\/p>\n<p class=\"my-5 break-words group-[.isActiveSource]:text-xl\">O Ir\u00e3 provavelmente seguir\u00e1 o mesmo padr\u00e3o: irritar os EUA com frequ\u00eancia suficiente para que fique clara a incapacidade americana de suprimir o Ir\u00e3, mas n\u00e3o a ponto de arriscar um conflito aberto novamente.<\/p>\n<p class=\"my-5 break-words group-[.isActiveSource]:text-xl\">A decis\u00e3o mais s\u00e9ria que qualquer presidente dos EUA pode tomar \u00e9 enviar suas tropas para a guerra. Trump n\u00e3o est\u00e1 sozinho em ter falhado nessa quest\u00e3o: George W. Bush fez isso (duas vezes).<\/p>\n<p class=\"my-5 break-words group-[.isActiveSource]:text-xl\">Barack Obama pensou que poderia vencer no Afeganist\u00e3o, se tentasse um pouco mais, e o caos da retirada de Joe Biden definiu o qu\u00e3o mal os EUA compreenderam seus fracassos l\u00e1.<\/p>\n<p class=\"my-5 break-words group-[.isActiveSource]:text-xl\">Trump declarou uma vit\u00f3ria ap\u00f3s 12 dias que ele ainda n\u00e3o conquistou ou viu aceita por seu advers\u00e1rio. Ele agora enfrenta a tarefa imposs\u00edvel de conciliar sua insuper\u00e1vel necessidade de parecer vitorioso com o obstinado desejo do Ir\u00e3 de nunca parecer parar.<\/p>\n<p class=\"my-5 break-words group-[.isActiveSource]:text-xl\">Esperar pelo esgotamento n\u00e3o \u00e9 um plano de jogo, mas parece ser o \u00fanico dispon\u00edvel agora.<\/p>\n<div id=\"cRN_YG76Go4\" class=\"group relative my-4 flex aspect-video w-full cursor-pointer items-center justify-center overflow-hidden rounded-lg bg-black bg-cover bg-center [&amp;_div]:!absolute [&amp;_div]:!aspect-video [&amp;_div]:!size-full [&amp;_iframe]:!absolute [&amp;_iframe]:!aspect-video [&amp;_iframe]:!size-full\" aria-label=\"Reproduzir v\u00eddeo: \" aria-labelledby=\"video-title-cRN_YG76Go4\" data-video=\"youtube\"><iframe loading=\"lazy\" id=\"cRN_YG76Go4-player\" title=\"Trump diz que \u201cvenceu\u201d a guerra contra o Ir\u00e3, mas que continuar\u00e1 lutando | CNN PRIME TIME\" src=\"https:\/\/www.youtube.com\/embed\/cRN_YG76Go4?embed_config=%7B%22adsConfig%22%3A%7B%22disableAds%22%3Atrue%7D%2C%22enableIma%22%3Atrue%7D&amp;enablejsapi=1&amp;origin=https%3A%2F%2Fwww.cnnbrasil.com.br&amp;widgetid=1&amp;forigin=https%3A%2F%2Fwww.cnnbrasil.com.br%2Finternacional%2Fanalise-trump-pode-falhar-em-encerrar-guerra-com-o-ira-mesmo-se-quisesse%2F&amp;aoriginsup=1&amp;gporigin=https%3A%2F%2Fwww.google.com%2F&amp;vf=4\" width=\"1280px\" height=\"720px\" frameborder=\"0\" allowfullscreen=\"allowfullscreen\" data-gtm-yt-inspected-31=\"true\" data-mce-fragment=\"1\"><\/iframe><\/p>\n<p>Fonte: CNN<\/p><\/div>\n<\/div>\n","protected":false},"excerpt":{"rendered":"<p>An\u00e1lise: Trump pode n\u00e3o conseguir terminar a guerra mesmo se quisesse Ret\u00f3rica do presidente dos EUA se choca com a<\/p>\n","protected":false},"author":1,"featured_media":13433,"comment_status":"open","ping_status":"open","sticky":false,"template":"","format":"standard","meta":{"colormag_page_container_layout":"default_layout","colormag_page_sidebar_layout":"default_layout","footnotes":""},"categories":[90],"tags":[],"class_list":["post-13430","post","type-post","status-publish","format-standard","has-post-thumbnail","hentry","category-brasil"],"_links":{"self":[{"href":"http:\/\/metropoleemfoco.com.br\/index.php?rest_route=\/wp\/v2\/posts\/13430","targetHints":{"allow":["GET"]}}],"collection":[{"href":"http:\/\/metropoleemfoco.com.br\/index.php?rest_route=\/wp\/v2\/posts"}],"about":[{"href":"http:\/\/metropoleemfoco.com.br\/index.php?rest_route=\/wp\/v2\/types\/post"}],"author":[{"embeddable":true,"href":"http:\/\/metropoleemfoco.com.br\/index.php?rest_route=\/wp\/v2\/users\/1"}],"replies":[{"embeddable":true,"href":"http:\/\/metropoleemfoco.com.br\/index.php?rest_route=%2Fwp%2Fv2%2Fcomments&post=13430"}],"version-history":[{"count":1,"href":"http:\/\/metropoleemfoco.com.br\/index.php?rest_route=\/wp\/v2\/posts\/13430\/revisions"}],"predecessor-version":[{"id":13434,"href":"http:\/\/metropoleemfoco.com.br\/index.php?rest_route=\/wp\/v2\/posts\/13430\/revisions\/13434"}],"wp:featuredmedia":[{"embeddable":true,"href":"http:\/\/metropoleemfoco.com.br\/index.php?rest_route=\/wp\/v2\/media\/13433"}],"wp:attachment":[{"href":"http:\/\/metropoleemfoco.com.br\/index.php?rest_route=%2Fwp%2Fv2%2Fmedia&parent=13430"}],"wp:term":[{"taxonomy":"category","embeddable":true,"href":"http:\/\/metropoleemfoco.com.br\/index.php?rest_route=%2Fwp%2Fv2%2Fcategories&post=13430"},{"taxonomy":"post_tag","embeddable":true,"href":"http:\/\/metropoleemfoco.com.br\/index.php?rest_route=%2Fwp%2Fv2%2Ftags&post=13430"}],"curies":[{"name":"wp","href":"https:\/\/api.w.org\/{rel}","templated":true}]}}