{"id":13422,"date":"2026-03-15T16:22:22","date_gmt":"2026-03-15T19:22:22","guid":{"rendered":"http:\/\/metropoleemfoco.com.br\/?p=13422"},"modified":"2026-03-15T16:22:22","modified_gmt":"2026-03-15T19:22:22","slug":"13422","status":"publish","type":"post","link":"http:\/\/metropoleemfoco.com.br\/?p=13422","title":{"rendered":""},"content":{"rendered":"<div id=\"noticias-interna\" class=\"elementor-element elementor-element-c4536fa header-noticias-leitura e-flex e-con-boxed e-con e-parent e-lazyloaded\" data-id=\"c4536fa\" data-element_type=\"container\" data-settings=\"{&quot;_ha_eqh_enable&quot;:false}\">\n<div class=\"e-con-inner\">\n<div class=\"elementor-element elementor-element-2028351 elementor-widget__width-initial titulo-conteudo elementor-widget elementor-widget-theme-post-title elementor-page-title elementor-widget-heading\" data-id=\"2028351\" data-element_type=\"widget\" data-widget_type=\"theme-post-title.default\">\n<div class=\"elementor-widget-container\">\n<h1 class=\"elementor-heading-title elementor-size-default\">Com medalha do Time S\u00e3o Paulo, Brasil tem melhor desempenho da hist\u00f3ria da Am\u00e9rica Latina nos Jogos Paral\u00edmpicos de Inverno<\/h1>\n<\/div>\n<\/div>\n<div class=\"elementor-element elementor-element-4784657 elementor-widget__width-initial elementor-widget elementor-widget-theme-post-excerpt\" data-id=\"4784657\" data-element_type=\"widget\" data-widget_type=\"theme-post-excerpt.default\">\n<div class=\"elementor-widget-container\">Equipe tem incentivo do Governo de S\u00e3o Paulo com apoio a 157 atletas em 16 modalidades<\/div>\n<\/div>\n<div class=\"elementor-element elementor-element-2133f16 compartilhe e-con-full e-flex e-con e-child\" data-id=\"2133f16\" data-element_type=\"container\" data-settings=\"{&quot;_ha_eqh_enable&quot;:false}\">\n<div class=\"elementor-element elementor-element-a8be681 e-con-full e-flex e-con e-child\" data-id=\"a8be681\" data-element_type=\"container\" data-settings=\"{&quot;_ha_eqh_enable&quot;:false}\">\n<div class=\"elementor-element elementor-element-888f86d elementor-share-buttons--view-icon elementor-share-buttons--skin-framed elementor-share-buttons--shape-circle elementor-share-buttons--align-left elementor-share-buttons--color-custom elementor-grid-0 elementor-widget elementor-widget-share-buttons\" data-id=\"888f86d\" data-element_type=\"widget\" data-settings=\"{&quot;share_url&quot;:{&quot;url&quot;:&quot;https:\\\/\\\/www.agenciasp.sp.gov.br\\\/time-sao-paulo-tem-melhor-desempenho-da-historia-da-america-latina-nos-jogos-paralimpicos-de-inverno\\\/&quot;,&quot;is_external&quot;:&quot;&quot;,&quot;nofollow&quot;:&quot;&quot;,&quot;custom_attributes&quot;:&quot;&quot;}}\" data-widget_type=\"share-buttons.default\">\n<div class=\"elementor-widget-container\">\n<div class=\"elementor-grid\">\n<div class=\"elementor-grid-item\">\n<div class=\"elementor-share-btn elementor-share-btn_whatsapp\" tabindex=\"0\" role=\"button\" aria-label=\"Compartilhar no whatsapp\"><\/div>\n<\/div>\n<div class=\"elementor-grid-item\">\n<div class=\"elementor-share-btn elementor-share-btn_facebook\" tabindex=\"0\" role=\"button\" aria-label=\"Compartilhar no facebook\"><\/div>\n<\/div>\n<div class=\"elementor-grid-item\">\n<div class=\"elementor-share-btn elementor-share-btn_x-twitter\" tabindex=\"0\" role=\"button\" aria-label=\"Compartilhar no x-twitter\"><\/div>\n<\/div>\n<div class=\"elementor-grid-item\">\n<div class=\"elementor-share-btn elementor-share-btn_email\" tabindex=\"0\" role=\"button\" aria-label=\"Compartilhar no email\"><\/div>\n<\/div>\n<\/div>\n<\/div>\n<\/div>\n<\/div>\n<\/div>\n<\/div>\n<\/div>\n<div class=\"elementor-element elementor-element-0e5ecd1 imagem-top-post e-flex e-con-boxed e-con e-parent e-lazyloaded\" data-id=\"0e5ecd1\" data-element_type=\"container\" data-settings=\"{&quot;background_background&quot;:&quot;classic&quot;,&quot;background_motion_fx_motion_fx_scrolling&quot;:&quot;yes&quot;,&quot;background_motion_fx_devices&quot;:[&quot;desktop&quot;,&quot;tablet&quot;,&quot;mobile&quot;],&quot;_ha_eqh_enable&quot;:false}\">\n<div class=\"e-con-inner\">\n<div class=\"elementor-element elementor-element-ced2435 elementor-widget__width-inherit capa-post elementor-widget elementor-widget-theme-post-featured-image elementor-widget-image\" data-id=\"ced2435\" data-element_type=\"widget\" data-widget_type=\"theme-post-featured-image.default\">\n<div class=\"elementor-widget-container\"><img loading=\"lazy\" decoding=\"async\" class=\"attachment-large size-large wp-image-128875\" src=\"https:\/\/www.agenciasp.sp.gov.br\/wp-content\/uploads\/2026\/03\/WhatsApp-Image-2026-03-15-at-08.27.06-1024x683.jpeg\" sizes=\"auto, (max-width: 800px) 100vw, 800px\" srcset=\"https:\/\/www.agenciasp.sp.gov.br\/wp-content\/uploads\/2026\/03\/WhatsApp-Image-2026-03-15-at-08.27.06-1024x683.jpeg 1024w, https:\/\/www.agenciasp.sp.gov.br\/wp-content\/uploads\/2026\/03\/WhatsApp-Image-2026-03-15-at-08.27.06-300x200.jpeg 300w, https:\/\/www.agenciasp.sp.gov.br\/wp-content\/uploads\/2026\/03\/WhatsApp-Image-2026-03-15-at-08.27.06-768x512.jpeg 768w, https:\/\/www.agenciasp.sp.gov.br\/wp-content\/uploads\/2026\/03\/WhatsApp-Image-2026-03-15-at-08.27.06-1536x1024.jpeg 1536w, https:\/\/www.agenciasp.sp.gov.br\/wp-content\/uploads\/2026\/03\/WhatsApp-Image-2026-03-15-at-08.27.06-150x100.jpeg 150w, https:\/\/www.agenciasp.sp.gov.br\/wp-content\/uploads\/2026\/03\/WhatsApp-Image-2026-03-15-at-08.27.06.jpeg 1600w\" alt=\"\" width=\"800\" height=\"534\" \/><\/div>\n<\/div>\n<div class=\"elementor-element elementor-element-5c2830d elementor-align-center elementor-absolute tarja-categoria-leitura-materia elementor-widget elementor-widget-post-info\" data-id=\"5c2830d\" data-element_type=\"widget\" data-settings=\"{&quot;_position&quot;:&quot;absolute&quot;}\" data-widget_type=\"post-info.default\">\n<div class=\"elementor-widget-container\">\n<ul class=\"elementor-icon-list-items elementor-post-info\">\n<li class=\"elementor-icon-list-item elementor-repeater-item-78f4fb6\"><span class=\"elementor-icon-list-text elementor-post-info__item elementor-post-info__item--type-terms\"><span class=\"elementor-post-info__terms-list\"><a class=\"elementor-post-info__terms-list-item\" role=\"link\" href=\"https:\/\/www.agenciasp.sp.gov.br\/editoria\/esportes\/\">Esportes<\/a><\/span><\/span><\/li>\n<\/ul>\n<\/div>\n<\/div>\n<\/div>\n<\/div>\n<div class=\"elementor-element elementor-element-5c5279b noticias-content e-flex e-con-boxed e-con e-parent e-lazyloaded\" data-id=\"5c5279b\" data-element_type=\"container\" data-settings=\"{&quot;_ha_eqh_enable&quot;:false}\">\n<div class=\"e-con-inner\">\n<div class=\"elementor-element elementor-element-753696f legenda-fotos elementor-widget elementor-widget-text-editor\" data-id=\"753696f\" data-element_type=\"widget\" data-widget_type=\"text-editor.default\">\n<div class=\"elementor-widget-container\">Gra\u00e7as ao bom desempenho dos seus atletas, o Brasil terminou em 22\u00ba lugar no quadro de medalhas \u2013 Foto: Alessandra Cabral\/CPB<\/div>\n<\/div>\n<div class=\"elementor-element elementor-element-cb76742 elementor-widget elementor-widget-post-info\" data-id=\"cb76742\" data-element_type=\"widget\" data-widget_type=\"post-info.default\">\n<div class=\"elementor-widget-container\">\n<ul class=\"elementor-inline-items elementor-icon-list-items elementor-post-info\">\n<li class=\"elementor-icon-list-item elementor-repeater-item-ca87380 elementor-inline-item\"><span class=\"elementor-icon-list-text elementor-post-info__item elementor-post-info__item--type-custom\">Ag\u00eancia SP<\/span><\/li>\n<\/ul>\n<\/div>\n<\/div>\n<div class=\"elementor-element elementor-element-8cc89f6 e-con-full e-flex e-con e-child\" data-id=\"8cc89f6\" data-element_type=\"container\" data-settings=\"{&quot;_ha_eqh_enable&quot;:false}\">\n<div class=\"elementor-element elementor-element-0b409b9 elementor-align-left data-atualizado elementor-widget elementor-widget-post-info\" data-id=\"0b409b9\" data-element_type=\"widget\" data-widget_type=\"post-info.default\">\n<div class=\"elementor-widget-container\"><\/div>\n<\/div>\n<div class=\"elementor-element elementor-element-d4b75ed data-atualizado elementor-widget elementor-widget-shortcode\" data-id=\"d4b75ed\" data-element_type=\"widget\" data-widget_type=\"shortcode.default\"><\/div>\n<\/div>\n<div class=\"elementor-element elementor-element-5a922b4 conteudo-post elementor-widget elementor-widget-theme-post-content\" data-id=\"5a922b4\" data-element_type=\"widget\" data-widget_type=\"theme-post-content.default\">\n<div class=\"elementor-widget-container\">\n<p>O Time S\u00e3o Paulo, apoiado pelo Governo de S\u00e3o Paulo, fez hist\u00f3ria nos Jogos Paral\u00edmpicos de Inverno Mil\u00e3o-Cortina 2026 que se encerraram neste domingo (15). O Brasil teve o melhor desempenho para um pa\u00eds da Am\u00e9rica Latina na competi\u00e7\u00e3o. O Time S\u00e3o Paulo \u00e9 incentivado pela Secretaria de Estado dos Direitos da Pessoa com Defici\u00eancia (SEDPcD), que j\u00e1 destinou, em parceria com o Comit\u00ea Paral\u00edmpico Brasileiro (CPB), R$ 8,2 milh\u00f5es para apoiar o esporte paral\u00edmpico.<\/p>\n<p>O destaque dos Jogos foi Cristian Ribera, que\u00a0<a role=\"link\" href=\"https:\/\/www.agenciasp.sp.gov.br\/cristian-ribera-medalhista-paralimpico-do-time-sp-passou-por-21-cirugias-e-treinado-pelo-irmao-e-fa-de-messi-e-lebron\/\">conquistou uma medalha paral\u00edmpica na neve<\/a>, com a prata na prova de sprint do esqui cross-country realizada na ter\u00e7a-feira (10).<\/p>\n<p>Gra\u00e7as ao bom desempenho dos seus atletas, o Brasil terminou em 22\u00ba lugar no quadro de medalhas, melhor coloca\u00e7\u00e3o na hist\u00f3ria dos Jogos Paral\u00edmpicos de Inverno. A delega\u00e7\u00e3o brasileira teve oito atletas, sendo quatro do Time S\u00e3o Paulo: Cristian Ribera, Aline Rocha, Elena Sena e Wellington da Silva.<\/p>\n<p>No \u00faltimo dia de competi\u00e7\u00f5es, neste domingo, Cristian Ribera e Aline Rocha terminaram em quinto lugar nas provas masculina e feminina dos 20 km sentado do cross-country. Elena Sena ficou em 14\u00ba lugar na prova feminina e Wellington da Silva chegou em 25\u00ba na prova masculina em p\u00e9.<\/p>\n<figure class=\"wp-block-image size-large\"><img loading=\"lazy\" decoding=\"async\" class=\"wp-image-128877\" src=\"https:\/\/www.agenciasp.sp.gov.br\/wp-content\/uploads\/2026\/03\/WhatsApp-Image-2026-03-15-at-08.27.07-1024x683.jpeg\" sizes=\"auto, (max-width: 1024px) 100vw, 1024px\" srcset=\"https:\/\/www.agenciasp.sp.gov.br\/wp-content\/uploads\/2026\/03\/WhatsApp-Image-2026-03-15-at-08.27.07-1024x683.jpeg 1024w, https:\/\/www.agenciasp.sp.gov.br\/wp-content\/uploads\/2026\/03\/WhatsApp-Image-2026-03-15-at-08.27.07-300x200.jpeg 300w, https:\/\/www.agenciasp.sp.gov.br\/wp-content\/uploads\/2026\/03\/WhatsApp-Image-2026-03-15-at-08.27.07-768x512.jpeg 768w, https:\/\/www.agenciasp.sp.gov.br\/wp-content\/uploads\/2026\/03\/WhatsApp-Image-2026-03-15-at-08.27.07-1536x1024.jpeg 1536w, https:\/\/www.agenciasp.sp.gov.br\/wp-content\/uploads\/2026\/03\/WhatsApp-Image-2026-03-15-at-08.27.07-150x100.jpeg 150w, https:\/\/www.agenciasp.sp.gov.br\/wp-content\/uploads\/2026\/03\/WhatsApp-Image-2026-03-15-at-08.27.07.jpeg 1600w\" alt=\"\" width=\"1024\" height=\"683\" \/><figcaption class=\"wp-element-caption\"><em>Wellington da Silva no revezamento \u2013 Foto: Alessandra Cabral\/CPB<\/em><\/figcaption>Campanha hist\u00f3ricaA campanha do Time S\u00e3o Paulo em Mil\u00e3o-Cortina foi hist\u00f3rica.<\/figure>\n<p>Al\u00e9m da medalha in\u00e9dita de Cristian Ribera no sprint sentado, ele e Aline Rocha chegaram em quinto lugar nas provas masculina e feminina de 10 km e 20 km do esqui cross-country. E a equipe de revezamento misto, com Cristian, Aline e Wellington, terminou em 7\u00ba lugar na prova, outro feito in\u00e9dito.<\/p>\n<p>\u201cA medalha de prata do Cristian Ribera foi motivo de grande orgulho e emo\u00e7\u00e3o. Ele, Aline, Elena e Wellington est\u00e3o de parab\u00e9ns pelo empenho e dedica\u00e7\u00e3o ao longo de todo o ciclo. Seus expressivos resultados mostram que o programa Time S\u00e3o Paulo est\u00e1 no caminho certo e ainda teremos muito a comemorar at\u00e9 o final das Olimp\u00edadas e das Paralimp\u00edadas de Los Angeles-2028\u201d, celebrou Marcos da Costa, secret\u00e1rio estadual dos Direitos da Pessoa com Defici\u00eancia.<\/p>\n<p>A cerim\u00f4nia de encerramento dos jogos est\u00e1 marcada para \u00e0s 16h30 (hor\u00e1rio de Bras\u00edlia) e os atletas do Time S\u00e3o Paulo compartilharam o que est\u00e3o sentindo antes de voltar para casa.<\/p>\n<p>\u201cSaio de Mil\u00e3o-Cortina extremamente grato e realizado com a medalha de prata conquistada. Quero ganhar a de ouro em 2030 e em qualquer dia dif\u00edcil que vier pela frente neste pr\u00f3ximo ciclo, tenho certeza de que bastar\u00e1 olhar novamente a medalha para renovar a motiva\u00e7\u00e3o e trabalhar duro em busca do objetivo\u201d, disse Cristian Ribera.<\/p>\n<p>\u201cEstou muito feliz pelo meu desempenho, pela medalha do Cristian e pelo Time S\u00e3o Paulo representando metade da maior delega\u00e7\u00e3o brasileira j\u00e1 enviada \u00e0 competi\u00e7\u00e3o. Nunca podemos esquecer de onde partimos para chegar at\u00e9 aqui e espero inspirar outros atletas a se aventurar no esqui para termos mais brasileiros a cada nova edi\u00e7\u00e3o dos Jogos Paral\u00edmpicos de Inverno\u201d, projetou Aline Rocha.<\/p>\n<p>\u201cPara uma primeira experi\u00eancia o saldo foi muito positivo. Aprendi bastante interagindo com a Aline e com outros atletas mais experientes. Agora \u00e9 manter a cabe\u00e7a erguida para chegar \u00e0 Fran\u00e7a em 2030 pronta para brigar por coisas ainda maiores\u201d, analisou Elena Sena.<\/p>\n<p>\u201cFoi uma semana inesquec\u00edvel. Muito feliz por ter uma oportunidade como essa ainda t\u00e3o jovem e quero cuidar do meu corpo para estar bem nas pr\u00f3ximas duas ou tr\u00eas edi\u00e7\u00f5es, sempre trabalhando por mais. O resultado \u00e9 consequ\u00eancia de um processo bem constru\u00eddo de evolu\u00e7\u00e3o\u201d, disse Wellington da Silva. A pr\u00f3xima edi\u00e7\u00e3o dos Jogos Paral\u00edmpicos acontece em 2030 nos alpes franceses.<\/p>\n<figure class=\"wp-block-image size-large\"><img loading=\"lazy\" decoding=\"async\" class=\"wp-image-128876\" src=\"https:\/\/www.agenciasp.sp.gov.br\/wp-content\/uploads\/2026\/03\/WhatsApp-Image-2026-03-15-at-08.27.06-1-1024x683.jpeg\" sizes=\"auto, (max-width: 1024px) 100vw, 1024px\" srcset=\"https:\/\/www.agenciasp.sp.gov.br\/wp-content\/uploads\/2026\/03\/WhatsApp-Image-2026-03-15-at-08.27.06-1-1024x683.jpeg 1024w, https:\/\/www.agenciasp.sp.gov.br\/wp-content\/uploads\/2026\/03\/WhatsApp-Image-2026-03-15-at-08.27.06-1-300x200.jpeg 300w, https:\/\/www.agenciasp.sp.gov.br\/wp-content\/uploads\/2026\/03\/WhatsApp-Image-2026-03-15-at-08.27.06-1-768x512.jpeg 768w, https:\/\/www.agenciasp.sp.gov.br\/wp-content\/uploads\/2026\/03\/WhatsApp-Image-2026-03-15-at-08.27.06-1-1536x1024.jpeg 1536w, https:\/\/www.agenciasp.sp.gov.br\/wp-content\/uploads\/2026\/03\/WhatsApp-Image-2026-03-15-at-08.27.06-1-150x100.jpeg 150w, https:\/\/www.agenciasp.sp.gov.br\/wp-content\/uploads\/2026\/03\/WhatsApp-Image-2026-03-15-at-08.27.06-1.jpeg 1600w\" alt=\"\" width=\"1024\" height=\"683\" \/><figcaption class=\"wp-element-caption\"><em>Aline Rocha no revezamento \u2013 Foto: Alessandra Cabral\/CPB<\/em><\/figcaption>Desempenho dos atletas do Time S\u00e3o Paulo<\/figure>\n<ul class=\"wp-block-list\">\n<li>Cristian Ribera: medalha de prata no sprint, 5\u00ba nos 10 km e 5\u00ba nos 20 km.<\/li>\n<li>Aline Rocha: 5\u00ba no sprint, 5\u00ba nos 10 km e 5\u00ba nos 20 km; e 7\u00ba no biatlo sprint.<\/li>\n<li>Elena Sena: 14\u00ba no sprint, 16\u00ba nos 10 km e 14\u00ba nos 20 km; 14\u00ba no biatlo sprint.<\/li>\n<li>Wellington da Silva: 19\u00ba no sprint, 18\u00ba nos 10 km e 25\u00ba nos 20 km.<\/li>\n<li>Revezamento misto (Cristian Ribera, Aline Rocha e Wellington da Silva): 7\u00ba lugar.<\/li>\n<\/ul>\n<h2 class=\"wp-block-heading\">Atletas chegam ao Brasil nesta segunda-feira<\/h2>\n<p>Os atletas brasileiros estar\u00e3o de volta ao Brasil nesta segunda-feira (16). O voo entre Mil\u00e3o e S\u00e3o Paulo tem previs\u00e3o de chegada \u00e0s 20h no Aeroporto Internacional de Guarulhos.<\/p>\n<h2 class=\"wp-block-heading\">Sobre o time S\u00e3o Paulo<\/h2>\n<p>O Time S\u00e3o Paulo Paral\u00edmpico, criado pelo Governo de S\u00e3o Paulo, por meio da SEDPcD em parceria com o Comit\u00ea Paral\u00edmpico Brasileiro (CPB) conta com R$ 8,2 milh\u00f5es investidos e direcionados a 157 atletas de 16 diferentes modalidades, que representam o estado e o pa\u00eds em campeonatos nacionais e mundiais ao longo do ano.<\/p>\n<p>A iniciativa apoia o desenvolvimento de atletas com defici\u00eancia e promove a inclus\u00e3o por meio do esporte. Mais que resultados e medalhas, o programa refor\u00e7a oportunidades, investimento e respeito ao protagonismo das pessoas com defici\u00eancia. A parceria com o CPB foi estendida e agora est\u00e1 garantida at\u00e9 dezembro de 2028, trazendo mais estabilidade e seguran\u00e7a para o ciclo de Los Angeles.<\/p>\n<p>Fonte: Agencia Sp<\/p>\n<\/div>\n<\/div>\n<\/div>\n<\/div>\n","protected":false},"excerpt":{"rendered":"<p>Com medalha do Time S\u00e3o Paulo, Brasil tem melhor desempenho da hist\u00f3ria da Am\u00e9rica Latina nos Jogos Paral\u00edmpicos de Inverno<\/p>\n","protected":false},"author":1,"featured_media":13425,"comment_status":"open","ping_status":"open","sticky":false,"template":"","format":"standard","meta":{"colormag_page_container_layout":"default_layout","colormag_page_sidebar_layout":"default_layout","footnotes":""},"categories":[95],"tags":[],"class_list":["post-13422","post","type-post","status-publish","format-standard","has-post-thumbnail","hentry","category-paralimpicos"],"_links":{"self":[{"href":"http:\/\/metropoleemfoco.com.br\/index.php?rest_route=\/wp\/v2\/posts\/13422","targetHints":{"allow":["GET"]}}],"collection":[{"href":"http:\/\/metropoleemfoco.com.br\/index.php?rest_route=\/wp\/v2\/posts"}],"about":[{"href":"http:\/\/metropoleemfoco.com.br\/index.php?rest_route=\/wp\/v2\/types\/post"}],"author":[{"embeddable":true,"href":"http:\/\/metropoleemfoco.com.br\/index.php?rest_route=\/wp\/v2\/users\/1"}],"replies":[{"embeddable":true,"href":"http:\/\/metropoleemfoco.com.br\/index.php?rest_route=%2Fwp%2Fv2%2Fcomments&post=13422"}],"version-history":[{"count":1,"href":"http:\/\/metropoleemfoco.com.br\/index.php?rest_route=\/wp\/v2\/posts\/13422\/revisions"}],"predecessor-version":[{"id":13426,"href":"http:\/\/metropoleemfoco.com.br\/index.php?rest_route=\/wp\/v2\/posts\/13422\/revisions\/13426"}],"wp:featuredmedia":[{"embeddable":true,"href":"http:\/\/metropoleemfoco.com.br\/index.php?rest_route=\/wp\/v2\/media\/13425"}],"wp:attachment":[{"href":"http:\/\/metropoleemfoco.com.br\/index.php?rest_route=%2Fwp%2Fv2%2Fmedia&parent=13422"}],"wp:term":[{"taxonomy":"category","embeddable":true,"href":"http:\/\/metropoleemfoco.com.br\/index.php?rest_route=%2Fwp%2Fv2%2Fcategories&post=13422"},{"taxonomy":"post_tag","embeddable":true,"href":"http:\/\/metropoleemfoco.com.br\/index.php?rest_route=%2Fwp%2Fv2%2Ftags&post=13422"}],"curies":[{"name":"wp","href":"https:\/\/api.w.org\/{rel}","templated":true}]}}