{"id":13414,"date":"2026-03-15T16:24:41","date_gmt":"2026-03-15T19:24:41","guid":{"rendered":"http:\/\/metropoleemfoco.com.br\/?p=13414"},"modified":"2026-03-15T16:24:41","modified_gmt":"2026-03-15T19:24:41","slug":"13414","status":"publish","type":"post","link":"http:\/\/metropoleemfoco.com.br\/?p=13414","title":{"rendered":""},"content":{"rendered":"<div id=\"noticias-interna\" class=\"elementor-element elementor-element-c4536fa header-noticias-leitura e-flex e-con-boxed e-con e-parent e-lazyloaded\" data-id=\"c4536fa\" data-element_type=\"container\" data-settings=\"{&quot;_ha_eqh_enable&quot;:false}\">\n<div class=\"e-con-inner\">\n<div class=\"elementor-element elementor-element-2028351 elementor-widget__width-initial titulo-conteudo elementor-widget elementor-widget-theme-post-title elementor-page-title elementor-widget-heading\" data-id=\"2028351\" data-element_type=\"widget\" data-widget_type=\"theme-post-title.default\">\n<div class=\"elementor-widget-container\">\n<h1 class=\"elementor-heading-title elementor-size-default\">Parceria do Governo de SP vai permitir 3 milh\u00f5es de estudantes tenham acesso gratuito a plataforma de cria\u00e7\u00e3o visual<\/h1>\n<\/div>\n<\/div>\n<div class=\"elementor-element elementor-element-4784657 elementor-widget__width-initial elementor-widget elementor-widget-theme-post-excerpt\" data-id=\"4784657\" data-element_type=\"widget\" data-widget_type=\"theme-post-excerpt.default\">\n<div class=\"elementor-widget-container\">Doa\u00e7\u00e3o do acesso completo ao Canva para a rede estadual vale pelos pr\u00f3ximos quatro anos letivos; valor da parceria equivale a R$ 5,4 bilh\u00f5es<\/div>\n<\/div>\n<div class=\"elementor-element elementor-element-2133f16 compartilhe e-con-full e-flex e-con e-child\" data-id=\"2133f16\" data-element_type=\"container\" data-settings=\"{&quot;_ha_eqh_enable&quot;:false}\">\n<div class=\"elementor-element elementor-element-a8be681 e-con-full e-flex e-con e-child\" data-id=\"a8be681\" data-element_type=\"container\" data-settings=\"{&quot;_ha_eqh_enable&quot;:false}\">\n<div class=\"elementor-element elementor-element-888f86d elementor-share-buttons--view-icon elementor-share-buttons--skin-framed elementor-share-buttons--shape-circle elementor-share-buttons--align-left elementor-share-buttons--color-custom elementor-grid-0 elementor-widget elementor-widget-share-buttons\" data-id=\"888f86d\" data-element_type=\"widget\" data-settings=\"{&quot;share_url&quot;:{&quot;url&quot;:&quot;https:\\\/\\\/www.agenciasp.sp.gov.br\\\/parceria-do-governo-de-sp-vai-permitir-que-3-milhoes-de-estudantes-tenham-acesso-gratuito-a-plataforma-de-criacao-visual\\\/&quot;,&quot;is_external&quot;:&quot;&quot;,&quot;nofollow&quot;:&quot;&quot;,&quot;custom_attributes&quot;:&quot;&quot;}}\" data-widget_type=\"share-buttons.default\">\n<div class=\"elementor-widget-container\">\n<div class=\"elementor-grid\">\n<div class=\"elementor-grid-item\">\n<div class=\"elementor-share-btn elementor-share-btn_whatsapp\" tabindex=\"0\" role=\"button\" aria-label=\"Compartilhar no whatsapp\"><\/div>\n<\/div>\n<div class=\"elementor-grid-item\">\n<div class=\"elementor-share-btn elementor-share-btn_facebook\" tabindex=\"0\" role=\"button\" aria-label=\"Compartilhar no facebook\"><\/div>\n<\/div>\n<div class=\"elementor-grid-item\">\n<div class=\"elementor-share-btn elementor-share-btn_x-twitter\" tabindex=\"0\" role=\"button\" aria-label=\"Compartilhar no x-twitter\"><\/div>\n<\/div>\n<div class=\"elementor-grid-item\">\n<div class=\"elementor-share-btn elementor-share-btn_email\" tabindex=\"0\" role=\"button\" aria-label=\"Compartilhar no email\"><\/div>\n<\/div>\n<\/div>\n<\/div>\n<\/div>\n<\/div>\n<\/div>\n<\/div>\n<\/div>\n<div class=\"elementor-element elementor-element-0e5ecd1 imagem-top-post e-flex e-con-boxed e-con e-parent e-lazyloaded\" data-id=\"0e5ecd1\" data-element_type=\"container\" data-settings=\"{&quot;background_background&quot;:&quot;classic&quot;,&quot;background_motion_fx_motion_fx_scrolling&quot;:&quot;yes&quot;,&quot;background_motion_fx_devices&quot;:[&quot;desktop&quot;,&quot;tablet&quot;,&quot;mobile&quot;],&quot;_ha_eqh_enable&quot;:false}\">\n<div class=\"e-con-inner\">\n<div class=\"elementor-element elementor-element-ced2435 elementor-widget__width-inherit capa-post elementor-widget elementor-widget-theme-post-featured-image elementor-widget-image\" data-id=\"ced2435\" data-element_type=\"widget\" data-widget_type=\"theme-post-featured-image.default\">\n<div class=\"elementor-widget-container\"><img loading=\"lazy\" decoding=\"async\" class=\"attachment-large size-large wp-image-57021\" src=\"https:\/\/www.agenciasp.sp.gov.br\/wp-content\/uploads\/2025\/05\/seduc-1024x683.jpg\" sizes=\"auto, (max-width: 800px) 100vw, 800px\" srcset=\"https:\/\/www.agenciasp.sp.gov.br\/wp-content\/uploads\/2025\/05\/seduc-1024x683.jpg 1024w, https:\/\/www.agenciasp.sp.gov.br\/wp-content\/uploads\/2025\/05\/seduc-300x200.jpg 300w, https:\/\/www.agenciasp.sp.gov.br\/wp-content\/uploads\/2025\/05\/seduc-768x512.jpg 768w, https:\/\/www.agenciasp.sp.gov.br\/wp-content\/uploads\/2025\/05\/seduc-1536x1024.jpg 1536w, https:\/\/www.agenciasp.sp.gov.br\/wp-content\/uploads\/2025\/05\/seduc.jpg 2048w\" alt=\"\" width=\"800\" height=\"534\" \/><\/div>\n<\/div>\n<div class=\"elementor-element elementor-element-5c2830d elementor-align-center elementor-absolute tarja-categoria-leitura-materia elementor-widget elementor-widget-post-info\" data-id=\"5c2830d\" data-element_type=\"widget\" data-settings=\"{&quot;_position&quot;:&quot;absolute&quot;}\" data-widget_type=\"post-info.default\">\n<div class=\"elementor-widget-container\">\n<ul class=\"elementor-icon-list-items elementor-post-info\">\n<li class=\"elementor-icon-list-item elementor-repeater-item-78f4fb6\"><span class=\"elementor-icon-list-text elementor-post-info__item elementor-post-info__item--type-terms\"><span class=\"elementor-post-info__terms-list\"><a class=\"elementor-post-info__terms-list-item\" role=\"link\" href=\"https:\/\/www.agenciasp.sp.gov.br\/editoria\/educacao\/\">Educa\u00e7\u00e3o<\/a><\/span><\/span><\/li>\n<\/ul>\n<\/div>\n<\/div>\n<\/div>\n<\/div>\n<div class=\"elementor-element elementor-element-5c5279b noticias-content e-flex e-con-boxed e-con e-parent e-lazyloaded\" data-id=\"5c5279b\" data-element_type=\"container\" data-settings=\"{&quot;_ha_eqh_enable&quot;:false}\">\n<div class=\"e-con-inner\">\n<div class=\"elementor-element elementor-element-753696f legenda-fotos elementor-widget elementor-widget-text-editor\" data-id=\"753696f\" data-element_type=\"widget\" data-widget_type=\"text-editor.default\">\n<div class=\"elementor-widget-container\">Ferramenta poder\u00e1 ser utilizada como um facilitador pedag\u00f3gico, permitindo que professores criem materiais did\u00e1ticos din\u00e2micos, enquanto estudantes desenvolvem compet\u00eancias digitais e criativas em projetos escolares Foto: Divulga\u00e7\u00e3o\/Governo de SP<\/div>\n<\/div>\n<div class=\"elementor-element elementor-element-cb76742 elementor-widget elementor-widget-post-info\" data-id=\"cb76742\" data-element_type=\"widget\" data-widget_type=\"post-info.default\">\n<div class=\"elementor-widget-container\">\n<ul class=\"elementor-inline-items elementor-icon-list-items elementor-post-info\">\n<li class=\"elementor-icon-list-item elementor-repeater-item-ca87380 elementor-inline-item\"><span class=\"elementor-icon-list-text elementor-post-info__item elementor-post-info__item--type-custom\">Ag\u00eancia SP<\/span><\/li>\n<\/ul>\n<\/div>\n<\/div>\n<div class=\"elementor-element elementor-element-8cc89f6 e-con-full e-flex e-con e-child\" data-id=\"8cc89f6\" data-element_type=\"container\" data-settings=\"{&quot;_ha_eqh_enable&quot;:false}\">\n<div class=\"elementor-element elementor-element-0b409b9 elementor-align-left data-atualizado elementor-widget elementor-widget-post-info\" data-id=\"0b409b9\" data-element_type=\"widget\" data-widget_type=\"post-info.default\">\n<div class=\"elementor-widget-container\"><\/div>\n<\/div>\n<div class=\"elementor-element elementor-element-d4b75ed data-atualizado elementor-widget elementor-widget-shortcode\" data-id=\"d4b75ed\" data-element_type=\"widget\" data-widget_type=\"shortcode.default\"><\/div>\n<\/div>\n<div class=\"elementor-element elementor-element-5a922b4 conteudo-post elementor-widget elementor-widget-theme-post-content\" data-id=\"5a922b4\" data-element_type=\"widget\" data-widget_type=\"theme-post-content.default\">\n<div class=\"elementor-widget-container\">\n<p>Os 3 milh\u00f5es de estudantes da rede estadual de ensino e os mais de 200 mil professores ter\u00e3o acesso, a partir de 2026, ao Canva Educa\u00e7\u00e3o, vers\u00e3o completa da plataforma de cria\u00e7\u00e3o visual, colabora\u00e7\u00e3o e aprendizagem. Uma parceria da Secretaria da Educa\u00e7\u00e3o do Estado de S\u00e3o Paulo (Seduc-SP) com a empresa de tecnologia australiana permitir\u00e1 o acesso da rede \u00e0 ferramenta pelos pr\u00f3ximos quatro anos letivos, de 2026 a 2029.<\/p>\n<p>A assinatura da parceria foi firmada em encontro do secret\u00e1rio da Educa\u00e7\u00e3o, Renato Feder, com a equipe do Canva durante a Bett UK, em Londres. O secret\u00e1rio se reuniu com Julianna da Silva, Rafael Teodoro, Jason Wilmot e Eleazar Ortiz. A disponibiliza\u00e7\u00e3o do Canva para a Educa\u00e7\u00e3o de SP ser\u00e1 feita por meio de doa\u00e7\u00e3o, com custo zero para os cofres p\u00fablicos. Se o servi\u00e7o fosse contratado, o investimento seria de R$ 5,4 bilh\u00f5es.<\/p>\n<p>O acesso ao Canva pelos estudantes e docentes ser\u00e1 feito por meio do e-mail institucional de cada um, com o dom\u00ednio @<a role=\"link\" href=\"http:\/\/educacao.sp.gov.br\/\" target=\"_blank\" rel=\"noopener\">educacao.sp.gov.br<\/a>. O acesso se dar\u00e1 via Sala do Futuro, ferramenta dispon\u00edvel para todos os estudantes da rede.<\/p>\n<h3 class=\"wp-block-heading\"><strong>Canva<\/strong><\/h3>\n<p>O Canva \u00e9 uma plataforma que favorece a cria\u00e7\u00e3o visual por meio de uma interface intuitiva de \u201carrastar e soltar\u201d e milhares de modelos prontos e edit\u00e1veis. Na rede estadual de ensino, a ferramenta poder\u00e1 ser utilizada como um facilitador pedag\u00f3gico, permitindo que professores criem materiais did\u00e1ticos din\u00e2micos e apresenta\u00e7\u00f5es impactantes, enquanto estudantes desenvolvem compet\u00eancias digitais e criativas em projetos escolares.<\/p>\n<p>Ao oferecer recursos que v\u00e3o de infogr\u00e1ficos a edi\u00e7\u00f5es de v\u00eddeo, os estudantes poder\u00e3o desenvolver habilidades como percep\u00e7\u00e3o visual, linguagem art\u00edstica, comunica\u00e7\u00e3o social e criatividade.<\/p>\n<p>Como todas as ferramentas do acesso completo ao Canva, os estudantes encontrar\u00e3o mais um recurso que fortalece a inclus\u00e3o digital e pode levar \u00e0 descoberta de seus projetos de vida, podendo utilizar a ferramenta para suas apresenta\u00e7\u00f5es, projetos ou at\u00e9 mesmo para desenvolver compet\u00eancias importantes para a vida profissional.<\/p>\n<p>Para os professores e equipes escolares, o Canva Educa\u00e7\u00e3o oferecer\u00e1 forma\u00e7\u00f5es e o acesso \u00e0 plataforma permitir\u00e1 uma comunica\u00e7\u00e3o mais eficiente e facilitada, mais um est\u00edmulo ao engajamento dos alunos no processo de ensino e aprendizagem.<\/p>\n<p>Fonte: Agencia Sp Gov<\/p>\n<\/div>\n<\/div>\n<\/div>\n<\/div>\n","protected":false},"excerpt":{"rendered":"<p>Parceria do Governo de SP vai permitir 3 milh\u00f5es de estudantes tenham acesso gratuito a plataforma de cria\u00e7\u00e3o visual Doa\u00e7\u00e3o<\/p>\n","protected":false},"author":1,"featured_media":13427,"comment_status":"open","ping_status":"open","sticky":false,"template":"","format":"standard","meta":{"colormag_page_container_layout":"default_layout","colormag_page_sidebar_layout":"default_layout","footnotes":""},"categories":[101],"tags":[],"class_list":["post-13414","post","type-post","status-publish","format-standard","has-post-thumbnail","hentry","category-educacao"],"_links":{"self":[{"href":"http:\/\/metropoleemfoco.com.br\/index.php?rest_route=\/wp\/v2\/posts\/13414","targetHints":{"allow":["GET"]}}],"collection":[{"href":"http:\/\/metropoleemfoco.com.br\/index.php?rest_route=\/wp\/v2\/posts"}],"about":[{"href":"http:\/\/metropoleemfoco.com.br\/index.php?rest_route=\/wp\/v2\/types\/post"}],"author":[{"embeddable":true,"href":"http:\/\/metropoleemfoco.com.br\/index.php?rest_route=\/wp\/v2\/users\/1"}],"replies":[{"embeddable":true,"href":"http:\/\/metropoleemfoco.com.br\/index.php?rest_route=%2Fwp%2Fv2%2Fcomments&post=13414"}],"version-history":[{"count":1,"href":"http:\/\/metropoleemfoco.com.br\/index.php?rest_route=\/wp\/v2\/posts\/13414\/revisions"}],"predecessor-version":[{"id":13428,"href":"http:\/\/metropoleemfoco.com.br\/index.php?rest_route=\/wp\/v2\/posts\/13414\/revisions\/13428"}],"wp:featuredmedia":[{"embeddable":true,"href":"http:\/\/metropoleemfoco.com.br\/index.php?rest_route=\/wp\/v2\/media\/13427"}],"wp:attachment":[{"href":"http:\/\/metropoleemfoco.com.br\/index.php?rest_route=%2Fwp%2Fv2%2Fmedia&parent=13414"}],"wp:term":[{"taxonomy":"category","embeddable":true,"href":"http:\/\/metropoleemfoco.com.br\/index.php?rest_route=%2Fwp%2Fv2%2Fcategories&post=13414"},{"taxonomy":"post_tag","embeddable":true,"href":"http:\/\/metropoleemfoco.com.br\/index.php?rest_route=%2Fwp%2Fv2%2Ftags&post=13414"}],"curies":[{"name":"wp","href":"https:\/\/api.w.org\/{rel}","templated":true}]}}