{"id":13413,"date":"2026-03-15T16:16:52","date_gmt":"2026-03-15T19:16:52","guid":{"rendered":"http:\/\/metropoleemfoco.com.br\/?p=13413"},"modified":"2026-03-15T16:16:52","modified_gmt":"2026-03-15T19:16:52","slug":"13413","status":"publish","type":"post","link":"http:\/\/metropoleemfoco.com.br\/?p=13413","title":{"rendered":""},"content":{"rendered":"<div class=\"mc-article-header\">\n<div class=\"row content-head mc-column non-featured \">\n<div class=\"title\" data-block-type=\"title\" data-block-id=\"0\">\n<h1 class=\"content-head__title\">Pedalada Pelada: ciclistas pedalam nus em SP para chamar aten\u00e7\u00e3o \u00e0 vulnerabilidade no tr\u00e2nsito<\/h1>\n<\/div>\n<div class=\"medium-centered subtitle\">\n<h2 class=\"content-head__subtitle\">Grupo se reuniu na regi\u00e3o central da capital e seguiu de bicicleta pela Avenida Paulista na noite de s\u00e1bado (14). A a\u00e7\u00e3o faz parte do movimento mundial World Naked Bike Ride, que pede mais seguran\u00e7a para ciclistas no tr\u00e2nsito.<\/h2>\n<\/div>\n<\/div>\n<div class=\"content__signa-share mc-column\">\n<div class=\"content__signature\">\n<div class=\"content-publication-data\">\n<div class=\"content-publication-data__text\">\n<p class=\"content-publication-data__from\" title=\"Reda\u00e7\u00e3o g1 SP\">Por\u00a0<a class=\"multi_signatures\" href=\"https:\/\/g1.globo.com\/autores\/redacao-g1-sp\/\">Reda\u00e7\u00e3o g1 SP<\/a><\/p>\n<\/div>\n<\/div>\n<\/div>\n<\/div>\n<div class=\"glb-share-bar content__share-bar\">\n<div class=\"glb-share-bar_icons\">\n<div class=\"glb-share-bar_button-img\"><\/div>\n<div class=\"glb-share-bar_button-img\"><\/div>\n<div class=\"glb-share-bar_button-img\"><\/div>\n<\/div>\n<\/div>\n<div class=\"mc-summary mc-column\" data-block-type=\"summary\" data-block-id=\"1\">\n<details class=\"mc-summary-card bs-block--exclude-chunk-children\">\n<div class=\"mc-summary-card__summary-container\"><\/div>\n<div class=\"mc-summary-card__content\">\n<ul class=\"mc-summary-card__list\">\n<li class=\"mc-summary-card__item\">\n<div id=\"chunk-2o65f\">\n<div class=\"mc-column content-text active-extra-styles \" data-block-type=\"unstyled\" data-block-weight=\"\">\n<p class=\" content-text__container \" data-track-category=\"Link no Texto\" data-track-links=\"\" data-mrf-recirculation=\"Mat\u00e9ria - Links no Texto\">Ciclistas nus e seminus participaram da Pedalada Pelada em S\u00e3o Paulo na noite de s\u00e1bado (14).<\/p>\n<\/div>\n<\/div>\n<\/li>\n<li class=\"mc-summary-card__item\">\n<div id=\"chunk-e38aa\">\n<div class=\"mc-column content-text active-extra-styles \" data-block-type=\"unstyled\" data-block-weight=\"\">\n<p class=\" content-text__container \" data-track-category=\"Link no Texto\" data-track-links=\"\" data-mrf-recirculation=\"Mat\u00e9ria - Links no Texto\">A concentra\u00e7\u00e3o ocorreu na Pra\u00e7a Marechal Cordeiro de Farias, em Higien\u00f3polis.<\/p>\n<\/div>\n<\/div>\n<\/li>\n<li class=\"mc-summary-card__item\">\n<div id=\"chunk-d8tck\">\n<div class=\"mc-column content-text active-extra-styles \" data-block-type=\"unstyled\" data-block-weight=\"\">\n<p class=\" content-text__container \" data-track-category=\"Link no Texto\" data-track-links=\"\" data-mrf-recirculation=\"Mat\u00e9ria - Links no Texto\">O grupo seguiu de bicicleta pela Avenida Paulista e desceu a Rua Augusta em dire\u00e7\u00e3o \u00e0 Pra\u00e7a Roosevelt.<\/p>\n<\/div>\n<\/div>\n<\/li>\n<li class=\"mc-summary-card__item\">\n<div id=\"chunk-9abbm\">\n<div class=\"mc-column content-text active-extra-styles \" data-block-type=\"unstyled\" data-block-weight=\"\">\n<p class=\" content-text__container \" data-track-category=\"Link no Texto\" data-track-links=\"\" data-mrf-recirculation=\"Mat\u00e9ria - Links no Texto\">O ato integra o movimento mundial World Naked Bike Ride, que denuncia a vulnerabilidade dos ciclistas no tr\u00e2nsito.<\/p>\n<\/div>\n<\/div>\n<\/li>\n<\/ul>\n<\/div>\n<\/details>\n<\/div>\n<\/div>\n<div class=\"mc-article-body\">\n<article>\n<div id=\"chunk-f54v2\">\n<div class=\"row medium-uncollapsed content-media content-photo\" data-block-type=\"backstage-photo\" data-block-id=\"2\">\n<div class=\" mc-column  content-media__container\">\n<div class=\"content-media-container glb-skeleton-box\">\n<figure class=\"content-media-figure\"><img decoding=\"async\" class=\"i-amphtml-fill-content i-amphtml-replaced-content\" src=\"https:\/\/s2-g1.glbimg.com\/OTmDQMGFY-BIoEcucNB26eMtvu4=\/0x0:4200x2804\/984x0\/smart\/filters:strip_icc()\/i.s3.glbimg.com\/v1\/AUTH_59edd422c0c84a879bd37670ae4f538a\/internal_photos\/bs\/2026\/K\/f\/huxe3QTKahg8kB9jAVew\/fta20260314234.jpg\" sizes=\"(max-width: 1600px) 648px, 100vw\" srcset=\"https:\/\/s2-g1.glbimg.com\/5CdSEAmdCYI1TNw8wWY55NWHTkE=\/0x0:4200x2804\/1000x0\/smart\/filters:strip_icc()\/i.s3.glbimg.com\/v1\/AUTH_59edd422c0c84a879bd37670ae4f538a\/internal_photos\/bs\/2026\/K\/f\/huxe3QTKahg8kB9jAVew\/fta20260314234.jpg 1000w, https:\/\/s2-g1.glbimg.com\/OTmDQMGFY-BIoEcucNB26eMtvu4=\/0x0:4200x2804\/984x0\/smart\/filters:strip_icc()\/i.s3.glbimg.com\/v1\/AUTH_59edd422c0c84a879bd37670ae4f538a\/internal_photos\/bs\/2026\/K\/f\/huxe3QTKahg8kB9jAVew\/fta20260314234.jpg 984w, https:\/\/s2-g1.glbimg.com\/KEfxLP7YOzx-oS9eMIjsoRTOsA0=\/0x0:4200x2804\/640x0\/smart\/filters:strip_icc()\/i.s3.glbimg.com\/v1\/AUTH_59edd422c0c84a879bd37670ae4f538a\/internal_photos\/bs\/2026\/K\/f\/huxe3QTKahg8kB9jAVew\/fta20260314234.jpg 640w, https:\/\/s2-g1.glbimg.com\/CfpnI5yfoYMY78ui_CwkPva11VU=\/0x0:4200x2804\/600x0\/smart\/filters:strip_icc()\/i.s3.glbimg.com\/v1\/AUTH_59edd422c0c84a879bd37670ae4f538a\/internal_photos\/bs\/2026\/K\/f\/huxe3QTKahg8kB9jAVew\/fta20260314234.jpg 600w\" alt=\"Ciclistas se reuniram na Avenida Paulista durante a Pedalada Pelada no s\u00e1bado (14) em S\u00e3o Paulo. \u2014 Foto: Foto: VINCENT BOSSON\/FOTOARENA\/ESTAD\u00c3O CONTE\u00daDO\" \/><\/figure>\n<\/div>\n<p class=\"content-media__description  \">Ciclistas se reuniram na Avenida Paulista durante a Pedalada Pelada no s\u00e1bado (14) em S\u00e3o Paulo. \u2014 Foto: Foto: VINCENT BOSSON\/FOTOARENA\/ESTAD\u00c3O CONTE\u00daDO<\/p>\n<\/div>\n<\/div>\n<\/div>\n<div id=\"chunk-3ph38\">\n<div class=\"mc-column content-text active-extra-styles \" data-block-type=\"unstyled\" data-block-weight=\"37\" data-block-id=\"3\">\n<p class=\" content-text__container \" data-track-category=\"Link no Texto\" data-track-links=\"\" data-mrf-recirculation=\"Mat\u00e9ria - Links no Texto\">Um grupo de ciclistas nus e seminus chamou a aten\u00e7\u00e3o de quem passava pela Avenida Paulista na noite de s\u00e1bado (14), durante a realiza\u00e7\u00e3o da chamada Pedalada Pelada,\u00a0<a class=\"\" href=\"https:\/\/g1.globo.com\/sp\/sao-paulo\/noticia\/2025\/03\/16\/pedalada-pelada-participantes-tiram-roupa-para-chamar-atencao-para-fragilidade-de-ciclistas-nas-ruas-de-sp.ghtml\" data-mrf-link=\"https:\/\/g1.globo.com\/sp\/sao-paulo\/noticia\/2025\/03\/16\/pedalada-pelada-participantes-tiram-roupa-para-chamar-atencao-para-fragilidade-de-ciclistas-nas-ruas-de-sp.ghtml\">vers\u00e3o paulistana do movimento internacional World Naked Bike Ride<\/a>.<\/p>\n<\/div>\n<\/div>\n<div class=\"wall protected-content\">\n<div id=\"chunk-2obqd\">\n<div class=\"mc-column content-text active-extra-styles \" data-block-type=\"unstyled\" data-block-weight=\"32\" data-block-id=\"5\">\n<p class=\" content-text__container \" data-track-category=\"Link no Texto\" data-track-links=\"\" data-mrf-recirculation=\"Mat\u00e9ria - Links no Texto\">O evento acontece em diversas cidades do mundo h\u00e1 mais de duas d\u00e9cadas\u00a0<span class=\"highlight highlighted\">e tem como objetivo chamar a aten\u00e7\u00e3o da popula\u00e7\u00e3o e das autoridades para a vulnerabilidade dos ciclistas no tr\u00e2nsito<\/span>.<\/p>\n<\/div>\n<\/div>\n<div id=\"chunk-2aqm1\">\n<div class=\"mc-column content-text active-extra-styles \" data-block-type=\"unstyled\" data-block-weight=\"46\" data-block-id=\"6\">\n<p class=\" content-text__container \" data-track-category=\"Link no Texto\" data-track-links=\"\" data-mrf-recirculation=\"Mat\u00e9ria - Links no Texto\">Em\u00a0<a class=\"\" href=\"https:\/\/g1.globo.com\/sp\/sao-paulo\/cidade\/sao-paulo\/\" data-mrf-link=\"https:\/\/g1.globo.com\/sp\/sao-paulo\/cidade\/sao-paulo\/\">S\u00e3o Paulo<\/a>, a concentra\u00e7\u00e3o ocorreu \u00e0s 20h na Pra\u00e7a Marechal Cordeiro de Farias, conhecida como Pra\u00e7a dos Arcos, em Higien\u00f3polis, na regi\u00e3o central da capital. Depois, os participantes seguiram de bicicleta pela Avenida Paulista e desceram a Rua Augusta, em dire\u00e7\u00e3o \u00e0 Pra\u00e7a Roosevelt.<\/p>\n<\/div>\n<\/div>\n<div id=\"chunk-4ncvs\">\n<div class=\"mc-column content-text active-extra-styles \" data-block-type=\"unstyled\" data-block-weight=\"18\" data-block-id=\"8\">\n<p class=\" content-text__container \" data-track-category=\"Link no Texto\" data-track-links=\"\" data-mrf-recirculation=\"Mat\u00e9ria - Links no Texto\">Segundo os organizadores, a proposta do ato \u00e9 simbolizar a fragilidade de quem circula de bicicleta nas ruas.<\/p>\n<\/div>\n<\/div>\n<div id=\"chunk-279ep\">\n<div class=\"mc-column content-text active-extra-styles\" data-block-type=\"raw\" data-block-weight=\"23\" data-block-id=\"10\">\n<blockquote class=\"content-blockquote theme-border-color-primary-before\"><p>\u201c\u00c9 uma forma de dizer o quanto os ciclistas s\u00e3o vulner\u00e1veis e que o corpo \u00e9 a \u00fanica prote\u00e7\u00e3o\u201d, escreveram nas redes sociais.<\/p><\/blockquote>\n<\/div>\n<\/div>\n<div id=\"chunk-83u16\">\n<div class=\"mc-column content-text active-extra-styles \" data-block-type=\"unstyled\" data-block-weight=\"46\" data-block-id=\"11\">\n<p class=\" content-text__container \" data-track-category=\"Link no Texto\" data-track-links=\"\" data-mrf-recirculation=\"Mat\u00e9ria - Links no Texto\">A Pedalada Pelada integra o movimento global World Naked Bike Ride, que tamb\u00e9m protesta contra a viol\u00eancia no tr\u00e2nsito e cobra mais seguran\u00e7a para quem utiliza a bicicleta como meio de transporte. Participantes costumam pedalar nus ou seminus como forma de chamar aten\u00e7\u00e3o para a causa.<\/p>\n<\/div>\n<\/div>\n<div id=\"chunk-484na\">\n<div class=\"mc-column content-text active-extra-styles \" data-block-type=\"unstyled\" data-block-weight=\"35\" data-block-id=\"12\">\n<p class=\" content-text__container \" data-track-category=\"Link no Texto\" data-track-links=\"\" data-mrf-recirculation=\"Mat\u00e9ria - Links no Texto\">V\u00eddeos e fotos da passagem do grupo pela Avenida Paulista circularam nas redes sociais e atra\u00edram olhares de pedestres e motoristas que passavam pela via. Alguns ciclistas tamb\u00e9m pintaram mensagens no corpo durante o protesto.<\/p>\n<\/div>\n<\/div>\n<div id=\"chunk-63ma9\">\n<div class=\"content-ads content-ads--reveal\" data-block-type=\"ads\" data-block-id=\"13\">\n<div id=\"banner_materia__ef4b85c9-18cc-49fa-961c-d087bc8c79fe\">\n<div id=\"google_ads_iframe_\/95377733\/tvg_G1\/Sua_Regiao&gt;Sudeste&gt;Sao_Paulo_3__container__\"><\/div>\n<\/div>\n<\/div>\n<\/div>\n<div id=\"chunk-9qb9f\">\n<div class=\"row medium-uncollapsed content-media content-photo\" data-block-type=\"backstage-photo\" data-block-id=\"14\">\n<div class=\" mc-column  content-media__container\">\n<div class=\"content-media-container glb-skeleton-box\">\n<figure class=\"content-media-figure\"><img decoding=\"async\" class=\"i-amphtml-fill-content i-amphtml-replaced-content\" src=\"https:\/\/s2-g1.glbimg.com\/gRB1mAJHXNDVy3LvubPVPgMHRe4=\/0x0:4200x2804\/984x0\/smart\/filters:strip_icc()\/i.s3.glbimg.com\/v1\/AUTH_59edd422c0c84a879bd37670ae4f538a\/internal_photos\/bs\/2026\/A\/U\/e9lAOWRcqSKI3irwgq0Q\/fta20260314237.jpg\" sizes=\"(max-width: 1600px) 648px, 100vw\" srcset=\"https:\/\/s2-g1.glbimg.com\/sKE61a8OXtLl4s-885D8HzOuwas=\/0x0:4200x2804\/1000x0\/smart\/filters:strip_icc()\/i.s3.glbimg.com\/v1\/AUTH_59edd422c0c84a879bd37670ae4f538a\/internal_photos\/bs\/2026\/A\/U\/e9lAOWRcqSKI3irwgq0Q\/fta20260314237.jpg 1000w, https:\/\/s2-g1.glbimg.com\/gRB1mAJHXNDVy3LvubPVPgMHRe4=\/0x0:4200x2804\/984x0\/smart\/filters:strip_icc()\/i.s3.glbimg.com\/v1\/AUTH_59edd422c0c84a879bd37670ae4f538a\/internal_photos\/bs\/2026\/A\/U\/e9lAOWRcqSKI3irwgq0Q\/fta20260314237.jpg 984w, https:\/\/s2-g1.glbimg.com\/uZIpabkmbm5hGRCzelsU5c1omr0=\/0x0:4200x2804\/640x0\/smart\/filters:strip_icc()\/i.s3.glbimg.com\/v1\/AUTH_59edd422c0c84a879bd37670ae4f538a\/internal_photos\/bs\/2026\/A\/U\/e9lAOWRcqSKI3irwgq0Q\/fta20260314237.jpg 640w, https:\/\/s2-g1.glbimg.com\/cCrDjwclzTjfYfoFrKt8m_3bx3M=\/0x0:4200x2804\/600x0\/smart\/filters:strip_icc()\/i.s3.glbimg.com\/v1\/AUTH_59edd422c0c84a879bd37670ae4f538a\/internal_photos\/bs\/2026\/A\/U\/e9lAOWRcqSKI3irwgq0Q\/fta20260314237.jpg 600w\" alt=\"O objectivo \u00e9 promover a seguran\u00e7a dos ciclistas e pedestres no transito. \u2014 Foto: Foto: VINCENT BOSSON\/FOTOARENA\/ESTAD\u00c3O CONTE\u00daDO\" \/><\/figure>\n<\/div>\n<p class=\"content-media__description  \">O objectivo \u00e9 promover a seguran\u00e7a dos ciclistas e pedestres no transito. \u2014 Foto: Foto: VINCENT BOSSON\/FOTOARENA\/ESTAD\u00c3O CONTE\u00daDO<\/p>\n<\/div>\n<\/div>\n<\/div>\n<div id=\"chunk-7qgek\">\n<div class=\"row medium-uncollapsed content-media content-photo\" data-block-type=\"backstage-photo\" data-block-id=\"15\">\n<div class=\" mc-column  content-media__container\">\n<div class=\"content-media-container glb-skeleton-box\">\n<figure class=\"content-media-figure\"><img decoding=\"async\" class=\"i-amphtml-fill-content i-amphtml-replaced-content\" src=\"https:\/\/s2-g1.glbimg.com\/OGEg3FfzyMAvp1Y82Yj8UxvWG-g=\/0x0:4200x2804\/984x0\/smart\/filters:strip_icc()\/i.s3.glbimg.com\/v1\/AUTH_59edd422c0c84a879bd37670ae4f538a\/internal_photos\/bs\/2026\/1\/C\/ctmRpaQXOyjbyKcQ4OgQ\/fta20260314233.jpg\" sizes=\"(max-width: 1600px) 648px, 100vw\" srcset=\"https:\/\/s2-g1.glbimg.com\/mc1CPQVgv2pf2qaqd0Dj0ZVX5c8=\/0x0:4200x2804\/1000x0\/smart\/filters:strip_icc()\/i.s3.glbimg.com\/v1\/AUTH_59edd422c0c84a879bd37670ae4f538a\/internal_photos\/bs\/2026\/1\/C\/ctmRpaQXOyjbyKcQ4OgQ\/fta20260314233.jpg 1000w, https:\/\/s2-g1.glbimg.com\/OGEg3FfzyMAvp1Y82Yj8UxvWG-g=\/0x0:4200x2804\/984x0\/smart\/filters:strip_icc()\/i.s3.glbimg.com\/v1\/AUTH_59edd422c0c84a879bd37670ae4f538a\/internal_photos\/bs\/2026\/1\/C\/ctmRpaQXOyjbyKcQ4OgQ\/fta20260314233.jpg 984w, https:\/\/s2-g1.glbimg.com\/fYTwhXNHj__gq220qDJgQrCUcYI=\/0x0:4200x2804\/640x0\/smart\/filters:strip_icc()\/i.s3.glbimg.com\/v1\/AUTH_59edd422c0c84a879bd37670ae4f538a\/internal_photos\/bs\/2026\/1\/C\/ctmRpaQXOyjbyKcQ4OgQ\/fta20260314233.jpg 640w, https:\/\/s2-g1.glbimg.com\/k27hBfZRl9AOPodC0WX4g4EH3m8=\/0x0:4200x2804\/600x0\/smart\/filters:strip_icc()\/i.s3.glbimg.com\/v1\/AUTH_59edd422c0c84a879bd37670ae4f538a\/internal_photos\/bs\/2026\/1\/C\/ctmRpaQXOyjbyKcQ4OgQ\/fta20260314233.jpg 600w\" alt=\"Ciclistas reunidos em frente ao Masp na noite de s\u00e1bado (14). \u2014 Foto: Foto: VINCENT BOSSON\/FOTOARENA\/ESTAD\u00c3O CONTE\u00daDO\" \/><\/figure>\n<\/div>\n<p class=\"content-media__description  \">Ciclistas reunidos em frente ao Masp na noite de s\u00e1bado (14). \u2014 Foto: Foto: VINCENT BOSSON\/FOTOARENA\/ESTAD\u00c3O CONTE\u00daDO<\/p>\n<\/div>\n<\/div>\n<\/div>\n<div id=\"chunk-2s33b\">\n<div class=\"content-ads content-ads--reveal\" data-block-type=\"ads\" data-block-id=\"16\">\n<div id=\"banner_materia__a6539908-188a-469c-86b1-70367f339ecd\">\n<div id=\"google_ads_iframe_\/95377733\/tvg_G1\/Sua_Regiao&gt;Sudeste&gt;Sao_Paulo_4__container__\">Fonte: G1<\/div>\n<\/div>\n<\/div>\n<\/div>\n<\/div>\n<\/article>\n<\/div>\n","protected":false},"excerpt":{"rendered":"<p>Pedalada Pelada: ciclistas pedalam nus em SP para chamar aten\u00e7\u00e3o \u00e0 vulnerabilidade no tr\u00e2nsito Grupo se reuniu na regi\u00e3o central<\/p>\n","protected":false},"author":1,"featured_media":13415,"comment_status":"open","ping_status":"open","sticky":false,"template":"","format":"standard","meta":{"colormag_page_container_layout":"default_layout","colormag_page_sidebar_layout":"default_layout","footnotes":""},"categories":[99],"tags":[],"class_list":["post-13413","post","type-post","status-publish","format-standard","has-post-thumbnail","hentry","category-sp"],"_links":{"self":[{"href":"http:\/\/metropoleemfoco.com.br\/index.php?rest_route=\/wp\/v2\/posts\/13413","targetHints":{"allow":["GET"]}}],"collection":[{"href":"http:\/\/metropoleemfoco.com.br\/index.php?rest_route=\/wp\/v2\/posts"}],"about":[{"href":"http:\/\/metropoleemfoco.com.br\/index.php?rest_route=\/wp\/v2\/types\/post"}],"author":[{"embeddable":true,"href":"http:\/\/metropoleemfoco.com.br\/index.php?rest_route=\/wp\/v2\/users\/1"}],"replies":[{"embeddable":true,"href":"http:\/\/metropoleemfoco.com.br\/index.php?rest_route=%2Fwp%2Fv2%2Fcomments&post=13413"}],"version-history":[{"count":1,"href":"http:\/\/metropoleemfoco.com.br\/index.php?rest_route=\/wp\/v2\/posts\/13413\/revisions"}],"predecessor-version":[{"id":13416,"href":"http:\/\/metropoleemfoco.com.br\/index.php?rest_route=\/wp\/v2\/posts\/13413\/revisions\/13416"}],"wp:featuredmedia":[{"embeddable":true,"href":"http:\/\/metropoleemfoco.com.br\/index.php?rest_route=\/wp\/v2\/media\/13415"}],"wp:attachment":[{"href":"http:\/\/metropoleemfoco.com.br\/index.php?rest_route=%2Fwp%2Fv2%2Fmedia&parent=13413"}],"wp:term":[{"taxonomy":"category","embeddable":true,"href":"http:\/\/metropoleemfoco.com.br\/index.php?rest_route=%2Fwp%2Fv2%2Fcategories&post=13413"},{"taxonomy":"post_tag","embeddable":true,"href":"http:\/\/metropoleemfoco.com.br\/index.php?rest_route=%2Fwp%2Fv2%2Ftags&post=13413"}],"curies":[{"name":"wp","href":"https:\/\/api.w.org\/{rel}","templated":true}]}}