{"id":13408,"date":"2026-03-15T16:11:45","date_gmt":"2026-03-15T19:11:45","guid":{"rendered":"http:\/\/metropoleemfoco.com.br\/?p=13408"},"modified":"2026-03-15T16:11:45","modified_gmt":"2026-03-15T19:11:45","slug":"13408","status":"publish","type":"post","link":"http:\/\/metropoleemfoco.com.br\/?p=13408","title":{"rendered":""},"content":{"rendered":"<h1 style=\"font-weight: 600;\">Justi\u00e7a por Orelha: Governo do Brasil publica decreto que aumenta multas por maus-tratos contra animais<\/h1>\n<p style=\"font-weight: 400;\">Valor da infra\u00e7\u00e3o passa a variar de R$ 1.500 a R$ 50 mil por animal v\u00edtima de maus-tratos e pode chegar a R$1 milh\u00e3o com agravamentos<\/p>\n<p style=\"font-weight: 400;\"><span style=\"font-weight: 400;\">Publicado em\u00a013\/03\/2026 11h12<\/span><\/p>\n<p>Decreto &#8220;Justi\u00e7a por Orelha&#8221; aumenta multas por maus-tratos aos animais &#8211; Foto: Ueslei Marcelino\/MMA<\/p>\n<p style=\"font-weight: 400;\"><span data-contrast=\"auto\">OGoverno do Brasil publicou, nesta sexta-feira (13\/3),\u00a0o\u00a0<\/span><a style=\"font-weight: 500;\" href=\"https:\/\/www.in.gov.br\/web\/dou\/-\/decreto-n-12.877-de-12-de-marco-de-2026-692405473\"><span data-contrast=\"none\">Decreto n\u00ba 12.877\/2026<\/span><\/a><span data-contrast=\"auto\">,\u00a0\u00a0<\/span><span data-contrast=\"auto\">que prev\u00ea a multa de R$ 1.500\u00a0a R$ 50 mil para quem cometer o crime de maus-tratos aos animais. O valor ainda pode chegar a R$ 1 milh\u00e3o se forem considerados agravamentos.<\/span><span data-ccp-props=\"{&quot;134233117&quot;:false,&quot;134233118&quot;:false,&quot;201341983&quot;:0,&quot;335551550&quot;:1,&quot;335551620&quot;:1,&quot;335559685&quot;:0,&quot;335559737&quot;:0,&quot;335559738&quot;:0,&quot;335559739&quot;:160,&quot;335559740&quot;:360}\">\u00a0<\/span><\/p>\n<p style=\"font-weight: 400;\"><span data-contrast=\"auto\">A medida assinada pelo presidente Luiz In\u00e1cio Lula da Silva altera o Decreto n\u00ba 6.514\/2008, que regulamenta as infra\u00e7\u00f5es administrativas ambientais no Brasil. At\u00e9 ent\u00e3o, os valores previstos de multa eram de R$ 500 a R$ 3 mil.\u00a0<\/span><span data-ccp-props=\"{&quot;201341983&quot;:0,&quot;335559740&quot;:360}\">\u00a0<\/span><\/p>\n<p style=\"font-weight: 400;\"><span data-contrast=\"auto\">O an\u00fancio do decreto foi feito nesta quinta-feira (12\/3), durante a Semana Nacional dos Animais, em Bras\u00edlia (DF). Na ocasi\u00e3o, a ministra do Meio Ambiente e Mudan\u00e7a do Clima, Marina Silva, destacou a import\u00e2ncia da medida.<\/span><span data-ccp-props=\"{&quot;134233117&quot;:false,&quot;134233118&quot;:false,&quot;201341983&quot;:0,&quot;335551550&quot;:1,&quot;335551620&quot;:1,&quot;335559685&quot;:0,&quot;335559737&quot;:0,&quot;335559738&quot;:0,&quot;335559739&quot;:160,&quot;335559740&quot;:279}\">\u00a0<\/span><\/p>\n<p style=\"font-weight: 400;\"><span data-contrast=\"auto\">&#8220;O que aconteceu com o c\u00e3o Orelha, acontece o tempo todo, em v\u00e1rios lugares. Agora mesmo, quantos n\u00e3o est\u00e3o sendo maltratados?!&#8221;, lamentou a ministra, relembrando o caso do cachorro comunit\u00e1rio que morreu v\u00edtima de agress\u00f5es em Florian\u00f3polis (SC), em janeiro deste ano.\u00a0<\/span><span data-ccp-props=\"{}\">\u00a0<\/span><\/p>\n<p style=\"font-weight: 400;\"><span data-contrast=\"auto\">O novo decreto foi nomeado como &#8220;Justi\u00e7a por Orelha&#8221;\u00a0em homenagem ao animal.\u00a0<\/span><span data-ccp-props=\"{}\">\u00a0<\/span><\/p>\n<p style=\"font-weight: 400;\"><span data-contrast=\"auto\">&#8220;O Decreto \u00e9 fruto da luta de todos da causa. E, podem ter certeza, na defesa\u00a0<\/span><span data-contrast=\"auto\">dos direitos animais, na defesa do meio ambiente, n\u00e3o \u00e9 a gente que tem a causa. \u00c9 a causa que nos tem&#8221;, refletiu Marina Silva.<\/span><span data-ccp-props=\"{}\">\u00a0<\/span><\/p>\n<p style=\"font-weight: 400;\"><span data-contrast=\"auto\">O an\u00fancio da legisla\u00e7\u00e3o\u00a0foi feito pela\u00a0ministra da Secretaria de\u00a0Rela\u00e7\u00f5es Institucionais,\u00a0Gleisi Hoffmann,\u00a0durante o\u00a0evento.<\/span><span data-ccp-props=\"{}\">\u00a0<\/span><\/p>\n<p style=\"font-weight: 400;\"><span data-contrast=\"auto\">&#8220;O Decreto est\u00e1 batizado pelo nome\u00a0<\/span><span data-contrast=\"auto\">Justi\u00e7a por Orelha<\/span><span data-contrast=\"auto\">\u00a0para ficar marcado na nossa hist\u00f3ria. E isso \u00e9 decorr\u00eancia da luta que todos voc\u00eas fazem juntos. E \u00e9 uma luta \u00e1rdua de conscientiza\u00e7\u00e3o da sociedade. Ela n\u00e3o \u00e9 f\u00e1cil. Infelizmente, ainda vivemos em uma sociedade que tem dentro de si muito forte a viol\u00eancia, a crueldade praticada contra os animais e contra os humanos tamb\u00e9m&#8221;, apontou a ministra Gleisi.<\/span><span data-ccp-props=\"{}\">\u00a0<\/span><\/p>\n<p style=\"font-weight: 400;\"><b><strong><span data-contrast=\"auto\">Agravamento<\/span><span data-ccp-props=\"{&quot;201341983&quot;:0,&quot;335559740&quot;:360}\">\u00a0<\/span><\/strong><\/b><\/p>\n<p style=\"font-weight: 400;\"><span data-contrast=\"auto\">A valora\u00e7\u00e3o da penalidade\u00a0ser\u00e1 agravada em caso de ocorrer a morte do animal,\u00a0ele ficar com sequelas permanentes, al\u00e9m da condi\u00e7\u00e3o de vulnerabilidade\u00a0dele\u00a0(estar impossibilitado de defesa ou fuga, em estado de subnutri\u00e7\u00e3o,\u00a0etc).\u00a0<\/span><span data-ccp-props=\"{&quot;134233117&quot;:false,&quot;134233118&quot;:false,&quot;201341983&quot;:0,&quot;335551550&quot;:1,&quot;335551620&quot;:1,&quot;335559685&quot;:0,&quot;335559737&quot;:0,&quot;335559738&quot;:0,&quot;335559739&quot;:160,&quot;335559740&quot;:360}\">\u00a0<\/span><\/p>\n<p style=\"font-weight: 400;\"><span data-contrast=\"auto\">Tamb\u00e9m ser\u00e1 considerado\u00a0como\u00a0agravo o abandono do animal, a pr\u00e1tica da\u00a0infra\u00e7\u00e3o pelo respons\u00e1vel\u00a0pela\u00a0guarda dele, a utiliza\u00e7\u00e3o de outros animais para a pr\u00e1tica do crime,\u00a0a reincid\u00eancia do infrator,\u00a0entre outros casos.\u00a0<\/span><span data-ccp-props=\"{&quot;134233117&quot;:false,&quot;134233118&quot;:false,&quot;201341983&quot;:0,&quot;335551550&quot;:1,&quot;335551620&quot;:1,&quot;335559685&quot;:0,&quot;335559737&quot;:0,&quot;335559738&quot;:0,&quot;335559739&quot;:160,&quot;335559740&quot;:360}\">\u00a0<\/span><\/p>\n<p style=\"font-weight: 400;\"><span data-contrast=\"auto\">A multa poder\u00e1 ultrapassar o valor m\u00e1ximo de R$ 50 mil e ser multiplicada em at\u00e9 vinte vezes\u00a0em algumas circunst\u00e2ncias excepcionais, como quando o crime for cometido de forma cruel\u00a0ou tamb\u00e9m envolvendo esp\u00e9cies amea\u00e7adas de extin\u00e7\u00e3o.\u00a0Outros exemplos s\u00e3o os crimes\u00a0com recrutamento de crian\u00e7as ou adolescentes para a pr\u00e1tica, al\u00e9m da difus\u00e3o em larga escala e utilizando as redes sociais\u00a0<\/span><span data-contrast=\"none\">para ampliar o alcance.<\/span><span data-ccp-props=\"{&quot;134233117&quot;:false,&quot;134233118&quot;:false,&quot;201341983&quot;:0,&quot;335551550&quot;:1,&quot;335551620&quot;:1,&quot;335559685&quot;:0,&quot;335559737&quot;:0,&quot;335559738&quot;:0,&quot;335559739&quot;:160,&quot;335559740&quot;:360}\">\u00a0<\/span><\/p>\n<p style=\"font-weight: 400;\"><span data-contrast=\"none\">\u201c<\/span><span data-contrast=\"auto\">O caso do c\u00e3o Orelha chocou o pa\u00eds e evidenciou a urg\u00eancia de fortalecer os instrumentos de responsabiliza\u00e7\u00e3o contra a crueldade animal. O decreto Justi\u00e7a por Orelha representa um passo importante para que atos de viol\u00eancia contra animais sejam punidos com maior rigor\u201d, atentou Vanessa Negrini, diretora do Departamento de Prote\u00e7\u00e3o, Defesa e Direitos Animais do MMA.<\/span><span data-ccp-props=\"{&quot;201341983&quot;:0,&quot;335559740&quot;:360}\">\u00a0<\/span><\/p>\n<p style=\"font-weight: 400;\"><b><strong><span data-contrast=\"none\">Semana Nacional dos Animais<\/span><span data-ccp-props=\"{&quot;134233117&quot;:false,&quot;134233118&quot;:false,&quot;201341983&quot;:0,&quot;335551550&quot;:1,&quot;335551620&quot;:1,&quot;335559685&quot;:0,&quot;335559737&quot;:0,&quot;335559738&quot;:0,&quot;335559739&quot;:160,&quot;335559740&quot;:360}\">\u00a0<\/span><\/strong><\/b><\/p>\n<p style=\"font-weight: 400;\"><span data-contrast=\"auto\">A assinatura do\u00a0Decreto integra a programa\u00e7\u00e3o da Semana Nacional dos Animais, iniciativa do\u00a0MMA\u00a0que re\u00fane representantes do poder p\u00fablico, pesquisadores, organiza\u00e7\u00f5es da sociedade civil e especialistas para debater pol\u00edticas p\u00fablicas voltadas \u00e0 prote\u00e7\u00e3o, defesa e direitos dos animais no Brasil.<\/span><span data-ccp-props=\"{&quot;134233117&quot;:false,&quot;134233118&quot;:false,&quot;201341983&quot;:0,&quot;335551550&quot;:1,&quot;335551620&quot;:1,&quot;335559685&quot;:0,&quot;335559737&quot;:0,&quot;335559738&quot;:0,&quot;335559739&quot;:160,&quot;335559740&quot;:360}\">\u00a0<\/span><\/p>\n<p style=\"font-weight: 400;\"><span data-contrast=\"auto\">O\u00a0encontro\u00a0realizado nesta quinta\u00a0marca um momento hist\u00f3rico de mobiliza\u00e7\u00e3o nacional pela causa animal, com debates, lan\u00e7amentos de pol\u00edticas p\u00fablicas e an\u00fancios de novas medidas voltadas \u00e0 prote\u00e7\u00e3o da fauna e ao enfrentamento dos maus-tratos.<\/span><span data-ccp-props=\"{&quot;134233117&quot;:false,&quot;134233118&quot;:false,&quot;201341983&quot;:0,&quot;335551550&quot;:1,&quot;335551620&quot;:1,&quot;335559685&quot;:0,&quot;335559737&quot;:0,&quot;335559738&quot;:0,&quot;335559739&quot;:160,&quot;335559740&quot;:360}\">\u00a0<\/span><\/p>\n<p style=\"font-weight: 400;\"><em style=\"font-weight: 400;\">Assessoria Especial de Comunica\u00e7\u00e3o Social do\u00a0MMA<br \/>\n<\/em><em style=\"font-weight: 400;\"><a style=\"font-weight: 500;\" href=\"http:\/\/imprensa@mma.gov.br\/\" data-tippreview-enabled=\"false\" data-tippreview-image=\"\" data-tippreview-title=\"\">imprensa@mma.gov.br<\/a><br \/>\n<\/em><em style=\"font-weight: 400;\">(61) 2028-1227\/1051<br \/>\n<\/em><em style=\"font-weight: 400;\">Acesse o<\/em><a style=\"font-weight: 500;\" href=\"https:\/\/www.flickr.com\/photos\/mmeioambiente\/\"><em style=\"font-weight: 400;\">\u00a0<\/em><\/a><em style=\"font-weight: 400;\"><a style=\"font-weight: 500;\" href=\"https:\/\/www.flickr.com\/photos\/mmeioambiente\/\" data-tippreview-enabled=\"false\" data-tippreview-image=\"\" data-tippreview-title=\"\">Flickr do\u00a0MMA<\/a><\/em><\/p>\n<p style=\"font-weight: 400;\">Categoria<\/p>\n<p>Meio Ambiente e Clima<\/p>\n<p>Fonte? Gov Br<\/p>\n","protected":false},"excerpt":{"rendered":"<p>Justi\u00e7a por Orelha: Governo do Brasil publica decreto que aumenta multas por maus-tratos contra animais Valor da infra\u00e7\u00e3o passa a<\/p>\n","protected":false},"author":1,"featured_media":13409,"comment_status":"open","ping_status":"open","sticky":false,"template":"","format":"standard","meta":{"colormag_page_container_layout":"default_layout","colormag_page_sidebar_layout":"default_layout","footnotes":""},"categories":[98],"tags":[],"class_list":["post-13408","post","type-post","status-publish","format-standard","has-post-thumbnail","hentry","category-meio-ambiente"],"_links":{"self":[{"href":"http:\/\/metropoleemfoco.com.br\/index.php?rest_route=\/wp\/v2\/posts\/13408","targetHints":{"allow":["GET"]}}],"collection":[{"href":"http:\/\/metropoleemfoco.com.br\/index.php?rest_route=\/wp\/v2\/posts"}],"about":[{"href":"http:\/\/metropoleemfoco.com.br\/index.php?rest_route=\/wp\/v2\/types\/post"}],"author":[{"embeddable":true,"href":"http:\/\/metropoleemfoco.com.br\/index.php?rest_route=\/wp\/v2\/users\/1"}],"replies":[{"embeddable":true,"href":"http:\/\/metropoleemfoco.com.br\/index.php?rest_route=%2Fwp%2Fv2%2Fcomments&post=13408"}],"version-history":[{"count":1,"href":"http:\/\/metropoleemfoco.com.br\/index.php?rest_route=\/wp\/v2\/posts\/13408\/revisions"}],"predecessor-version":[{"id":13410,"href":"http:\/\/metropoleemfoco.com.br\/index.php?rest_route=\/wp\/v2\/posts\/13408\/revisions\/13410"}],"wp:featuredmedia":[{"embeddable":true,"href":"http:\/\/metropoleemfoco.com.br\/index.php?rest_route=\/wp\/v2\/media\/13409"}],"wp:attachment":[{"href":"http:\/\/metropoleemfoco.com.br\/index.php?rest_route=%2Fwp%2Fv2%2Fmedia&parent=13408"}],"wp:term":[{"taxonomy":"category","embeddable":true,"href":"http:\/\/metropoleemfoco.com.br\/index.php?rest_route=%2Fwp%2Fv2%2Fcategories&post=13408"},{"taxonomy":"post_tag","embeddable":true,"href":"http:\/\/metropoleemfoco.com.br\/index.php?rest_route=%2Fwp%2Fv2%2Ftags&post=13408"}],"curies":[{"name":"wp","href":"https:\/\/api.w.org\/{rel}","templated":true}]}}