{"id":13404,"date":"2026-03-15T16:14:40","date_gmt":"2026-03-15T19:14:40","guid":{"rendered":"http:\/\/metropoleemfoco.com.br\/?p=13404"},"modified":"2026-03-15T16:14:40","modified_gmt":"2026-03-15T19:14:40","slug":"13404","status":"publish","type":"post","link":"http:\/\/metropoleemfoco.com.br\/?p=13404","title":{"rendered":""},"content":{"rendered":"<header class=\"group\/header group mx-auto box-border flex w-full max-w-full flex-col gap-4 pb-4 md:border-b md:border-neutral-200 [&amp;_.gallery]:-mx-4 [&amp;_.gallery]:outline [&amp;_.gallery]:outline-2 [&amp;_.gallery]:outline-neutral-950 [&amp;_.gallery]:lg:-mx-0 [&amp;_.gallery]:lg:outline-none\">\n<div class=\"flex w-full flex-col gap-4\">\n<div class=\"border-b pb-4 lg:border-b-0 lg:pb-0\" tabindex=\"1\">\n<h1 class=\"font-bold text-3xl lg:text-4xl\" data-single-title=\"true\">Melhores ovos de P\u00e1scoa de 2026: confira os ganhadores da nossa degusta\u00e7\u00e3o<\/h1>\n<\/div>\n<div tabindex=\"2\">\n<h2 class=\"text-lg font-normal group-[.isActiveSource]:text-xl\" data-single-excerpt=\"true\">Entre grandes marcas e chocolaterias artesanais, um j\u00fari de chefs e especialistas provou 44 ovos de chocolate ao leite ou meio amargo, todos com algum ingrediente que acrescentasse croc\u00e2ncia<\/h2>\n<\/div>\n<\/div>\n<div class=\"flex w-full flex-col gap-1\" data-single-author=\"true\"><span class=\"text-sm font-normal\"><a class=\"text-sm underline\" href=\"https:\/\/www.cnnbrasil.com.br\/viagemegastronomia\/autor\/cnn-viagem-gastronomia\/\" target=\"_self\"><span class=\"text-sm font-medium\">CNN Viagem &amp; Gastronomia<\/span><\/a>, do Viagem &amp; Gastronomia<\/span><time class=\"text-sm font-normal text-neutral-400\" datetime=\"2026-03-13T15:44:46Z\"><\/time><\/div>\n<div class=\"h-auto w-fit cursor-pointer group-has-[.featuredImage]:w-full group-has-[.gallery]:w-full group-has-[.mosaic-large]:w-full group-has-[.mosaic-small]:w-fit [#gut-square_&amp;]:w-full [#gut-square_&amp;]:lg:w-fit [#gut-trio_&amp;]:w-full [#manchete-section-one_&amp;]:h-full [#manchete-section-one_&amp;]:w-full\" tabindex=\"0\" role=\"button\" aria-controls=\"modal-content\" aria-expanded=\"false\" aria-haspopup=\"true\">\n<div class=\"group\/featureImage featuredImage relative w-full\" data-image=\"true\">\n<figure class=\"group\/featureImage featuredImage relative z-10 mb-4 flex shrink flex-col gap-2\">\n<div class=\"featuredImage--image z-10 -mx-4 flex items-center justify-center bg-neutral-950 lg:mx-0 lg:overflow-hidden lg:rounded-lg\"><picture class=\"flex object-cover overflow-clip w-full aspect-video\"><source srcset=\"https:\/\/viagem.cnnbrasil.com.br\/wp-content\/uploads\/sites\/5\/2026\/03\/melhores-ovos-de-pascoa-2026-cnn.jpeg?w=1200&amp;h=900&amp;crop=0\" media=\"(min-width: 1024px)\" \/><source srcset=\"https:\/\/viagem.cnnbrasil.com.br\/wp-content\/uploads\/sites\/5\/2026\/03\/melhores-ovos-de-pascoa-2026-cnn.jpeg?w=849&amp;h=477&amp;crop=0\" media=\"(min-width: 768px)\" \/><img loading=\"lazy\" decoding=\"async\" class=\"flex size-full object-cover\" src=\"https:\/\/viagem.cnnbrasil.com.br\/wp-content\/uploads\/sites\/5\/2026\/03\/melhores-ovos-de-pascoa-2026-cnn.jpeg?w=419&amp;h=283&amp;crop=0\" alt=\"Daniela Filomeno promove grande degusta\u00e7\u00e3o de ovos de P\u00e1scoa na sede da CNN\" width=\"419\" height=\"283\" \/><\/picture><\/div><figcaption class=\"featuredImage--caption text-neutral-500\"><span class=\"text-sm font-medium featuredImage--subtitle\">Daniela Filomeno promove grande degusta\u00e7\u00e3o de ovos de P\u00e1scoa na sede da CNN<\/span><span class=\"text-xs font-normal featuredImage--credits\">\u00a0 \u2022 Divulga\u00e7\u00e3o CNN<\/span><\/figcaption><\/figure>\n<\/div>\n<\/div>\n<\/header>\n<div class=\"text-lg w-full pt-6 font-light text-neutral-800 group-[.isActiveSource&gt;*]:text-xl md:pt-10 [&amp;&gt;*:not(.single-product)]:mx-auto [&amp;&gt;*:not(.single-product)]:max-w-2xl [&amp;_.gallery]:mb-4 [&amp;_p]:my-4 first:[&amp;_p]:mt-0 [&amp;_strong]:font-medium\" data-single-content=\"true\">\n<p class=\"my-5 break-words group-[.isActiveSource]:text-xl\">Com a proximidade da P\u00e1scoa, as vitrines das chocolaterias se enchem de ovos de todos os tipos, com combina\u00e7\u00f5es cada vez mais criativas. Para a degusta\u00e7\u00e3o deste ano, por\u00e9m, estabelecemos algumas regras. As marcas podiam enviar apenas\u00a0<strong class=\"group-[.isActiveSource]:text-xl group-[.isActiveSource]:font-bold\">ovos de chocolate ao leite ou meio amargo<\/strong>\u00a0que trouxessem algum\u00a0<strong class=\"group-[.isActiveSource]:text-xl group-[.isActiveSource]:font-bold\">elemento crocante<\/strong> na composi\u00e7\u00e3o, criando um ponto de compara\u00e7\u00e3o entre propostas bem diferentes.<\/p>\n<p class=\"my-5 break-words group-[.isActiveSource]:text-xl\">Outro\u00a0<a class=\"text-red-600 underline hover:text-red-500 font-medium break-words group-[.isActiveSource]:text-xl\" href=\"https:\/\/www.cnnbrasil.com.br\/viagemegastronomia\/gastronomia\/receitas\/receitas-para-pascoa-bacalhau-entradas-doces-e-harmonizacoes-com-vinhos\/\" target=\"_blank\" rel=\"noopener noreferrer\">crit\u00e9rio importante foi a divis\u00e3o das categorias<\/a>. Para tornar a avalia\u00e7\u00e3o mais justa, separamos os participantes entre\u00a0<strong class=\"group-[.isActiveSource]:text-xl group-[.isActiveSource]:font-bold\">grandes marcas e chocolaterias artesanais<\/strong>. No primeiro grupo, consideramos marcas com presen\u00e7a consolidada em supermercados, grandes centros comerciais e shoppings, al\u00e9m de ampla distribui\u00e7\u00e3o on-line. J\u00e1 na categoria artesanal, entraram chocolaterias de produ\u00e7\u00e3o mais limitada, com foco em processos autorais.<\/p>\n<p class=\"my-5 break-words group-[.isActiveSource]:text-xl\">A avalia\u00e7\u00e3o foi conduzida por um\u00a0<strong class=\"group-[.isActiveSource]:text-xl group-[.isActiveSource]:font-bold\">j\u00fari formado exclusivamente por chefs e especialistas em gastronomia<\/strong>, que provaram as\u00a0<strong class=\"group-[.isActiveSource]:text-xl group-[.isActiveSource]:font-bold\">amostras \u00e0s cegas<\/strong>, ou seja, n\u00e3o sabiam quais marcas estavam presentes na degusta\u00e7\u00e3o. Todas as marcas participantes passaram por uma sele\u00e7\u00e3o pr\u00e9via pelo time do CNN V&amp;G.<\/p>\n<p class=\"my-5 break-words group-[.isActiveSource]:text-xl\">A partir desse recorte, reunimos diferentes cria\u00e7\u00f5es e\u00a0<a class=\"text-red-600 underline hover:text-red-500 font-medium break-words group-[.isActiveSource]:text-xl\" href=\"https:\/\/www.cnnbrasil.com.br\/viagemegastronomia\/gastronomia\/o-que-e-a-pascoa-conheca-seu-significado-e-os-pratos-tipicos-da-data\/\" target=\"_blank\" rel=\"noopener noreferrer\">colocamos tudo \u00e0 prova<\/a>,\u00a0<strong class=\"group-[.isActiveSource]:text-xl group-[.isActiveSource]:font-bold\">avaliando sabor, equil\u00edbrio do chocolate, textura e a forma como o elemento crocante se integra ao conjunto<\/strong>.<\/p>\n<h2 class=\"text-2xl my-5 font-bold break-words\">Confira as duplas de jurados:<\/h2>\n<h3 class=\"text-xl my-5 font-bold break-words\">Categoria Grandes Marcas:<\/h3>\n<p class=\"my-5 break-words group-[.isActiveSource]:text-xl\"><strong class=\"group-[.isActiveSource]:text-xl group-[.isActiveSource]:font-bold\">Dupla 1<\/strong>\u00a0&#8211;<strong class=\"group-[.isActiveSource]:text-xl group-[.isActiveSource]:font-bold\">\u00a0Isa Scherer e Clarisse Duarte<\/strong><\/p>\n<p class=\"my-5 break-words group-[.isActiveSource]:text-xl\">Isabella Scherer foi a campe\u00e3 do MasterChef Brasil 2021 e conquistou o p\u00fablico com receitas criativas e cheias de sabor. Hoje, comanda a Scherbi\u2019s, sua marca de doces. Ao seu lado est\u00e1 Clarisse Duarte, que representou o Norte do pa\u00eds no MasterChef Brasil 2023 e que compartilha receitas e conte\u00fados gastron\u00f4micos nas redes sociais.<\/p>\n<div id=\"mid4\" class=\"custom__ad__element flex min-h-64 bg-gray-200 justify-center items-center my-4 py-4 bg-[url('\/images\/ad-bg.png')] bg-repeat\" role=\"complementary\" aria-label=\"Publicidade\">\n<div id=\"google_ads_iframe_\/21920083859\/artigos_viagemgastronomia_2023_5__container__\"><\/div>\n<\/div>\n<div class=\"h-auto w-fit cursor-pointer group-has-[.featuredImage]:w-full group-has-[.gallery]:w-full group-has-[.mosaic-large]:w-full group-has-[.mosaic-small]:w-fit [#gut-square_&amp;]:w-full [#gut-square_&amp;]:lg:w-fit [#gut-trio_&amp;]:w-full [#manchete-section-one_&amp;]:h-full [#manchete-section-one_&amp;]:w-full\" tabindex=\"0\" role=\"button\" aria-controls=\"modal-content\" aria-expanded=\"false\" aria-haspopup=\"true\">\n<div class=\"group\/featureImage featuredImage relative w-full\" data-image=\"true\">\n<figure class=\"group\/featureImage featuredImage relative z-10 mb-4 flex shrink flex-col gap-2\">\n<div class=\"featuredImage--image z-10 -mx-4 flex items-center justify-center bg-neutral-950 lg:mx-0 lg:overflow-hidden lg:rounded-lg\"><picture class=\"flex object-cover overflow-clip\"><img loading=\"lazy\" decoding=\"async\" class=\"flex size-full object-cover\" src=\"https:\/\/viagem.cnnbrasil.com.br\/wp-content\/uploads\/sites\/5\/2026\/03\/degustacao-isa-dani-e-clarrisa-cnn.jpeg?w=849&amp;h=477&amp;crop=0\" alt=\"Isa Scherer, Daniela Filomeno e Clarisse Duarte \u2022 Divulga\u00e7\u00e3o CNN\" width=\"849\" height=\"477\" \/><\/picture><\/div><figcaption class=\"featuredImage--caption text-neutral-500\"><span class=\"text-sm font-medium featuredImage--subtitle\">Isa Scherer, Daniela Filomeno e Clarisse Duarte \u2022 Divulga\u00e7\u00e3o CNN<\/span><\/figcaption><\/figure>\n<\/div>\n<\/div>\n<p class=\"my-5 break-words group-[.isActiveSource]:text-xl\">Ovo escolhido por Isa Scherer:<strong class=\"group-[.isActiveSource]:text-xl group-[.isActiveSource]:font-bold\">\u00a0Lindt<br \/>\n<\/strong><\/p>\n<p class=\"my-5 break-words group-[.isActiveSource]:text-xl\">Ovo escolhido por Clarisse Duarte:\u00a0<strong class=\"group-[.isActiveSource]:text-xl group-[.isActiveSource]:font-bold\">Lindt\u00a0\u00a0<\/strong><\/p>\n<p class=\"my-5 break-words group-[.isActiveSource]:text-xl\"><strong class=\"group-[.isActiveSource]:text-xl group-[.isActiveSource]:font-bold\">Dupla 2<\/strong>\u00a0<strong class=\"group-[.isActiveSource]:text-xl group-[.isActiveSource]:font-bold\">&#8211; \u00cdtalo Andrade e Matheus Rosa<\/strong><\/p>\n<div class=\"h-auto w-fit cursor-pointer group-has-[.featuredImage]:w-full group-has-[.gallery]:w-full group-has-[.mosaic-large]:w-full group-has-[.mosaic-small]:w-fit [#gut-square_&amp;]:w-full [#gut-square_&amp;]:lg:w-fit [#gut-trio_&amp;]:w-full [#manchete-section-one_&amp;]:h-full [#manchete-section-one_&amp;]:w-full\" tabindex=\"0\" role=\"button\" aria-controls=\"modal-content\" aria-expanded=\"false\" aria-haspopup=\"true\">\n<div class=\"group\/featureImage featuredImage relative w-full\" data-image=\"true\">\n<figure class=\"group\/featureImage featuredImage relative z-10 mb-4 flex shrink flex-col gap-2\">\n<div class=\"featuredImage--image z-10 -mx-4 flex items-center justify-center bg-neutral-950 lg:mx-0 lg:overflow-hidden lg:rounded-lg\"><picture class=\"flex object-cover overflow-clip\"><img loading=\"lazy\" decoding=\"async\" class=\"flex size-full object-cover\" src=\"https:\/\/viagem.cnnbrasil.com.br\/wp-content\/uploads\/sites\/5\/2026\/03\/italo-dani-e-matheus.jpeg?w=849&amp;h=477&amp;crop=0\" alt=\"\u00cdtalo Andrade, Daniela Filomeno e Matheus Rosa \u2022 Divulga\u00e7\u00e3o CNN\" width=\"849\" height=\"477\" \/><\/picture><\/div><figcaption class=\"featuredImage--caption text-neutral-500\"><span class=\"text-sm font-medium featuredImage--subtitle\">\u00cdtalo Andrade, Daniela Filomeno e Matheus Rosa \u2022 Divulga\u00e7\u00e3o CNN<\/span><\/figcaption><\/figure>\n<\/div>\n<\/div>\n<p class=\"my-5 break-words group-[.isActiveSource]:text-xl\">\u00cdtalo Andrade foi semifinalista do MasterChef Confeitaria 2025 e atualmente atua como chef de uma rede de cl\u00ednicas de sa\u00fade. Matheus Rosa tamb\u00e9m participou do MasterChef Confeitaria e, atualmente, \u00e9 chef confeiteiro e empreendedor. Depois do programa, abriu a Lykke, uma loja de cookies, al\u00e9m de uma f\u00e1brica de p\u00e3es em Salvador.<\/p>\n<p class=\"my-5 break-words group-[.isActiveSource]:text-xl\">Ovo escolhido por \u00cdtalo Andrade:\u00a0<strong class=\"group-[.isActiveSource]:text-xl group-[.isActiveSource]:font-bold\">Noir\u00a0<\/strong><\/p>\n<p class=\"my-5 break-words group-[.isActiveSource]:text-xl\">Ovo escolhido por Matheus Rosa:\u00a0<strong class=\"group-[.isActiveSource]:text-xl group-[.isActiveSource]:font-bold\">Ofner\u00a0<\/strong><\/p>\n<h3 class=\"text-xl my-5 font-bold break-words\">Categoria artesanais:<\/h3>\n<p class=\"my-5 break-words group-[.isActiveSource]:text-xl\"><strong class=\"group-[.isActiveSource]:text-xl group-[.isActiveSource]:font-bold\">Dupla 1: Lorenzo Ravioli e Eduardo Prado<\/strong><\/p>\n<div class=\"h-auto w-fit cursor-pointer group-has-[.featuredImage]:w-full group-has-[.gallery]:w-full group-has-[.mosaic-large]:w-full group-has-[.mosaic-small]:w-fit [#gut-square_&amp;]:w-full [#gut-square_&amp;]:lg:w-fit [#gut-trio_&amp;]:w-full [#manchete-section-one_&amp;]:h-full [#manchete-section-one_&amp;]:w-full\" tabindex=\"0\" role=\"button\" aria-controls=\"modal-content\" aria-expanded=\"false\" aria-haspopup=\"true\">\n<div class=\"group\/featureImage featuredImage relative w-full\" data-image=\"true\">\n<figure class=\"group\/featureImage featuredImage relative z-10 mb-4 flex shrink flex-col gap-2\">\n<div class=\"featuredImage--image z-10 -mx-4 flex items-center justify-center bg-neutral-950 lg:mx-0 lg:overflow-hidden lg:rounded-lg\"><picture class=\"flex object-cover overflow-clip\"><img loading=\"lazy\" decoding=\"async\" class=\"flex size-full object-cover\" src=\"https:\/\/viagem.cnnbrasil.com.br\/wp-content\/uploads\/sites\/5\/2026\/03\/lorenzo-e-Edu-degustacao-cnn.jpeg?w=849&amp;h=477&amp;crop=0\" alt=\"Lorenzo Ravioli, Daniela Filomeno e Eduardo Prado \u2022 Divulga\u00e7\u00e3o CNN\" width=\"849\" height=\"477\" \/><\/picture><\/div><figcaption class=\"featuredImage--caption text-neutral-500\"><span class=\"text-sm font-medium featuredImage--subtitle\">Lorenzo Ravioli, Daniela Filomeno e Eduardo Prado \u2022 Divulga\u00e7\u00e3o CNN<\/span><\/figcaption><\/figure>\n<\/div>\n<\/div>\n<p class=\"my-5 break-words group-[.isActiveSource]:text-xl\">Lorenzo Ravioli venceu o MasterChef J\u00fanior e hoje integra a equipe do restaurante Jac\u00f3, na Vila Madalena,\u00a0<a class=\"text-red-600 underline hover:text-red-500 font-medium break-words group-[.isActiveSource]:text-xl\" href=\"https:\/\/www.cnnbrasil.com.br\/viagemegastronomia\/gastronomia\/autoral-descomplicado-e-bib-gourmand-conheca-o-restaurante-jaco-em-sp\/\" target=\"_blank\" rel=\"noopener noreferrer\">casa que possui o selo Bib Gourmand do Guia Michelin<\/a>. Eduardo Prado participou da mesma edi\u00e7\u00e3o do programa e, anos depois, foi vice-campe\u00e3o do MasterChef Brasil 2021. Ele segue dedicado \u00e0 gastronomia e compartilha suas receitas nas redes sociais.<\/p>\n<p class=\"my-5 break-words group-[.isActiveSource]:text-xl\">Ovo escolhido por Lorenzo Ravioli:\u00a0<strong class=\"group-[.isActiveSource]:text-xl group-[.isActiveSource]:font-bold\">CAU Chocolates\u00a0<\/strong><\/p>\n<p class=\"my-5 break-words group-[.isActiveSource]:text-xl\">Ovo escolhido por Eduardo Prado:\u00a0<strong class=\"group-[.isActiveSource]:text-xl group-[.isActiveSource]:font-bold\">Pati Piva\u00a0<\/strong><\/p>\n<p class=\"my-5 break-words group-[.isActiveSource]:text-xl\"><strong class=\"group-[.isActiveSource]:text-xl group-[.isActiveSource]:font-bold\">Dupla 2: C\u00e9sar Yukio e L\u00e9o Salles<\/strong><\/p>\n<div class=\"h-auto w-fit cursor-pointer group-has-[.featuredImage]:w-full group-has-[.gallery]:w-full group-has-[.mosaic-large]:w-full group-has-[.mosaic-small]:w-fit [#gut-square_&amp;]:w-full [#gut-square_&amp;]:lg:w-fit [#gut-trio_&amp;]:w-full [#manchete-section-one_&amp;]:h-full [#manchete-section-one_&amp;]:w-full\" tabindex=\"0\" role=\"button\" aria-controls=\"modal-content\" aria-expanded=\"false\" aria-haspopup=\"true\">\n<div class=\"group\/featureImage featuredImage relative w-full\" data-image=\"true\">\n<figure class=\"group\/featureImage featuredImage relative z-10 mb-4 flex shrink flex-col gap-2\">\n<div class=\"featuredImage--image z-10 -mx-4 flex items-center justify-center bg-neutral-950 lg:mx-0 lg:overflow-hidden lg:rounded-lg\"><picture class=\"flex object-cover overflow-clip\"><img loading=\"lazy\" decoding=\"async\" class=\"flex size-full object-cover\" src=\"https:\/\/viagem.cnnbrasil.com.br\/wp-content\/uploads\/sites\/5\/2026\/03\/Cesar-Yukio-DANIELA-filomeno-e-Leo-Salles.jpeg?w=849&amp;h=477&amp;crop=0\" alt=\"Ce\u0301sar Yukio, Daniela Filomeno e Le\u0301o Salles \u2022 Divulga\u00e7\u00e3o CNN\" width=\"849\" height=\"477\" \/><\/picture><\/div><figcaption class=\"featuredImage--caption text-neutral-500\"><span class=\"text-sm font-medium featuredImage--subtitle\">Ce\u0301sar Yukio, Daniela Filomeno e Le\u0301o Salles \u2022 Divulga\u00e7\u00e3o CNN<\/span><\/figcaption><\/figure>\n<\/div>\n<\/div>\n<p class=\"my-5 break-words group-[.isActiveSource]:text-xl\">C\u00e9sar Yukio foi o grande vencedor do MasterChef Confeitaria 2024 e \u00e9 fundador da Hanami Confeitaria, especializada em confeitaria asi\u00e1tica. L\u00e9o Salles venceu a segunda temporada do MasterChef Confeitaria, em 2025, e j\u00e1 passou por cozinhas premiadas, como a do restaurante Lasai.<\/p>\n<p class=\"my-5 break-words group-[.isActiveSource]:text-xl\">Ovo escolhido por C\u00e9sar Yukio:\u00a0<strong class=\"group-[.isActiveSource]:text-xl group-[.isActiveSource]:font-bold\">Flakes\u00a0<\/strong><\/p>\n<p class=\"my-5 break-words group-[.isActiveSource]:text-xl\">Ovo escolhido por L\u00e9o Salles:\u00a0<strong class=\"group-[.isActiveSource]:text-xl group-[.isActiveSource]:font-bold\">Ello Chocolates\u00a0<\/strong><\/p>\n<h2 class=\"text-2xl my-5 font-bold break-words\">Resultado dos Melhores Ovos de P\u00e1scoa 2026<\/h2>\n<h3 class=\"text-xl my-5 font-bold break-words\">Melhores ovos na categoria Grande marcas:<\/h3>\n<ul class=\"list-none [li&gt;&amp;]:pl-5\">\n<li class=\"[ul&gt;&amp;]:indent-5 mb-3 break-words [ul&gt;&amp;]:relative [ul&gt;&amp;]:before:absolute [ul&gt;&amp;]:before:left-1 [ul&gt;&amp;]:before:top-2 [ul&gt;&amp;]:before:w-2 [ul&gt;&amp;]:before:h-2 [ul&gt;&amp;]:before:bg-red-600 [ul&gt;&amp;]:before:rounded-full marker:inline group-[.isActiveSource]:text-xl\">1\u00ba Lugar:\u00a0<strong class=\"group-[.isActiveSource]:text-xl group-[.isActiveSource]:font-bold\">Lindt<\/strong>, ovo de chocolate ao leite com peda\u00e7os de avel\u00e3 &#8211; R$ 219,99 com 360g<span class=\"\"><br \/>\n<\/span><b class=\"group-[.isActiveSource]:text-xl group-[.isActiveSource]:font-bold\"><\/b><\/li>\n<\/ul>\n<div class=\"h-auto w-fit cursor-pointer group-has-[.featuredImage]:w-full group-has-[.gallery]:w-full group-has-[.mosaic-large]:w-full group-has-[.mosaic-small]:w-fit [#gut-square_&amp;]:w-full [#gut-square_&amp;]:lg:w-fit [#gut-trio_&amp;]:w-full [#manchete-section-one_&amp;]:h-full [#manchete-section-one_&amp;]:w-full\" tabindex=\"0\" role=\"button\" aria-controls=\"modal-content\" aria-expanded=\"false\" aria-haspopup=\"true\">\n<div class=\"group\/featureImage featuredImage relative w-full\" data-image=\"true\">\n<figure class=\"group\/featureImage featuredImage relative z-10 mb-4 flex shrink flex-col gap-2\">\n<div class=\"featuredImage--image z-10 -mx-4 flex items-center justify-center bg-neutral-950 lg:mx-0 lg:overflow-hidden lg:rounded-lg\"><picture class=\"flex object-cover overflow-clip\"><img loading=\"lazy\" decoding=\"async\" class=\"flex size-full object-cover\" src=\"https:\/\/viagem.cnnbrasil.com.br\/wp-content\/uploads\/sites\/5\/2026\/03\/lindt-grandes-marcas.jpg?w=849&amp;h=477&amp;crop=0\" alt=\"Ovo Lindt foi o grande campe\u00e3o na categoria grandes marcas \u2022 CNN V&amp;G\" width=\"849\" height=\"477\" \/><\/picture><\/div><figcaption class=\"featuredImage--caption text-neutral-500\"><span class=\"text-sm font-medium featuredImage--subtitle\">Ovo Lindt foi o grande campe\u00e3o na categoria grandes marcas \u2022 CNN V&amp;G<\/span><\/figcaption><\/figure>\n<\/div>\n<\/div>\n<ul class=\"list-none [li&gt;&amp;]:pl-5\">\n<li class=\"[ul&gt;&amp;]:indent-5 mb-3 break-words [ul&gt;&amp;]:relative [ul&gt;&amp;]:before:absolute [ul&gt;&amp;]:before:left-1 [ul&gt;&amp;]:before:top-2 [ul&gt;&amp;]:before:w-2 [ul&gt;&amp;]:before:h-2 [ul&gt;&amp;]:before:bg-red-600 [ul&gt;&amp;]:before:rounded-full marker:inline group-[.isActiveSource]:text-xl\">2\u00ba Lugar:\u00a0<strong class=\"group-[.isActiveSource]:text-xl group-[.isActiveSource]:font-bold\">Noir<\/strong>, ovo de chocolate meio amargo com caramelo e crocante de a\u00e7\u00facar caramelizado com avel\u00e3 e especiarias, finalizado com folhas de ouro. Desenvolvido em parceria com o chef Lucas Corazza &#8211; R$ 199,90 com 400g<span class=\"\"><br \/>\n<\/span><b class=\"group-[.isActiveSource]:text-xl group-[.isActiveSource]:font-bold\"><\/b><\/li>\n<\/ul>\n<div class=\"h-auto w-fit cursor-pointer group-has-[.featuredImage]:w-full group-has-[.gallery]:w-full group-has-[.mosaic-large]:w-full group-has-[.mosaic-small]:w-fit [#gut-square_&amp;]:w-full [#gut-square_&amp;]:lg:w-fit [#gut-trio_&amp;]:w-full [#manchete-section-one_&amp;]:h-full [#manchete-section-one_&amp;]:w-full\" tabindex=\"0\" role=\"button\" aria-controls=\"modal-content\" aria-expanded=\"false\" aria-haspopup=\"true\">\n<div class=\"group\/featureImage featuredImage relative w-full\" data-image=\"true\">\n<figure class=\"group\/featureImage featuredImage relative z-10 mb-4 flex shrink flex-col gap-2\">\n<div class=\"featuredImage--image z-10 -mx-4 flex items-center justify-center bg-neutral-950 lg:mx-0 lg:overflow-hidden lg:rounded-lg\"><picture class=\"flex object-cover overflow-clip\"><img loading=\"lazy\" decoding=\"async\" class=\"flex size-full object-cover\" src=\"https:\/\/viagem.cnnbrasil.com.br\/wp-content\/uploads\/sites\/5\/2026\/03\/NOIR-GRANDES-MARCAS.jpg?w=849&amp;h=477&amp;crop=0\" alt=\"Ovo da Noir ficou em segundo lugar na categoria grandes marcas \u2022 CNN V&amp;G\" width=\"849\" height=\"477\" \/><\/picture><\/div><figcaption class=\"featuredImage--caption text-neutral-500\"><span class=\"text-sm font-medium featuredImage--subtitle\">Ovo da Noir ficou em segundo lugar na categoria grandes marcas \u2022 CNN V&amp;G<\/span><\/figcaption><\/figure>\n<\/div>\n<\/div>\n<ul class=\"list-none [li&gt;&amp;]:pl-5\">\n<li class=\"[ul&gt;&amp;]:indent-5 mb-3 break-words [ul&gt;&amp;]:relative [ul&gt;&amp;]:before:absolute [ul&gt;&amp;]:before:left-1 [ul&gt;&amp;]:before:top-2 [ul&gt;&amp;]:before:w-2 [ul&gt;&amp;]:before:h-2 [ul&gt;&amp;]:before:bg-red-600 [ul&gt;&amp;]:before:rounded-full marker:inline group-[.isActiveSource]:text-xl\">3\u00ba lugar:\u00a0<strong class=\"group-[.isActiveSource]:text-xl group-[.isActiveSource]:font-bold\">Ofner<\/strong>, ovo de chocolate ao leite com peda\u00e7os de avel\u00e3 e creme de avel\u00e3 com cacau &#8211; R$ 179,90 com 300g<\/li>\n<\/ul>\n<div class=\"h-auto w-fit cursor-pointer group-has-[.featuredImage]:w-full group-has-[.gallery]:w-full group-has-[.mosaic-large]:w-full group-has-[.mosaic-small]:w-fit [#gut-square_&amp;]:w-full [#gut-square_&amp;]:lg:w-fit [#gut-trio_&amp;]:w-full [#manchete-section-one_&amp;]:h-full [#manchete-section-one_&amp;]:w-full\" tabindex=\"0\" role=\"button\" aria-controls=\"modal-content\" aria-expanded=\"false\" aria-haspopup=\"true\">\n<div class=\"group\/featureImage featuredImage relative w-full\" data-image=\"true\">\n<figure class=\"group\/featureImage featuredImage relative z-10 mb-4 flex shrink flex-col gap-2\">\n<div class=\"featuredImage--image z-10 -mx-4 flex items-center justify-center bg-neutral-950 lg:mx-0 lg:overflow-hidden lg:rounded-lg\"><picture class=\"flex object-cover overflow-clip\"><img loading=\"lazy\" decoding=\"async\" class=\"flex size-full object-cover\" src=\"https:\/\/viagem.cnnbrasil.com.br\/wp-content\/uploads\/sites\/5\/2026\/03\/ovo-ofner.jpg?w=849&amp;h=477&amp;crop=0\" alt=\"Ovo da Ofner ficou em terceiro lugar na categoria grandes marcas \u2022 CNN V&amp;G\" width=\"849\" height=\"477\" \/><\/picture><\/div><figcaption class=\"featuredImage--caption text-neutral-500\"><span class=\"text-sm font-medium featuredImage--subtitle\">Ovo da Ofner ficou em terceiro lugar na categoria grandes marcas \u2022 CNN V&amp;G<\/span><\/figcaption><\/figure>\n<\/div>\n<\/div>\n<h3 class=\"text-xl my-5 font-bold break-words\">Melhores ovos na Categoria Artesanais:\u00a0<b class=\"group-[.isActiveSource]:text-xl group-[.isActiveSource]:font-bold\"><\/b><\/h3>\n<ul class=\"list-none [li&gt;&amp;]:pl-5\">\n<li class=\"[ul&gt;&amp;]:indent-5 mb-3 break-words [ul&gt;&amp;]:relative [ul&gt;&amp;]:before:absolute [ul&gt;&amp;]:before:left-1 [ul&gt;&amp;]:before:top-2 [ul&gt;&amp;]:before:w-2 [ul&gt;&amp;]:before:h-2 [ul&gt;&amp;]:before:bg-red-600 [ul&gt;&amp;]:before:rounded-full marker:inline group-[.isActiveSource]:text-xl\">1\u00ba Lugar:\u00a0<strong class=\"group-[.isActiveSource]:text-xl group-[.isActiveSource]:font-bold\">Cau Chocolate<\/strong>, ovo de chocolate ao leite com caramelo e crocante de amendoim &#8211; R$498 com 500g<\/li>\n<\/ul>\n<div class=\"h-auto w-fit cursor-pointer group-has-[.featuredImage]:w-full group-has-[.gallery]:w-full group-has-[.mosaic-large]:w-full group-has-[.mosaic-small]:w-fit [#gut-square_&amp;]:w-full [#gut-square_&amp;]:lg:w-fit [#gut-trio_&amp;]:w-full [#manchete-section-one_&amp;]:h-full [#manchete-section-one_&amp;]:w-full\" tabindex=\"0\" role=\"button\" aria-controls=\"modal-content\" aria-expanded=\"false\" aria-haspopup=\"true\">\n<div class=\"group\/featureImage featuredImage relative w-full\" data-image=\"true\">\n<figure class=\"group\/featureImage featuredImage relative z-10 mb-4 flex shrink flex-col gap-2\">\n<div class=\"featuredImage--image z-10 -mx-4 flex items-center justify-center bg-neutral-950 lg:mx-0 lg:overflow-hidden lg:rounded-lg\"><picture class=\"flex object-cover overflow-clip\"><img loading=\"lazy\" decoding=\"async\" class=\"flex size-full object-cover\" src=\"https:\/\/viagem.cnnbrasil.com.br\/wp-content\/uploads\/sites\/5\/2026\/03\/cau-chocloates.jpeg?w=849&amp;h=477&amp;crop=0\" alt=\"Ovo da Cau Chocolate foi o grande campe\u00e3o na categoria artesanais \u2022 CNN V&amp;G\" width=\"849\" height=\"477\" \/><\/picture><\/div><figcaption class=\"featuredImage--caption text-neutral-500\"><span class=\"text-sm font-medium featuredImage--subtitle\">Ovo da Cau Chocolate foi o grande campe\u00e3o na categoria artesanais \u2022 CNN V&amp;G<\/span><\/figcaption><\/figure>\n<\/div>\n<\/div>\n<ul class=\"list-none [li&gt;&amp;]:pl-5\">\n<li class=\"[ul&gt;&amp;]:indent-5 mb-3 break-words [ul&gt;&amp;]:relative [ul&gt;&amp;]:before:absolute [ul&gt;&amp;]:before:left-1 [ul&gt;&amp;]:before:top-2 [ul&gt;&amp;]:before:w-2 [ul&gt;&amp;]:before:h-2 [ul&gt;&amp;]:before:bg-red-600 [ul&gt;&amp;]:before:rounded-full marker:inline group-[.isActiveSource]:text-xl\">2\u00ba Lugar:\u00a0<strong class=\"group-[.isActiveSource]:text-xl group-[.isActiveSource]:font-bold\">Ello Chocolates<\/strong>, ovo de chocolate ao leite com caramelo de cumaru e crocante de biju &#8211; R$ 198 com 300g<\/li>\n<\/ul>\n<div class=\"h-auto w-fit cursor-pointer group-has-[.featuredImage]:w-full group-has-[.gallery]:w-full group-has-[.mosaic-large]:w-full group-has-[.mosaic-small]:w-fit [#gut-square_&amp;]:w-full [#gut-square_&amp;]:lg:w-fit [#gut-trio_&amp;]:w-full [#manchete-section-one_&amp;]:h-full [#manchete-section-one_&amp;]:w-full\" tabindex=\"0\" role=\"button\" aria-controls=\"modal-content\" aria-expanded=\"false\" aria-haspopup=\"true\">\n<div class=\"group\/featureImage featuredImage relative w-full\" data-image=\"true\">\n<figure class=\"group\/featureImage featuredImage relative z-10 mb-4 flex shrink flex-col gap-2\">\n<div class=\"featuredImage--image z-10 -mx-4 flex items-center justify-center bg-neutral-950 lg:mx-0 lg:overflow-hidden lg:rounded-lg\"><picture class=\"flex object-cover overflow-clip\"><img loading=\"lazy\" decoding=\"async\" class=\"flex size-full object-cover\" src=\"https:\/\/viagem.cnnbrasil.com.br\/wp-content\/uploads\/sites\/5\/2026\/03\/ELLO-CHOCOLATES.jpg?w=849&amp;h=477&amp;crop=0\" alt=\"Ovo da Ello Chocolates ficou em segundo lugar na categoria artesanal \u2022 CNN V&amp;G\" width=\"849\" height=\"477\" \/><\/picture><\/div><figcaption class=\"featuredImage--caption text-neutral-500\"><span class=\"text-sm font-medium featuredImage--subtitle\">Ovo da Ello Chocolates ficou em segundo lugar na categoria artesanal \u2022 CNN V&amp;G<\/span><\/figcaption><\/figure>\n<\/div>\n<\/div>\n<div id=\"mid11\" class=\"custom__ad__element flex min-h-64 bg-gray-200 justify-center items-center my-4 py-4 bg-[url('\/images\/ad-bg.png')] bg-repeat\" role=\"complementary\" aria-label=\"Publicidade\" data-google-query-id=\"CKjbo4fOopMDFUivlQIdYow8TQ\">\n<div id=\"google_ads_iframe_\/21920083859\/artigos_viagemgastronomia_2023_12__container__\"><\/div>\n<\/div>\n<ul class=\"list-none [li&gt;&amp;]:pl-5\">\n<li class=\"[ul&gt;&amp;]:indent-5 mb-3 break-words [ul&gt;&amp;]:relative [ul&gt;&amp;]:before:absolute [ul&gt;&amp;]:before:left-1 [ul&gt;&amp;]:before:top-2 [ul&gt;&amp;]:before:w-2 [ul&gt;&amp;]:before:h-2 [ul&gt;&amp;]:before:bg-red-600 [ul&gt;&amp;]:before:rounded-full marker:inline group-[.isActiveSource]:text-xl\">3\u00ba lugar:\u00a0<strong class=\"group-[.isActiveSource]:text-xl group-[.isActiveSource]:font-bold\">Pati Piva<\/strong>, ovo de chocolate ao leite com caramelo de maracuj\u00e1 e coco crocante &#8211; R$ 370 com 550g<\/li>\n<\/ul>\n<div class=\"h-auto w-fit cursor-pointer group-has-[.featuredImage]:w-full group-has-[.gallery]:w-full group-has-[.mosaic-large]:w-full group-has-[.mosaic-small]:w-fit [#gut-square_&amp;]:w-full [#gut-square_&amp;]:lg:w-fit [#gut-trio_&amp;]:w-full [#manchete-section-one_&amp;]:h-full [#manchete-section-one_&amp;]:w-full\" tabindex=\"0\" role=\"button\" aria-controls=\"modal-content\" aria-expanded=\"false\" aria-haspopup=\"true\">\n<div class=\"group\/featureImage featuredImage relative w-full\" data-image=\"true\">\n<figure class=\"group\/featureImage featuredImage relative z-10 mb-4 flex shrink flex-col gap-2\">\n<div class=\"featuredImage--image z-10 -mx-4 flex items-center justify-center bg-neutral-950 lg:mx-0 lg:overflow-hidden lg:rounded-lg\"><picture class=\"flex object-cover overflow-clip\"><img loading=\"lazy\" decoding=\"async\" class=\"flex size-full object-cover\" src=\"https:\/\/viagem.cnnbrasil.com.br\/wp-content\/uploads\/sites\/5\/2026\/03\/OVO-ARTESANAIS-PATI-PIVA-.jpeg?w=849&amp;h=477&amp;crop=0\" alt=\"Ovo da Pati Piva ficou em terceiro lugar na categoria artesanal \u2022 CNN V&amp;G\" width=\"849\" height=\"477\" \/><\/picture><\/div><figcaption class=\"featuredImage--caption text-neutral-500\"><span class=\"text-sm font-medium featuredImage--subtitle\">Ovo da Pati Piva ficou em terceiro lugar na categoria artesanal \u2022 CNN V&amp;G<\/span><\/figcaption><\/figure>\n<\/div>\n<\/div>\n<ul class=\"list-none [li&gt;&amp;]:pl-5\">\n<li class=\"[ul&gt;&amp;]:indent-5 mb-3 break-words [ul&gt;&amp;]:relative [ul&gt;&amp;]:before:absolute [ul&gt;&amp;]:before:left-1 [ul&gt;&amp;]:before:top-2 [ul&gt;&amp;]:before:w-2 [ul&gt;&amp;]:before:h-2 [ul&gt;&amp;]:before:bg-red-600 [ul&gt;&amp;]:before:rounded-full marker:inline group-[.isActiveSource]:text-xl\">4\u00ba lugar:\u00a0<strong class=\"group-[.isActiveSource]:text-xl group-[.isActiveSource]:font-bold\">Flakes Brasil<\/strong>, ovo de chocolate ao leite com pralin\u00e9 de castanha-de-caju e caramelo de maracuj\u00e1 &#8211; R$ 239 com 450g<\/li>\n<\/ul>\n<div class=\"h-auto w-fit cursor-pointer group-has-[.featuredImage]:w-full group-has-[.gallery]:w-full group-has-[.mosaic-large]:w-full group-has-[.mosaic-small]:w-fit [#gut-square_&amp;]:w-full [#gut-square_&amp;]:lg:w-fit [#gut-trio_&amp;]:w-full [#manchete-section-one_&amp;]:h-full [#manchete-section-one_&amp;]:w-full\" tabindex=\"0\" role=\"button\" aria-controls=\"modal-content\" aria-expanded=\"false\" aria-haspopup=\"true\">\n<div class=\"group\/featureImage featuredImage relative w-full\" data-image=\"true\">\n<figure class=\"group\/featureImage featuredImage relative z-10 mb-4 flex shrink flex-col gap-2\">\n<div class=\"featuredImage--image z-10 -mx-4 flex items-center justify-center bg-neutral-950 lg:mx-0 lg:overflow-hidden lg:rounded-lg\"><picture class=\"flex object-cover overflow-clip\"><img loading=\"lazy\" decoding=\"async\" class=\"flex size-full object-cover\" src=\"https:\/\/viagem.cnnbrasil.com.br\/wp-content\/uploads\/sites\/5\/2026\/03\/ovo-flakes-artesanais.jpeg?w=849&amp;h=477&amp;crop=0\" alt=\"Ovo da Flakes ficou em quarto lugar na categoria artesanal \u2022 CNN V&amp;G\" width=\"849\" height=\"477\" \/><\/picture><\/div><figcaption class=\"featuredImage--caption text-neutral-500\"><span class=\"text-sm font-medium featuredImage--subtitle\">Ovo da Flakes ficou em quarto lugar na categoria artesanal \u2022 CNN V&amp;G<\/span><\/figcaption><\/figure>\n<\/div>\n<\/div>\n<h3 class=\"text-xl my-5 font-bold break-words\">ESCOLHA EXTRA NA CATEGORIA ARTESANAL, ESCOLHA DA DANIELA FILOMENO: Renata Arassiro<\/h3>\n<p class=\"my-5 break-words group-[.isActiveSource]:text-xl\">Entre os destaques do universo do chocolate artesanal, um ovo ganhou men\u00e7\u00e3o honrosa especial: o escolhido por Daniela Filomeno. A apresentadora apontou como seu preferido o ovo criado pela\u00a0<strong class=\"group-[.isActiveSource]:text-xl group-[.isActiveSource]:font-bold\">chocolatier Renata Arassiro<\/strong>, um ovo com casca de chocolate meio amargo com pralin\u00e9 de am\u00eandoas, peda\u00e7os de figo e perfumado com laranja &#8211; R$ 385 com 450g<\/p>\n<div class=\"h-auto w-fit cursor-pointer group-has-[.featuredImage]:w-full group-has-[.gallery]:w-full group-has-[.mosaic-large]:w-full group-has-[.mosaic-small]:w-fit [#gut-square_&amp;]:w-full [#gut-square_&amp;]:lg:w-fit [#gut-trio_&amp;]:w-full [#manchete-section-one_&amp;]:h-full [#manchete-section-one_&amp;]:w-full\" tabindex=\"0\" role=\"button\" aria-controls=\"modal-content\" aria-expanded=\"false\" aria-haspopup=\"true\">\n<div class=\"group\/featureImage featuredImage relative w-full\" data-image=\"true\">\n<figure class=\"group\/featureImage featuredImage relative z-10 mb-4 flex shrink flex-col gap-2\">\n<div class=\"featuredImage--image z-10 -mx-4 flex items-center justify-center bg-neutral-950 lg:mx-0 lg:overflow-hidden lg:rounded-lg\"><picture class=\"flex object-cover overflow-clip\"><img loading=\"lazy\" decoding=\"async\" class=\"flex size-full object-cover\" src=\"https:\/\/viagem.cnnbrasil.com.br\/wp-content\/uploads\/sites\/5\/2026\/03\/OVO-RENATA-ARASIRO.jpeg?w=849&amp;h=477&amp;crop=0\" alt=\"Ovo da Renata Arassiro ganhou men\u00e7\u00e3o honrosa, uma vez que foi o preferido da Daniela Filomeno na categoria artesanal \u2022 CNN V&amp;G\" width=\"849\" height=\"477\" \/><\/picture><\/div><figcaption class=\"featuredImage--caption text-neutral-500\"><span class=\"text-sm font-medium featuredImage--subtitle\">Ovo da Renata Arassiro ganhou men\u00e7\u00e3o honrosa, uma vez que foi o preferido da Daniela Filomeno na categoria artesanal \u2022 CNN V&amp;G<\/span><\/figcaption><\/figure>\n<\/div>\n<\/div>\n<h2 class=\"text-2xl my-5 font-bold break-words\">Din\u00e2mica da degusta\u00e7\u00e3o<\/h2>\n<p class=\"my-5 break-words group-[.isActiveSource]:text-xl\">A degusta\u00e7\u00e3o foi realizada \u00e0s cegas. Os\u00a0<a class=\"text-red-600 underline hover:text-red-500 font-medium break-words group-[.isActiveSource]:text-xl\" href=\"https:\/\/www.cnnbrasil.com.br\/viagemegastronomia\/gastronomia\/como-surgiu-a-tradicao-do-ovo-de-pascoa-no-brasil-e-no-mundo\/\" target=\"_blank\" rel=\"noopener noreferrer\">ovos de P\u00e1scoa<\/a>\u00a0foram identificados apenas por n\u00fameros, sem qualquer indica\u00e7\u00e3o de marca. Ao todo, oito chefs e especialistas participaram como jurados, divididos em quatro duplas.<\/p>\n<p class=\"my-5 break-words group-[.isActiveSource]:text-xl\">Duas duplas ficaram respons\u00e1veis por avaliar os ovos da categoria Grandes Marcas, na qual cada dupla provou oito amostras. As outras duas duplas degustaram os ovos da categoria Artesanais, experimentando 14 amostras cada.<\/p>\n<p class=\"my-5 break-words group-[.isActiveSource]:text-xl\">Ao final da prova, cada jurado escolheu individualmente o seu ovo favorito entre aqueles que havia degustado. Em um dos casos, por\u00e9m, houve empate dentro da dupla, com os dois jurados escolhendo o mesmo ovo. As cria\u00e7\u00f5es selecionadas avan\u00e7aram para a fase final. Entre elas, coube a nossa apresentadora Daniela Filomeno, que tamb\u00e9m desconhecia a identidade das marcas, selecionar os melhores ovos de P\u00e1scoa com base exclusivamente na experi\u00eancia sensorial da degusta\u00e7\u00e3o.<\/p>\n<h2 class=\"text-2xl my-5 font-bold break-words\">Rela\u00e7\u00e3o dos participantes na categoria Grandes Marcas:<\/h2>\n<table dir=\"ltr\" border=\"1\" cellspacing=\"0\" cellpadding=\"0\" data-sheets-root=\"1\" data-sheets-baot=\"1\">\n<colgroup>\n<col width=\"149\" \/>\n<col width=\"276\" \/>\n<col width=\"845\" \/><\/colgroup>\n<tbody>\n<tr>\n<td>Amor aos Peda\u00e7os<\/td>\n<td>Ovo Pistache<\/td>\n<td>Ovo com casca de chocolate ao leite e recheio de pistache<\/td>\n<\/tr>\n<tr>\n<td>Baccio di Latte<\/td>\n<td>Ovo Pistacchio Croccante<\/td>\n<td>Ovo de chocolate ao leite com recheio de creme de pistache e peda\u00e7os de pistache<\/td>\n<\/tr>\n<tr>\n<td>Biscoit\u00ea<\/td>\n<td>Ovo Cl\u00e1ssico com peda\u00e7os de biscoito<\/td>\n<td>Ovo de chocolate ao leite com peda\u00e7os de biscoitos<\/td>\n<\/tr>\n<tr>\n<td>Brasil Cacau<\/td>\n<td>Ovo Charge<\/td>\n<td>Ovo de chocolate ao leite recheado com amendoim e caramelo<\/td>\n<\/tr>\n<tr>\n<td>Cacau Show<\/td>\n<td>Ovo Dubai<\/td>\n<td>Ovo de chocolate ao leite e branco com recheio de creme de pistache e massa aliment\u00edcia<\/td>\n<\/tr>\n<tr>\n<td>Casa Bauducco<\/td>\n<td>Ovo de speculoos trufado, por Carole Crema<\/td>\n<td>Ovo de chocolate meio amargo com recheio branco com biscoito e especiarias<\/td>\n<\/tr>\n<tr>\n<td>Chocolat Du Jour<\/td>\n<td>Choco Damia<\/td>\n<td>Ovo de chocolate com macad\u00e2mia<\/td>\n<\/tr>\n<tr>\n<td>Chocolates Baian\u00ed<\/td>\n<td>Ovo doce de cupua\u00e7u<\/td>\n<td>Ovo ao leite 57% com doce de cupua\u00e7u<\/td>\n<\/tr>\n<tr>\n<td>Danke<\/td>\n<td>Ovo de chocolate ao leite com crocante<\/td>\n<td>Ovo de chocolate ao leite com recheio de chocolate branco crocante<\/td>\n<\/tr>\n<tr>\n<td>Dengo<\/td>\n<td>Ovo Cacau Pralin\u00e9 Amaz\u00f4nico<\/td>\n<td>Ovo de chocolate 70% feito com cacau amaz\u00f4nico, recheado com castanha-de-caju caramelizada, cupua\u00e7u glaceado e flor de sal<\/td>\n<\/tr>\n<tr>\n<td>Kopenhagen<\/td>\n<td>Ovo Pretzel<\/td>\n<td>Ovo de chocolate ao leite com recheio de creme com peda\u00e7os de pretzel<\/td>\n<\/tr>\n<tr>\n<td>Lindt<\/td>\n<td>Ovo Nocciolatte<\/td>\n<td>Ovo de chocolate ao leite com peda\u00e7os de avel\u00e3<\/td>\n<\/tr>\n<tr>\n<td>Nestl\u00e9<\/td>\n<td>Ovo Talento com Amend\u00f4as<\/td>\n<td>Ovo de chocolate meio amargo com am\u00eandoas<\/td>\n<\/tr>\n<tr>\n<td>Noir<\/td>\n<td>Ovo Lucas Corazza<\/td>\n<td>Ovo de chocolate meio amargo com caramelo e crocante de a\u00e7\u00facar caramelizada com avel\u00e3 e especiarias, finalizado com folhas de ouro<\/td>\n<\/tr>\n<tr>\n<td>Nugali<\/td>\n<td>Ovo Pistache &amp; Tahine<\/td>\n<td>Ovo edi\u00e7\u00e3o especial de chocolate ao leite com pistache e crocante de gergelim &amp; ovo de chocolate ao leite com recheio de pistache e tahine<\/td>\n<\/tr>\n<tr>\n<td>Ofner<\/td>\n<td>Choco Nut<\/td>\n<td>Ovo de chocolate ao leite com peda\u00e7os de avel\u00e3 e creme de avel\u00e3 com cacau<\/td>\n<\/tr>\n<\/tbody>\n<\/table>\n<h2 class=\"text-2xl my-5 font-bold break-words\">Rela\u00e7\u00e3o dos participantes na categoria Artesanais:<\/h2>\n<table dir=\"ltr\" border=\"1\" cellspacing=\"0\" cellpadding=\"0\" data-sheets-root=\"1\" data-sheets-baot=\"1\">\n<colgroup>\n<col width=\"189\" \/>\n<col width=\"517\" \/>\n<col width=\"907\" \/><\/colgroup>\n<tbody>\n<tr>\n<td>A\u00e7ucareiro da Nana<\/td>\n<td>Ovo crocante de castanha-de-caju recheado com doce de leite<\/td>\n<td>Ovo de chocolate 60% com crocante de castanha-de-caju recheado com doce de leite<\/td>\n<\/tr>\n<tr>\n<td>Arabia<\/td>\n<td>Ovo de chocolate com creme de pistache e knefe (Ovo Chocolate de Dubai)<\/td>\n<td>Ovo de chocolate belga com recheio de pistache e textura do knefe, massa \u00e1rabe dourada e crocante<\/td>\n<\/tr>\n<tr>\n<td>Caio Corr\u00eaa<\/td>\n<td>Ovo L&#8217;Or do Cerrado<\/td>\n<td>Ovo de chocolate ao leite, amargo e gold com framboesa liofilizada<\/td>\n<\/tr>\n<tr>\n<td>Cakess<\/td>\n<td>Ovo Banoffee<\/td>\n<td>Ovo de banoffee com chocolate ao leite com castanha de caju recheado de banana e doce de leite<\/td>\n<\/tr>\n<tr>\n<td>Carol Melo<\/td>\n<td>Chocolate amargo com laranja e am\u00eandoas (Ovo 70% com crocante)<\/td>\n<td>Ovo de chocolate amargo belga 70% com crocante de am\u00eandoas, corn flakes e casquinhas de laranja cristalizadas<\/td>\n<\/tr>\n<tr>\n<td>Casa Santa Luzia<\/td>\n<td>Ovo de Chocolate ao leite recheado com marzipan<\/td>\n<td>Ovo de chocolate belga ao leite com marzipan de am\u00eandoas e am\u00eandoas, finalizado com detalhes em chocolate branco<\/td>\n<\/tr>\n<tr>\n<td>CAU Chocolate<\/td>\n<td>Ovo Nougat Caramelo&amp;Amendoim<\/td>\n<td>Ovo de chocolate 33% com caramelo e amendoim<\/td>\n<\/tr>\n<tr>\n<td>Confeitaria Dama<\/td>\n<td>Ovo brigadeiro crocante<\/td>\n<td>Ovo recheado de brigadeiro crocante<\/td>\n<\/tr>\n<tr>\n<td>Cora<\/td>\n<td>Ovo duo crocante<\/td>\n<td>Casca de chocolate ao leite e intenso de castanha-de-caju caramelizda e flor de sal<\/td>\n<\/tr>\n<tr>\n<td>Cozinha Nove<\/td>\n<td>Ovo Daisy doce de leite<\/td>\n<td>Casca de chocolate com recheio de doce de leite e biscoito amanteigado<\/td>\n<\/tr>\n<tr>\n<td>Danielle Andrade<\/td>\n<td>Ovo recheado de doce de leite com coco e castanha-do-Par\u00e1<\/td>\n<td>Ovo de casca recheada com chocolate 70% cacau, envolvendo delicado, cremoso e generoso recheio de doce de leite com coco e castanha-do-Par\u00e1<\/td>\n<\/tr>\n<tr>\n<td>Dulca<\/td>\n<td>Ovo de Avel\u00e3 com Coco Tostado<\/td>\n<td>Chocolate ao leite feito com cacau amaz\u00f4nico da safra 2025 e recheio de pasta artesanal de avel\u00e3 com coco tostado<\/td>\n<\/tr>\n<tr>\n<td>Ello Chocolates<\/td>\n<td>Ovo de chocolate ao leite recheado de caramelo de cumaru com biju<\/td>\n<td>Ovo de chocolate ao leite recheado de caramelo de cumaru com biju<\/td>\n<\/tr>\n<tr>\n<td>Flakes<\/td>\n<td>Ovo edi\u00e7\u00e3o limitada com maracuj\u00e1 e pralin\u00e9 de castanha-de-caju<\/td>\n<td>Chocolate ao leite com pralin\u00e9 de castanha-de-caju e caramelo de maracuj\u00e1<\/td>\n<\/tr>\n<tr>\n<td>Gab\u00f4<\/td>\n<td>Ovo Gab\u00f4<\/td>\n<td>Casca de ovo chocolate 40% recheado de brigadeiro e gobolotas crocantes<\/td>\n<\/tr>\n<tr>\n<td>Hagi Torrones &amp; Chocolate<\/td>\n<td>Ovo favinho<\/td>\n<td>Ovo chocolate intenso 57% com crocante aerado de mel<\/td>\n<\/tr>\n<tr>\n<td>Le Bl\u00e9<\/td>\n<td>Ovo Caramelo com Am\u00eandoas<\/td>\n<td>Casca de chocolate 811 crocante, com recheio de caramelo salgado e pralin\u00e9 de am\u00eandoas<\/td>\n<\/tr>\n<tr>\n<td>Mariana Junqueira<\/td>\n<td>Ovo de amend\u00f4as com laranjas<\/td>\n<td>Ovo com laranjas confitadas e am\u00eandoas torradas<\/td>\n<\/tr>\n<tr>\n<td>MICA<\/td>\n<td>Ovo mil-folhas de pistache<\/td>\n<td>Ovo mil-folhas com creme de pistache artesanal com massa folhada<\/td>\n<\/tr>\n<tr>\n<td>Pati Piva<\/td>\n<td>Ovo de maracuj\u00e1 e coco crocante<\/td>\n<td>Ovo de chocolate ao leite com caramelo de maracuj\u00e1 e gianduia com nibs crocantes<\/td>\n<\/tr>\n<tr>\n<td>Petite Fleur<\/td>\n<td>Ovo Pipoca Caramelada<\/td>\n<td>Ovo com pipocas carameladas cobertas com chocolate belga ao leite (acompanha pipocas banhadas no chocolate)<\/td>\n<\/tr>\n<tr>\n<td>Pikurruchas<\/td>\n<td>Ovo pirei na batatinha<\/td>\n<td>Casca de chocolate ao leite com batata ondulada, recheado com crunch e creme de avel\u00e3<\/td>\n<\/tr>\n<tr>\n<td>Renata Arassiro<\/td>\n<td>Am\u00eandoa D&#8217;Or<\/td>\n<td>Casca dark milk belga recheada com pralin\u00e9 de am\u00eandoas com peda\u00e7os de figo e perfumada com laranja<\/td>\n<\/tr>\n<tr>\n<td>Rosewood by Saiko Izawa<\/td>\n<td>Chocolate com cremoso de caju, peda\u00e7os de caju caramelizado<\/td>\n<td>Ovo com chocolate branco com corante natural e chocolate 65% vegano dividido em duas metades: com ganache cremosa de caju, enriquecida com peda\u00e7os de caju caramelizado, e outra metade com crocante de caju<\/td>\n<\/tr>\n<tr>\n<td>Tchocolath<\/td>\n<td>Ovo Pistache<\/td>\n<td>Ovo de chocolate ao leite com pistache<\/td>\n<\/tr>\n<tr>\n<td>Torteria<\/td>\n<td>Ovo Torta de Chocolate<\/td>\n<td>Ovo de torta de chocolate com caramelo salgado e flor de sal<\/td>\n<\/tr>\n<tr>\n<td>Tre Bimbi<\/td>\n<td>Ovo artesanal de Pralin\u00ea de Nuts<\/td>\n<td>Ovo com casca de chocolate amargo recheado com pralin\u00ea de nuts (nozes, pec\u00e3, am\u00eandias e castanha-de-caju)<\/td>\n<\/tr>\n<tr>\n<td>Viviane Wakuda + Ovomaltine<\/td>\n<td>Ovo Ovomaltine\u00ae Berry Yuzu<\/td>\n<td>Chocolate ao leite com recheio de caramelo de frutas vermelhas com yuzu, combinado ao Ovomaltine\u00ae Creme Crocante<\/td>\n<\/tr>\n<\/tbody>\n<\/table>\n<p>Fonte: CNN<\/p>\n<\/div>\n","protected":false},"excerpt":{"rendered":"<p>Melhores ovos de P\u00e1scoa de 2026: confira os ganhadores da nossa degusta\u00e7\u00e3o Entre grandes marcas e chocolaterias artesanais, um j\u00fari<\/p>\n","protected":false},"author":1,"featured_media":13411,"comment_status":"open","ping_status":"open","sticky":false,"template":"","format":"standard","meta":{"colormag_page_container_layout":"default_layout","colormag_page_sidebar_layout":"default_layout","footnotes":""},"categories":[97],"tags":[],"class_list":["post-13404","post","type-post","status-publish","format-standard","has-post-thumbnail","hentry","category-gastronomia"],"_links":{"self":[{"href":"http:\/\/metropoleemfoco.com.br\/index.php?rest_route=\/wp\/v2\/posts\/13404","targetHints":{"allow":["GET"]}}],"collection":[{"href":"http:\/\/metropoleemfoco.com.br\/index.php?rest_route=\/wp\/v2\/posts"}],"about":[{"href":"http:\/\/metropoleemfoco.com.br\/index.php?rest_route=\/wp\/v2\/types\/post"}],"author":[{"embeddable":true,"href":"http:\/\/metropoleemfoco.com.br\/index.php?rest_route=\/wp\/v2\/users\/1"}],"replies":[{"embeddable":true,"href":"http:\/\/metropoleemfoco.com.br\/index.php?rest_route=%2Fwp%2Fv2%2Fcomments&post=13404"}],"version-history":[{"count":1,"href":"http:\/\/metropoleemfoco.com.br\/index.php?rest_route=\/wp\/v2\/posts\/13404\/revisions"}],"predecessor-version":[{"id":13412,"href":"http:\/\/metropoleemfoco.com.br\/index.php?rest_route=\/wp\/v2\/posts\/13404\/revisions\/13412"}],"wp:featuredmedia":[{"embeddable":true,"href":"http:\/\/metropoleemfoco.com.br\/index.php?rest_route=\/wp\/v2\/media\/13411"}],"wp:attachment":[{"href":"http:\/\/metropoleemfoco.com.br\/index.php?rest_route=%2Fwp%2Fv2%2Fmedia&parent=13404"}],"wp:term":[{"taxonomy":"category","embeddable":true,"href":"http:\/\/metropoleemfoco.com.br\/index.php?rest_route=%2Fwp%2Fv2%2Fcategories&post=13404"},{"taxonomy":"post_tag","embeddable":true,"href":"http:\/\/metropoleemfoco.com.br\/index.php?rest_route=%2Fwp%2Fv2%2Ftags&post=13404"}],"curies":[{"name":"wp","href":"https:\/\/api.w.org\/{rel}","templated":true}]}}