{"id":13403,"date":"2026-03-15T16:08:11","date_gmt":"2026-03-15T19:08:11","guid":{"rendered":"http:\/\/metropoleemfoco.com.br\/?p=13403"},"modified":"2026-03-15T20:11:56","modified_gmt":"2026-03-15T23:11:56","slug":"13403","status":"publish","type":"post","link":"http:\/\/metropoleemfoco.com.br\/?p=13403","title":{"rendered":"esta\u00e7\u00e3o Brooklin vai ampliar o acesso aos principais polos comerciais da ZS"},"content":{"rendered":"<div id=\"noticias-interna\" class=\"elementor-element elementor-element-c4536fa header-noticias-leitura e-flex e-con-boxed e-con e-parent e-lazyloaded\" data-id=\"c4536fa\" data-element_type=\"container\" data-settings=\"{&quot;_ha_eqh_enable&quot;:false}\">\n<div class=\"e-con-inner\">\n<div class=\"elementor-element elementor-element-2028351 elementor-widget__width-initial titulo-conteudo elementor-widget elementor-widget-theme-post-title elementor-page-title elementor-widget-heading\" data-id=\"2028351\" data-element_type=\"widget\" data-widget_type=\"theme-post-title.default\">\n<div class=\"elementor-widget-container\">\n<h1 class=\"elementor-heading-title elementor-size-default\">Linha 17-Ouro: esta\u00e7\u00e3o Brooklin Paulista vai ampliar o acesso a um dos principais polos comerciais da Zona Sul<\/h1>\n<\/div>\n<\/div>\n<div class=\"elementor-element elementor-element-4784657 elementor-widget__width-initial elementor-widget elementor-widget-theme-post-excerpt\" data-id=\"4784657\" data-element_type=\"widget\" data-widget_type=\"theme-post-excerpt.default\">\n<div class=\"elementor-widget-container\">Localizada pr\u00f3xima \u00e0 Avenida Washington Lu\u00eds, esta\u00e7\u00e3o refor\u00e7a conex\u00e3o com com\u00e9rcios e servi\u00e7os diversificados<\/div>\n<\/div>\n<div class=\"elementor-element elementor-element-2133f16 compartilhe e-con-full e-flex e-con e-child\" data-id=\"2133f16\" data-element_type=\"container\" data-settings=\"{&quot;_ha_eqh_enable&quot;:false}\">\n<div class=\"elementor-element elementor-element-a8be681 e-con-full e-flex e-con e-child\" data-id=\"a8be681\" data-element_type=\"container\" data-settings=\"{&quot;_ha_eqh_enable&quot;:false}\">\n<div class=\"elementor-element elementor-element-4b063fb elementor-widget elementor-widget-image\" data-id=\"4b063fb\" data-element_type=\"widget\" data-widget_type=\"image.default\">\n<div class=\"elementor-widget-container\"><\/div>\n<\/div>\n<div class=\"elementor-element elementor-element-888f86d elementor-share-buttons--view-icon elementor-share-buttons--skin-framed elementor-share-buttons--shape-circle elementor-share-buttons--align-left elementor-share-buttons--color-custom elementor-grid-0 elementor-widget elementor-widget-share-buttons\" data-id=\"888f86d\" data-element_type=\"widget\" data-settings=\"{&quot;share_url&quot;:{&quot;url&quot;:&quot;https:\\\/\\\/www.agenciasp.sp.gov.br\\\/linha-17-ouro-conheca-a-estacao-brooklin-paulista-que-amplia-acesso-a-um-dos-principais-polos-comerciais-da-zona-sul\\\/&quot;,&quot;is_external&quot;:&quot;&quot;,&quot;nofollow&quot;:&quot;&quot;,&quot;custom_attributes&quot;:&quot;&quot;}}\" data-widget_type=\"share-buttons.default\">\n<div class=\"elementor-widget-container\">\n<div class=\"elementor-grid\">\n<div class=\"elementor-grid-item\">\n<div class=\"elementor-share-btn elementor-share-btn_whatsapp\" tabindex=\"0\" role=\"button\" aria-label=\"Compartilhar no whatsapp\"><\/div>\n<\/div>\n<div class=\"elementor-grid-item\">\n<div class=\"elementor-share-btn elementor-share-btn_facebook\" tabindex=\"0\" role=\"button\" aria-label=\"Compartilhar no facebook\"><\/div>\n<\/div>\n<div class=\"elementor-grid-item\">\n<div class=\"elementor-share-btn elementor-share-btn_x-twitter\" tabindex=\"0\" role=\"button\" aria-label=\"Compartilhar no x-twitter\"><\/div>\n<\/div>\n<div class=\"elementor-grid-item\">\n<div class=\"elementor-share-btn elementor-share-btn_email\" tabindex=\"0\" role=\"button\" aria-label=\"Compartilhar no email\"><\/div>\n<\/div>\n<\/div>\n<\/div>\n<\/div>\n<\/div>\n<\/div>\n<\/div>\n<\/div>\n<div class=\"elementor-element elementor-element-0e5ecd1 imagem-top-post e-flex e-con-boxed e-con e-parent e-lazyloaded\" data-id=\"0e5ecd1\" data-element_type=\"container\" data-settings=\"{&quot;background_background&quot;:&quot;classic&quot;,&quot;background_motion_fx_motion_fx_scrolling&quot;:&quot;yes&quot;,&quot;background_motion_fx_devices&quot;:[&quot;desktop&quot;,&quot;tablet&quot;,&quot;mobile&quot;],&quot;_ha_eqh_enable&quot;:false}\">\n<div class=\"e-con-inner\">\n<div class=\"elementor-element elementor-element-ced2435 elementor-widget__width-inherit capa-post elementor-widget elementor-widget-theme-post-featured-image elementor-widget-image\" data-id=\"ced2435\" data-element_type=\"widget\" data-widget_type=\"theme-post-featured-image.default\">\n<div class=\"elementor-widget-container\"><img loading=\"lazy\" decoding=\"async\" class=\"attachment-large size-large wp-image-128319\" src=\"https:\/\/www.agenciasp.sp.gov.br\/wp-content\/uploads\/2026\/03\/2603_9516_Obras_Brooklin_Paulista_L17-scaled-e1773337868463-1024x630.jpg\" sizes=\"auto, (max-width: 800px) 100vw, 800px\" srcset=\"https:\/\/www.agenciasp.sp.gov.br\/wp-content\/uploads\/2026\/03\/2603_9516_Obras_Brooklin_Paulista_L17-scaled-e1773337868463-1024x630.jpg 1024w, https:\/\/www.agenciasp.sp.gov.br\/wp-content\/uploads\/2026\/03\/2603_9516_Obras_Brooklin_Paulista_L17-scaled-e1773337868463-300x184.jpg 300w, https:\/\/www.agenciasp.sp.gov.br\/wp-content\/uploads\/2026\/03\/2603_9516_Obras_Brooklin_Paulista_L17-scaled-e1773337868463-768x472.jpg 768w, https:\/\/www.agenciasp.sp.gov.br\/wp-content\/uploads\/2026\/03\/2603_9516_Obras_Brooklin_Paulista_L17-scaled-e1773337868463-1536x944.jpg 1536w, https:\/\/www.agenciasp.sp.gov.br\/wp-content\/uploads\/2026\/03\/2603_9516_Obras_Brooklin_Paulista_L17-scaled-e1773337868463-2048x1259.jpg 2048w, https:\/\/www.agenciasp.sp.gov.br\/wp-content\/uploads\/2026\/03\/2603_9516_Obras_Brooklin_Paulista_L17-scaled-e1773337868463-150x92.jpg 150w\" alt=\"\" width=\"800\" height=\"492\" \/><\/div>\n<\/div>\n<div class=\"elementor-element elementor-element-5c2830d elementor-align-center elementor-absolute tarja-categoria-leitura-materia elementor-widget elementor-widget-post-info\" data-id=\"5c2830d\" data-element_type=\"widget\" data-settings=\"{&quot;_position&quot;:&quot;absolute&quot;}\" data-widget_type=\"post-info.default\">\n<div class=\"elementor-widget-container\">\n<ul class=\"elementor-icon-list-items elementor-post-info\">\n<li class=\"elementor-icon-list-item elementor-repeater-item-78f4fb6\"><span class=\"elementor-icon-list-text elementor-post-info__item elementor-post-info__item--type-terms\"><span class=\"elementor-post-info__terms-list\"><a class=\"elementor-post-info__terms-list-item\" role=\"link\" href=\"https:\/\/www.agenciasp.sp.gov.br\/editoria\/transporte-e-transito\/\">Transporte e tr\u00e2nsito<\/a><\/span><\/span><\/li>\n<\/ul>\n<\/div>\n<\/div>\n<\/div>\n<\/div>\n<div class=\"elementor-element elementor-element-5c5279b noticias-content e-flex e-con-boxed e-con e-parent e-lazyloaded\" data-id=\"5c5279b\" data-element_type=\"container\" data-settings=\"{&quot;_ha_eqh_enable&quot;:false}\">\n<div class=\"e-con-inner\">\n<div class=\"elementor-element elementor-element-753696f legenda-fotos elementor-widget elementor-widget-text-editor\" data-id=\"753696f\" data-element_type=\"widget\" data-widget_type=\"text-editor.default\">\n<div class=\"elementor-widget-container\">Esta\u00e7\u00e3o Brooklin Paulista possui plataforma central de 60 metros e dois acessos localizados nas ruas Crist\u00f3v\u00e3o Parreira e Bernardino de Campos. Foto: Divulga\u00e7\u00e3o\/Governo de SP<\/div>\n<\/div>\n<div class=\"elementor-element elementor-element-cb76742 elementor-widget elementor-widget-post-info\" data-id=\"cb76742\" data-element_type=\"widget\" data-widget_type=\"post-info.default\">\n<div class=\"elementor-widget-container\">\n<ul class=\"elementor-inline-items elementor-icon-list-items elementor-post-info\">\n<li class=\"elementor-icon-list-item elementor-repeater-item-ca87380 elementor-inline-item\"><span class=\"elementor-icon-list-text elementor-post-info__item elementor-post-info__item--type-custom\">Ag\u00eancia SP<\/span><\/li>\n<\/ul>\n<\/div>\n<\/div>\n<div class=\"elementor-element elementor-element-8cc89f6 e-con-full e-flex e-con e-child\" data-id=\"8cc89f6\" data-element_type=\"container\" data-settings=\"{&quot;_ha_eqh_enable&quot;:false}\">\n<div class=\"elementor-element elementor-element-0b409b9 elementor-align-left data-atualizado elementor-widget elementor-widget-post-info\" data-id=\"0b409b9\" data-element_type=\"widget\" data-widget_type=\"post-info.default\">\n<div class=\"elementor-widget-container\"><\/div>\n<\/div>\n<div class=\"elementor-element elementor-element-d4b75ed data-atualizado elementor-widget elementor-widget-shortcode\" data-id=\"d4b75ed\" data-element_type=\"widget\" data-widget_type=\"shortcode.default\">\n<div class=\"elementor-widget-container\">\n<div class=\"elementor-shortcode\"><\/div>\n<\/div>\n<\/div>\n<\/div>\n<div class=\"elementor-element elementor-element-5a922b4 conteudo-post elementor-widget elementor-widget-theme-post-content\" data-id=\"5a922b4\" data-element_type=\"widget\" data-widget_type=\"theme-post-content.default\">\n<div class=\"elementor-widget-container\">\n<p>A futura Esta\u00e7\u00e3o Brooklin Paulista, da Linha 17\u2011Ouro, foi constru\u00edda em uma regi\u00e3o consolidada da Zona Sul da capital, pr\u00f3xima \u00e0 Avenida Washington Lu\u00eds e a importantes vias de liga\u00e7\u00e3o entre os bairros do Brooklin, Campo Belo e entorno.<\/p>\n<p>A localiza\u00e7\u00e3o estrat\u00e9gica da esta\u00e7\u00e3o pr\u00f3xima da Avenida Washington Lu\u00eds conecta o passageiro \u00e0 uma regi\u00e3o com ampla diversidade de atividades econ\u00f4micas, reunindo com\u00e9rcio local, servi\u00e7os essenciais e \u00e1reas residenciais refor\u00e7ando o papel do monotrilho como estruturador da mobilidade e da vida urbana.<\/p>\n<p>Pr\u00f3ximos dos acessos \u00e9 poss\u00edvel usufruir de op\u00e7\u00f5es de supermercados, restaurantes, caf\u00e9s e padarias, al\u00e9m de lojas de vestu\u00e1rio, farm\u00e1cias, servi\u00e7os automotivos e cl\u00ednicas m\u00e9dicas, que comp\u00f5e um dos polos comerciais mais ativos da Zona Sul.<\/p>\n<h2 class=\"wp-block-heading\">Conhe\u00e7a a esta\u00e7\u00e3o Vereador Jos\u00e9 Diniz:<\/h2>\n<p><iframe loading=\"lazy\" title=\"YouTube video player\" src=\"https:\/\/www.youtube.com\/embed\/Xbd8zoyuhGk?si=kI0dRZ71PHPWj7ah\" width=\"560\" height=\"315\" frameborder=\"0\" allowfullscreen=\"allowfullscreen\" data-mce-fragment=\"1\"><\/iframe>Com cerca de 95% de avan\u00e7o f\u00edsico, a esta\u00e7\u00e3o j\u00e1 conta com suas principais estruturas civis conclu\u00eddas, incluindo plataforma, mezanino, acessos e \u00e1reas de circula\u00e7\u00e3o. As equipes seguem atuando nos servi\u00e7os finais de acabamento, na instala\u00e7\u00e3o dos \u00faltimos equipamentos e na integra\u00e7\u00e3o dos sistemas operacionais, etapa fundamental para a prepara\u00e7\u00e3o dos testes din\u00e2micos que antecedem a opera\u00e7\u00e3o assistida do primeiro trecho da Linha 17\u2011Ouro.<\/p>\n<p><strong>LEIA MAIS:\u00a0<a role=\"link\" href=\"https:\/\/www.agenciasp.sp.gov.br\/linha-17-ouro-conheca-a-estacao-que-tera-passarela-inedita-de-dois-niveis-e-integracao-com-a-linha-5-lilas\/\">Linha 17\u2011Ouro: conhe\u00e7a a esta\u00e7\u00e3o que ter\u00e1 passarela in\u00e9dita de dois n\u00edveis e integra\u00e7\u00e3o com a Linha 5\u2011Lil\u00e1s<\/a><\/strong><\/p>\n<p>A Esta\u00e7\u00e3o Brooklin Paulista possui plataforma central de 60 metros e dois acessos localizados nas ruas Crist\u00f3v\u00e3o Parreira e Bernardino de Campos, favorecendo a distribui\u00e7\u00e3o equilibrada dos fluxos de pedestres e a conex\u00e3o direta com o entorno urbano.<\/p>\n<figure class=\"wp-block-image size-large\"><img loading=\"lazy\" decoding=\"async\" class=\"wp-image-113383\" src=\"https:\/\/www.agenciasp.sp.gov.br\/wp-content\/uploads\/2026\/01\/WhatsApp-Image-2026-01-19-at-18.06.05-1024x913.jpeg\" sizes=\"auto, (max-width: 1024px) 100vw, 1024px\" srcset=\"https:\/\/www.agenciasp.sp.gov.br\/wp-content\/uploads\/2026\/01\/WhatsApp-Image-2026-01-19-at-18.06.05-1024x913.jpeg 1024w, https:\/\/www.agenciasp.sp.gov.br\/wp-content\/uploads\/2026\/01\/WhatsApp-Image-2026-01-19-at-18.06.05-300x268.jpeg 300w, https:\/\/www.agenciasp.sp.gov.br\/wp-content\/uploads\/2026\/01\/WhatsApp-Image-2026-01-19-at-18.06.05-768x685.jpeg 768w, https:\/\/www.agenciasp.sp.gov.br\/wp-content\/uploads\/2026\/01\/WhatsApp-Image-2026-01-19-at-18.06.05-150x134.jpeg 150w, https:\/\/www.agenciasp.sp.gov.br\/wp-content\/uploads\/2026\/01\/WhatsApp-Image-2026-01-19-at-18.06.05.jpeg 1080w\" alt=\"\" width=\"1024\" height=\"913\" \/><\/figure>\n<p>Com capacidade para cerca de 5 mil passageiros por dia, o projeto prioriza conforto e acessibilidade plena, com m\u00faltiplos elevadores, escadas rolantes, pisos t\u00e1teis e rotas de circula\u00e7\u00e3o dimensionadas para o uso cotidiano, garantindo deslocamentos seguros e eficientes para os passageiros.<\/p>\n<p>Assim como as demais esta\u00e7\u00f5es da Linha 17\u2011Ouro, o projeto da Esta\u00e7\u00e3o Brooklin Paulista incorpora solu\u00e7\u00f5es sustent\u00e1veis, como ventila\u00e7\u00e3o e ilumina\u00e7\u00e3o naturais, capta\u00e7\u00e3o de \u00e1gua pluvial para limpeza e irriga\u00e7\u00e3o das \u00e1reas externas e paisagismo com esp\u00e9cies adequadas \u00e0 regi\u00e3o. As medidas contribuem para o conforto ambiental, a efici\u00eancia operacional e a qualifica\u00e7\u00e3o do espa\u00e7o p\u00fablico no entorno da esta\u00e7\u00e3o.<\/p>\n<figure class=\"wp-block-gallery has-nested-images columns-default is-cropped wp-block-gallery-1 is-layout-flex wp-block-gallery-is-layout-flex\">\n<figure class=\"wp-block-image size-large\"><img loading=\"lazy\" decoding=\"async\" class=\"wp-image-128318\" src=\"https:\/\/www.agenciasp.sp.gov.br\/wp-content\/uploads\/2026\/03\/2603_9419_Obras_Brooklin_Paulista_L17-1024x683.jpg\" sizes=\"auto, (max-width: 1024px) 100vw, 1024px\" srcset=\"https:\/\/www.agenciasp.sp.gov.br\/wp-content\/uploads\/2026\/03\/2603_9419_Obras_Brooklin_Paulista_L17-1024x683.jpg 1024w, https:\/\/www.agenciasp.sp.gov.br\/wp-content\/uploads\/2026\/03\/2603_9419_Obras_Brooklin_Paulista_L17-300x200.jpg 300w, https:\/\/www.agenciasp.sp.gov.br\/wp-content\/uploads\/2026\/03\/2603_9419_Obras_Brooklin_Paulista_L17-768x512.jpg 768w, https:\/\/www.agenciasp.sp.gov.br\/wp-content\/uploads\/2026\/03\/2603_9419_Obras_Brooklin_Paulista_L17-1536x1024.jpg 1536w, https:\/\/www.agenciasp.sp.gov.br\/wp-content\/uploads\/2026\/03\/2603_9419_Obras_Brooklin_Paulista_L17-2048x1365.jpg 2048w, https:\/\/www.agenciasp.sp.gov.br\/wp-content\/uploads\/2026\/03\/2603_9419_Obras_Brooklin_Paulista_L17-150x100.jpg 150w\" alt=\"\" width=\"1024\" height=\"683\" data-id=\"128318\" \/><\/figure>\n<figure class=\"wp-block-image size-large\"><img loading=\"lazy\" decoding=\"async\" class=\"wp-image-128315\" src=\"https:\/\/www.agenciasp.sp.gov.br\/wp-content\/uploads\/2026\/03\/2603_9363_Obras_Brooklin_Paulista_L17-1024x683.jpg\" sizes=\"auto, (max-width: 1024px) 100vw, 1024px\" srcset=\"https:\/\/www.agenciasp.sp.gov.br\/wp-content\/uploads\/2026\/03\/2603_9363_Obras_Brooklin_Paulista_L17-1024x683.jpg 1024w, https:\/\/www.agenciasp.sp.gov.br\/wp-content\/uploads\/2026\/03\/2603_9363_Obras_Brooklin_Paulista_L17-300x200.jpg 300w, https:\/\/www.agenciasp.sp.gov.br\/wp-content\/uploads\/2026\/03\/2603_9363_Obras_Brooklin_Paulista_L17-768x512.jpg 768w, https:\/\/www.agenciasp.sp.gov.br\/wp-content\/uploads\/2026\/03\/2603_9363_Obras_Brooklin_Paulista_L17-1536x1024.jpg 1536w, https:\/\/www.agenciasp.sp.gov.br\/wp-content\/uploads\/2026\/03\/2603_9363_Obras_Brooklin_Paulista_L17-2048x1365.jpg 2048w, https:\/\/www.agenciasp.sp.gov.br\/wp-content\/uploads\/2026\/03\/2603_9363_Obras_Brooklin_Paulista_L17-150x100.jpg 150w\" alt=\"\" width=\"1024\" height=\"683\" data-id=\"128315\" \/><\/figure>\n<figure class=\"wp-block-image size-large\"><img loading=\"lazy\" decoding=\"async\" class=\"wp-image-128317\" src=\"https:\/\/www.agenciasp.sp.gov.br\/wp-content\/uploads\/2026\/03\/2603_9383_Obras_Brooklin_Paulista_L17-1024x683.jpg\" sizes=\"auto, (max-width: 1024px) 100vw, 1024px\" srcset=\"https:\/\/www.agenciasp.sp.gov.br\/wp-content\/uploads\/2026\/03\/2603_9383_Obras_Brooklin_Paulista_L17-1024x683.jpg 1024w, https:\/\/www.agenciasp.sp.gov.br\/wp-content\/uploads\/2026\/03\/2603_9383_Obras_Brooklin_Paulista_L17-300x200.jpg 300w, https:\/\/www.agenciasp.sp.gov.br\/wp-content\/uploads\/2026\/03\/2603_9383_Obras_Brooklin_Paulista_L17-768x512.jpg 768w, https:\/\/www.agenciasp.sp.gov.br\/wp-content\/uploads\/2026\/03\/2603_9383_Obras_Brooklin_Paulista_L17-1536x1024.jpg 1536w, https:\/\/www.agenciasp.sp.gov.br\/wp-content\/uploads\/2026\/03\/2603_9383_Obras_Brooklin_Paulista_L17-2048x1365.jpg 2048w, https:\/\/www.agenciasp.sp.gov.br\/wp-content\/uploads\/2026\/03\/2603_9383_Obras_Brooklin_Paulista_L17-150x100.jpg 150w\" alt=\"\" width=\"1024\" height=\"683\" data-id=\"128317\" \/><\/figure>\n<figure class=\"wp-block-image size-large\"><img loading=\"lazy\" decoding=\"async\" class=\"wp-image-128316\" src=\"https:\/\/www.agenciasp.sp.gov.br\/wp-content\/uploads\/2026\/03\/2603_9367_Obras_Brooklin_Paulista_L17-1024x683.jpg\" sizes=\"auto, (max-width: 1024px) 100vw, 1024px\" srcset=\"https:\/\/www.agenciasp.sp.gov.br\/wp-content\/uploads\/2026\/03\/2603_9367_Obras_Brooklin_Paulista_L17-1024x683.jpg 1024w, https:\/\/www.agenciasp.sp.gov.br\/wp-content\/uploads\/2026\/03\/2603_9367_Obras_Brooklin_Paulista_L17-300x200.jpg 300w, https:\/\/www.agenciasp.sp.gov.br\/wp-content\/uploads\/2026\/03\/2603_9367_Obras_Brooklin_Paulista_L17-768x512.jpg 768w, https:\/\/www.agenciasp.sp.gov.br\/wp-content\/uploads\/2026\/03\/2603_9367_Obras_Brooklin_Paulista_L17-1536x1024.jpg 1536w, https:\/\/www.agenciasp.sp.gov.br\/wp-content\/uploads\/2026\/03\/2603_9367_Obras_Brooklin_Paulista_L17-2048x1365.jpg 2048w, https:\/\/www.agenciasp.sp.gov.br\/wp-content\/uploads\/2026\/03\/2603_9367_Obras_Brooklin_Paulista_L17-150x100.jpg 150w\" alt=\"\" width=\"1024\" height=\"683\" data-id=\"128316\" \/><\/figure>\n<\/figure>\n<h2 class=\"wp-block-heading\">Linha 17\u2011Ouro<\/h2>\n<p>Previsto para operar em mar\u00e7o de 2026, o primeiro trecho da Linha 17\u2011Ouro vai ligar o Aeroporto de Congonhas \u00e0 rede metroferrovi\u00e1ria, beneficiando cerca de 100 mil passageiros por dia. Com oito esta\u00e7\u00f5es e 6,7 km de extens\u00e3o, o novo monotrilho vai reduzir o tempo de deslocamento, ampliar a integra\u00e7\u00e3o com outros modais e oferecer uma nova alternativa de transporte para moradores e trabalhadores da Zona Sul da capital.<\/p>\n<h2 class=\"wp-block-heading\"><strong>Ag\u00eancia SP apresenta a Linha 17-Ouro esta\u00e7\u00e3o por esta\u00e7\u00e3o<\/strong><\/h2>\n<p>A\u00a0<strong>Ag\u00eancia SP<\/strong>\u00a0publica semanalmente v\u00eddeos que apresentam detalhes de cada esta\u00e7\u00e3o da Linha 17-Ouro.\u00a0<a role=\"link\" href=\"https:\/\/www.instagram.com\/governosp\" target=\"_blank\" rel=\"noreferrer noopener\">Acompanhe tamb\u00e9m nas redes sociais do Governo de S\u00e3o Paulo<\/a>.<\/p>\n<ul class=\"wp-block-list\">\n<li><a role=\"link\" href=\"https:\/\/www.agenciasp.sp.gov.br\/linha-17-ouro-na-reta-final-conheca-a-estacao-morumbi-que-fara-ligacao-com-a-linha-9-esmeralda\/\">Esta\u00e7\u00e3o Morumbi<\/a><\/li>\n<li><a role=\"link\" href=\"https:\/\/www.agenciasp.sp.gov.br\/nova-estacao-chucri-zaidan-da-linha-17-ouro-vai-conectar-o-polo-corporativo-da-berrini-ao-aeroporto-de-congonhas\/\">Esta\u00e7\u00e3o Chucri Zaidan<\/a><\/li>\n<li><a role=\"link\" href=\"https:\/\/www.agenciasp.sp.gov.br\/linha-17-ouro-estacao-vila-cordeiro-vai-ampliar-acesso-a-regiao-residencial-com-alternativa-ao-transito-da-av-roberto-marinho\/\">Esta\u00e7\u00e3o Vila Cordeiro<\/a><\/li>\n<li><a role=\"link\" href=\"https:\/\/www.agenciasp.sp.gov.br\/linha-17-ouro-conheca-a-estacao-que-tera-passarela-inedita-de-dois-niveis-e-integracao-com-a-linha-5-lilas\/\">Esta\u00e7\u00e3o Campo Belo<\/a><\/li>\n<li><a role=\"link\" href=\"https:\/\/www.agenciasp.sp.gov.br\/linha-17-ouro-conheca-a-nova-estacao-vereador-jose-diniz-que-ligara-areas-residenciais-e-corporativas-da-zona-sul\/\">Esta\u00e7\u00e3o Vereador Jos\u00e9 Diniz<\/a><\/li>\n<\/ul>\n<p><iframe loading=\"lazy\" title=\"YouTube video player\" src=\"https:\/\/www.youtube.com\/embed\/kdi7SlPhBhY?si=Xzg6RLiJnMxCdcC0\" width=\"560\" height=\"315\" frameborder=\"0\" allowfullscreen=\"allowfullscreen\" data-mce-fragment=\"1\"><\/iframe><\/p>\n<p>Fonte: Agencia Sp Gov<\/p>\n<\/div>\n<\/div>\n<\/div>\n<\/div>\n","protected":false},"excerpt":{"rendered":"<p>Linha 17-Ouro: esta\u00e7\u00e3o Brooklin Paulista vai ampliar o acesso a um dos principais polos comerciais da Zona Sul Localizada pr\u00f3xima<\/p>\n","protected":false},"author":1,"featured_media":13405,"comment_status":"open","ping_status":"open","sticky":false,"template":"","format":"standard","meta":{"colormag_page_container_layout":"default_layout","colormag_page_sidebar_layout":"default_layout","footnotes":""},"categories":[3],"tags":[],"class_list":["post-13403","post","type-post","status-publish","format-standard","has-post-thumbnail","hentry","category-seu-bairro"],"_links":{"self":[{"href":"http:\/\/metropoleemfoco.com.br\/index.php?rest_route=\/wp\/v2\/posts\/13403","targetHints":{"allow":["GET"]}}],"collection":[{"href":"http:\/\/metropoleemfoco.com.br\/index.php?rest_route=\/wp\/v2\/posts"}],"about":[{"href":"http:\/\/metropoleemfoco.com.br\/index.php?rest_route=\/wp\/v2\/types\/post"}],"author":[{"embeddable":true,"href":"http:\/\/metropoleemfoco.com.br\/index.php?rest_route=\/wp\/v2\/users\/1"}],"replies":[{"embeddable":true,"href":"http:\/\/metropoleemfoco.com.br\/index.php?rest_route=%2Fwp%2Fv2%2Fcomments&post=13403"}],"version-history":[{"count":5,"href":"http:\/\/metropoleemfoco.com.br\/index.php?rest_route=\/wp\/v2\/posts\/13403\/revisions"}],"predecessor-version":[{"id":13445,"href":"http:\/\/metropoleemfoco.com.br\/index.php?rest_route=\/wp\/v2\/posts\/13403\/revisions\/13445"}],"wp:featuredmedia":[{"embeddable":true,"href":"http:\/\/metropoleemfoco.com.br\/index.php?rest_route=\/wp\/v2\/media\/13405"}],"wp:attachment":[{"href":"http:\/\/metropoleemfoco.com.br\/index.php?rest_route=%2Fwp%2Fv2%2Fmedia&parent=13403"}],"wp:term":[{"taxonomy":"category","embeddable":true,"href":"http:\/\/metropoleemfoco.com.br\/index.php?rest_route=%2Fwp%2Fv2%2Fcategories&post=13403"},{"taxonomy":"post_tag","embeddable":true,"href":"http:\/\/metropoleemfoco.com.br\/index.php?rest_route=%2Fwp%2Fv2%2Ftags&post=13403"}],"curies":[{"name":"wp","href":"https:\/\/api.w.org\/{rel}","templated":true}]}}