{"id":13398,"date":"2026-03-15T16:03:25","date_gmt":"2026-03-15T19:03:25","guid":{"rendered":"http:\/\/metropoleemfoco.com.br\/?p=13398"},"modified":"2026-03-15T16:03:25","modified_gmt":"2026-03-15T19:03:25","slug":"13398","status":"publish","type":"post","link":"http:\/\/metropoleemfoco.com.br\/?p=13398","title":{"rendered":""},"content":{"rendered":"<header class=\"group\/header group mx-auto box-border flex w-full max-w-full flex-col gap-4 pb-4 md:border-b md:border-neutral-200 [&amp;_.gallery]:-mx-4 [&amp;_.gallery]:outline [&amp;_.gallery]:outline-2 [&amp;_.gallery]:outline-neutral-950 [&amp;_.gallery]:lg:-mx-0 [&amp;_.gallery]:lg:outline-none\">\n<div class=\"flex w-full flex-col gap-4\">\n<div class=\"border-b pb-4 lg:border-b-0 lg:pb-0\" tabindex=\"1\">\n<h1 class=\"font-bold text-3xl lg:text-4xl\" data-single-title=\"true\">Como est\u00e3o as chances dos principais indicados no dia do Oscar?<\/h1>\n<\/div>\n<div tabindex=\"2\">\n<h2 class=\"text-lg font-normal group-[.isActiveSource]:text-xl\" data-single-excerpt=\"true\">Premia\u00e7\u00e3o da Academia revela os vencedores neste domingo (15); &#8220;O Agente Secreto&#8221; concorre em quatro categorias, incluindo a de Melhor Filme<\/h2>\n<\/div>\n<\/div>\n<div class=\"flex w-full flex-col gap-1\" data-single-author=\"true\"><span class=\"text-sm font-normal\"><a class=\"text-sm underline\" href=\"https:\/\/www.cnnbrasil.com.br\/autor\/flavio-pinto\/\" target=\"_self\"><span class=\"text-sm font-medium\">Fl\u00e1vio Pinto<\/span><\/a>, colabora\u00e7\u00e3o para a CNN Brasil<\/span><\/div>\n<div class=\"h-auto w-fit cursor-pointer group-has-[.featuredImage]:w-full group-has-[.gallery]:w-full group-has-[.mosaic-large]:w-full group-has-[.mosaic-small]:w-fit [#gut-square_&amp;]:w-full [#gut-square_&amp;]:lg:w-fit [#gut-trio_&amp;]:w-full [#manchete-section-one_&amp;]:h-full [#manchete-section-one_&amp;]:w-full\" tabindex=\"0\" role=\"button\" aria-controls=\"modal-content\" aria-expanded=\"false\" aria-haspopup=\"true\">\n<div class=\"group\/featureImage featuredImage relative w-full\" data-image=\"true\">\n<div class=\"fullScreenButton absolute right-0 z-20 mr-2 mt-2 size-6 rounded-sm bg-red-600 p-0 hover:bg-red-500 sm:p-1 md:mr-4 md:mt-4 md:size-8\"><\/div>\n<figure class=\"group\/featureImage featuredImage relative z-10 mb-4 flex shrink flex-col gap-2\">\n<div class=\"featuredImage--image z-10 -mx-4 flex items-center justify-center bg-neutral-950 lg:mx-0 lg:overflow-hidden lg:rounded-lg\"><picture class=\"flex object-cover overflow-clip w-full aspect-video\"><source srcset=\"https:\/\/admin.cnnbrasil.com.br\/wp-content\/uploads\/sites\/12\/2026\/01\/Concorrentes-de-O-Agente-Secreto-no-Oscar-2026-na-categoria-de-Melhor-Filme.jpg?w=1200&amp;h=900&amp;crop=0\" media=\"(min-width: 1024px)\" \/><source srcset=\"https:\/\/admin.cnnbrasil.com.br\/wp-content\/uploads\/sites\/12\/2026\/01\/Concorrentes-de-O-Agente-Secreto-no-Oscar-2026-na-categoria-de-Melhor-Filme.jpg?w=849&amp;h=477&amp;crop=0\" media=\"(min-width: 768px)\" \/><img loading=\"lazy\" decoding=\"async\" class=\"flex size-full object-cover\" src=\"https:\/\/admin.cnnbrasil.com.br\/wp-content\/uploads\/sites\/12\/2026\/01\/Concorrentes-de-O-Agente-Secreto-no-Oscar-2026-na-categoria-de-Melhor-Filme.jpg?w=419&amp;h=283&amp;crop=0\" alt=\"\" width=\"419\" height=\"283\" \/><\/picture><\/div><figcaption class=\"featuredImage--caption text-neutral-500\"><span class=\"text-sm font-medium featuredImage--subtitle\">Filmes concorrendo a categoria de Melhor Filme no Oscar 2026: &#8220;Uma Batalha Ap\u00f3s A Outra&#8221;, &#8220;Hamnet&#8221;, &#8220;Pecadores&#8221;, &#8220;Marty Supreme&#8221; e &#8220;Valor Sentimental&#8221;.<\/span><span class=\"text-xs font-normal featuredImage--credits\">\u00a0 \u2022 Reprodu\u00e7\u00e3o\/ Oscar 2026<\/span><\/figcaption><\/figure>\n<\/div>\n<\/div>\n<\/header>\n<div class=\"text-lg w-full pt-6 font-light text-neutral-800 group-[.isActiveSource&gt;*]:text-xl md:pt-10 [&amp;&gt;*:not(.single-product)]:mx-auto [&amp;&gt;*:not(.single-product)]:max-w-2xl [&amp;_.gallery]:mb-4 [&amp;_p]:my-4 first:[&amp;_p]:mt-0 [&amp;_strong]:font-medium\" data-single-content=\"true\">\n<p class=\"my-5 break-words group-[.isActiveSource]:text-xl\">Hollywood revela os vencedores da 98\u00aa edi\u00e7\u00e3o do Oscar, neste domingo (15), em uma noite que promete ser das mais imprevis\u00edveis dos \u00faltimos anos.<\/p>\n<p class=\"my-5 break-words group-[.isActiveSource]:text-xl\">Para os brasileiros, a cerim\u00f4nia ganha contornos especiais: &#8220;O Agente Secreto&#8221;, de\u00a0<strong class=\"group-[.isActiveSource]:text-xl group-[.isActiveSource]:font-bold\">Kleber Mendon\u00e7a Filho<\/strong>,\u00a0<a class=\"text-red-600 underline hover:text-red-500 font-medium break-words group-[.isActiveSource]:text-xl\" href=\"https:\/\/www.cnnbrasil.com.br\/entretenimento\/o-agente-secreto-recebe-4-indicacoes-ao-oscar-2026\/\" target=\"_blank\" rel=\"noopener noreferrer\">disputa quatro categorias<\/a>\u00a0\u2014 Melhor Filme,\u00a0<a class=\"text-red-600 underline hover:text-red-500 font-medium break-words group-[.isActiveSource]:text-xl\" href=\"https:\/\/www.cnnbrasil.com.br\/entretenimento\/wagner-moura-se-torna-o-1o-brasileiro-indicado-na-categoria-de-melhor-ator\/\" target=\"_blank\" rel=\"noopener noreferrer\">Melhor Ator<\/a>, Melhor Filme Internacional e Melhor Elenco \u2014,\u00a0<strong class=\"group-[.isActiveSource]:text-xl group-[.isActiveSource]:font-bold\">mantendo o Brasil na vitrine do cinema mundial pelo segundo ano consecutivo<\/strong>.<\/p>\n<p class=\"my-5 break-words group-[.isActiveSource]:text-xl\">A\u00a0<strong class=\"group-[.isActiveSource]:text-xl group-[.isActiveSource]:font-bold\">CNN<\/strong>\u00a0analisa o cen\u00e1rio nas categorias mais aguardadas da noite:<\/p>\n<h2 class=\"text-2xl my-5 font-bold break-words\">Melhor Filme<\/h2>\n<div class=\"h-auto w-fit cursor-pointer group-has-[.featuredImage]:w-full group-has-[.gallery]:w-full group-has-[.mosaic-large]:w-full group-has-[.mosaic-small]:w-fit [#gut-square_&amp;]:w-full [#gut-square_&amp;]:lg:w-fit [#gut-trio_&amp;]:w-full [#manchete-section-one_&amp;]:h-full [#manchete-section-one_&amp;]:w-full\" tabindex=\"0\" role=\"button\" aria-controls=\"modal-content\" aria-expanded=\"false\" aria-haspopup=\"true\">\n<div class=\"group\/featureImage featuredImage relative w-full\" data-image=\"true\">\n<figure class=\"group\/featureImage featuredImage relative z-10 mb-4 flex shrink flex-col gap-2\">\n<div class=\"featuredImage--image z-10 -mx-4 flex items-center justify-center bg-neutral-950 lg:mx-0 lg:overflow-hidden lg:rounded-lg\"><picture class=\"flex object-cover overflow-clip\"><img loading=\"lazy\" decoding=\"async\" class=\"flex size-full object-cover\" src=\"https:\/\/admin.cnnbrasil.com.br\/wp-content\/uploads\/sites\/12\/2026\/01\/chase-infiniti-uma-batalha-apos-a-outra.webp?w=849&amp;h=477&amp;crop=0\" alt=\"Chase Infiniti em &quot;Uma Batalha Ap\u00f3s a Outra&quot; \u2022 Divulga\u00e7\u00e3o\" width=\"849\" height=\"477\" \/><\/picture><\/div><figcaption class=\"featuredImage--caption text-neutral-500\"><span class=\"text-sm font-medium featuredImage--subtitle\">Chase Infiniti em &#8220;Uma Batalha Ap\u00f3s a Outra&#8221; \u2022 Divulga\u00e7\u00e3o<\/span><\/figcaption><\/figure>\n<\/div>\n<\/div>\n<p class=\"my-5 break-words group-[.isActiveSource]:text-xl\">Nenhuma outra edi\u00e7\u00e3o recente chegou t\u00e3o equilibrada \u00e0 reta final. &#8220;<a class=\"text-red-600 underline hover:text-red-500 font-medium break-words group-[.isActiveSource]:text-xl\" href=\"https:\/\/www.cnnbrasil.com.br\/entretenimento\/conheca-uma-batalha-apos-a-outra-grande-vencedor-do-critics-choice-2026\/\" target=\"_blank\" rel=\"noopener noreferrer\">Uma Batalha Ap\u00f3s a Outra<\/a>&#8220;, de\u00a0<strong class=\"group-[.isActiveSource]:text-xl group-[.isActiveSource]:font-bold\">Paul Thomas Anderson<\/strong>, lidera as proje\u00e7\u00f5es do Gold Derby, mas a margem sobre &#8220;<a class=\"text-red-600 underline hover:text-red-500 font-medium break-words group-[.isActiveSource]:text-xl\" href=\"https:\/\/www.cnnbrasil.com.br\/entretenimento\/oscar-conheca-guitarrista-que-fez-pacto-com-diabo-e-inspirou-pecadores\/\" target=\"_blank\" rel=\"noopener noreferrer\">Pecadores<\/a>&#8220;, de\u00a0<strong class=\"group-[.isActiveSource]:text-xl group-[.isActiveSource]:font-bold\">Ryan Coogler<\/strong>, \u00e9 m\u00ednima.<\/p>\n<p class=\"my-5 break-words group-[.isActiveSource]:text-xl\">O filme de Coogler entrou na cerim\u00f4nia\u00a0<a class=\"text-red-600 underline hover:text-red-500 font-medium break-words group-[.isActiveSource]:text-xl\" href=\"https:\/\/www.cnnbrasil.com.br\/entretenimento\/oscar-2026-pecadores-quebra-recorde-da-premiacao-com-16-indicacoes\/\" target=\"_blank\" rel=\"noopener noreferrer\">com o recorde hist\u00f3rico de 16 indica\u00e7\u00f5es<\/a>\u00a0\u2014 e a press\u00e3o em torno de um poss\u00edvel grande vencedor da noite mant\u00e9m a disputa em aberto at\u00e9 o \u00faltimo momento.<\/p>\n<p class=\"my-5 break-words group-[.isActiveSource]:text-xl\">&#8220;O Agente Secreto&#8221; est\u00e1 entre os dez concorrentes ao pr\u00eamio m\u00e1ximo, repetindo o feito de &#8220;Ainda Estou Aqui&#8221; no ano anterior, mas n\u00e3o tem muitas chances. A categoria \u00e9 uma disputa direta entre as duas produ\u00e7\u00f5es da Warner Bros.<\/p>\n<h2 class=\"text-2xl my-5 font-bold break-words\">Melhor Ator<\/h2>\n<div class=\"h-auto w-fit cursor-pointer group-has-[.featuredImage]:w-full group-has-[.gallery]:w-full group-has-[.mosaic-large]:w-full group-has-[.mosaic-small]:w-fit [#gut-square_&amp;]:w-full [#gut-square_&amp;]:lg:w-fit [#gut-trio_&amp;]:w-full [#manchete-section-one_&amp;]:h-full [#manchete-section-one_&amp;]:w-full\" tabindex=\"0\" role=\"button\" aria-controls=\"modal-content\" aria-expanded=\"false\" aria-haspopup=\"true\">\n<div class=\"group\/featureImage featuredImage relative w-full\" data-image=\"true\">\n<figure class=\"group\/featureImage featuredImage relative z-10 mb-4 flex shrink flex-col gap-2\">\n<div class=\"featuredImage--image z-10 -mx-4 flex items-center justify-center bg-neutral-950 lg:mx-0 lg:overflow-hidden lg:rounded-lg\"><picture class=\"flex object-cover overflow-clip\"><img loading=\"lazy\" decoding=\"async\" class=\"flex size-full object-cover\" src=\"https:\/\/admin.cnnbrasil.com.br\/wp-content\/uploads\/sites\/12\/2025\/04\/pecadores-filme.webp?w=849&amp;h=477&amp;crop=0\" alt=\"Michael B. Jordan e Miles Caton em &quot;Pecadores&quot; \u2022 Divulga\u00e7\u00e3o\/Warner Bros.\" width=\"849\" height=\"477\" \/><\/picture><\/div><figcaption class=\"featuredImage--caption text-neutral-500\"><span class=\"text-sm font-medium featuredImage--subtitle\">Michael B. Jordan e Miles Caton em &#8220;Pecadores&#8221; \u2022 Divulga\u00e7\u00e3o\/Warner Bros.<\/span><\/figcaption><\/figure>\n<\/div>\n<\/div>\n<p class=\"my-5 break-words group-[.isActiveSource]:text-xl\">Poucas categorias oscilaram tanto ao longo da temporada.\u00a0<strong class=\"group-[.isActiveSource]:text-xl group-[.isActiveSource]:font-bold\">Timoth\u00e9e Chalamet<\/strong> (&#8220;Marty Supreme&#8221;) chegou a liderar as previs\u00f5es, mas perdeu terreno de forma abrupta nas semanas finais.<\/p>\n<p class=\"my-5 break-words group-[.isActiveSource]:text-xl\"><strong class=\"group-[.isActiveSource]:text-xl group-[.isActiveSource]:font-bold\">Michael B. Jordan<\/strong>,\u00a0<a class=\"text-red-600 underline hover:text-red-500 font-medium break-words group-[.isActiveSource]:text-xl\" href=\"https:\/\/www.cnnbrasil.com.br\/noticias\/actors-awards-reacao-de-viola-davis-a-vitoria-de-michael-b-jordan-viraliz\/\" target=\"_blank\" rel=\"noopener noreferrer\">que venceu o Actors Awards por &#8220;Pecadores&#8221;<\/a>, assumiu a lideran\u00e7a \u2014 e o hist\u00f3rico do sindicato dos atores como term\u00f4metro do Oscar d\u00e1 peso adicional ao seu favoritismo.<\/p>\n<p class=\"my-5 break-words group-[.isActiveSource]:text-xl\">Wagner Moura concorre por &#8220;O Agente Secreto&#8221; em uma posi\u00e7\u00e3o hist\u00f3rica: \u00e9 o primeiro brasileiro indicado na categoria de Melhor Ator, e apenas o quarto latino a chegar a essa disputa em toda a hist\u00f3ria da premia\u00e7\u00e3o. Suas chances de levar a estatueta s\u00e3o remotas diante dos favoritos, mas a temporada de 2026 j\u00e1 provou que surpresas acontecem \u2014 e o baiano n\u00e3o pode ser descartado.<\/p>\n<h2 class=\"text-2xl my-5 font-bold break-words\">Melhor Atriz<\/h2>\n<div class=\"h-auto w-fit cursor-pointer group-has-[.featuredImage]:w-full group-has-[.gallery]:w-full group-has-[.mosaic-large]:w-full group-has-[.mosaic-small]:w-fit [#gut-square_&amp;]:w-full [#gut-square_&amp;]:lg:w-fit [#gut-trio_&amp;]:w-full [#manchete-section-one_&amp;]:h-full [#manchete-section-one_&amp;]:w-full\" tabindex=\"0\" role=\"button\" aria-controls=\"modal-content\" aria-expanded=\"false\" aria-haspopup=\"true\">\n<div class=\"group\/featureImage featuredImage relative w-full\" data-image=\"true\">\n<figure class=\"group\/featureImage featuredImage relative z-10 mb-4 flex shrink flex-col gap-2\">\n<div class=\"featuredImage--image z-10 -mx-4 flex items-center justify-center bg-neutral-950 lg:mx-0 lg:overflow-hidden lg:rounded-lg\"><picture class=\"flex object-cover overflow-clip\"><img loading=\"lazy\" decoding=\"async\" class=\"flex size-full object-cover\" src=\"https:\/\/admin.cnnbrasil.com.br\/wp-content\/uploads\/sites\/12\/2025\/12\/Se-Eu-Tivesse-Pernas-Eu-Te-Chutaria-1.jpg?w=849&amp;h=477&amp;crop=0\" alt=\"Rose Byrne e A$AP Rocky em &quot;Se Eu Tivesse Pernas, Eu Te Chutaria&quot; \u2022 Divulga\u00e7\u00e3o\" width=\"849\" height=\"477\" \/><\/picture><\/div><figcaption class=\"featuredImage--caption text-neutral-500\"><span class=\"text-sm font-medium featuredImage--subtitle\">Rose Byrne e A$AP Rocky em &#8220;Se Eu Tivesse Pernas, Eu Te Chutaria&#8221; \u2022 Divulga\u00e7\u00e3o<\/span><\/figcaption><\/figure>\n<\/div>\n<\/div>\n<p class=\"my-5 break-words group-[.isActiveSource]:text-xl\">Ao contr\u00e1rio das demais categorias, aqui o suspense \u00e9 m\u00ednimo.\u00a0<strong class=\"group-[.isActiveSource]:text-xl group-[.isActiveSource]:font-bold\">Jessie Buckley<\/strong>, de &#8220;Hamnet: A Vida Antes de Hamlet&#8221;, atravessou a temporada sem derrotas nas premia\u00e7\u00f5es mais importantes \u2014 Globo de Ouro, Critics Choice, Bafta e Actors Awards foram todos dela.<\/p>\n<p class=\"my-5 break-words group-[.isActiveSource]:text-xl\">Todos os principais ve\u00edculos apontam a atriz como l\u00edder absoluta, com\u00a0<strong class=\"group-[.isActiveSource]:text-xl group-[.isActiveSource]:font-bold\">Rose Byrne<\/strong>, de &#8220;<a class=\"text-red-600 underline hover:text-red-500 font-medium break-words group-[.isActiveSource]:text-xl\" href=\"https:\/\/www.cnnbrasil.com.br\/entretenimento\/se-eu-tivesse-pernas-eu-te-chutaria-estreia-com-altas-expectativas\/\" target=\"_blank\" rel=\"noopener noreferrer\">Se Eu Tivesse Pernas, Eu Te Chutaria<\/a>&#8220;, como principal vice.<\/p>\n<p class=\"my-5 break-words group-[.isActiveSource]:text-xl\" data-pm-slice=\"0 0 []\">A distin\u00e7\u00e3o entre as duas vai al\u00e9m das previs\u00f5es: enquanto Buckley vive uma m\u00e3e consumida pelo luto, Byrne \u2014 vencedora do pr\u00eamio de Melhor Atriz no Festival de Berlim e no Globo de Ouro \u2014 interpreta uma m\u00e3e que nutre avers\u00e3o pela pr\u00f3pria filha. Para quem acompanha o Oscar h\u00e1 alguns anos, n\u00e3o \u00e9 dif\u00edcil imaginar qual das duas tem mais chances de conquistar a Academia.<\/p>\n<h2 class=\"text-2xl my-5 font-bold break-words\" data-pm-slice=\"0 0 []\">Melhor Filme Internacional<\/h2>\n<div class=\"h-auto w-fit cursor-pointer group-has-[.featuredImage]:w-full group-has-[.gallery]:w-full group-has-[.mosaic-large]:w-full group-has-[.mosaic-small]:w-fit [#gut-square_&amp;]:w-full [#gut-square_&amp;]:lg:w-fit [#gut-trio_&amp;]:w-full [#manchete-section-one_&amp;]:h-full [#manchete-section-one_&amp;]:w-full\" tabindex=\"0\" role=\"button\" aria-controls=\"modal-content\" aria-expanded=\"false\" aria-haspopup=\"true\">\n<div class=\"group\/featureImage featuredImage relative w-full\" data-image=\"true\">\n<figure class=\"group\/featureImage featuredImage relative z-10 mb-4 flex shrink flex-col gap-2\">\n<div class=\"featuredImage--image z-10 -mx-4 flex items-center justify-center bg-neutral-950 lg:mx-0 lg:overflow-hidden lg:rounded-lg\"><picture class=\"flex object-cover overflow-clip\"><img loading=\"lazy\" decoding=\"async\" class=\"flex size-full object-cover\" src=\"https:\/\/admin.cnnbrasil.com.br\/wp-content\/uploads\/sites\/12\/2026\/01\/elle-fanning-valor-sentimental.png?w=849&amp;h=477&amp;crop=0\" alt=\"Elle Fanning em &quot;Valor Sentimental&quot; \u2022 Reprodu\u00e7\u00e3o\" width=\"849\" height=\"477\" \/><\/picture><\/div><figcaption class=\"featuredImage--caption text-neutral-500\"><span class=\"text-sm font-medium featuredImage--subtitle\">Elle Fanning em &#8220;Valor Sentimental&#8221; \u2022 Reprodu\u00e7\u00e3o<\/span><\/figcaption><\/figure>\n<\/div>\n<\/div>\n<p class=\"my-5 break-words group-[.isActiveSource]:text-xl\" data-pm-slice=\"0 0 []\">A categoria sofreu uma virada de roteiro na reta final. &#8220;O Agente Secreto&#8221; dominou a temporada por meses, acumulando vit\u00f3rias no Globo de Ouro, no Critics Choice Awards e no Indie Spirit Awards.<\/p>\n<p class=\"my-5 break-words group-[.isActiveSource]:text-xl\" data-pm-slice=\"0 0 []\"><a class=\"text-red-600 underline hover:text-red-500 font-medium break-words group-[.isActiveSource]:text-xl\" href=\"https:\/\/www.cnnbrasil.com.br\/entretenimento\/o-agente-secreto-perde-o-bafta-de-melhor-filme-em-lingua-nao-inglesa\/\" target=\"_blank\" rel=\"noopener noreferrer\">A derrota no Bafta para &#8220;Valor Sentimental&#8221;<\/a>, do noruegu\u00eas<strong class=\"group-[.isActiveSource]:text-xl group-[.isActiveSource]:font-bold\">\u00a0Joachim Trier<\/strong>, por\u00e9m, mudou a rota: seis dos \u00faltimos sete vencedores do pr\u00eamio brit\u00e2nico na categoria foram tamb\u00e9m ao Oscar \u2014\u00a0<strong class=\"group-[.isActiveSource]:text-xl group-[.isActiveSource]:font-bold\">e o longa escandinavo chega \u00e0 noite com nove indica\u00e7\u00f5es no total, sinal de apoio amplo entre os membros da Academia<\/strong>.<\/p>\n<p class=\"my-5 break-words group-[.isActiveSource]:text-xl\" data-pm-slice=\"0 0 []\">&#8220;O Agente Secreto&#8221; aparece como segundo colocado nas proje\u00e7\u00f5es,\u00a0<strong class=\"group-[.isActiveSource]:text-xl group-[.isActiveSource]:font-bold\">mas o Gold Derby especializado ressalta que a corrida est\u00e1 longe de ser considerada encerrada<\/strong>.<\/p>\n<h2 class=\"text-2xl my-5 font-bold break-words text-2xl my-5 font-bold break-words text-2xl my-5 font-bold break-words text-2xl my-5 font-bold break-words text-2xl my-5 font-bold break-words\">CNN Brasil far\u00e1 cobertura especial do Oscar 2026<\/h2>\n<p class=\"my-5 break-words group-[.isActiveSource]:text-xl my-5 break-words group-[.isActiveSource]:text-xl my-5 break-words group-[.isActiveSource]:text-xl my-5 break-words group-[.isActiveSource]:text-xl my-5 break-words group-[.isActiveSource]:text-xl\">A\u00a0<strong class=\"group-[.isActiveSource]:text-xl group-[.isActiveSource]:font-bold group-[.isActiveSource]:text-xl group-[.isActiveSource]:font-bold group-[.isActiveSource]:text-xl group-[.isActiveSource]:font-bold group-[.isActiveSource]:text-xl group-[.isActiveSource]:font-bold group-[.isActiveSource]:text-xl group-[.isActiveSource]:font-bold\">CNN Brasil<\/strong>\u00a0prepara uma cobertura especial do Oscar 2026. Al\u00e9m de mat\u00e9rias especiais no site, vamos realizar uma\u00a0<a class=\"text-red-600 underline hover:text-red-500 font-medium break-words group-[.isActiveSource]:text-xl\" href=\"https:\/\/www.youtube.com\/watch?v=2aoagN0sx00\" target=\"_blank\" rel=\"noopener noreferrer\">live das 19h \u00e0s 1 da manh\u00e3 com\u00a0<strong class=\"group-[.isActiveSource]:text-xl group-[.isActiveSource]:font-bold group-[.isActiveSource]:text-xl group-[.isActiveSource]:font-bold group-[.isActiveSource]:text-xl group-[.isActiveSource]:font-bold group-[.isActiveSource]:text-xl group-[.isActiveSource]:font-bold group-[.isActiveSource]:text-xl group-[.isActiveSource]:font-bold\">Elisa Veeck e Mari Palma<\/strong><\/a>\u00a0na TV e no YouTube. Ao lado de artistas e influenciadores, vamos mostrar desde o tapete vermelho at\u00e9 a divulga\u00e7\u00e3o dos vencedores da 98\u00aa edi\u00e7\u00e3o do pr\u00eamio.<\/p>\n<div id=\"prVJBcduiJU\" class=\"group relative my-4 flex aspect-video w-full cursor-pointer items-center justify-center overflow-hidden rounded-lg bg-black bg-cover bg-center [&amp;_div]:!absolute [&amp;_div]:!aspect-video [&amp;_div]:!size-full [&amp;_iframe]:!absolute [&amp;_iframe]:!aspect-video [&amp;_iframe]:!size-full\" aria-label=\"Reproduzir v\u00eddeo: \" aria-labelledby=\"video-title-prVJBcduiJU\" data-video=\"youtube\"><iframe loading=\"lazy\" id=\"prVJBcduiJU-player\" title=\"OSCAR 2026 AO VIVO! ASSISTA \u00c0 #CoberturaOscarNaCNN \ud83c\udfc6\" src=\"https:\/\/www.youtube.com\/embed\/prVJBcduiJU?embed_config=%7B%22adsConfig%22%3A%7B%22disableAds%22%3Atrue%7D%2C%22enableIma%22%3Atrue%7D&amp;enablejsapi=1&amp;origin=https%3A%2F%2Fwww.cnnbrasil.com.br&amp;widgetid=1&amp;forigin=https%3A%2F%2Fwww.cnnbrasil.com.br%2Fentretenimento%2Fcomo-estao-as-chances-dos-principais-indicados-no-dia-do-oscar-2%2F&amp;aoriginsup=1&amp;gporigin=https%3A%2F%2Fwww.google.com%2F&amp;vf=1\" width=\"1280px\" height=\"720px\" frameborder=\"0\" allowfullscreen=\"allowfullscreen\" data-gtm-yt-inspected-31=\"true\" data-mce-fragment=\"1\"><\/iframe><\/p>\n<p>Fontre: CNN<\/p><\/div>\n<\/div>\n","protected":false},"excerpt":{"rendered":"<p>Como est\u00e3o as chances dos principais indicados no dia do Oscar? Premia\u00e7\u00e3o da Academia revela os vencedores neste domingo (15);<\/p>\n","protected":false},"author":1,"featured_media":13401,"comment_status":"open","ping_status":"open","sticky":false,"template":"","format":"standard","meta":{"colormag_page_container_layout":"default_layout","colormag_page_sidebar_layout":"default_layout","footnotes":""},"categories":[90],"tags":[],"class_list":["post-13398","post","type-post","status-publish","format-standard","has-post-thumbnail","hentry","category-brasil"],"_links":{"self":[{"href":"http:\/\/metropoleemfoco.com.br\/index.php?rest_route=\/wp\/v2\/posts\/13398","targetHints":{"allow":["GET"]}}],"collection":[{"href":"http:\/\/metropoleemfoco.com.br\/index.php?rest_route=\/wp\/v2\/posts"}],"about":[{"href":"http:\/\/metropoleemfoco.com.br\/index.php?rest_route=\/wp\/v2\/types\/post"}],"author":[{"embeddable":true,"href":"http:\/\/metropoleemfoco.com.br\/index.php?rest_route=\/wp\/v2\/users\/1"}],"replies":[{"embeddable":true,"href":"http:\/\/metropoleemfoco.com.br\/index.php?rest_route=%2Fwp%2Fv2%2Fcomments&post=13398"}],"version-history":[{"count":1,"href":"http:\/\/metropoleemfoco.com.br\/index.php?rest_route=\/wp\/v2\/posts\/13398\/revisions"}],"predecessor-version":[{"id":13402,"href":"http:\/\/metropoleemfoco.com.br\/index.php?rest_route=\/wp\/v2\/posts\/13398\/revisions\/13402"}],"wp:featuredmedia":[{"embeddable":true,"href":"http:\/\/metropoleemfoco.com.br\/index.php?rest_route=\/wp\/v2\/media\/13401"}],"wp:attachment":[{"href":"http:\/\/metropoleemfoco.com.br\/index.php?rest_route=%2Fwp%2Fv2%2Fmedia&parent=13398"}],"wp:term":[{"taxonomy":"category","embeddable":true,"href":"http:\/\/metropoleemfoco.com.br\/index.php?rest_route=%2Fwp%2Fv2%2Fcategories&post=13398"},{"taxonomy":"post_tag","embeddable":true,"href":"http:\/\/metropoleemfoco.com.br\/index.php?rest_route=%2Fwp%2Fv2%2Ftags&post=13398"}],"curies":[{"name":"wp","href":"https:\/\/api.w.org\/{rel}","templated":true}]}}