{"id":13397,"date":"2026-03-15T16:00:32","date_gmt":"2026-03-15T19:00:32","guid":{"rendered":"http:\/\/metropoleemfoco.com.br\/?p=13397"},"modified":"2026-03-15T16:00:32","modified_gmt":"2026-03-15T19:00:32","slug":"13397","status":"publish","type":"post","link":"http:\/\/metropoleemfoco.com.br\/?p=13397","title":{"rendered":""},"content":{"rendered":"<div class=\"mc-article-header\">\n<div class=\"row content-head mc-column non-featured \">\n<div class=\"title\" data-block-type=\"title\" data-block-id=\"0\">\n<h1 class=\"content-head__title\">Comandante inicia volta ao mundo em monomotor e deve passar por 45 pa\u00edses; primeira escala ser\u00e1 em Teresina<\/h1>\n<\/div>\n<div class=\"medium-centered subtitle\">\n<h2 class=\"content-head__subtitle\">Viagem deve durar cerca de seis meses e cruzar os cinco continentes; piloto pode se tornar o primeiro brasileiro a dar a volta ao mundo sozinho em um monomotor.<\/h2>\n<\/div>\n<\/div>\n<div class=\"content__signa-share mc-column\">\n<div class=\"content__signature\">\n<div class=\"content-publication-data\">\n<div class=\"content-publication-data__text\">\n<p class=\"content-publication-data__from\" title=\"*Yngridy Vieira\">Por *Yngridy Vieira, g1 PI<\/p>\n<\/div>\n<\/div>\n<\/div>\n<\/div>\n<div class=\"glb-share-bar content__share-bar\">\n<div class=\"glb-share-bar_icons\">\n<div class=\"glb-share-bar_button-img\"><\/div>\n<div class=\"glb-share-bar_button-img\"><\/div>\n<div class=\"glb-share-bar_button-img\"><\/div>\n<\/div>\n<\/div>\n<div class=\"mc-summary mc-column\" data-block-type=\"summary\" data-block-id=\"1\">\n<details class=\"mc-summary-card bs-block--exclude-chunk-children\">\n<div class=\"mc-summary-card__summary-container\"><\/div>\n<div class=\"mc-summary-card__content\">\n<ul class=\"mc-summary-card__list\">\n<li class=\"mc-summary-card__item\">\n<div id=\"chunk-4ueig\">\n<div class=\"mc-column content-text active-extra-styles \" data-block-type=\"unstyled\" data-block-weight=\"\">\n<p class=\" content-text__container \" data-track-category=\"Link no Texto\" data-track-links=\"\">O comandante Alexandre Frota, de 52 anos, conhecido como Alex Bacana, inicia neste domingo (15) uma viagem de volta ao mundo em um avi\u00e3o monomotor experimental.<\/p>\n<\/div>\n<\/div>\n<\/li>\n<li class=\"mc-summary-card__item\">\n<div id=\"chunk-287r6\">\n<div class=\"mc-column content-text active-extra-styles \" data-block-type=\"unstyled\" data-block-weight=\"\">\n<p class=\" content-text__container \" data-track-category=\"Link no Texto\" data-track-links=\"\">A primeira parada ser\u00e1 no Piau\u00ed, onde ele deve pousar \u00e0 tarde no condom\u00ednio aeron\u00e1utico Fly Village, localizado a 27km de Teresina.<\/p>\n<\/div>\n<\/div>\n<\/li>\n<li class=\"mc-summary-card__item\">\n<div id=\"chunk-4fu01\">\n<div class=\"mc-column content-text active-extra-styles \" data-block-type=\"unstyled\" data-block-weight=\"\">\n<p class=\" content-text__container \" data-track-category=\"Link no Texto\" data-track-links=\"\">A viagem deve durar cerca de seis meses. Nesse per\u00edodo, o piloto pretende percorrer aproximadamente 74 mil km, passando por 45 pa\u00edses e cruzando os cinco continentes.<\/p>\n<\/div>\n<\/div>\n<\/li>\n<li class=\"mc-summary-card__item\">\n<div id=\"chunk-7k1md\">\n<div class=\"mc-column content-text active-extra-styles \" data-block-type=\"unstyled\" data-block-weight=\"\">\n<p class=\" content-text__container \" data-track-category=\"Link no Texto\" data-track-links=\"\">Caso complete o percurso como planejado, ele poder\u00e1 se tornar o primeiro brasileiro a dar a volta ao mundo sozinho em um avi\u00e3o monomotor.<\/p>\n<\/div>\n<\/div>\n<\/li>\n<\/ul>\n<\/div>\n<\/details>\n<\/div>\n<\/div>\n<div class=\"mc-article-body\">\n<article>\n<div id=\"chunk-27k56\"><\/div>\n<div id=\"chunk-90hfp\">\n<div class=\"mc-column content-text active-extra-styles active-capital-letter\" data-block-type=\"unstyled\" data-block-weight=\"49\" data-block-id=\"2\">\n<p class=\" content-text__container theme-color-primary-first-letter\" data-track-category=\"Link no Texto\" data-track-links=\"\">O comandante Alexandre Frota, de 52 anos, conhecido como Alex Bacana, inicia neste domingo (15) uma\u00a0<strong>viagem de volta ao mundo em um avi\u00e3o monomotor experimental<\/strong>. A primeira parada ser\u00e1 no Piau\u00ed, onde ele deve pousar durante a tarde, no condom\u00ednio aeron\u00e1utico Fly Village, localizado a 27km de\u00a0<a class=\"\" href=\"https:\/\/g1.globo.com\/pi\/piaui\/cidade\/teresina\/\">Teresina<\/a>.<\/p>\n<\/div>\n<\/div>\n<div class=\"wall protected-content\">\n<div id=\"chunk-1j6j4\">\n<div class=\"mc-column content-text active-extra-styles \" data-block-type=\"unstyled\" data-block-weight=\"30\" data-block-id=\"4\">\n<p class=\" content-text__container \" data-track-category=\"Link no Texto\" data-track-links=\"\">A viagem deve durar cerca de seis meses. Nesse per\u00edodo, o piloto pretende percorrer aproximadamente 74 mil quil\u00f4metros, passando por 45 pa\u00edses e cruzando os cinco continentes sozinho no monomotor.<\/p>\n<\/div>\n<\/div>\n<div id=\"chunk-64ffb\">\n<div class=\"mc-column content-text active-extra-styles \" data-block-type=\"unstyled\" data-block-weight=\"24\" data-block-id=\"6\">\n<p class=\" content-text__container \" data-track-category=\"Link no Texto\" data-track-links=\"\"><span class=\"highlight\">Caso complete o percurso como planejado, ele poder\u00e1 se tornar o primeiro brasileiro a dar a volta ao mundo sozinho em um avi\u00e3o monomotor.<\/span><\/p>\n<\/div>\n<\/div>\n<div id=\"chunk-c6bk0\">\n<div class=\"mc-column content-text active-extra-styles \" data-block-type=\"unstyled\" data-block-weight=\"53\" data-block-id=\"7\">\n<p class=\" content-text__container \" data-track-category=\"Link no Texto\" data-track-links=\"\">Natural de Fortaleza (CE), Alex \u00e9 apaixonado por avia\u00e7\u00e3o desde a inf\u00e2ncia. Ele obteve a habilita\u00e7\u00e3o de piloto privado para avi\u00e3o e helic\u00f3ptero, mais conhecido como brev\u00ea de piloto, aos 44 anos. Depois de come\u00e7ar a voar, decidiu transformar um antigo sonho em projeto: dar a volta ao mundo pilotando o pr\u00f3prio avi\u00e3o.<\/p>\n<\/div>\n<\/div>\n<div id=\"chunk-12n2f\">\n<div class=\"mc-column content-text active-extra-styles \" data-block-type=\"unstyled\" data-block-weight=\"43\" data-block-id=\"10\">\n<p class=\" content-text__container \" data-track-category=\"Link no Texto\" data-track-links=\"\">A ideia come\u00e7ou a ganhar forma em 2022, quando ele elaborou um planejamento detalhado da viagem. Desde 2024, o comandante se dedica quase integralmente \u00e0 organiza\u00e7\u00e3o da expedi\u00e7\u00e3o, cuidando das autoriza\u00e7\u00f5es, da defini\u00e7\u00e3o das rotas e da log\u00edstica de pousos e abastecimentos.<\/p>\n<\/div>\n<\/div>\n<div id=\"chunk-7cs3g\">\n<div class=\"mc-column content-text active-extra-styles\" data-block-type=\"raw\" data-block-weight=\"28\" data-block-id=\"11\">\n<blockquote class=\"content-blockquote theme-border-color-primary-before\"><p>\u201cDesde 2024 a gente est\u00e1 trabalhando praticamente em tempo integral para conseguir todas as permiss\u00f5es, organizar as rotas e deixar tudo pronto para essa volta ao mundo\u201d, afirmou.<\/p><\/blockquote>\n<\/div>\n<\/div>\n<div id=\"chunk-5iuc1\">\n<div class=\"mc-column content-text active-extra-styles \" data-block-type=\"unstyled\" data-block-weight=\"47\" data-block-id=\"12\">\n<p class=\" content-text__container \" data-track-category=\"Link no Texto\" data-track-links=\"\">Antes de iniciar a expedi\u00e7\u00e3o atual,\u00a0<span class=\"highlight\">Alex realizou um voo experimental para testar a resist\u00eancia da viagem.<\/span>\u00a0Em 2024, ele saiu de Fortaleza em dire\u00e7\u00e3o aos Estados Unidos no mesmo monomotor e retornou ao Brasil ap\u00f3s 21 dias. O percurso total foi de aproximadamente 15 mil quil\u00f4metros.<\/p>\n<\/div>\n<\/div>\n<div id=\"chunk-3lmud\">\n<div class=\"mc-column content-text active-extra-styles \" data-block-type=\"unstyled\" data-block-weight=\"22\" data-block-id=\"13\">\n<p class=\" content-text__container \" data-track-category=\"Link no Texto\" data-track-links=\"\">Segundo o comandante, o objetivo da viagem vai al\u00e9m da aventura e busca inspirar outras pessoas a acreditarem em seus projetos.<\/p>\n<\/div>\n<\/div>\n<div id=\"chunk-5lerj\">\n<div class=\"mc-column content-text active-extra-styles\" data-block-type=\"raw\" data-block-weight=\"26\" data-block-id=\"14\">\n<blockquote class=\"content-blockquote theme-border-color-primary-before\"><p>\u201cQuando a gente sonha, tem que sonhar grande. Quero mostrar principalmente para os jovens que \u00e9 poss\u00edvel realizar projetos complexos com planejamento, disciplina e perseveran\u00e7a\u201d, disse.<\/p><\/blockquote>\n<\/div>\n<\/div>\n<div id=\"chunk-2nq38\">\n<div class=\"mc-column content-text active-extra-styles \" data-block-type=\"unstyled\" data-block-weight=\"33\" data-block-id=\"15\">\n<p class=\" content-text__container \" data-track-category=\"Link no Texto\" data-track-links=\"\">Ap\u00f3s a parada em Teresina, o piloto deve seguir para outras cidades brasileiras, como S\u00e3o Lu\u00eds, Bel\u00e9m, Macap\u00e1 e Boa Vista, antes de deixar o pa\u00eds e dar in\u00edcio a volta ao mundo.<\/p>\n<\/div>\n<\/div>\n<div id=\"chunk-dfi7i\">\n<div class=\"glry-v2 mc-column\" data-key=\"dfi7i\">\n<h4 class=\"glry-v2__title\">Comandante inicia volta ao mundo em monomotor e deve passar por 45 pa\u00edses; primeira escala ser\u00e1 em Teresina<button class=\"glry-v2__expand\"><\/button><\/h4>\n<div class=\"glry-v2__main\">\n<div class=\"glry-v2__slider\">\n<div class=\"glry-v2__slide\"><img decoding=\"async\" class=\"glry-v2__slide__img glry-v2__slide__img--h glry-v2__slide__img--active\" src=\"https:\/\/s2-g1.glbimg.com\/gpFc0YS_-hH5BhSGSJosrsGfTqw=\/0x0:1600x900\/1600x900\/smart\/filters:strip_icc()\/i.s3.glbimg.com\/v1\/AUTH_59edd422c0c84a879bd37670ae4f538a\/internal_photos\/bs\/2026\/y\/f\/ML4wNrSVKgqTNTrpuMKA\/bg-g1-03-6-.png\" alt=\"Comandante inicia volta ao mundo em monomotor e deve passar por 45 pa\u00edses; primeira escala ser\u00e1 em Teresina \u2014 Foto: Alexandre Frota\/Arquivo pessoal\" name=\"Comandante inicia volta ao mundo em monomotor e deve passar por 45 pa\u00edses; primeira escala ser\u00e1 em Teresina\" data-idx=\"0\" \/><\/div>\n<div class=\"glry-v2__slide\"><img decoding=\"async\" class=\"glry-v2__slide__img  glry-v2__slide__img--h \" src=\"https:\/\/s2-g1.glbimg.com\/Lj6iTsHhqIxpDIPh7T6vsBQswsc=\/0x0:1600x900\/1600x900\/smart\/filters:strip_icc()\/i.s3.glbimg.com\/v1\/AUTH_59edd422c0c84a879bd37670ae4f538a\/internal_photos\/bs\/2026\/V\/O\/77BD7NTr2Hh7Pij8wuyg\/bg-g1-03-7-.png\" alt=\"Comandante inicia volta ao mundo em monomotor e deve passar por 45 pa\u00edses; primeira escala ser\u00e1 em Teresina \u2014 Foto: Alexandre Frota\/Arquivo pessoal\" name=\"Comandante inicia volta ao mundo em monomotor e deve passar por 45 pa\u00edses; primeira escala ser\u00e1 em Teresina\" data-idx=\"1\" \/><\/div>\n<div class=\"glry-v2__slide\"><img decoding=\"async\" class=\"glry-v2__slide__img  glry-v2__slide__img--h \" src=\"https:\/\/s2-g1.glbimg.com\/_DiMm-nfLrQIUmCWLlyvJ9DlL6Y=\/0x0:1600x900\/1600x900\/smart\/filters:strip_icc()\/i.s3.glbimg.com\/v1\/AUTH_59edd422c0c84a879bd37670ae4f538a\/internal_photos\/bs\/2026\/0\/Z\/RjFW7CSBuWviGp1qee4A\/bg-g1-03-8-.png\" alt=\"Comandante inicia volta ao mundo em monomotor e deve passar por 45 pa\u00edses; primeira escala ser\u00e1 em Teresina \u2014 Foto: Alexandre Frota\/Arquivo pessoal\" name=\"Comandante inicia volta ao mundo em monomotor e deve passar por 45 pa\u00edses; primeira escala ser\u00e1 em Teresina\" data-idx=\"2\" \/><\/div>\n<div class=\"glry-v2__slide\"><img decoding=\"async\" class=\"glry-v2__slide__img  glry-v2__slide__img--h \" src=\"https:\/\/s2-g1.glbimg.com\/sAwXqJiSQdQ0tydPHCBej1CBEmE=\/0x0:1600x900\/1600x900\/smart\/filters:strip_icc()\/i.s3.glbimg.com\/v1\/AUTH_59edd422c0c84a879bd37670ae4f538a\/internal_photos\/bs\/2026\/8\/p\/JhGMF6QXOBABmJYhhEUA\/bg-g1-03-9-.png\" alt=\"Comandante inicia volta ao mundo em monomotor e deve passar por 45 pa\u00edses; primeira escala ser\u00e1 em Teresina \u2014 Foto: Alexandre Frota\/Arquivo pessoal\" name=\"Comandante inicia volta ao mundo em monomotor e deve passar por 45 pa\u00edses; primeira escala ser\u00e1 em Teresina\" data-idx=\"3\" \/><\/div>\n<div class=\"glry-v2__slide\"><img decoding=\"async\" class=\"glry-v2__slide__img  glry-v2__slide__img--h \" src=\"https:\/\/s2-g1.glbimg.com\/A9Qxw8vGZaQ9YPk6kCZEvI_VL_0=\/0x0:1600x900\/1600x900\/smart\/filters:strip_icc()\/i.s3.glbimg.com\/v1\/AUTH_59edd422c0c84a879bd37670ae4f538a\/internal_photos\/bs\/2026\/v\/3\/xv5mjGRAyRIO4DhimeCg\/bg-g1-03-10-.png\" alt=\"Comandante inicia volta ao mundo em monomotor e deve passar por 45 pa\u00edses; primeira escala ser\u00e1 em Teresina \u2014 Foto: Alexandre Frota\/Arquivo pessoal\" name=\"Comandante inicia volta ao mundo em monomotor e deve passar por 45 pa\u00edses; primeira escala ser\u00e1 em Teresina\" data-idx=\"4\" \/><\/div>\n<div class=\"glry-v2__slide\"><img decoding=\"async\" class=\"glry-v2__slide__img  glry-v2__slide__img--h \" src=\"https:\/\/s2-g1.glbimg.com\/KkOns4h9-J-fGP66KXaMYpPMNR8=\/0x0:1600x900\/1600x900\/smart\/filters:strip_icc()\/i.s3.glbimg.com\/v1\/AUTH_59edd422c0c84a879bd37670ae4f538a\/internal_photos\/bs\/2026\/o\/x\/zpMk8yRHWuVHLYoKAVig\/bg-g1-03-11-.png\" alt=\"Comandante inicia volta ao mundo em monomotor e deve passar por 45 pa\u00edses; primeira escala ser\u00e1 em Teresina \u2014 Foto: Alexandre Frota\/Arquivo pessoal\" name=\"Comandante inicia volta ao mundo em monomotor e deve passar por 45 pa\u00edses; primeira escala ser\u00e1 em Teresina\" data-idx=\"5\" \/><\/div>\n<div class=\"glry-v2__slide\"><img decoding=\"async\" class=\"glry-v2__slide__img  glry-v2__slide__img--h \" src=\"https:\/\/s2-g1.glbimg.com\/rmF8QvYkFlJuMNINuhp1fZggSV4=\/0x0:1600x900\/1600x900\/smart\/filters:strip_icc()\/i.s3.glbimg.com\/v1\/AUTH_59edd422c0c84a879bd37670ae4f538a\/internal_photos\/bs\/2026\/h\/d\/aYMkoaSPS9J8UAu0IhzQ\/bg-g1-03-12-.png\" alt=\"Comandante inicia volta ao mundo em monomotor e deve passar por 45 pa\u00edses; primeira escala ser\u00e1 em Teresina \u2014 Foto: Alexandre Frota\/Arquivo pessoal\" name=\"Comandante inicia volta ao mundo em monomotor e deve passar por 45 pa\u00edses; primeira escala ser\u00e1 em Teresina\" data-idx=\"6\" \/><\/div>\n<div class=\"glry-v2__slide\"><img decoding=\"async\" class=\"glry-v2__slide__img  glry-v2__slide__img--h \" src=\"https:\/\/s2-g1.glbimg.com\/0byeKvnZpA3SIueuxGp3sq3cWVE=\/0x0:1600x900\/1600x900\/smart\/filters:strip_icc()\/i.s3.glbimg.com\/v1\/AUTH_59edd422c0c84a879bd37670ae4f538a\/internal_photos\/bs\/2026\/Q\/X\/QZG9MXRnu2NdjsAzqkog\/bg-g1-03-13-.png\" alt=\"Comandante inicia volta ao mundo em monomotor e deve passar por 45 pa\u00edses; primeira escala ser\u00e1 em Teresina \u2014 Foto: Alexandre Frota\/Arquivo pessoal\" name=\"Comandante inicia volta ao mundo em monomotor e deve passar por 45 pa\u00edses; primeira escala ser\u00e1 em Teresina\" data-idx=\"7\" \/><\/div>\n<\/div>\n<div class=\"glry-v2__nav\"><\/div>\n<\/div>\n<div class=\"glry-v2__description\">\n<div class=\"glry-v2__description__caption\">Comandante inicia volta ao mundo em monomotor e deve passar por 45 pa\u00edses; primeira escala ser\u00e1 em Teresina \u2014 Foto: Alexandre Frota\/Arquivo pessoal<\/p>\n<p>Fonte: G1<\/p><\/div>\n<\/div>\n<\/div>\n<\/div>\n<\/div>\n<\/article>\n<\/div>\n","protected":false},"excerpt":{"rendered":"<p>Comandante inicia volta ao mundo em monomotor e deve passar por 45 pa\u00edses; primeira escala ser\u00e1 em Teresina Viagem deve<\/p>\n","protected":false},"author":1,"featured_media":13399,"comment_status":"open","ping_status":"open","sticky":false,"template":"","format":"standard","meta":{"colormag_page_container_layout":"default_layout","colormag_page_sidebar_layout":"default_layout","footnotes":""},"categories":[91],"tags":[],"class_list":["post-13397","post","type-post","status-publish","format-standard","has-post-thumbnail","hentry","category-mundo"],"_links":{"self":[{"href":"http:\/\/metropoleemfoco.com.br\/index.php?rest_route=\/wp\/v2\/posts\/13397","targetHints":{"allow":["GET"]}}],"collection":[{"href":"http:\/\/metropoleemfoco.com.br\/index.php?rest_route=\/wp\/v2\/posts"}],"about":[{"href":"http:\/\/metropoleemfoco.com.br\/index.php?rest_route=\/wp\/v2\/types\/post"}],"author":[{"embeddable":true,"href":"http:\/\/metropoleemfoco.com.br\/index.php?rest_route=\/wp\/v2\/users\/1"}],"replies":[{"embeddable":true,"href":"http:\/\/metropoleemfoco.com.br\/index.php?rest_route=%2Fwp%2Fv2%2Fcomments&post=13397"}],"version-history":[{"count":1,"href":"http:\/\/metropoleemfoco.com.br\/index.php?rest_route=\/wp\/v2\/posts\/13397\/revisions"}],"predecessor-version":[{"id":13400,"href":"http:\/\/metropoleemfoco.com.br\/index.php?rest_route=\/wp\/v2\/posts\/13397\/revisions\/13400"}],"wp:featuredmedia":[{"embeddable":true,"href":"http:\/\/metropoleemfoco.com.br\/index.php?rest_route=\/wp\/v2\/media\/13399"}],"wp:attachment":[{"href":"http:\/\/metropoleemfoco.com.br\/index.php?rest_route=%2Fwp%2Fv2%2Fmedia&parent=13397"}],"wp:term":[{"taxonomy":"category","embeddable":true,"href":"http:\/\/metropoleemfoco.com.br\/index.php?rest_route=%2Fwp%2Fv2%2Fcategories&post=13397"},{"taxonomy":"post_tag","embeddable":true,"href":"http:\/\/metropoleemfoco.com.br\/index.php?rest_route=%2Fwp%2Fv2%2Ftags&post=13397"}],"curies":[{"name":"wp","href":"https:\/\/api.w.org\/{rel}","templated":true}]}}