{"id":13373,"date":"2026-03-13T17:16:21","date_gmt":"2026-03-13T20:16:21","guid":{"rendered":"http:\/\/metropoleemfoco.com.br\/?p=13373"},"modified":"2026-03-13T17:16:21","modified_gmt":"2026-03-13T20:16:21","slug":"13373","status":"publish","type":"post","link":"http:\/\/metropoleemfoco.com.br\/?p=13373","title":{"rendered":""},"content":{"rendered":"<header class=\"entry-header\">\n<h1 class=\"title\">SP se une ao Canva e empresa de tecnologia libera acesso \u00e0 ferramenta para 3 milh\u00f5es de estudantes e professores da rede<\/h1>\n<div class=\"subtile\">\n<h2>Doa\u00e7\u00e3o do acesso completo ao Canva para a rede estadual vale pelos pr\u00f3ximos quatro anos letivos; valor da parceria equivale a R$ 5,4 bilh\u00f5es<\/h2>\n<\/div>\n<\/header>\n<div class=\"entry-content\">\n<p><img loading=\"lazy\" decoding=\"async\" class=\"aligncenter wp-image-1580106 size-large\" src=\"http:\/\/www.educacao.sp.gov.br\/wp-content\/uploads\/2026\/03\/54790658347_052b274b24_k-1024x682.jpg\" sizes=\"auto, (max-width: 1024px) 100vw, 1024px\" srcset=\"https:\/\/www.educacao.sp.gov.br\/wp-content\/uploads\/2026\/03\/54790658347_052b274b24_k-1024x682.jpg 1024w, https:\/\/www.educacao.sp.gov.br\/wp-content\/uploads\/2026\/03\/54790658347_052b274b24_k-300x200.jpg 300w, https:\/\/www.educacao.sp.gov.br\/wp-content\/uploads\/2026\/03\/54790658347_052b274b24_k-768x511.jpg 768w\" alt=\"\" width=\"1024\" height=\"682\" \/><\/p>\n<p>Os 3 milh\u00f5es de estudantes da rede estadual de ensino e os mais de 200 mil professores ter\u00e3o acesso, a partir de 2026, ao Canva Educa\u00e7\u00e3o, vers\u00e3o completa da plataforma de cria\u00e7\u00e3o visual, colabora\u00e7\u00e3o e aprendizagem. Uma parceria da Secretaria da Educa\u00e7\u00e3o do Estado de S\u00e3o Paulo (Seduc-SP) com a empresa de tecnologia australiana permitir\u00e1 o acesso da rede \u00e0 ferramenta pelos pr\u00f3ximos quatro anos letivos, de 2026 a 2029.<\/p>\n<p>A assinatura da parceria foi firmada em encontro do secret\u00e1rio da Educa\u00e7\u00e3o, Renato Feder, com a equipe do Canva durante a Bett UK, em Londres. O secret\u00e1rio se reuniu com\u00a0Julianna da Silva, Rafael Teodoro, Jason Wilmot e Eleazar Ortiz. A disponibiliza\u00e7\u00e3o do Canva para a Educa\u00e7\u00e3o de SP ser\u00e1 feita por meio de doa\u00e7\u00e3o, com custo zero para os cofres p\u00fablicos. Se o servi\u00e7o fosse contratado, o investimento seria de R$ 5,4 bilh\u00f5es.<\/p>\n<p>O acesso ao Canva pelos estudantes e docentes ser\u00e1 feito por meio do e-mail institucional de cada um, com o dom\u00ednio @<a href=\"http:\/\/educacao.sp.gov.br\/\" target=\"_blank\" rel=\"noopener\">educacao.sp.gov.br<\/a>. O acesso se dar\u00e1 via Sala do Futuro, ferramenta dispon\u00edvel para todos os estudantes da rede.<\/p>\n<h2><b>Canva<\/b><\/h2>\n<p>O Canva \u00e9 uma plataforma de\u00a0cria\u00e7\u00e3o visual\u00a0que favorece a cria\u00e7\u00e3o visual por meio de uma interface intuitiva de \u201carrastar e soltar\u201d e milhares de modelos prontos e edit\u00e1veis. Na rede estadual de ensino, a ferramenta poder\u00e1 ser utilizada como um facilitador pedag\u00f3gico, permitindo que professores criem materiais did\u00e1ticos din\u00e2micos e apresenta\u00e7\u00f5es impactantes, enquanto estudantes desenvolvem compet\u00eancias digitais e criativas em projetos escolares.<\/p>\n<p>Ao oferecer recursos que v\u00e3o de infogr\u00e1ficos a edi\u00e7\u00f5es de v\u00eddeo, os estudantes poder\u00e3o desenvolver habilidades como percep\u00e7\u00e3o visual, linguagem art\u00edstica, comunica\u00e7\u00e3o social e criatividade.<\/p>\n<p>Como todas as ferramentas do acesso completo ao Canva, os estudantes encontrar\u00e3o mais um recurso que fortalece a inclus\u00e3o digital e pode levar \u00e0 descoberta de seus projetos de vida, podendo utilizar a ferramenta para suas apresenta\u00e7\u00f5es, projetos ou at\u00e9 mesmo para desenvolver compet\u00eancias importantes para a vida profissional.<\/p>\n<p>Para os professores e equipes escolares, o Canva Educa\u00e7\u00e3o oferecer\u00e1 forma\u00e7\u00f5es e o acesso \u00e0 plataforma permitir\u00e1 uma comunica\u00e7\u00e3o mais eficiente e facilitada, mais um est\u00edmulo ao engajamento dos alunos no processo de ensino e aprendizagem.<\/p>\n<p>Fonte: Educa\u00e7\u00e3o Sp Gov<\/p>\n<\/div>\n","protected":false},"excerpt":{"rendered":"<p>SP se une ao Canva e empresa de tecnologia libera acesso \u00e0 ferramenta para 3 milh\u00f5es de estudantes e professores<\/p>\n","protected":false},"author":1,"featured_media":13380,"comment_status":"open","ping_status":"open","sticky":false,"template":"","format":"standard","meta":{"colormag_page_container_layout":"default_layout","colormag_page_sidebar_layout":"default_layout","footnotes":""},"categories":[101],"tags":[],"class_list":["post-13373","post","type-post","status-publish","format-standard","has-post-thumbnail","hentry","category-educacao"],"_links":{"self":[{"href":"http:\/\/metropoleemfoco.com.br\/index.php?rest_route=\/wp\/v2\/posts\/13373","targetHints":{"allow":["GET"]}}],"collection":[{"href":"http:\/\/metropoleemfoco.com.br\/index.php?rest_route=\/wp\/v2\/posts"}],"about":[{"href":"http:\/\/metropoleemfoco.com.br\/index.php?rest_route=\/wp\/v2\/types\/post"}],"author":[{"embeddable":true,"href":"http:\/\/metropoleemfoco.com.br\/index.php?rest_route=\/wp\/v2\/users\/1"}],"replies":[{"embeddable":true,"href":"http:\/\/metropoleemfoco.com.br\/index.php?rest_route=%2Fwp%2Fv2%2Fcomments&post=13373"}],"version-history":[{"count":1,"href":"http:\/\/metropoleemfoco.com.br\/index.php?rest_route=\/wp\/v2\/posts\/13373\/revisions"}],"predecessor-version":[{"id":13381,"href":"http:\/\/metropoleemfoco.com.br\/index.php?rest_route=\/wp\/v2\/posts\/13373\/revisions\/13381"}],"wp:featuredmedia":[{"embeddable":true,"href":"http:\/\/metropoleemfoco.com.br\/index.php?rest_route=\/wp\/v2\/media\/13380"}],"wp:attachment":[{"href":"http:\/\/metropoleemfoco.com.br\/index.php?rest_route=%2Fwp%2Fv2%2Fmedia&parent=13373"}],"wp:term":[{"taxonomy":"category","embeddable":true,"href":"http:\/\/metropoleemfoco.com.br\/index.php?rest_route=%2Fwp%2Fv2%2Fcategories&post=13373"},{"taxonomy":"post_tag","embeddable":true,"href":"http:\/\/metropoleemfoco.com.br\/index.php?rest_route=%2Fwp%2Fv2%2Ftags&post=13373"}],"curies":[{"name":"wp","href":"https:\/\/api.w.org\/{rel}","templated":true}]}}