{"id":13372,"date":"2026-03-13T17:14:47","date_gmt":"2026-03-13T20:14:47","guid":{"rendered":"http:\/\/metropoleemfoco.com.br\/?p=13372"},"modified":"2026-03-13T17:14:47","modified_gmt":"2026-03-13T20:14:47","slug":"13372","status":"publish","type":"post","link":"http:\/\/metropoleemfoco.com.br\/?p=13372","title":{"rendered":""},"content":{"rendered":"<header class=\"group\/header group mx-auto box-border flex w-full max-w-full flex-col gap-4 pb-4 md:border-b md:border-neutral-200 [&amp;_.gallery]:-mx-4 [&amp;_.gallery]:outline [&amp;_.gallery]:outline-2 [&amp;_.gallery]:outline-neutral-950 [&amp;_.gallery]:lg:-mx-0 [&amp;_.gallery]:lg:outline-none\">\n<div class=\"flex w-full flex-col gap-4\">\n<div class=\"border-b pb-4 lg:border-b-0 lg:pb-0\" tabindex=\"1\">\n<h1 class=\"font-bold text-3xl lg:text-4xl\" data-single-title=\"true\">Filha de Renato Ga\u00facho provoca Arias ap\u00f3s vit\u00f3ria do Vasco: \u201cVolte sempre\u201d<\/h1>\n<\/div>\n<div tabindex=\"2\">\n<h2 class=\"text-lg font-normal group-[.isActiveSource]:text-xl\" data-single-excerpt=\"true\">Carol Portaluppi reage nas redes sociais ao triunfo por 2 a 1 sobre o Palmeiras e elogia o trabalho do pai<\/h2>\n<\/div>\n<\/div>\n<div class=\"flex w-full flex-col gap-1\" data-single-author=\"true\"><span class=\"text-sm font-normal\"><a class=\"text-sm underline\" href=\"https:\/\/www.cnnbrasil.com.br\/autor\/da-cnn-brasil\/\" target=\"_self\"><span class=\"text-sm font-medium\">Da CNN Brasil<\/span><\/a><\/span><\/div>\n<div class=\"h-auto w-fit cursor-pointer group-has-[.featuredImage]:w-full group-has-[.gallery]:w-full group-has-[.mosaic-large]:w-full group-has-[.mosaic-small]:w-fit [#gut-square_&amp;]:w-full [#gut-square_&amp;]:lg:w-fit [#gut-trio_&amp;]:w-full [#manchete-section-one_&amp;]:h-full [#manchete-section-one_&amp;]:w-full\" tabindex=\"0\" role=\"button\" aria-controls=\"modal-content\" aria-expanded=\"false\" aria-haspopup=\"true\">\n<div class=\"group\/featureImage featuredImage relative w-full\" data-image=\"true\">\n<div class=\"fullScreenButton absolute right-0 z-20 mr-2 mt-2 size-6 rounded-sm bg-red-600 p-0 hover:bg-red-500 sm:p-1 md:mr-4 md:mt-4 md:size-8\"><\/div>\n<figure class=\"group\/featureImage featuredImage relative z-10 mb-4 flex shrink flex-col gap-2\">\n<div class=\"featuredImage--image z-10 -mx-4 flex items-center justify-center bg-neutral-950 lg:mx-0 lg:overflow-hidden lg:rounded-lg\"><picture class=\"flex object-cover overflow-clip w-full aspect-video\"><source srcset=\"https:\/\/admin.cnnbrasil.com.br\/wp-content\/uploads\/sites\/12\/2026\/03\/Carol-Renato.png?w=1200&amp;h=900&amp;crop=0\" media=\"(min-width: 1024px)\" \/><source srcset=\"https:\/\/admin.cnnbrasil.com.br\/wp-content\/uploads\/sites\/12\/2026\/03\/Carol-Renato.png?w=849&amp;h=477&amp;crop=0\" media=\"(min-width: 768px)\" \/><img loading=\"lazy\" decoding=\"async\" class=\"flex size-full object-cover\" src=\"https:\/\/admin.cnnbrasil.com.br\/wp-content\/uploads\/sites\/12\/2026\/03\/Carol-Renato.png?w=419&amp;h=283&amp;crop=0\" alt=\"Carol Portaluppi, filha de Renato Ga\u00facho\" width=\"419\" height=\"283\" \/><\/picture><\/div><figcaption class=\"featuredImage--caption text-neutral-500\"><span class=\"text-sm font-medium featuredImage--subtitle\">Carol Portaluppi, filha de Renato Ga\u00facho<\/span><span class=\"text-xs font-normal featuredImage--credits\">\u00a0 \u2022 Instagram\/Carol Portaluppi<\/span><\/figcaption><\/figure>\n<\/div>\n<\/div>\n<\/header>\n<div class=\"text-lg w-full pt-6 font-light text-neutral-800 group-[.isActiveSource&gt;*]:text-xl md:pt-10 [&amp;&gt;*:not(.single-product)]:mx-auto [&amp;&gt;*:not(.single-product)]:max-w-2xl [&amp;_.gallery]:mb-4 [&amp;_p]:my-4 first:[&amp;_p]:mt-0 [&amp;_strong]:font-medium\" data-single-content=\"true\">\n<p class=\"my-5 break-words group-[.isActiveSource]:text-xl\">Carol Portaluppi usou as redes sociais para provocar o meia colombiano Jhon Arias ap\u00f3s a vit\u00f3ria do Vasco por 2 a 1 sobre o Palmeiras, nesta quinta-feira (12), em S\u00e3o Janu\u00e1rio, pelo Campeonato Brasileiro.<\/p>\n<p class=\"my-5 break-words group-[.isActiveSource]:text-xl\">Amiga do jogador, ex-Fluminense, a filha do\u00a0<a class=\"text-red-600 underline hover:text-red-500 font-medium break-words group-[.isActiveSource]:text-xl\" href=\"https:\/\/www.cnnbrasil.com.br\/esportes\/futebol\/vasco-da-gama\/renato-rebate-auxiliar-do-palmeiras-e-diz-que-sao-januario-tem-bom-campo\/\" target=\"_blank\" rel=\"noopener noreferrer\">t\u00e9cnico Renato Ga\u00facho<\/a>\u00a0publicou um v\u00eddeo com um recado em tom de brincadeira.<\/p>\n<p class=\"my-5 break-words group-[.isActiveSource]:text-xl\">\u201cN\u00e3o posso ir embora antes de dar um recado&#8230; Jhon (Arias), meu amigo, muito bom te ver. Volte sempre\u201d, disse.<\/p>\n<p class=\"my-5 break-words group-[.isActiveSource]:text-xl\">Durante a partida, Carol tamb\u00e9m compartilhou v\u00eddeos acompanhando o jogo e registrou a rea\u00e7\u00e3o ao\u00a0<a class=\"text-red-600 underline hover:text-red-500 font-medium break-words group-[.isActiveSource]:text-xl\" href=\"https:\/\/www.cnnbrasil.com.br\/esportes\/brasileirao\/vasco-vira-sobre-palmeiras-vence-primeira-no-brasileirao-e-quebra-tabus\/\" target=\"_blank\" rel=\"noopener noreferrer\">gol da virada do Vasco<\/a>, marcado por Cuiabano.<\/p>\n<p class=\"my-5 break-words group-[.isActiveSource]:text-xl\">\u201cEstou fazendo skin care e infartando\u201d, escreveu. Ap\u00f3s o jogo, a influenciadora exaltou o desempenho do time e destacou o\u00a0<a class=\"text-red-600 underline hover:text-red-500 font-medium break-words group-[.isActiveSource]:text-xl\" href=\"https:\/\/www.cnnbrasil.com.br\/esportes\/futebol\/vasco-da-gama\/renato-gaucho-celebra-vitoria-do-vasco-e-crava-nao-pedi-jogador-veja\/\" target=\"_blank\" rel=\"noopener noreferrer\">trabalho do pai no comando<\/a>\u00a0do Vasco.<\/p>\n<p class=\"my-5 break-words group-[.isActiveSource]:text-xl\">\u201cM\u00e9rito dos jogadores, \u00f3bvio, mas muito m\u00e9rito do meu pai. Ele merece todo o reconhecimento do mundo. Eu tenho muito orgulho dele. Eu estava cheia de supersti\u00e7\u00f5es hoje. Cores, n\u00e3o podia fazer isso ou aquilo. Deu certo\u201d, afirmou.<\/p>\n<p>Fonte: CNN<\/p>\n<\/div>\n","protected":false},"excerpt":{"rendered":"<p>Filha de Renato Ga\u00facho provoca Arias ap\u00f3s vit\u00f3ria do Vasco: \u201cVolte sempre\u201d Carol Portaluppi reage nas redes sociais ao triunfo<\/p>\n","protected":false},"author":1,"featured_media":13378,"comment_status":"open","ping_status":"open","sticky":false,"template":"","format":"standard","meta":{"colormag_page_container_layout":"default_layout","colormag_page_sidebar_layout":"default_layout","footnotes":""},"categories":[102],"tags":[],"class_list":["post-13372","post","type-post","status-publish","format-standard","has-post-thumbnail","hentry","category-esportes"],"_links":{"self":[{"href":"http:\/\/metropoleemfoco.com.br\/index.php?rest_route=\/wp\/v2\/posts\/13372","targetHints":{"allow":["GET"]}}],"collection":[{"href":"http:\/\/metropoleemfoco.com.br\/index.php?rest_route=\/wp\/v2\/posts"}],"about":[{"href":"http:\/\/metropoleemfoco.com.br\/index.php?rest_route=\/wp\/v2\/types\/post"}],"author":[{"embeddable":true,"href":"http:\/\/metropoleemfoco.com.br\/index.php?rest_route=\/wp\/v2\/users\/1"}],"replies":[{"embeddable":true,"href":"http:\/\/metropoleemfoco.com.br\/index.php?rest_route=%2Fwp%2Fv2%2Fcomments&post=13372"}],"version-history":[{"count":1,"href":"http:\/\/metropoleemfoco.com.br\/index.php?rest_route=\/wp\/v2\/posts\/13372\/revisions"}],"predecessor-version":[{"id":13379,"href":"http:\/\/metropoleemfoco.com.br\/index.php?rest_route=\/wp\/v2\/posts\/13372\/revisions\/13379"}],"wp:featuredmedia":[{"embeddable":true,"href":"http:\/\/metropoleemfoco.com.br\/index.php?rest_route=\/wp\/v2\/media\/13378"}],"wp:attachment":[{"href":"http:\/\/metropoleemfoco.com.br\/index.php?rest_route=%2Fwp%2Fv2%2Fmedia&parent=13372"}],"wp:term":[{"taxonomy":"category","embeddable":true,"href":"http:\/\/metropoleemfoco.com.br\/index.php?rest_route=%2Fwp%2Fv2%2Fcategories&post=13372"},{"taxonomy":"post_tag","embeddable":true,"href":"http:\/\/metropoleemfoco.com.br\/index.php?rest_route=%2Fwp%2Fv2%2Ftags&post=13372"}],"curies":[{"name":"wp","href":"https:\/\/api.w.org\/{rel}","templated":true}]}}