{"id":13371,"date":"2026-03-13T17:12:59","date_gmt":"2026-03-13T20:12:59","guid":{"rendered":"http:\/\/metropoleemfoco.com.br\/?p=13371"},"modified":"2026-03-13T17:12:59","modified_gmt":"2026-03-13T20:12:59","slug":"13371","status":"publish","type":"post","link":"http:\/\/metropoleemfoco.com.br\/?p=13371","title":{"rendered":""},"content":{"rendered":"<div class=\"mc-article-header\">\n<div class=\"row content-head mc-column non-featured \">\n<div class=\"title\" data-block-type=\"title\" data-block-id=\"0\">\n<h1 class=\"content-head__title\">Ucr\u00e2nia acusa Comit\u00ea Paral\u00edmpico Internacional de &#8220;press\u00e3o sist\u00eamica&#8221; sobre delega\u00e7\u00e3o<\/h1>\n<\/div>\n<div class=\"medium-centered subtitle\">\n<h2 class=\"content-head__subtitle\">Representantes ucranianos relatam casos como questionamento sobre posi\u00e7\u00e3o de bandeira na vila de atletas, orienta\u00e7\u00f5es sobre brinco usado por campe\u00e3 paral\u00edmpica e len\u00e7os de torcedores confiscados<\/h2>\n<\/div>\n<\/div>\n<div class=\"content__signa-share mc-column\">\n<div class=\"content__signature\">\n<div class=\"content-publication-data\">\n<div class=\"content-publication-data__text\">\n<p class=\"content-publication-data__from\" title=\"Reda\u00e7\u00e3o do ge\">Por Reda\u00e7\u00e3o do ge\u00a0\u2014 Rio de Janeiro, RJ<\/p>\n<\/div>\n<\/div>\n<\/div>\n<\/div>\n<div class=\"glb-share-bar content__share-bar\">\n<div class=\"glb-share-bar_icons\">\n<div class=\"glb-share-bar_button-img\"><\/div>\n<div class=\"glb-share-bar_button-img\"><\/div>\n<div class=\"glb-share-bar_button-img\"><\/div>\n<\/div>\n<\/div>\n<hr class=\"content__divider \" \/>\n<div class=\"mc-summary mc-column\" data-block-type=\"summary\" data-block-id=\"1\">\n<details class=\"mc-summary-card bs-block--exclude-chunk-children\">\n<div class=\"mc-summary-card__summary-container\"><\/div>\n<div class=\"mc-summary-card__content\">\n<ul class=\"mc-summary-card__list\">\n<li class=\"mc-summary-card__item\">\n<div id=\"chunk-dhs4d\">\n<div class=\"mc-column content-text active-extra-styles \" data-block-type=\"unstyled\" data-block-weight=\"\">\n<p class=\" content-text__container \" data-track-category=\"Link no Texto\" data-track-links=\"\">Comit\u00ea Paral\u00edmpico Nacional (CPN) da Ucr\u00e2nia relata casos que, segundo o \u00f3rg\u00e3o, evidenciam &#8220;press\u00e3o sist\u00eamica&#8221; do Comit\u00ea Paral\u00edmpico Internacional (IPC) sobre a delega\u00e7\u00e3o do pa\u00eds.<\/p>\n<\/div>\n<\/div>\n<\/li>\n<li class=\"mc-summary-card__item\">\n<div id=\"chunk-fprlc\">\n<div class=\"mc-column content-text active-extra-styles \" data-block-type=\"unstyled\" data-block-weight=\"\">\n<p class=\" content-text__container \" data-track-category=\"Link no Texto\" data-track-links=\"\">Al\u00e9m de alegar &#8220;press\u00e3o sist\u00eamica&#8221;, o CPN cita tratamento &#8220;abertamente negativo&#8221; com atletas, treinadores e autoridades. Um caso envolvendo torcedores tamb\u00e9m \u00e9 mencionado.<\/p>\n<\/div>\n<\/div>\n<\/li>\n<li class=\"mc-summary-card__item\">\n<div id=\"chunk-3g65l\">\n<div class=\"mc-column content-text active-extra-styles \" data-block-type=\"unstyled\" data-block-weight=\"\">\n<p class=\" content-text__container \" data-track-category=\"Link no Texto\" data-track-links=\"\">O IOC rebateu acusa\u00e7\u00f5es e afirmou que continua comprometido em proporcionar um ambiente respeitoso e acolhedor.<\/p>\n<\/div>\n<\/div>\n<\/li>\n<\/ul>\n<\/div>\n<\/details>\n<\/div>\n<\/div>\n<div class=\"mc-article-body\">\n<article>\n<div id=\"chunk-5qrvc\">\n<div class=\"cxm-block-video content-media mc-column \" data-block-type=\"backstage-video\" data-block-id=\"2\">\n<div class=\"cxm-block-video__container \">\n<div class=\"cxm-block-video__player-fixer\">\n<article class=\"cxm-block-video__player-wrapper\">\n<section class=\"cxm-block-video__player\">\n<div class=\"cxm-block-video__placeholder\" data-video-id=\"10360101\"><img decoding=\"async\" class=\"cxm-block-video__thumb\" title=\"Oksana Shyshkova, da Ucr\u00e2nia, leva o ouro no Biatlo Sprint para pessoas com defici\u00eancia visual\" src=\"https:\/\/s02.video.glbimg.com\/x240\/10360101.jpg\" alt=\"Oksana Shyshkova, da Ucr\u00e2nia, leva o ouro no Biatlo Sprint para pessoas com defici\u00eancia visual\" \/><\/div>\n<\/section>\n<\/article>\n<\/div>\n<div class=\"cxm-block-video__caption-container\">\n<p class=\"codex-caption codex-caption--small\">Oksana Shyshkova, da Ucr\u00e2nia, leva o ouro no Biatlo Sprint para pessoas com defici\u00eancia visual<\/p>\n<\/div>\n<\/div>\n<\/div>\n<\/div>\n<div id=\"chunk-2tm0a\">\n<div class=\"mc-column content-text active-extra-styles \" data-block-type=\"unstyled\" data-block-weight=\"64\" data-block-id=\"3\">\n<p class=\" content-text__container \" data-track-category=\"Link no Texto\" data-track-links=\"\">Ap\u00f3s\u00a0<a class=\"\" href=\"https:\/\/ge.globo.com\/olimpiadas-de-inverno\/noticia\/2026\/02\/10\/ucraniano-acusa-coi-de-traicao-apos-proibicao-de-capacete-com-homenagem-a-mortos-na-guerra.ghtml\">o caso envolvendo um capacete utilizado no skeleton durante as olimp\u00edadas<\/a>\u00a0e\u00a0<a class=\"\" href=\"https:\/\/ge.globo.com\/paralimpiadas-de-inverno\/noticia\/2026\/03\/06\/com-boicotes-e-sem-o-brasil-cerimonia-abre-as-paralimpiadas-inverno-de-milao-cortina-2026.ghtml\">o boicote na cerim\u00f4nia de abertura das paralimp\u00edadas contra o retorno de atletas russos e bielorrussos competindo com suas respectivas bandeiras<\/a>, o Comit\u00ea Paral\u00edmpico Nacional (CPN) da Ucr\u00e2nia acusou o Comit\u00ea Paral\u00edmpico Internacional (IPC) e os organizadores de Mil\u00e3o-Cortina 2026 de exercerem &#8220;press\u00e3o sist\u00eamica&#8221; sobre a delega\u00e7\u00e3o do pa\u00eds.<\/p>\n<\/div>\n<\/div>\n<div class=\"wall protected-content\">\n<div id=\"chunk-btk91\">\n<div class=\"mc-column content-text active-extra-styles \" data-block-type=\"unstyled\" data-block-weight=\"67\" data-block-id=\"5\">\n<p class=\" content-text__container \" data-track-category=\"Link no Texto\" data-track-links=\"\">O CPN ucraniano cita exemplos do que seria um tratamento &#8220;abertamente negativo&#8221; e sem precedentes nas tr\u00eas d\u00e9cadas de participa\u00e7\u00e3o ucraniana nas edi\u00e7\u00f5es de ver\u00e3o e inverno dos jogos paral\u00edmpicos. Entre os epis\u00f3dios, o comit\u00ea declarou estar &#8220;especialmente chocado&#8221; com a reten\u00e7\u00e3o denfisco de bandeiras e len\u00e7os de oito familiares do campe\u00e3o paral\u00edmpico no biatlo Taras Rad. Eles foram impedidos de acessar as arquibancadas com os materiais.<\/p>\n<\/div>\n<\/div>\n<div id=\"chunk-a8s9i\">\n<div class=\"row medium-uncollapsed content-media content-photo\" data-block-type=\"backstage-photo\" data-block-id=\"7\">\n<div class=\" mc-column  content-media__container\">\n<div class=\"content-media-container glb-skeleton-box\">\n<figure class=\"content-media-figure\"><img decoding=\"async\" class=\"i-amphtml-fill-content i-amphtml-replaced-content\" src=\"https:\/\/s2-ge.glbimg.com\/a3Lp_-0pwdQeX6LVHxRwQ8fQu2Q=\/0x0:5307x3563\/984x0\/smart\/filters:strip_icc()\/i.s3.glbimg.com\/v1\/AUTH_bc8228b6673f488aa253bbcb03c80ec5\/internal_photos\/bs\/2026\/b\/A\/0KtXv4QSOL2VIvIaBjgw\/gettyimages-2265227789.jpg\" sizes=\"(max-width: 1600px) 648px, 100vw\" srcset=\"https:\/\/s2-ge.glbimg.com\/278hONESaztTfTvxc5uGNgh4qMo=\/0x0:5307x3563\/1000x0\/smart\/filters:strip_icc()\/i.s3.glbimg.com\/v1\/AUTH_bc8228b6673f488aa253bbcb03c80ec5\/internal_photos\/bs\/2026\/b\/A\/0KtXv4QSOL2VIvIaBjgw\/gettyimages-2265227789.jpg 1000w, https:\/\/s2-ge.glbimg.com\/a3Lp_-0pwdQeX6LVHxRwQ8fQu2Q=\/0x0:5307x3563\/984x0\/smart\/filters:strip_icc()\/i.s3.glbimg.com\/v1\/AUTH_bc8228b6673f488aa253bbcb03c80ec5\/internal_photos\/bs\/2026\/b\/A\/0KtXv4QSOL2VIvIaBjgw\/gettyimages-2265227789.jpg 984w, https:\/\/s2-ge.glbimg.com\/zUWh-c46mH2WXeu-NlD7kL1HGds=\/0x0:5307x3563\/640x0\/smart\/filters:strip_icc()\/i.s3.glbimg.com\/v1\/AUTH_bc8228b6673f488aa253bbcb03c80ec5\/internal_photos\/bs\/2026\/b\/A\/0KtXv4QSOL2VIvIaBjgw\/gettyimages-2265227789.jpg 640w, https:\/\/s2-ge.glbimg.com\/45KrT9IT3cB0SQJT418K2f-9jcY=\/0x0:5307x3563\/600x0\/smart\/filters:strip_icc()\/i.s3.glbimg.com\/v1\/AUTH_bc8228b6673f488aa253bbcb03c80ec5\/internal_photos\/bs\/2026\/b\/A\/0KtXv4QSOL2VIvIaBjgw\/gettyimages-2265227789.jpg 600w\" alt=\"Bandeiras e len\u00e7os de oito familiares do campe\u00e3o paral\u00edmpico no biatlo Taras Rad teriam sido confiscados \u2014 Foto: Alex Grimm\/Getty Images\" \/><\/figure>\n<\/div>\n<p class=\"content-media__description  \">Bandeiras e len\u00e7os de oito familiares do campe\u00e3o paral\u00edmpico no biatlo Taras Rad teriam sido confiscados \u2014 Foto: Alex Grimm\/Getty Images<\/p>\n<\/div>\n<\/div>\n<\/div>\n<div id=\"chunk-api7n\">\n<div class=\"mc-column content-text active-extra-styles \" data-block-type=\"unstyled\" data-block-weight=\"32\" data-block-id=\"8\">\n<p class=\" content-text__container \" data-track-category=\"Link no Texto\" data-track-links=\"\">Tamb\u00e9m no biatlo, a medalhista de ouro Oleksandra Kononova recebeu a orienta\u00e7\u00e3o para remover brincos instantes antes do p\u00f3dio. Os acess\u00f3rios continham uma pequena bandeira ucraniana e frase &#8220;Pare a Guerra&#8221;.<\/p>\n<\/div>\n<\/div>\n<div id=\"chunk-21c49\">\n<div class=\"mc-column content-text active-extra-styles \" data-block-type=\"unstyled\" data-block-weight=\"55\" data-block-id=\"9\">\n<p class=\" content-text__container \" data-track-category=\"Link no Texto\" data-track-links=\"\">J\u00e1 na vila paral\u00edmpica, a Ucr\u00e2nia relatou que precisou remover uma bandeira nacional de sua resid\u00eancia. Somente dois dias depois, os organizadores determinaram o novo local para o pavilh\u00e3o, que seria menos vis\u00edvel do que o espa\u00e7o inicial. De acordo com o comit\u00ea ucraniano, o posicionamento da bandeira n\u00e3o teria provocado obje\u00e7\u00f5es em jogos anteriores.<\/p>\n<\/div>\n<\/div>\n<div id=\"chunk-19ksr\">\n<div class=\"row medium-uncollapsed content-media content-photo\" data-block-type=\"backstage-photo\" data-block-id=\"10\">\n<div class=\" mc-column  content-media__container\">\n<div class=\"content-media-container glb-skeleton-box\">\n<figure class=\"content-media-figure\"><img decoding=\"async\" class=\"i-amphtml-fill-content i-amphtml-replaced-content\" src=\"https:\/\/s2-ge.glbimg.com\/g0FRPQZutInlf50WB5JCn4FhPuk=\/0x0:1024x683\/984x0\/smart\/filters:strip_icc()\/i.s3.glbimg.com\/v1\/AUTH_bc8228b6673f488aa253bbcb03c80ec5\/internal_photos\/bs\/2026\/k\/a\/Fhx5J2SRSL1Z5JxxSDCA\/gettyimages-2265527277.jpg\" sizes=\"(max-width: 1600px) 648px, 100vw\" srcset=\"https:\/\/s2-ge.glbimg.com\/xxIGnrEl-JHqCi4JUjTMaBZXBqQ=\/0x0:1024x683\/1000x0\/smart\/filters:strip_icc()\/i.s3.glbimg.com\/v1\/AUTH_bc8228b6673f488aa253bbcb03c80ec5\/internal_photos\/bs\/2026\/k\/a\/Fhx5J2SRSL1Z5JxxSDCA\/gettyimages-2265527277.jpg 1000w, https:\/\/s2-ge.glbimg.com\/g0FRPQZutInlf50WB5JCn4FhPuk=\/0x0:1024x683\/984x0\/smart\/filters:strip_icc()\/i.s3.glbimg.com\/v1\/AUTH_bc8228b6673f488aa253bbcb03c80ec5\/internal_photos\/bs\/2026\/k\/a\/Fhx5J2SRSL1Z5JxxSDCA\/gettyimages-2265527277.jpg 984w, https:\/\/s2-ge.glbimg.com\/K2NnnKHoMPTZHO4F_YRl_AjNA60=\/0x0:1024x683\/640x0\/smart\/filters:strip_icc()\/i.s3.glbimg.com\/v1\/AUTH_bc8228b6673f488aa253bbcb03c80ec5\/internal_photos\/bs\/2026\/k\/a\/Fhx5J2SRSL1Z5JxxSDCA\/gettyimages-2265527277.jpg 640w, https:\/\/s2-ge.glbimg.com\/IVXScG9-zPlbhmDCxlFHfmNofrc=\/0x0:1024x683\/600x0\/smart\/filters:strip_icc()\/i.s3.glbimg.com\/v1\/AUTH_bc8228b6673f488aa253bbcb03c80ec5\/internal_photos\/bs\/2026\/k\/a\/Fhx5J2SRSL1Z5JxxSDCA\/gettyimages-2265527277.jpg 600w\" alt=\"Oleksandra Kononova recebeu a orienta\u00e7\u00e3o para remover brincos que continham uma pequena bandeira ucraniana e a frase &quot;Pare a Guerra&quot;. \u2014 Foto: Daniel Kopatsch\/VOIGT\/GettyImages\" \/><\/figure>\n<\/div>\n<p class=\"content-media__description  \">Oleksandra Kononova recebeu a orienta\u00e7\u00e3o para remover brincos que continham uma pequena bandeira ucraniana e a frase &#8220;Pare a Guerra&#8221;. \u2014 Foto: Daniel Kopatsch\/VOIGT\/GettyImages<\/p>\n<\/div>\n<\/div>\n<\/div>\n<div id=\"chunk-67usu\">\n<div class=\"mc-column content-text active-extra-styles\" data-block-type=\"raw\" data-block-weight=\"9\" data-block-id=\"12\">\n<div class=\"content-intertitle\">\n<h2>IPC afirma que regras visam ambiente respeitoso e acolhedor<\/h2>\n<\/div>\n<\/div>\n<\/div>\n<div id=\"chunk-1hdo2\">\n<div class=\"mc-column content-text active-extra-styles \" data-block-type=\"unstyled\" data-block-weight=\"44\" data-block-id=\"13\">\n<p class=\" content-text__container \" data-track-category=\"Link no Texto\" data-track-links=\"\">O diretor de Marca e Comunica\u00e7\u00e3o do IPC, Craig Spence, revelou durante uma coletiva de imprensa em Cortina d&#8217;Ampezzo estar supresso com as declara\u00e7\u00f5es do comit\u00ea ucraniano. Ele citou ainda que as acusa\u00e7\u00f5es foram expostas via m\u00eddia, n\u00e3o por meio de canais oficiais.<\/p>\n<\/div>\n<\/div>\n<div id=\"chunk-e9bl6\">\n<div class=\"mc-column content-text active-extra-styles \" data-block-type=\"unstyled\" data-block-weight=\"34\" data-block-id=\"14\">\n<p class=\" content-text__container \" data-track-category=\"Link no Texto\" data-track-links=\"\">&#8211; Embora sejamos emp\u00e1ticos com a situa\u00e7\u00e3o do povo ucraniano, essa empatia n\u00e3o se estende a permitir que o Comit\u00ea Paral\u00edmpico Nacional da Ucr\u00e2nia quebre as regras que regem esses jogos &#8211; declarou Spence.<\/p>\n<\/div>\n<\/div>\n<div id=\"chunk-2413p\">\n<div class=\"cxm-block-video content-media mc-column \" data-block-type=\"backstage-video\" data-block-id=\"15\">\n<div class=\"cxm-block-video__container \">\n<div class=\"cxm-block-video__player-fixer\">\n<article class=\"cxm-block-video__player-wrapper\">\n<section class=\"cxm-block-video__player\">\n<div class=\"cxm-block-video__placeholder\" data-video-id=\"14408132\"><img decoding=\"async\" class=\"cxm-block-video__thumb\" title=\"Biatlo masculino para cadeirantes com a chegada do ucraniano em primeiro lugar\" src=\"https:\/\/s01.video.glbimg.com\/x240\/14408132.jpg\" alt=\"Biatlo masculino para cadeirantes com a chegada do ucraniano em primeiro lugar\" \/><\/div>\n<\/section>\n<\/article>\n<\/div>\n<div class=\"cxm-block-video__caption-container\">\n<p class=\"codex-caption codex-caption--small\">Biatlo masculino para cadeirantes com a chegada do ucraniano em primeiro lugar<\/p>\n<\/div>\n<\/div>\n<\/div>\n<\/div>\n<div id=\"chunk-n41s\">\n<div class=\"mc-column content-text active-extra-styles \" data-block-type=\"unstyled\" data-block-weight=\"51\" data-block-id=\"16\">\n<p class=\" content-text__container \" data-track-category=\"Link no Texto\" data-track-links=\"\">Sobre o posicionamento da bandeira da Ucr\u00e2nia na vila paral\u00edmpica, o IPC afirmou que o local escolhido inicialmente estava fora da \u00e1rea comunit\u00e1ria e, conforme as regulamenta\u00e7\u00f5es previstas para o espa\u00e7o, o pavilh\u00e3o deveria ser pendurado apenas nas \u00e1reas residenciais ocupadas pelos ucranianos, o que motivou o pedido de troca.<\/p>\n<\/div>\n<\/div>\n<div id=\"chunk-2hp1b\">\n<div class=\"mc-column content-text active-extra-styles \" data-block-type=\"unstyled\" data-block-weight=\"58\" data-block-id=\"18\">\n<p class=\" content-text__container \" data-track-category=\"Link no Texto\" data-track-links=\"\">Por meio de comunicado, o IPC ainda comentou sobre o caso das bandeiras e len\u00e7os confiscados. A entidade contou que a seguran\u00e7a do local n\u00e3o conseguiu verificar o significado do texto. Desta forma, como poderia conter mensagens pol\u00edticas &#8211; o que n\u00e3o \u00e9 permitido pelas regras &#8211; &#8220;os espectadores foram convidados a entrar no local sem os cachec\u00f3is&#8221;.<\/p>\n<\/div>\n<\/div>\n<div id=\"chunk-1b4fs\">\n<div class=\"mc-column content-text active-extra-styles \" data-block-type=\"unstyled\" data-block-weight=\"53\" data-block-id=\"20\">\n<p class=\" content-text__container \" data-track-category=\"Link no Texto\" data-track-links=\"\">&#8211; Milano Cortina 2026 e o Comit\u00ea Paral\u00edmpico Internacional continuam comprometidos em proporcionar um ambiente respeitoso e acolhedor para todas as partes interessadas, incluindo atletas e espectadores. As regras e procedimentos vigentes durante os Jogos s\u00e3o projetados para apoiar esse ambiente e s\u00e3o aplicados igualmente a todas as delega\u00e7\u00f5es &#8211; concluiu o \u00f3rg\u00e3o.<\/p>\n<\/div>\n<\/div>\n<div id=\"chunk-52fdu\">\n<div class=\"mc-column content-text active-extra-styles\" data-block-type=\"raw\" data-block-weight=\"7\" data-block-id=\"21\">\n<div class=\"content-intertitle\">\n<h2>Ucraniano eliminado por usar capacete com homenagem<\/h2>\n<\/div>\n<\/div>\n<\/div>\n<div id=\"chunk-fdu63\">\n<div class=\"mc-column content-text active-extra-styles \" data-block-type=\"unstyled\" data-block-weight=\"45\" data-block-id=\"22\">\n<p class=\" content-text__container \" data-track-category=\"Link no Texto\" data-track-links=\"\">Durante as olimp\u00edadas,\u00a0<a class=\"\" href=\"https:\/\/ge.globo.com\/olimpiadas-de-inverno\/noticia\/2026\/02\/12\/ucraniano-e-desclassificado-dos-jogos-por-utilizar-capacete-com-homenagem-a-mortos-na-guerra.ghtml\">Vladyslav Heraskevych, do skeleton, foi desclassificado dos jogos por utilizar um capacete com fotos de atletas que morreram durante a invas\u00e3o russa ao seu pa\u00eds natal<\/a>. O Comit\u00ea Ol\u00edmpico Internacional argumentou que ele descumpriu as &#8220;Diretrizes do COI sobre Express\u00e3o dos Atletas&#8221;<\/p>\n<\/div>\n<\/div>\n<div id=\"chunk-egkl6\">\n<div class=\"mc-column content-text active-extra-styles \" data-block-type=\"unstyled\" data-block-weight=\"51\" data-block-id=\"24\">\n<p class=\" content-text__container \" data-track-category=\"Link no Texto\" data-track-links=\"\">O COI permitiu que Heraskevych utilizasse o capacete durante os treinamentos, que n\u00e3o s\u00e3o televisionados, mas manteve a decis\u00e3o de n\u00e3o permitir que o ucraniano utilizasse o equipamento durante as competi\u00e7\u00f5es. O atleta ucraniano seguiu com o desejo de utilizar o capacete durante a sua performance na pista e foi desclassificado.<\/p>\n<\/div>\n<\/div>\n<div data-track-category=\"multicontent\" data-track-action=\"multicontent\" data-track-noninteraction=\"false\" data-track-scroll=\"ultimo chunk conteudo\" data-track-value=\"view\">\n<div id=\"chunk-ca1ll\">\n<div class=\"cxm-block-video content-media mc-column \" data-block-type=\"backstage-video\" data-block-id=\"25\">\n<div class=\"cxm-block-video__container \">\n<div class=\"cxm-block-video__player-fixer\">\n<article class=\"cxm-block-video__player-wrapper\">\n<section class=\"cxm-block-video__player\">\n<div class=\"cxm-block-video__placeholder\" data-video-id=\"14339661\"><img decoding=\"async\" class=\"cxm-block-video__thumb\" title=\"Ucraniano utiliza capacete com homenagem aos mortos na guerra durante treinamento\" src=\"https:\/\/s02.video.glbimg.com\/x240\/14339661.jpg\" alt=\"Ucraniano utiliza capacete com homenagem aos mortos na guerra durante treinamento\" \/><\/div>\n<\/section>\n<\/article>\n<\/div>\n<div class=\"cxm-block-video__caption-container\">\n<p class=\"codex-caption codex-caption--small\">Ucraniano utiliza capacete com homenagem aos mortos na guerra durante treinamento<\/p>\n<p>Fonte: Ge<\/p>\n<\/div>\n<\/div>\n<\/div>\n<\/div>\n<\/div>\n<\/div>\n<\/article>\n<\/div>\n","protected":false},"excerpt":{"rendered":"<p>Ucr\u00e2nia acusa Comit\u00ea Paral\u00edmpico Internacional de &#8220;press\u00e3o sist\u00eamica&#8221; sobre delega\u00e7\u00e3o Representantes ucranianos relatam casos como questionamento sobre posi\u00e7\u00e3o de bandeira<\/p>\n","protected":false},"author":1,"featured_media":13376,"comment_status":"open","ping_status":"open","sticky":false,"template":"","format":"standard","meta":{"colormag_page_container_layout":"default_layout","colormag_page_sidebar_layout":"default_layout","footnotes":""},"categories":[95],"tags":[],"class_list":["post-13371","post","type-post","status-publish","format-standard","has-post-thumbnail","hentry","category-paralimpicos"],"_links":{"self":[{"href":"http:\/\/metropoleemfoco.com.br\/index.php?rest_route=\/wp\/v2\/posts\/13371","targetHints":{"allow":["GET"]}}],"collection":[{"href":"http:\/\/metropoleemfoco.com.br\/index.php?rest_route=\/wp\/v2\/posts"}],"about":[{"href":"http:\/\/metropoleemfoco.com.br\/index.php?rest_route=\/wp\/v2\/types\/post"}],"author":[{"embeddable":true,"href":"http:\/\/metropoleemfoco.com.br\/index.php?rest_route=\/wp\/v2\/users\/1"}],"replies":[{"embeddable":true,"href":"http:\/\/metropoleemfoco.com.br\/index.php?rest_route=%2Fwp%2Fv2%2Fcomments&post=13371"}],"version-history":[{"count":1,"href":"http:\/\/metropoleemfoco.com.br\/index.php?rest_route=\/wp\/v2\/posts\/13371\/revisions"}],"predecessor-version":[{"id":13377,"href":"http:\/\/metropoleemfoco.com.br\/index.php?rest_route=\/wp\/v2\/posts\/13371\/revisions\/13377"}],"wp:featuredmedia":[{"embeddable":true,"href":"http:\/\/metropoleemfoco.com.br\/index.php?rest_route=\/wp\/v2\/media\/13376"}],"wp:attachment":[{"href":"http:\/\/metropoleemfoco.com.br\/index.php?rest_route=%2Fwp%2Fv2%2Fmedia&parent=13371"}],"wp:term":[{"taxonomy":"category","embeddable":true,"href":"http:\/\/metropoleemfoco.com.br\/index.php?rest_route=%2Fwp%2Fv2%2Fcategories&post=13371"},{"taxonomy":"post_tag","embeddable":true,"href":"http:\/\/metropoleemfoco.com.br\/index.php?rest_route=%2Fwp%2Fv2%2Ftags&post=13371"}],"curies":[{"name":"wp","href":"https:\/\/api.w.org\/{rel}","templated":true}]}}