{"id":13370,"date":"2026-03-13T17:09:03","date_gmt":"2026-03-13T20:09:03","guid":{"rendered":"http:\/\/metropoleemfoco.com.br\/?p=13370"},"modified":"2026-03-15T16:17:10","modified_gmt":"2026-03-15T19:17:10","slug":"13370","status":"publish","type":"post","link":"http:\/\/metropoleemfoco.com.br\/?p=13370","title":{"rendered":"Previs\u00e3o do tempo em SP: chuva diminui e sol aparece; veja como ficam as temperaturas na capital"},"content":{"rendered":"<div class=\"mc-article-header\">\n<div class=\"row content-head mc-column non-featured \">\n<div class=\"title\" data-block-type=\"title\" data-block-id=\"0\">\n<h1 class=\"content-head__title\">Previs\u00e3o do tempo em SP: chuva diminui e sol aparece; veja como ficam as temperaturas na capital no fim de semana<\/h1>\n<\/div>\n<div class=\"medium-centered subtitle\">\n<h2 class=\"content-head__subtitle\">Segundo a Climatempo, com o retorno do sol, as temperaturas tamb\u00e9m tendem a subir gradualmente, trazendo de volta uma sensa\u00e7\u00e3o de calor mais t\u00edpica do ver\u00e3o.<\/h2>\n<\/div>\n<\/div>\n<div class=\"content__signa-share mc-column\">\n<div class=\"content__signature\">\n<div class=\"content-publication-data\">\n<div class=\"content-publication-data__text\">\n<p class=\"content-publication-data__from\" title=\"Reda\u00e7\u00e3o TV Globo e g1 SP\">Por\u00a0<a class=\"multi_signatures\" href=\"https:\/\/g1.globo.com\/autores\/redacao-tv-globo-e-g1-sp\/\">Reda\u00e7\u00e3o TV Globo e g1 SP<\/a><\/p>\n<\/div>\n<\/div>\n<\/div>\n<\/div>\n<div class=\"glb-share-bar content__share-bar\">\n<div class=\"glb-share-bar_icons\">\n<div class=\"glb-share-bar_button-img\"><\/div>\n<div class=\"glb-share-bar_button-img\"><\/div>\n<div class=\"glb-share-bar_button-img\"><\/div>\n<\/div>\n<\/div>\n<\/div>\n<div class=\"mc-article-body\">\n<article>\n<div id=\"chunk-8rkfa\">\n<div class=\"cxm-block-video content-media mc-column \" data-block-type=\"backstage-video\" data-block-id=\"1\">\n<div class=\"cxm-block-video__container cxm-block-video__container--fallback \">\n<div class=\"cxm-block-video__player-fixer\">\n<article class=\"cxm-block-video__player-wrapper\">\n<section class=\"cxm-block-video__player\">\n<div class=\"cxm-block-video__placeholder\" data-video-id=\"14425674\"><img decoding=\"async\" class=\"cxm-block-video__thumb\" title=\"Chuva diminui em SP e sol aparece na cidade de SP\" src=\"https:\/\/s03.video.glbimg.com\/x240\/14425674.jpg\" alt=\"Chuva diminui em SP e sol aparece na cidade de SP\" \/><\/div>\n<\/section>\n<\/article>\n<\/div>\n<div class=\"cxm-block-video__caption-container\">\n<p class=\"codex-caption codex-caption--small\">Chuva diminui em SP e sol aparece na cidade de SP<\/p>\n<\/div>\n<\/div>\n<\/div>\n<\/div>\n<div id=\"chunk-4t210\">\n<div class=\"mc-column content-text active-extra-styles \" data-block-type=\"unstyled\" data-block-weight=\"32\" data-block-id=\"2\">\n<p class=\" content-text__container \" data-track-category=\"Link no Texto\" data-track-links=\"\">A\u00a0<strong>chuva diminui e o sol come\u00e7a a aparecer em algumas partes do estado<\/strong>\u00a0de\u00a0<a class=\"\" href=\"https:\/\/g1.globo.com\/sp\/sao-paulo\/cidade\/sao-paulo\/\">S\u00e3o Paulo<\/a>, incluindo a capital paulista, a partir desta sexta-feira (13) e permanece no fim de semana.<\/p>\n<\/div>\n<\/div>\n<div class=\"wall protected-content\">\n<div id=\"chunk-2jpb9\">\n<div class=\"mc-column content-text active-extra-styles \" data-block-type=\"unstyled\" data-block-weight=\"23\" data-block-id=\"4\">\n<p class=\" content-text__container \" data-track-category=\"Link no Texto\" data-track-links=\"\">As manh\u00e3s ainda seguir\u00e3o frias, mas o sol predomina na regi\u00e3o. No litoral, a chuva intensa e frequente dar\u00e1 lugar a pancadas isoladas.<\/p>\n<\/div>\n<\/div>\n<div id=\"chunk-e326v\">\n<div class=\"mc-column content-text active-extra-styles \" data-block-type=\"unstyled\" data-block-weight=\"26\" data-block-id=\"5\">\n<p class=\" content-text__container \" data-track-category=\"Link no Texto\" data-track-links=\"\">Segundo a Climatempo, com o retorno do sol, as\u00a0<strong>temperaturas tamb\u00e9m tendem a subir gradualmente<\/strong>, trazendo de volta uma sensa\u00e7\u00e3o de calor mais t\u00edpica do ver\u00e3o.<\/p>\n<\/div>\n<\/div>\n<div id=\"chunk-2m09r\">\n<div class=\"mc-column content-text active-extra-styles\" data-block-type=\"raw\" data-block-weight=\"21\" data-block-id=\"6\">\n<blockquote class=\"content-blockquote theme-border-color-primary-before\"><p>A tend\u00eancia \u00e9 que essa eleva\u00e7\u00e3o nos term\u00f4metros continue no in\u00edcio da pr\u00f3xima semana, que, ser\u00e1 a \u00faltima semana do ver\u00e3o.<\/p><\/blockquote>\n<\/div>\n<\/div>\n<div id=\"chunk-aq7n7\">\n<div class=\"row medium-uncollapsed content-media content-photo\" data-block-type=\"backstage-photo\" data-block-id=\"8\">\n<div class=\" mc-column content-media__container\">\n<div class=\"content-media-container glb-skeleton-box\">\n<figure class=\"content-media-figure\"><img decoding=\"async\" class=\"i-amphtml-fill-content i-amphtml-replaced-content\" src=\"https:\/\/s2-g1.glbimg.com\/dAuWLTXf1vZMxUYuJM3Xp4Djok8=\/0x0:4200x2848\/984x0\/smart\/filters:strip_icc()\/i.s3.glbimg.com\/v1\/AUTH_59edd422c0c84a879bd37670ae4f538a\/internal_photos\/bs\/2026\/Q\/4\/lIvFLbRXyaMVpFbzCoVw\/fta20260306232.jpg\" sizes=\"(max-width: 1600px) 648px, 100vw\" srcset=\"https:\/\/s2-g1.glbimg.com\/h3xJhIHpiSfHH73_X-xIkJWjA6o=\/0x0:4200x2848\/1000x0\/smart\/filters:strip_icc()\/i.s3.glbimg.com\/v1\/AUTH_59edd422c0c84a879bd37670ae4f538a\/internal_photos\/bs\/2026\/Q\/4\/lIvFLbRXyaMVpFbzCoVw\/fta20260306232.jpg 1000w, https:\/\/s2-g1.glbimg.com\/dAuWLTXf1vZMxUYuJM3Xp4Djok8=\/0x0:4200x2848\/984x0\/smart\/filters:strip_icc()\/i.s3.glbimg.com\/v1\/AUTH_59edd422c0c84a879bd37670ae4f538a\/internal_photos\/bs\/2026\/Q\/4\/lIvFLbRXyaMVpFbzCoVw\/fta20260306232.jpg 984w, https:\/\/s2-g1.glbimg.com\/LxqXYu7DxYgTeIWwhENjDX06aaA=\/0x0:4200x2848\/640x0\/smart\/filters:strip_icc()\/i.s3.glbimg.com\/v1\/AUTH_59edd422c0c84a879bd37670ae4f538a\/internal_photos\/bs\/2026\/Q\/4\/lIvFLbRXyaMVpFbzCoVw\/fta20260306232.jpg 640w, https:\/\/s2-g1.glbimg.com\/JQ4-6V33embl57EqgcUqdo0XCG4=\/0x0:4200x2848\/600x0\/smart\/filters:strip_icc()\/i.s3.glbimg.com\/v1\/AUTH_59edd422c0c84a879bd37670ae4f538a\/internal_photos\/bs\/2026\/Q\/4\/lIvFLbRXyaMVpFbzCoVw\/fta20260306232.jpg 600w\" alt=\"Pessoas se protegem da chuva na cidade de S\u00e3o Paulo \u2014 Foto: Eliane Neves\/FotoArena\/Estad\u00e3o Conte\u00fado\" \/><\/figure>\n<\/div>\n<p class=\"content-media__description \">Pessoas se protegem da chuva na cidade de S\u00e3o Paulo \u2014 Foto: Eliane Neves\/FotoArena\/Estad\u00e3o Conte\u00fado<\/p>\n<\/div>\n<\/div>\n<\/div>\n<div id=\"chunk-enk0m\">\n<div class=\"mc-column content-text active-extra-styles\" data-block-type=\"raw\" data-block-weight=\"13\" data-block-id=\"9\">\n<div class=\"content-intertitle\">\n<h2>Previs\u00e3o do tempo para a cidade de S\u00e3o Paulo no fim de semana:<\/h2>\n<\/div>\n<\/div>\n<\/div>\n<div id=\"chunk-f5gbv\">\n<div class=\"mc-column content-text active-extra-styles \" data-block-type=\"unstyled\" data-block-weight=\"2\" data-block-id=\"10\">\n<p class=\" content-text__container \" data-track-category=\"Link no Texto\" data-track-links=\"\"><strong>Sexta (13)<\/strong><\/p>\n<\/div>\n<\/div>\n<div id=\"chunk-fj7va\">\n<div class=\"mc-column content-text active-extra-styles\" data-block-type=\"raw\" data-block-weight=\"29\" data-block-id=\"11\">\n<ul class=\"content-unordered-list\">\n<li><strong>\ud83c\udf25\ufe0fPrevis\u00e3o:<\/strong>\u00a0Sol com algumas nuvens e chuva passageira. \u00c0 noite, muitas nuvens mas com tempo firme.<\/li>\n<li><strong>\ud83c\udf21\ufe0f Temperatura:\u00a0<\/strong>M\u00ednima 19\u00baC \/ M\u00e1xima de 26\u00baC<\/li>\n<li><strong>\u2614 Chuva:\u00a0<\/strong>97% de chance<\/li>\n<\/ul>\n<\/div>\n<\/div>\n<div id=\"chunk-9qdcb\">\n<div class=\"mc-column content-text active-extra-styles \" data-block-type=\"unstyled\" data-block-weight=\"2\" data-block-id=\"12\">\n<p class=\" content-text__container \" data-track-category=\"Link no Texto\" data-track-links=\"\"><strong>S\u00e1bado (14)<\/strong><\/p>\n<\/div>\n<\/div>\n<div id=\"chunk-5ir4u\">\n<div class=\"mc-column content-text active-extra-styles\" data-block-type=\"raw\" data-block-weight=\"32\" data-block-id=\"13\">\n<ul class=\"content-unordered-list\">\n<li>\ud83c\udf25\ufe0f<strong>Previs\u00e3o:<\/strong>\u00a0Sol e aumento de nuvens de manh\u00e3. Pancadas de chuva \u00e0 tarde. \u00c0 noite o tempo fica aberto.<\/li>\n<li>\ud83c\udf21\ufe0f\u00a0<strong>Temperatura:<\/strong>\u00a0M\u00ednima 18\u00baC \/ M\u00e1xima de 27\u00baC<\/li>\n<li>\u2614\u00a0<strong>Chuva:\u00a0<\/strong>75% de chance<\/li>\n<\/ul>\n<\/div>\n<\/div>\n<div id=\"chunk-aoe8k\">\n<div class=\"mc-column content-text active-extra-styles \" data-block-type=\"unstyled\" data-block-weight=\"2\" data-block-id=\"14\">\n<p class=\" content-text__container \" data-track-category=\"Link no Texto\" data-track-links=\"\"><strong>Domingo (15)<\/strong><\/p>\n<\/div>\n<\/div>\n<div id=\"chunk-7ch95\">\n<div class=\"mc-column content-text active-extra-styles\" data-block-type=\"raw\" data-block-weight=\"28\" data-block-id=\"15\">\n<ul class=\"content-unordered-list\">\n<li>\ud83c\udf25\ufe0f<strong>Previs\u00e3o:<\/strong>\u00a0Dia de sol com algumas nuvens e n\u00e9voa ao amanhecer. Noite com poucas nuvens.<\/li>\n<li>\ud83c\udf21\ufe0f<strong>\u00a0Temperatura:<\/strong>\u00a0M\u00ednima 18\u00baC \/ M\u00e1xima de 29\u00baC<\/li>\n<li>\u2614<strong>\u00a0Chuva:\u00a0<\/strong>0% de chance<\/li>\n<\/ul>\n<\/div>\n<\/div>\n<div id=\"chunk-6i80f\">\n<div class=\"mc-column content-text active-extra-styles\" data-block-type=\"raw\" data-block-weight=\"12\" data-block-id=\"17\">\n<div class=\"content-intertitle\">\n<h2>Confira no v\u00eddeo abaixo a previs\u00e3o para o estado de S\u00e3o Paulo:<\/h2>\n<\/div>\n<\/div>\n<\/div>\n<div id=\"chunk-3vi50\">\n<div class=\"cxm-block-video content-media mc-column \" data-block-type=\"backstage-video\" data-block-id=\"18\">\n<div class=\"cxm-block-video__container cxm-block-video__container--fallback \">\n<div class=\"cxm-block-video__player-fixer\">\n<article class=\"cxm-block-video__player-wrapper\">\n<section class=\"cxm-block-video__player\">\n<div class=\"cxm-block-video__placeholder\" data-video-id=\"14425671\"><img decoding=\"async\" class=\"cxm-block-video__thumb\" title=\"Previs\u00e3o do tempo para o estado de SP\" src=\"https:\/\/s04.video.glbimg.com\/x240\/14425671.jpg\" alt=\"Previs\u00e3o do tempo para o estado de SP\" \/><\/div>\n<\/section>\n<\/article>\n<\/div>\n<div class=\"cxm-block-video__caption-container\">\n<p class=\"codex-caption codex-caption--small\">Previs\u00e3o do tempo para o estado de SP<\/p>\n<p>Fonte: G1<\/p>\n<\/div>\n<\/div>\n<\/div>\n<\/div>\n<\/div>\n<\/article>\n<\/div>\n","protected":false},"excerpt":{"rendered":"<p>Previs\u00e3o do tempo em SP: chuva diminui e sol aparece; veja como ficam as temperaturas na capital no fim de<\/p>\n","protected":false},"author":1,"featured_media":13374,"comment_status":"open","ping_status":"open","sticky":false,"template":"","format":"standard","meta":{"colormag_page_container_layout":"default_layout","colormag_page_sidebar_layout":"default_layout","footnotes":""},"categories":[99],"tags":[],"class_list":["post-13370","post","type-post","status-publish","format-standard","has-post-thumbnail","hentry","category-sp"],"_links":{"self":[{"href":"http:\/\/metropoleemfoco.com.br\/index.php?rest_route=\/wp\/v2\/posts\/13370","targetHints":{"allow":["GET"]}}],"collection":[{"href":"http:\/\/metropoleemfoco.com.br\/index.php?rest_route=\/wp\/v2\/posts"}],"about":[{"href":"http:\/\/metropoleemfoco.com.br\/index.php?rest_route=\/wp\/v2\/types\/post"}],"author":[{"embeddable":true,"href":"http:\/\/metropoleemfoco.com.br\/index.php?rest_route=\/wp\/v2\/users\/1"}],"replies":[{"embeddable":true,"href":"http:\/\/metropoleemfoco.com.br\/index.php?rest_route=%2Fwp%2Fv2%2Fcomments&post=13370"}],"version-history":[{"count":2,"href":"http:\/\/metropoleemfoco.com.br\/index.php?rest_route=\/wp\/v2\/posts\/13370\/revisions"}],"predecessor-version":[{"id":13417,"href":"http:\/\/metropoleemfoco.com.br\/index.php?rest_route=\/wp\/v2\/posts\/13370\/revisions\/13417"}],"wp:featuredmedia":[{"embeddable":true,"href":"http:\/\/metropoleemfoco.com.br\/index.php?rest_route=\/wp\/v2\/media\/13374"}],"wp:attachment":[{"href":"http:\/\/metropoleemfoco.com.br\/index.php?rest_route=%2Fwp%2Fv2%2Fmedia&parent=13370"}],"wp:term":[{"taxonomy":"category","embeddable":true,"href":"http:\/\/metropoleemfoco.com.br\/index.php?rest_route=%2Fwp%2Fv2%2Fcategories&post=13370"},{"taxonomy":"post_tag","embeddable":true,"href":"http:\/\/metropoleemfoco.com.br\/index.php?rest_route=%2Fwp%2Fv2%2Ftags&post=13370"}],"curies":[{"name":"wp","href":"https:\/\/api.w.org\/{rel}","templated":true}]}}