{"id":13364,"date":"2026-03-13T17:04:42","date_gmt":"2026-03-13T20:04:42","guid":{"rendered":"http:\/\/metropoleemfoco.com.br\/?p=13364"},"modified":"2026-03-13T17:04:42","modified_gmt":"2026-03-13T20:04:42","slug":"13364","status":"publish","type":"post","link":"http:\/\/metropoleemfoco.com.br\/?p=13364","title":{"rendered":""},"content":{"rendered":"<div class=\"ArticlePage-lede\">\n<div class=\"ArticlePage-lede-content\">\n<h1 class=\"Page-headline\">2\u00aa Edi\u00e7\u00e3o do Festival do Arroz agita a gastronomia de BH com receitas exclusivas<\/h1>\n<h2 class=\"Page-subHeadline\">Evento re\u00fane 20 estabelecimentos em um circuito que celebra a versatilidade do gr\u00e3o e a tradi\u00e7\u00e3o do queijo mineiro at\u00e9 o dia 22 de mar\u00e7o<\/h2>\n<div class=\"ArticlePage-actions-wrapper\">\n<div class=\"Page-byline\">\n<div class=\"Page-datePublished\"><\/div>\n<div class=\"Page-authors\"><a class=\"Link\" title=\"Giovanna Dami\u00e3o\" href=\"https:\/\/www.itatiaia.com.br\/autores\/giovanna-damiao\" rel=\"author\">Giovanna Dami\u00e3o<\/a><\/div>\n<\/div>\n<div class=\"Page-actions\">\n<div class=\"ActionBar\">\n<div class=\"ActionLink-message\"><\/div>\n<\/div>\n<\/div>\n<\/div>\n<\/div>\n<\/div>\n<div class=\"Page-lead\"><button class=\"containerImg\"><\/button><button class=\"containerImg\"><picture><source srcset=\"https:\/\/medias.itatiaia.com.br\/dims4\/default\/c07dd91\/2147483647\/strip\/true\/crop\/1199x675+1+0\/resize\/568x320!\/format\/webp\/quality\/90\/?url=https%3A%2F%2Fk2-prod-radio-itatiaia.s3.us-east-1.amazonaws.com%2Fbrightspot%2F59%2Ff7%2F7e1238c846af98e88efec8d8c8c9%2Fwhatsapp-image-2026-03-12-at-15-14-36.jpeg 568w,https:\/\/medias.itatiaia.com.br\/dims4\/default\/7018a66\/2147483647\/strip\/true\/crop\/1199x675+1+0\/resize\/768x432!\/format\/webp\/quality\/90\/?url=https%3A%2F%2Fk2-prod-radio-itatiaia.s3.us-east-1.amazonaws.com%2Fbrightspot%2F59%2Ff7%2F7e1238c846af98e88efec8d8c8c9%2Fwhatsapp-image-2026-03-12-at-15-14-36.jpeg 768w,https:\/\/medias.itatiaia.com.br\/dims4\/default\/1ac383e\/2147483647\/strip\/true\/crop\/1199x675+1+0\/resize\/1000x563!\/format\/webp\/quality\/90\/?url=https%3A%2F%2Fk2-prod-radio-itatiaia.s3.us-east-1.amazonaws.com%2Fbrightspot%2F59%2Ff7%2F7e1238c846af98e88efec8d8c8c9%2Fwhatsapp-image-2026-03-12-at-15-14-36.jpeg 1000w\" type=\"image\/webp\" \/><source srcset=\"https:\/\/medias.itatiaia.com.br\/dims4\/default\/3c7e274\/2147483647\/strip\/true\/crop\/1199x675+1+0\/resize\/1000x563!\/quality\/90\/?url=https%3A%2F%2Fk2-prod-radio-itatiaia.s3.us-east-1.amazonaws.com%2Fbrightspot%2F59%2Ff7%2F7e1238c846af98e88efec8d8c8c9%2Fwhatsapp-image-2026-03-12-at-15-14-36.jpeg\" \/><img loading=\"lazy\" decoding=\"async\" class=\"Image\" src=\"https:\/\/medias.itatiaia.com.br\/dims4\/default\/3c7e274\/2147483647\/strip\/true\/crop\/1199x675+1+0\/resize\/1000x563!\/quality\/90\/?url=https%3A%2F%2Fk2-prod-radio-itatiaia.s3.us-east-1.amazonaws.com%2Fbrightspot%2F59%2Ff7%2F7e1238c846af98e88efec8d8c8c9%2Fwhatsapp-image-2026-03-12-at-15-14-36.jpeg\" alt=\"Arroz\" width=\"1000\" height=\"563\" \/><\/picture><\/button><\/p>\n<div class=\"Figure-credit margin-small\">\n<p>Divulga\u00e7\u00e3o|Pablo Maia<\/p>\n<\/div>\n<div class=\"Figure-content\">\n<p>Pratos ser\u00e3o avaliados nos quesitos apresenta\u00e7\u00e3o, sabor e criatividade<\/p>\n<\/div>\n<\/div>\n<div class=\"Page-articleBody\" data-mrf-recirculation=\"Links do corpo do artigo\">\n<div class=\"RichTextArticleBody RichTextBody\">\n<p>O arroz, fiel escudeiro do feij\u00e3o no prato de cada dia, resolveu reivindicar o papel principal. Come\u00e7a nesta\u00a0<b>quinta-feira (12)<\/b>\u00a0o\u00a0<b>2\u00ba Festival do Arroz<\/b>, um circuito gastron\u00f4mico que percorre cerca de 20 bares e restaurantes de Belo Horizonte, com foco especial no bo\u00eamio bairro de Santa Tereza.<\/p>\n<p>At\u00e9 o\u00a0<b>domingo (22)<\/b>, o p\u00fablico poder\u00e1 experimentar cria\u00e7\u00f5es onde o arroz \u00e9 o centro das aten\u00e7\u00f5es, acompanhadas obrigatoriamente por uma sobremesa autoral que leve queijo, unindo dois pilares da identidade culin\u00e1ria de Minas Gerais.<\/p>\n<p>Os clientes que visitarem as casas participantes podem avaliar os pratos nos quesitos\u00a0<b>apresenta\u00e7\u00e3o, sabor e criatividade<\/b>. Um j\u00fari t\u00e9cnico, composto por especialistas como M\u00e1rcia Nunes (Dona Lucinha) e o chef Omar Brito, tamb\u00e9m avaliar\u00e1 os conjuntos gastron\u00f4micos.<\/p>\n<div id=\"itatiaia-follow-cta\">\n<div class=\"cta-text-container\"><span class=\"cta-title\">Mais de\u00a0<strong>sete milh\u00f5es de pessoas seguem a Itatiaia<\/strong>\u00a0no Google!<\/span><\/div>\n<div class=\"cta-button\">Seguir no Google<\/div>\n<\/div>\n<p>\u201cO arroz \u00e9 um ingrediente milenar que carrega mem\u00f3ria e afeto. O festival convida o p\u00fablico a redescobrir esse item t\u00e3o cotidiano a partir da criatividade dos chefs\u201d, destaca Miriam Cerutti, idealizadora do evento.<\/p>\n<p>O circuito conta com nomes tradicionais e novos sucessos da capital. No centro, o hist\u00f3rico\u00a0<b>Edif\u00edcio Maleta<\/b>\u00a0marca presen\u00e7a com o\u00a0<i>Com Amor Nani<\/i>\u00a0e o\u00a0<i>Restaurante Libra<\/i>. J\u00e1 em Santa Tereza, reduto oficial do festival, casas como o\u00a0<b>Bar e Museu Clube da Esquina<\/b>,\u00a0<b>Parada do Cardoso<\/b>\u00a0e\u00a0<b>Cais Lab<\/b>\u00a0apresentam suas vers\u00f5es para o tema. H\u00e1 op\u00e7\u00f5es at\u00e9 para quem frequenta a regi\u00e3o da\u00a0<b>Arena MRV<\/b>, com o\u00a0<i>Restaurante da Bia<\/i>.<\/p>\n<p>O encerramento ser\u00e1 no dia\u00a0<b>28 de mar\u00e7o<\/b>, em uma festa aberta ao p\u00fablico na\u00a0<b>Pra\u00e7a Duque de Caxias<\/b>, no Santa Tereza. O evento ter\u00e1 a comercializa\u00e7\u00e3o dos pratos do festival e a entrega dos certificados para os tr\u00eas melhores colocados, transformando a pra\u00e7a em uma grande cozinha a c\u00e9u aberto.<\/p>\n<h2>Confira!<\/h2>\n<p><b>2\u00ba Festival do Arroz<\/b><\/p>\n<ul>\n<li><b>Quando:<\/b>\u00a0De 12 a 22 de mar\u00e7o (Circuito nos restaurantes)<\/li>\n<li><b>Festa de Encerramento:<\/b>\u00a028 de mar\u00e7o, na Pra\u00e7a Duque de Caxias (Santa Tereza)<\/li>\n<li><b>Mais informa\u00e7\u00f5es e lista completa:<\/b>\u00a0<span class=\"LinkEnhancement\"><a class=\"Link\" href=\"https:\/\/www.instagram.com\/festivaldoarroz\" target=\"_blank\" rel=\"nofollow noopener\" data-mrf-link=\"https:\/\/www.instagram.com\/festivaldoarroz\">@festivaldoarroz<\/a><\/span><\/li>\n<\/ul>\n<p>Fonte: Itatiaia<\/p>\n<\/div>\n<\/div>\n","protected":false},"excerpt":{"rendered":"<p>2\u00aa Edi\u00e7\u00e3o do Festival do Arroz agita a gastronomia de BH com receitas exclusivas Evento re\u00fane 20 estabelecimentos em um<\/p>\n","protected":false},"author":1,"featured_media":13366,"comment_status":"open","ping_status":"open","sticky":false,"template":"","format":"standard","meta":{"colormag_page_container_layout":"default_layout","colormag_page_sidebar_layout":"default_layout","footnotes":""},"categories":[97],"tags":[],"class_list":["post-13364","post","type-post","status-publish","format-standard","has-post-thumbnail","hentry","category-gastronomia"],"_links":{"self":[{"href":"http:\/\/metropoleemfoco.com.br\/index.php?rest_route=\/wp\/v2\/posts\/13364","targetHints":{"allow":["GET"]}}],"collection":[{"href":"http:\/\/metropoleemfoco.com.br\/index.php?rest_route=\/wp\/v2\/posts"}],"about":[{"href":"http:\/\/metropoleemfoco.com.br\/index.php?rest_route=\/wp\/v2\/types\/post"}],"author":[{"embeddable":true,"href":"http:\/\/metropoleemfoco.com.br\/index.php?rest_route=\/wp\/v2\/users\/1"}],"replies":[{"embeddable":true,"href":"http:\/\/metropoleemfoco.com.br\/index.php?rest_route=%2Fwp%2Fv2%2Fcomments&post=13364"}],"version-history":[{"count":1,"href":"http:\/\/metropoleemfoco.com.br\/index.php?rest_route=\/wp\/v2\/posts\/13364\/revisions"}],"predecessor-version":[{"id":13367,"href":"http:\/\/metropoleemfoco.com.br\/index.php?rest_route=\/wp\/v2\/posts\/13364\/revisions\/13367"}],"wp:featuredmedia":[{"embeddable":true,"href":"http:\/\/metropoleemfoco.com.br\/index.php?rest_route=\/wp\/v2\/media\/13366"}],"wp:attachment":[{"href":"http:\/\/metropoleemfoco.com.br\/index.php?rest_route=%2Fwp%2Fv2%2Fmedia&parent=13364"}],"wp:term":[{"taxonomy":"category","embeddable":true,"href":"http:\/\/metropoleemfoco.com.br\/index.php?rest_route=%2Fwp%2Fv2%2Fcategories&post=13364"},{"taxonomy":"post_tag","embeddable":true,"href":"http:\/\/metropoleemfoco.com.br\/index.php?rest_route=%2Fwp%2Fv2%2Ftags&post=13364"}],"curies":[{"name":"wp","href":"https:\/\/api.w.org\/{rel}","templated":true}]}}