{"id":13358,"date":"2026-03-13T17:02:54","date_gmt":"2026-03-13T20:02:54","guid":{"rendered":"http:\/\/metropoleemfoco.com.br\/?p=13358"},"modified":"2026-03-15T16:08:51","modified_gmt":"2026-03-15T19:08:51","slug":"13358","status":"publish","type":"post","link":"http:\/\/metropoleemfoco.com.br\/?p=13358","title":{"rendered":"PM apreende 40 kg de drogas e det\u00e9m casal na zs de S\u00e3o Paulo"},"content":{"rendered":"<header class=\"group\/header group mx-auto box-border flex w-full max-w-full flex-col gap-4 pb-4 md:border-b md:border-neutral-200 [&amp;_.gallery]:-mx-4 [&amp;_.gallery]:outline [&amp;_.gallery]:outline-2 [&amp;_.gallery]:outline-neutral-950 [&amp;_.gallery]:lg:-mx-0 [&amp;_.gallery]:lg:outline-none\">\n<div class=\"flex w-full flex-col gap-4\">\n<div class=\"border-b pb-4 lg:border-b-0 lg:pb-0\" tabindex=\"1\">\n<h1 class=\"font-bold text-3xl lg:text-4xl\">PM apreende 40 kg de drogas e det\u00e9m casal na zs de S\u00e3o Paulo<\/h1>\n<\/div>\n<div tabindex=\"2\">\n<h2 class=\"text-lg font-normal group-[.isActiveSource]:text-xl\" data-single-excerpt=\"true\">Policiais tamb\u00e9m encontraram duas motos roubadas e uma r\u00e9plica de arma de fogo<\/h2>\n<\/div>\n<\/div>\n<div class=\"flex w-full flex-col gap-1\" data-single-author=\"true\"><span class=\"text-sm font-normal\"><a class=\"text-sm underline\" href=\"https:\/\/www.cnnbrasil.com.br\/autor\/giuliana-zanin\/\" target=\"_self\"><span class=\"text-sm font-medium\">Giuliana Zanin<\/span><\/a>, da CNN Brasil*, em S\u00e3o Paulo<\/span><time class=\"text-sm font-normal text-neutral-400\" datetime=\"2026-03-13T10:13:00Z\"><\/time><\/div>\n<div data-single-author=\"true\"><img decoding=\"async\" src=\"https:\/\/admin.cnnbrasil.com.br\/wp-content\/uploads\/sites\/12\/2026\/03\/WhatsApp-Image-2026-03-13-at-08.59.14.jpeg\" alt=\"PM apreende 40 kg de drogas e det\u00e9m casal na zona sul de S\u00e3o Paulo | CNN Brasil\" \/><\/div>\n<\/header>\n<div class=\"text-lg w-full pt-6 font-light text-neutral-800 group-[.isActiveSource&gt;*]:text-xl md:pt-10 [&amp;&gt;*:not(.single-product)]:mx-auto [&amp;&gt;*:not(.single-product)]:max-w-2xl [&amp;_.gallery]:mb-4 [&amp;_p]:my-4 first:[&amp;_p]:mt-0 [&amp;_strong]:font-medium\" data-single-content=\"true\">\n<div class=\"readme__element min-h-20 w-full\">\n<div id=\"audiome-container\">\n<div id=\"audiome-player\">\n<div id=\"audiomeTouchBar\"><\/div>\n<\/div>\n<\/div>\n<\/div>\n<p class=\"my-5 break-words group-[.isActiveSource]:text-xl\">A PMESP (Pol\u00edcia Militar do Estado de S\u00e3o Paulo) apreendeu, na madrugada desta sexta-feira (13), no Jardim Monte Verde, na zona sul de S\u00e3o Paulo,\u00a0<strong class=\"group-[.isActiveSource]:text-xl group-[.isActiveSource]:font-bold\">mais de 40 quilos em drogas, al\u00e9m de materiais para preparo utilizados para tr\u00e1fico de narc\u00f3ticos<\/strong>. Segundo a corpora\u00e7\u00e3o, um casal foi detido, duas motocicletas roubadas e uma r\u00e9plica de arma de fogo foram localizadas.<\/p>\n<p class=\"my-5 break-words group-[.isActiveSource]:text-xl\">Durante patrulhamento de rotina,\u00a0<a class=\"text-red-600 underline hover:text-red-500 font-medium break-words group-[.isActiveSource]:text-xl\" href=\"https:\/\/www.cnnbrasil.com.br\/nacional\/sudeste\/sp\/dupla-e-presa-com-quase-400-porcoes-de-drogas-apos-tentativa-de-fuga-em-sp\/\" target=\"_self\" rel=\"\"><strong class=\"group-[.isActiveSource]:text-xl group-[.isActiveSource]:font-bold\">policiais abordaram um indiv\u00edduo suspeito que tentou fugir para dentro de um im\u00f3vel<\/strong><\/a>. No local, os\u00a0<a class=\"text-red-600 underline hover:text-red-500 font-medium break-words group-[.isActiveSource]:text-xl\" href=\"https:\/\/www.cnnbrasil.com.br\/nacional\/sudeste\/sp\/carga-de-mais-de-130-kg-de-super-maconha-e-apreendida-em-sp\/\" target=\"_self\" rel=\"\"><strong class=\"group-[.isActiveSource]:text-xl group-[.isActiveSource]:font-bold\">agentes encontraram 28,5 kg de coca\u00edna, 6,2 kg de K2, 4,36 kg de crack, 1 kg de haxixe, 270 g de skank e 200 g de maconha<\/strong><\/a>.<\/p>\n<p class=\"my-5 break-words group-[.isActiveSource]:text-xl\">O caso foi\u00a0<a class=\"text-red-600 underline hover:text-red-500 font-medium break-words group-[.isActiveSource]:text-xl\" href=\"https:\/\/www.cnnbrasil.com.br\/nacional\/sudeste\/sp\/homem-e-preso-pela-terceira-vez-em-uma-semana-por-trafico-no-centro-de-sp\/\" target=\"_blank\" rel=\"noopener noreferrer\">registrado no 101\u00ba DP<\/a>\u00a0(Jardim das Imbuias) e segue em andamento.<\/p>\n<p class=\"my-5 break-words group-[.isActiveSource]:text-xl\"><em class=\"group-[.isActiveSource]:text-xl\">*Sob supervis\u00e3o de Tonny Aranha<\/em><\/p>\n<p>Fonte: CNN<\/p>\n<\/div>\n","protected":false},"excerpt":{"rendered":"<p>PM apreende 40 kg de drogas e det\u00e9m casal na zs de S\u00e3o Paulo Policiais tamb\u00e9m encontraram duas motos roubadas<\/p>\n","protected":false},"author":1,"featured_media":13362,"comment_status":"open","ping_status":"open","sticky":false,"template":"","format":"standard","meta":{"colormag_page_container_layout":"default_layout","colormag_page_sidebar_layout":"default_layout","footnotes":""},"categories":[3],"tags":[],"class_list":["post-13358","post","type-post","status-publish","format-standard","has-post-thumbnail","hentry","category-seu-bairro"],"_links":{"self":[{"href":"http:\/\/metropoleemfoco.com.br\/index.php?rest_route=\/wp\/v2\/posts\/13358","targetHints":{"allow":["GET"]}}],"collection":[{"href":"http:\/\/metropoleemfoco.com.br\/index.php?rest_route=\/wp\/v2\/posts"}],"about":[{"href":"http:\/\/metropoleemfoco.com.br\/index.php?rest_route=\/wp\/v2\/types\/post"}],"author":[{"embeddable":true,"href":"http:\/\/metropoleemfoco.com.br\/index.php?rest_route=\/wp\/v2\/users\/1"}],"replies":[{"embeddable":true,"href":"http:\/\/metropoleemfoco.com.br\/index.php?rest_route=%2Fwp%2Fv2%2Fcomments&post=13358"}],"version-history":[{"count":2,"href":"http:\/\/metropoleemfoco.com.br\/index.php?rest_route=\/wp\/v2\/posts\/13358\/revisions"}],"predecessor-version":[{"id":13407,"href":"http:\/\/metropoleemfoco.com.br\/index.php?rest_route=\/wp\/v2\/posts\/13358\/revisions\/13407"}],"wp:featuredmedia":[{"embeddable":true,"href":"http:\/\/metropoleemfoco.com.br\/index.php?rest_route=\/wp\/v2\/media\/13362"}],"wp:attachment":[{"href":"http:\/\/metropoleemfoco.com.br\/index.php?rest_route=%2Fwp%2Fv2%2Fmedia&parent=13358"}],"wp:term":[{"taxonomy":"category","embeddable":true,"href":"http:\/\/metropoleemfoco.com.br\/index.php?rest_route=%2Fwp%2Fv2%2Fcategories&post=13358"},{"taxonomy":"post_tag","embeddable":true,"href":"http:\/\/metropoleemfoco.com.br\/index.php?rest_route=%2Fwp%2Fv2%2Ftags&post=13358"}],"curies":[{"name":"wp","href":"https:\/\/api.w.org\/{rel}","templated":true}]}}