{"id":13357,"date":"2026-03-13T17:00:14","date_gmt":"2026-03-13T20:00:14","guid":{"rendered":"http:\/\/metropoleemfoco.com.br\/?p=13357"},"modified":"2026-03-15T20:06:35","modified_gmt":"2026-03-15T23:06:35","slug":"13357","status":"publish","type":"post","link":"http:\/\/metropoleemfoco.com.br\/?p=13357","title":{"rendered":"S\u00e3o Caetano promove atividades de sa\u00fade no M\u00eas da Mulher"},"content":{"rendered":"<div class=\"bg-gray-200 mt-5 px-4\">\n<div class=\"container mx-auto\">\n<div class=\"md:flex flex-row gap-12\">\n<div class=\"basis-7\/12\">\n<h1 class=\"text-4xl md:text-5xl font-bold text-azul-marinho mt-8\">S\u00e3o Caetano promove atividades de sa\u00fade no M\u00eas da Mulher<\/h1>\n<h2 class=\"text-base md:text-lg text-gray-800 py-7\">Comtid e Sesaud realizam a\u00e7\u00f5es de bem-estar e orienta\u00e7\u00e3o \u00e0 sa\u00fade para mulheres e idosos durante programa\u00e7\u00e3o especial do M\u00eas da Mulher<\/h2>\n<ul class=\"grid grid-cols-2 md:grid-cols-4 gap-4 pt-2 pb-1.5 px-3 list-none border border-verde-logo text-xs md:text-sm text-gray-800 bg-gray-100\">\n<li><strong>Autor:<\/strong>\u00a0Daniela Penatti<\/li>\n<li><strong>Fonte:<\/strong> PMSCS<\/li>\n<\/ul>\n<\/div>\n<div class=\"basis-5\/12 py-8\">\n<p class=\"border-t-6 border-t-verde-limao bg-white text-xs py-2 px-3 -mt-6 ml-6 w-3\/4 relative\"><strong>Cr\u00e9dito:<\/strong> Eric Romero \/ PMSCS<\/p>\n<\/div>\n<\/div>\n<\/div>\n<\/div>\n<div class=\"container mx-auto mt-12 px-4\">\n<div class=\"md:flex flex-row gap-10\">\n<div class=\"basis-8\/12\">\n<div class=\"txt-post\">\n<p class=\"wp-block-paragraph\">A programa\u00e7\u00e3o especial em comemora\u00e7\u00e3o ao\u00a0<strong>M\u00eas da Mulher<\/strong>\u00a0segue movimentando\u00a0<a href=\"https:\/\/www.saocaetanodosul.sp.gov.br\/\" target=\"_blank\" rel=\"noopener\">S\u00e3o Caetano<\/a>. Na manh\u00e3 desta quarta-feira (11\/3), a\u00a0<strong>Comtid<\/strong>\u00a0(Coordenadoria Municipal da Terceira Idade), em parceria com a\u00a0<strong>Sesaud<\/strong>\u00a0(Secretaria Municipal de Sa\u00fade), promoveu uma s\u00e9rie de atividades voltadas \u00e0\u00a0<strong>sa\u00fade<\/strong>, ao\u00a0<strong><a href=\"https:\/\/abcdoabc.com.br\/parque-em-ribeirao-pires-evento-bem-estar\" target=\"_blank\" rel=\"noopener\">bem-estar<\/a><\/strong>\u00a0e \u00e0 conscientiza\u00e7\u00e3o da popula\u00e7\u00e3o idosa.<\/p>\n<p class=\"wp-block-paragraph\">O evento reuniu participantes dos\u00a0<strong>CISEs<\/strong>\u00a0(Centros Integrados de Sa\u00fade e Educa\u00e7\u00e3o) e da\u00a0<strong>UBS Darcy Vargas<\/strong>, no\u00a0<strong>CISE Guimar\u00e3es Magarotto<\/strong>, no\u00a0<strong>Bairro Mau\u00e1<\/strong>. Durante toda a manh\u00e3, foram oferecidas atividades gratuitas voltadas ao cuidado integral da sa\u00fade.<\/p>\n<h2 class=\"wp-block-heading\">Atividades incluem dan\u00e7a, auriculoterapia e exames de sa\u00fade<\/h2>\n<figure class=\"wp-block-image size-large\"><img loading=\"lazy\" decoding=\"async\" class=\"wp-image-1171108\" src=\"https:\/\/wp.abcdoabc.com.br\/wp-content\/uploads\/2026\/03\/saude-bem-estar-idoso-scs-3-860x570.jpg\" sizes=\"auto, (max-width: 860px) 100vw, 860px\" srcset=\"https:\/\/cdn-imgs.s3.sa-east-1.amazonaws.com\/wp-content\/uploads\/2026\/03\/saude-bem-estar-idoso-scs-3-860x570.jpg 860w, https:\/\/cdn-imgs.s3.sa-east-1.amazonaws.com\/wp-content\/uploads\/2026\/03\/saude-bem-estar-idoso-scs-3-150x100.jpg 150w\" alt=\"sa\u00fade - M\u00eas da Mulher - S\u00e3o Caetano\" width=\"860\" height=\"570\" \/><figcaption class=\"wp-element-caption\">Eric Romero \/ PMSCS<\/figcaption><\/figure>\n<p class=\"wp-block-paragraph\">Entre as a\u00e7\u00f5es realizadas estiveram aulas de\u00a0<strong>dan\u00e7a, sess\u00f5es de auriculoterapia, atendimento com florais de Bach,<\/strong>\u00a0<strong>aferi\u00e7\u00e3o de press\u00e3o arterial<\/strong>\u00a0e\u00a0<strong>teste de glicemia<\/strong>\u00a0(dextro), al\u00e9m de orienta\u00e7\u00f5es sobre preven\u00e7\u00e3o do\u00a0<strong>c\u00e2ncer de c\u00f3lo<\/strong>n e reto.<\/p>\n<p class=\"wp-block-paragraph\">O evento contou com o apoio de profissionais da\u00a0<strong>ESF<\/strong>\u00a0(Equipe de Sa\u00fade da Fam\u00edlia) e da\u00a0<strong>eMulti<\/strong>\u00a0(Equipe Multiprofissional), incluindo educadora f\u00edsica, psic\u00f3loga, assistente social, fonoaudi\u00f3loga e fisioterapeuta, garantindo um atendimento diversificado e orienta\u00e7\u00f5es importantes para a promo\u00e7\u00e3o da sa\u00fade feminina.<\/p>\n<h2 class=\"wp-block-heading\">A\u00e7\u00e3o refor\u00e7a cuidado e valoriza\u00e7\u00e3o das mulheres<\/h2>\n<figure class=\"wp-block-image size-large\"><img loading=\"lazy\" decoding=\"async\" class=\"wp-image-1171107\" src=\"https:\/\/wp.abcdoabc.com.br\/wp-content\/uploads\/2026\/03\/saude-bem-estar-idoso-scs-2-860x570.jpg\" sizes=\"auto, (max-width: 860px) 100vw, 860px\" srcset=\"https:\/\/cdn-imgs.s3.sa-east-1.amazonaws.com\/wp-content\/uploads\/2026\/03\/saude-bem-estar-idoso-scs-2-860x570.jpg 860w, https:\/\/cdn-imgs.s3.sa-east-1.amazonaws.com\/wp-content\/uploads\/2026\/03\/saude-bem-estar-idoso-scs-2-150x100.jpg 150w\" alt=\"\" width=\"860\" height=\"570\" \/><figcaption class=\"wp-element-caption\">Eric Romero \/ PMSCS<\/figcaption><\/figure>\n<p class=\"wp-block-paragraph\">Segundo a coordenadora da Comtid,\u00a0<strong>Lucila Lorenzini<\/strong>, a iniciativa destaca a import\u00e2ncia do cuidado e da valoriza\u00e7\u00e3o das mulheres.<\/p>\n<p class=\"wp-block-paragraph\"><em>\u201cEssa a\u00e7\u00e3o teve como objetivo incentivar o autocuidado, ampliar o acesso aos servi\u00e7os de sa\u00fade e promover informa\u00e7\u00e3o, acolhimento e qualidade de vida\u201d<\/em>, afirmou.<\/p>\n<p class=\"wp-block-paragraph\">Com atividades voltadas \u00e0 sa\u00fade, bem-estar e preven\u00e7\u00e3o, a programa\u00e7\u00e3o do\u00a0<strong>M\u00eas da Mulher<\/strong>\u00a0refor\u00e7a a pol\u00edtica de aten\u00e7\u00e3o integral da Prefeitura de S\u00e3o Caetano, promovendo mais qualidade de vida para a popula\u00e7\u00e3o.<\/p>\n<p>Fonte: ABC do ABC<\/p>\n<\/div>\n<\/div>\n<\/div>\n<\/div>\n","protected":false},"excerpt":{"rendered":"<p>S\u00e3o Caetano promove atividades de sa\u00fade no M\u00eas da Mulher Comtid e Sesaud realizam a\u00e7\u00f5es de bem-estar e orienta\u00e7\u00e3o \u00e0<\/p>\n","protected":false},"author":1,"featured_media":13359,"comment_status":"open","ping_status":"open","sticky":false,"template":"","format":"standard","meta":{"colormag_page_container_layout":"default_layout","colormag_page_sidebar_layout":"default_layout","footnotes":""},"categories":[9],"tags":[],"class_list":["post-13357","post","type-post","status-publish","format-standard","has-post-thumbnail","hentry","category-saude"],"_links":{"self":[{"href":"http:\/\/metropoleemfoco.com.br\/index.php?rest_route=\/wp\/v2\/posts\/13357","targetHints":{"allow":["GET"]}}],"collection":[{"href":"http:\/\/metropoleemfoco.com.br\/index.php?rest_route=\/wp\/v2\/posts"}],"about":[{"href":"http:\/\/metropoleemfoco.com.br\/index.php?rest_route=\/wp\/v2\/types\/post"}],"author":[{"embeddable":true,"href":"http:\/\/metropoleemfoco.com.br\/index.php?rest_route=\/wp\/v2\/users\/1"}],"replies":[{"embeddable":true,"href":"http:\/\/metropoleemfoco.com.br\/index.php?rest_route=%2Fwp%2Fv2%2Fcomments&post=13357"}],"version-history":[{"count":2,"href":"http:\/\/metropoleemfoco.com.br\/index.php?rest_route=\/wp\/v2\/posts\/13357\/revisions"}],"predecessor-version":[{"id":13439,"href":"http:\/\/metropoleemfoco.com.br\/index.php?rest_route=\/wp\/v2\/posts\/13357\/revisions\/13439"}],"wp:featuredmedia":[{"embeddable":true,"href":"http:\/\/metropoleemfoco.com.br\/index.php?rest_route=\/wp\/v2\/media\/13359"}],"wp:attachment":[{"href":"http:\/\/metropoleemfoco.com.br\/index.php?rest_route=%2Fwp%2Fv2%2Fmedia&parent=13357"}],"wp:term":[{"taxonomy":"category","embeddable":true,"href":"http:\/\/metropoleemfoco.com.br\/index.php?rest_route=%2Fwp%2Fv2%2Fcategories&post=13357"},{"taxonomy":"post_tag","embeddable":true,"href":"http:\/\/metropoleemfoco.com.br\/index.php?rest_route=%2Fwp%2Fv2%2Ftags&post=13357"}],"curies":[{"name":"wp","href":"https:\/\/api.w.org\/{rel}","templated":true}]}}