{"id":13352,"date":"2026-03-13T16:57:28","date_gmt":"2026-03-13T19:57:28","guid":{"rendered":"http:\/\/metropoleemfoco.com.br\/?p=13352"},"modified":"2026-03-13T16:57:28","modified_gmt":"2026-03-13T19:57:28","slug":"13352","status":"publish","type":"post","link":"http:\/\/metropoleemfoco.com.br\/?p=13352","title":{"rendered":""},"content":{"rendered":"<div class=\"mc-article-header\">\n<div class=\"row content-head mc-column non-featured \">\n<div class=\"title\" data-block-type=\"title\" data-block-id=\"0\">\n<h1 class=\"content-head__title\">Lula diz que assessor do governo Trump s\u00f3 vai poder entrar no Brasil se Padilha puder entrar nos EUA<\/h1>\n<\/div>\n<div class=\"medium-centered subtitle\">\n<h2 class=\"content-head__subtitle\">Declara\u00e7\u00e3o do presidente ocorreu em agenda nesta sexta no Rio de Janeiro. No dia anterior, ministro Alexandre de Moraes negou visita de Darren Beattie a Bolsonaro na cadeia. Encontro foi solicitado pela defesa do ex-presidente.<\/h2>\n<\/div>\n<\/div>\n<div class=\"content__signa-share mc-column\">\n<div class=\"content__signature\">\n<div class=\"content-publication-data\">\n<div class=\"content-publication-data__text\">\n<p class=\"content-publication-data__from\" title=\"Kellen Barreto, Ricardo Abreu\">Por\u00a0<a class=\"multi_signatures\" href=\"https:\/\/g1.globo.com\/autores\/kellen-barreto\/\">Kellen Barreto<\/a>,\u00a0<a class=\"multi_signatures\" href=\"https:\/\/g1.globo.com\/autores\/ricardo-abreu\/\">Ricardo Abreu<\/a>, g1 e TV Globo\u00a0\u2014 Bras\u00edlia<\/p>\n<\/div>\n<\/div>\n<\/div>\n<\/div>\n<div class=\"glb-share-bar content__share-bar\">\n<div class=\"glb-share-bar_icons\">\n<div class=\"glb-share-bar_button-img\"><\/div>\n<div class=\"glb-share-bar_button-img\"><\/div>\n<div class=\"glb-share-bar_button-img\"><\/div>\n<\/div>\n<\/div>\n<div class=\"mc-summary mc-column\" data-block-type=\"summary\" data-block-id=\"1\">\n<details class=\"mc-summary-card bs-block--exclude-chunk-children\">\n<div class=\"mc-summary-card__summary-container\"><\/div>\n<div class=\"mc-summary-card__content\">\n<ul class=\"mc-summary-card__list\">\n<li class=\"mc-summary-card__item\">\n<div id=\"chunk-dsopn\">\n<div class=\"mc-column content-text active-extra-styles \" data-block-type=\"unstyled\" data-block-weight=\"\">\n<p class=\" content-text__container \" data-track-category=\"Link no Texto\" data-track-links=\"\">Lula afirmou que o assessor do presidente norte-americano Donald Trump para temas relacionados ao Brasil, Darren Beattie, s\u00f3 entrar\u00e1 no pa\u00eds quando o ministro da Sa\u00fade, Alexandre Padilha, puder entrar nos Estados Unidos.<\/p>\n<\/div>\n<\/div>\n<\/li>\n<li class=\"mc-summary-card__item\">\n<div id=\"chunk-6nldn\">\n<div class=\"mc-column content-text active-extra-styles \" data-block-type=\"unstyled\" data-block-weight=\"\">\n<p class=\" content-text__container \" data-track-category=\"Link no Texto\" data-track-links=\"\">A declara\u00e7\u00e3o do presidente ocorreu em agenda no Rio de Janeiro. Lula participou do evento de inaugura\u00e7\u00e3o do Hospital do Andara\u00ed.<\/p>\n<\/div>\n<\/div>\n<\/li>\n<li class=\"mc-summary-card__item\">\n<div id=\"chunk-f628r\">\n<div class=\"mc-column content-text active-extra-styles \" data-block-type=\"unstyled\" data-block-weight=\"\">\n<p class=\" content-text__container \" data-track-category=\"Link no Texto\" data-track-links=\"\">O Itamaraty revogou o visto de Darren Beattie. O Brasil argumentou estar usando o princ\u00edpio adotado internacionalmente, inclusive pelos americanos, de reciprocidade.<\/p>\n<\/div>\n<\/div>\n<\/li>\n<li class=\"mc-summary-card__item\">\n<div id=\"chunk-324ia\">\n<div class=\"mc-column content-text active-extra-styles \" data-block-type=\"unstyled\" data-block-weight=\"\">\n<p class=\" content-text__container \" data-track-category=\"Link no Texto\" data-track-links=\"\">Em agosto do ano passado, os Estados Unidos cancelaram o visto da mulher e da filha, de 10 anos, de Alexandre de Padilha. O visto do ministro n\u00e3o foi cancelado porque j\u00e1 estava vencido.<\/p>\n<\/div>\n<\/div>\n<\/li>\n<\/ul>\n<\/div>\n<\/details>\n<\/div>\n<\/div>\n<div class=\"mc-article-body\">\n<article>\n<div id=\"chunk-e7m7d\">\n<div class=\"cxm-block-video content-media mc-column \" data-block-type=\"backstage-video\" data-block-id=\"2\">\n<div class=\"cxm-block-video__container cxm-block-video__container--fallback \">\n<div class=\"cxm-block-video__player-fixer\">\n<article class=\"cxm-block-video__player-wrapper\">\n<section class=\"cxm-block-video__player\">\n<div class=\"cxm-block-video__placeholder\" data-video-id=\"14427339\"><img decoding=\"async\" class=\"cxm-block-video__thumb\" title=\"Lula diz que Beattie s\u00f3 entrar\u00e1 no pa\u00eds quando Padilha puder viajar aos Estados Unidos\" src=\"https:\/\/s04.video.glbimg.com\/x240\/14427339.jpg\" alt=\"Lula diz que Beattie s\u00f3 entrar\u00e1 no pa\u00eds quando Padilha puder viajar aos Estados Unidos\" \/><\/div>\n<\/section>\n<\/article>\n<\/div>\n<div class=\"cxm-block-video__caption-container\">\n<p class=\"codex-caption codex-caption--small\">Lula diz que Beattie s\u00f3 entrar\u00e1 no pa\u00eds quando Padilha puder viajar aos Estados Unidos<\/p>\n<\/div>\n<\/div>\n<\/div>\n<\/div>\n<div id=\"chunk-9n1g0\">\n<div class=\"mc-column content-text active-extra-styles \" data-block-type=\"unstyled\" data-block-weight=\"43\" data-block-id=\"3\">\n<p class=\" content-text__container \" data-track-category=\"Link no Texto\" data-track-links=\"\">O presidente\u00a0<a class=\"\" href=\"https:\/\/g1.globo.com\/tudo-sobre\/luiz-inacio-lula-da-silva\/\">Luiz In\u00e1cio Lula da Silva<\/a>\u00a0(PT) afirmou nesta sexta-feira (13) que o assessor do presidente norte-americano Donald Trump para temas relacionados ao Brasil, Darren Beattie, s\u00f3 entrar\u00e1 no pa\u00eds quando o ministro da Sa\u00fade,\u00a0<a class=\"\" href=\"https:\/\/g1.globo.com\/tudo-sobre\/alexandre-padilha\/\">Alexandre Padilha<\/a>, puder entrar nos Estados Unidos.<\/p>\n<\/div>\n<\/div>\n<div class=\"wall protected-content\">\n<div id=\"chunk-am619\">\n<div class=\"mc-column content-text active-extra-styles \" data-block-type=\"unstyled\" data-block-weight=\"24\" data-block-id=\"5\">\n<p class=\" content-text__container \" data-track-category=\"Link no Texto\" data-track-links=\"\">\ud83d\udec2<a class=\"\" href=\"https:\/\/g1.globo.com\/politica\/noticia\/2026\/03\/13\/itamaraty-revoga-visto-de-assessor-do-governo-trump-que-pediu-para-visitar-bolsonaro-na-cadeia.ghtml\"><strong>Nesta sexta, o Itamaraty revogou o visto de Darren Beattie<\/strong><\/a>.<em>\u00a0<\/em>O Brasil argumentou estar usando o princ\u00edpio adotado internacionalmente, inclusive pelos americanos, de reciprocidade.<\/p>\n<\/div>\n<\/div>\n<div id=\"chunk-6q2sc\">\n<div class=\"mc-column content-text active-extra-styles\" data-block-type=\"raw\" data-block-weight=\"42\" data-block-id=\"6\">\n<blockquote class=\"content-blockquote theme-border-color-primary-before\"><p>&#8220;Aquele cara americano que disse que vinha pra c\u00e1, pra visitar o Jair Bolsonaro, ele foi proibido de visitar e eu o proibi de vir ao Brasil, enquanto n\u00e3o liberar os vistos do ministro da Sa\u00fade [Alexandre Padilha], que est\u00e1 bloqueado&#8221;, afirmou.<\/p><\/blockquote>\n<\/div>\n<\/div>\n<div id=\"chunk-eeup2\">\n<div class=\"mc-column content-text active-extra-styles \" data-block-type=\"unstyled\" data-block-weight=\"35\" data-block-id=\"8\">\n<p class=\" content-text__container \" data-track-category=\"Link no Texto\" data-track-links=\"\">Em agosto do ano passado, os Estados Unidos cancelaram o visto da mulher e da filha, de 10 anos, de Alexandre de Padilha. O visto do ministro n\u00e3o foi cancelado porque j\u00e1 estava vencido.<\/p>\n<\/div>\n<\/div>\n<div id=\"chunk-76ce6\">\n<div class=\"mc-column content-text active-extra-styles \" data-block-type=\"unstyled\" data-block-weight=\"24\" data-block-id=\"9\">\n<p class=\" content-text__container \" data-track-category=\"Link no Texto\" data-track-links=\"\">No m\u00eas seguinte, Padilha afirmou ter recebido visto para participar de reuni\u00e3o na Assembleia Geral da Organiza\u00e7\u00e3o das Na\u00e7\u00f5es Unidas (ONU) em Nova York.<\/p>\n<\/div>\n<\/div>\n<div id=\"chunk-av50n\">\n<div class=\"mc-column content-text active-extra-styles \" data-block-type=\"unstyled\" data-block-weight=\"39\" data-block-id=\"10\">\n<p class=\" content-text__container \" data-track-category=\"Link no Texto\" data-track-links=\"\">&#8220;N\u00e3o, voc\u00ea sabe que bloquearam o visto do Padilha, o visto da mulher dele e o visto da filha dele de 10 anos, sabe? Ent\u00e3o, Padilha, esteja certo que voc\u00ea est\u00e1 sendo protegido&#8221;, afirmou\u00a0<a class=\"\" href=\"https:\/\/g1.globo.com\/politica\/politico\/lula\/\">Lula<\/a>\u00a0em refer\u00eancia ao epis\u00f3dio.<\/p>\n<\/div>\n<\/div>\n<div id=\"chunk-eb482\">\n<div class=\"mc-column content-text active-extra-styles \" data-block-type=\"unstyled\" data-block-weight=\"22\" data-block-id=\"11\">\n<p class=\" content-text__container \" data-track-category=\"Link no Texto\" data-track-links=\"\">A declara\u00e7\u00e3o do presidente ocorreu em agenda no Rio de Janeiro. Lula participou do evento de inaugura\u00e7\u00e3o do Hospital do Andara\u00ed.<\/p>\n<\/div>\n<\/div>\n<div id=\"chunk-ga7c\">\n<div class=\"mc-column content-text active-extra-styles\" data-block-type=\"raw\" data-block-weight=\"3\" data-block-id=\"12\">\n<div class=\"content-intertitle\">\n<h2>Moraes nega visita<\/h2>\n<\/div>\n<\/div>\n<\/div>\n<div id=\"chunk-bbco1\">\n<div class=\"mc-column content-text active-extra-styles \" data-block-type=\"unstyled\" data-block-weight=\"29\" data-block-id=\"15\">\n<p class=\" content-text__container \" data-track-category=\"Link no Texto\" data-track-links=\"\">Nesta quinta (12), o Ministro Alexandre de Moraes voltou atr\u00e1s e negou visita de assessor de Trump a Bolsonaro na cadeia. A visita foi solicitada pela defesa de Bolsonaro.<\/p>\n<\/div>\n<\/div>\n<div id=\"chunk-16sa1\">\n<div class=\"mc-column content-text active-extra-styles \" data-block-type=\"unstyled\" data-block-weight=\"40\" data-block-id=\"16\">\n<p class=\" content-text__container \" data-track-category=\"Link no Texto\" data-track-links=\"\">A nova decis\u00e3o do ministro veio ap\u00f3s o Itamaraty afirmar que o encontro entre Darren Beattie, assessor s\u00eanior do governo Donald Trump para pol\u00edticas relacionadas ao Brasil, e o ex-presidente poderia &#8220;configurar indevida inger\u00eancia nos assuntos internos do Estado brasileiro&#8221;.<\/p>\n<\/div>\n<\/div>\n<div id=\"chunk-9mif5\">\n<div class=\"mc-column content-text active-extra-styles \" data-block-type=\"unstyled\" data-block-weight=\"19\" data-block-id=\"17\">\n<p class=\" content-text__container \" data-track-category=\"Link no Texto\" data-track-links=\"\">O Minist\u00e9rio das Rela\u00e7\u00f5es Exteriores (MRE) tamb\u00e9m refor\u00e7ou que n\u00e3o havia compromisso diplom\u00e1tico j\u00e1 confirmado com Beattie neste momento.<\/p>\n<\/div>\n<\/div>\n<div id=\"chunk-cll03\">\n<div class=\"mc-column content-text active-extra-styles\" data-block-type=\"raw\" data-block-weight=\"60\" data-block-id=\"18\">\n<blockquote class=\"content-blockquote theme-border-color-primary-before\"><p>&#8220;A realiza\u00e7\u00e3o da visita de Darren Beattie, requerida nestes autos pela Defesa de Jair Messias Bolsonaro, n\u00e3o est\u00e1 inserida no contexto diplom\u00e1tico que autorizou a concess\u00e3o do visto e seu ingresso no territ\u00f3rio brasileiro, al\u00e9m de n\u00e3o ter sido comunicada, previamente, \u00e0s autoridades diplom\u00e1ticas brasileiras, o que, inclusive poderia ensejar a rean\u00e1lise do visto concedido&#8221;, disse Moraes na nova decis\u00e3o.<\/p><\/blockquote>\n<\/div>\n<\/div>\n<div id=\"chunk-ablm4\">\n<div class=\"mc-column content-text active-extra-styles \" data-block-type=\"unstyled\" data-block-weight=\"18\" data-block-id=\"19\">\n<p class=\" content-text__container \" data-track-category=\"Link no Texto\" data-track-links=\"\">No entendimento do governo,\u00a0<span class=\"highlight highlighted\">ele mentiu ao pedir o visto, segundo fontes ligadas \u00e0 diplomacia ouvidas pela\u00a0<\/span><strong><span class=\"highlight highlighted\">GloboNews<\/span><\/strong><span class=\"highlight highlighted\">.<\/span><\/p>\n<\/div>\n<\/div>\n<div id=\"chunk-3r381\">\n<div class=\"mc-column content-text active-extra-styles \" data-block-type=\"unstyled\" data-block-weight=\"24\" data-block-id=\"20\">\n<p class=\" content-text__container \" data-track-category=\"Link no Texto\" data-track-links=\"\">No \u00faltimo dia 10 de mar\u00e7o, a defesa de Bolsonaro solicitou a Moraes que fosse autorizada uma visita de Beattie ao ex-presidente na cadeia.<\/p>\n<\/div>\n<\/div>\n<div id=\"chunk-e5qr6\">\n<div class=\"mc-column content-text active-extra-styles \" data-block-type=\"unstyled\" data-block-weight=\"30\" data-block-id=\"21\">\n<p class=\" content-text__container \" data-track-category=\"Link no Texto\" data-track-links=\"\">No mesmo dia, Alexandre de Moraes autorizou a visita em dia diferente do solicitado pela defesa, que acabou refor\u00e7ando o pedido para que a visita ocorresse nas datas sugeridas inicialmente.<\/p>\n<\/div>\n<\/div>\n<div id=\"chunk-4ktbp\">\n<div class=\"mc-column content-text active-extra-styles \" data-block-type=\"unstyled\" data-block-weight=\"30\" data-block-id=\"23\">\n<p class=\" content-text__container \" data-track-category=\"Link no Texto\" data-track-links=\"\">Beattie \u00e9 cr\u00edtico do governo do presidente Lula e da atua\u00e7\u00e3o de Moraes. No governo americano, ele atua na formula\u00e7\u00e3o e acompanhamento de pol\u00edticas de Washington em rela\u00e7\u00e3o a Bras\u00edlia.<\/p>\n<\/div>\n<\/div>\n<div id=\"chunk-6icpq\">\n<div class=\"mc-column content-text active-extra-styles \" data-block-type=\"unstyled\" data-block-weight=\"28\" data-block-id=\"24\">\n<p class=\" content-text__container \" data-track-category=\"Link no Texto\" data-track-links=\"\">Desde janeiro, Bolsonaro cumpre pena de 27 anos de pris\u00e3o por envolvimento na tentativa de golpe de 2022 no 19\u00ba Batalh\u00e3o da Pol\u00edcia Militar, conhecido como Papudinha.<\/p>\n<\/div>\n<\/div>\n<div id=\"chunk-1nu0c\">\n<div class=\"mc-column content-text active-extra-styles \" data-block-type=\"unstyled\" data-block-weight=\"18\" data-block-id=\"25\">\n<p class=\" content-text__container \" data-track-category=\"Link no Texto\" data-track-links=\"\">As visitas ao ex-presidente precisam receber o aval de Moraes, relator do processo que levou Bolsonaro \u00e0 cadeia.<\/p>\n<\/div>\n<\/div>\n<div id=\"chunk-3dusp\">\n<div class=\"row medium-uncollapsed content-media content-photo\" data-block-type=\"backstage-photo\" data-block-id=\"26\">\n<div class=\" mc-column  content-media__container\">\n<div class=\"content-media-container glb-skeleton-box\">\n<figure class=\"content-media-figure\"><img decoding=\"async\" class=\"i-amphtml-fill-content i-amphtml-replaced-content\" src=\"https:\/\/s2-g1.glbimg.com\/l-28VhmBa5gwprDJuTJxRSDynmI=\/0x0:1920x1080\/984x0\/smart\/filters:strip_icc()\/i.s3.glbimg.com\/v1\/AUTH_59edd422c0c84a879bd37670ae4f538a\/internal_photos\/bs\/2026\/g\/p\/G5JD7IS92mx47nzxIKfg\/design-sem-nome-2026-02-27t111804.128.jpg\" sizes=\"(max-width: 1600px) 648px, 100vw\" srcset=\"https:\/\/s2-g1.glbimg.com\/UNz4NH0OUL4YKuQWmDkuQzv7VJ8=\/0x0:1920x1080\/1000x0\/smart\/filters:strip_icc()\/i.s3.glbimg.com\/v1\/AUTH_59edd422c0c84a879bd37670ae4f538a\/internal_photos\/bs\/2026\/g\/p\/G5JD7IS92mx47nzxIKfg\/design-sem-nome-2026-02-27t111804.128.jpg 1000w, https:\/\/s2-g1.glbimg.com\/l-28VhmBa5gwprDJuTJxRSDynmI=\/0x0:1920x1080\/984x0\/smart\/filters:strip_icc()\/i.s3.glbimg.com\/v1\/AUTH_59edd422c0c84a879bd37670ae4f538a\/internal_photos\/bs\/2026\/g\/p\/G5JD7IS92mx47nzxIKfg\/design-sem-nome-2026-02-27t111804.128.jpg 984w, https:\/\/s2-g1.glbimg.com\/oiPlrLfVHhfxYTZLmeFiUQejOj8=\/0x0:1920x1080\/640x0\/smart\/filters:strip_icc()\/i.s3.glbimg.com\/v1\/AUTH_59edd422c0c84a879bd37670ae4f538a\/internal_photos\/bs\/2026\/g\/p\/G5JD7IS92mx47nzxIKfg\/design-sem-nome-2026-02-27t111804.128.jpg 640w, https:\/\/s2-g1.glbimg.com\/t83zeVpM_3e-2T24UCtFKc70LdU=\/0x0:1920x1080\/600x0\/smart\/filters:strip_icc()\/i.s3.glbimg.com\/v1\/AUTH_59edd422c0c84a879bd37670ae4f538a\/internal_photos\/bs\/2026\/g\/p\/G5JD7IS92mx47nzxIKfg\/design-sem-nome-2026-02-27t111804.128.jpg 600w\" alt=\"Darren Beattie, pol\u00edtico de extrema direita nomeado para cargo de 'assessor s\u00eanior para a pol\u00edtica em rela\u00e7\u00e3o ao Brasil'. \u2014 Foto: Divulga\u00e7\u00e3o\/Departamento de Estado dos EUA\" \/><\/figure>\n<\/div>\n<p class=\"content-media__description  \">Darren Beattie, pol\u00edtico de extrema direita nomeado para cargo de &#8216;assessor s\u00eanior para a pol\u00edtica em rela\u00e7\u00e3o ao Brasil&#8217;. \u2014 Foto: Divulga\u00e7\u00e3o\/Departamento de Estado dos EUA<\/p>\n<\/div>\n<\/div>\n<\/div>\n<div id=\"chunk-57sa\">\n<div class=\"block-podcast\">\nFonte: G1<\/div>\n<\/div>\n<\/div>\n<\/article>\n<\/div>\n","protected":false},"excerpt":{"rendered":"<p>Lula diz que assessor do governo Trump s\u00f3 vai poder entrar no Brasil se Padilha puder entrar nos EUA Declara\u00e7\u00e3o<\/p>\n","protected":false},"author":1,"featured_media":13355,"comment_status":"open","ping_status":"open","sticky":false,"template":"","format":"standard","meta":{"colormag_page_container_layout":"default_layout","colormag_page_sidebar_layout":"default_layout","footnotes":""},"categories":[90],"tags":[],"class_list":["post-13352","post","type-post","status-publish","format-standard","has-post-thumbnail","hentry","category-brasil"],"_links":{"self":[{"href":"http:\/\/metropoleemfoco.com.br\/index.php?rest_route=\/wp\/v2\/posts\/13352","targetHints":{"allow":["GET"]}}],"collection":[{"href":"http:\/\/metropoleemfoco.com.br\/index.php?rest_route=\/wp\/v2\/posts"}],"about":[{"href":"http:\/\/metropoleemfoco.com.br\/index.php?rest_route=\/wp\/v2\/types\/post"}],"author":[{"embeddable":true,"href":"http:\/\/metropoleemfoco.com.br\/index.php?rest_route=\/wp\/v2\/users\/1"}],"replies":[{"embeddable":true,"href":"http:\/\/metropoleemfoco.com.br\/index.php?rest_route=%2Fwp%2Fv2%2Fcomments&post=13352"}],"version-history":[{"count":1,"href":"http:\/\/metropoleemfoco.com.br\/index.php?rest_route=\/wp\/v2\/posts\/13352\/revisions"}],"predecessor-version":[{"id":13356,"href":"http:\/\/metropoleemfoco.com.br\/index.php?rest_route=\/wp\/v2\/posts\/13352\/revisions\/13356"}],"wp:featuredmedia":[{"embeddable":true,"href":"http:\/\/metropoleemfoco.com.br\/index.php?rest_route=\/wp\/v2\/media\/13355"}],"wp:attachment":[{"href":"http:\/\/metropoleemfoco.com.br\/index.php?rest_route=%2Fwp%2Fv2%2Fmedia&parent=13352"}],"wp:term":[{"taxonomy":"category","embeddable":true,"href":"http:\/\/metropoleemfoco.com.br\/index.php?rest_route=%2Fwp%2Fv2%2Fcategories&post=13352"},{"taxonomy":"post_tag","embeddable":true,"href":"http:\/\/metropoleemfoco.com.br\/index.php?rest_route=%2Fwp%2Fv2%2Ftags&post=13352"}],"curies":[{"name":"wp","href":"https:\/\/api.w.org\/{rel}","templated":true}]}}