{"id":13351,"date":"2026-03-13T16:55:46","date_gmt":"2026-03-13T19:55:46","guid":{"rendered":"http:\/\/metropoleemfoco.com.br\/?p=13351"},"modified":"2026-03-13T16:55:46","modified_gmt":"2026-03-13T19:55:46","slug":"13351","status":"publish","type":"post","link":"http:\/\/metropoleemfoco.com.br\/?p=13351","title":{"rendered":""},"content":{"rendered":"<header class=\"group\/header group mx-auto box-border flex w-full max-w-full flex-col gap-4 pb-4 md:border-b md:border-neutral-200 [&amp;_.gallery]:-mx-4 [&amp;_.gallery]:outline [&amp;_.gallery]:outline-2 [&amp;_.gallery]:outline-neutral-950 [&amp;_.gallery]:lg:-mx-0 [&amp;_.gallery]:lg:outline-none\">\n<div class=\"flex w-full flex-col gap-4\">\n<div class=\"border-b pb-4 lg:border-b-0 lg:pb-0\" tabindex=\"1\">\n<h1 class=\"font-bold text-3xl lg:text-4xl\" data-single-title=\"true\">Trump volta a falar sobre Ir\u00e3 na Copa do Mundo: &#8220;N\u00e3o acho apropriado&#8221;<\/h1>\n<\/div>\n<div tabindex=\"2\">\n<h2 class=\"text-lg font-normal group-[.isActiveSource]:text-xl\" data-single-excerpt=\"true\">Presidente dos Estados Unidos usou rede social Truth para comentar sobre a participa\u00e7\u00e3o do pa\u00eds no Mundial<\/h2>\n<\/div>\n<\/div>\n<div class=\"flex w-full flex-col gap-1\" data-single-author=\"true\"><span class=\"text-sm font-normal\"><a class=\"text-sm underline\" href=\"https:\/\/www.cnnbrasil.com.br\/autor\/ana-cristina-schwambach\/\" target=\"_self\"><span class=\"text-sm font-medium\">Ana Cristina Schwambach<\/span><\/a>, da CNN Brasil<\/span><\/div>\n<\/header>\n<div class=\"text-lg w-full pt-6 font-light text-neutral-800 group-[.isActiveSource&gt;*]:text-xl md:pt-10 [&amp;&gt;*:not(.single-product)]:mx-auto [&amp;&gt;*:not(.single-product)]:max-w-2xl [&amp;_.gallery]:mb-4 [&amp;_p]:my-4 first:[&amp;_p]:mt-0 [&amp;_strong]:font-medium\" data-single-content=\"true\">\n<div class=\"readme__element min-h-20 w-full\"><\/div>\n<p class=\"my-5 break-words group-[.isActiveSource]:text-xl\"><strong class=\"group-[.isActiveSource]:text-xl group-[.isActiveSource]:font-bold\">Donald Trump<\/strong>\u00a0voltou a falar sobre a participa\u00e7\u00e3o do\u00a0<strong class=\"group-[.isActiveSource]:text-xl group-[.isActiveSource]:font-bold\">Ir\u00e3<\/strong>\u00a0na\u00a0<strong class=\"group-[.isActiveSource]:text-xl group-[.isActiveSource]:font-bold\">Copa do Mundo de 2026<\/strong>, que ser\u00e1 sediada por Estados Unidos, Canad\u00e1 e M\u00e9xico. O presidente dos EUA disse, nesta quinta-feira (12), que a sele\u00e7\u00e3o iraniana \u00e9 bem-vinda ao Mundial, mas que n\u00e3o considera a participa\u00e7\u00e3o do pa\u00eds apropriada.<\/p>\n<p class=\"my-5 break-words group-[.isActiveSource]:text-xl\">&#8220;A Sele\u00e7\u00e3o de Futebol do Ir\u00e3 \u00e9 bem-vinda \u00e0 Copa do Mundo, mas eu realmente n\u00e3o acho que seja apropriado que eles estejam l\u00e1, para a pr\u00f3pria vida e seguran\u00e7a deles. Agrade\u00e7o a aten\u00e7\u00e3o dispensada a este assunto&#8221;, escreveu na rede social Truth.<\/p>\n<p class=\"my-5 break-words group-[.isActiveSource]:text-xl\">O Ir\u00e3 est\u00e1 no Grupo G do Mundial, ao lado de B\u00e9lgica, Egito e Nova Zel\u00e2ndia, por\u00e9m, a\u00a0<a class=\"text-red-600 underline hover:text-red-500 font-medium break-words group-[.isActiveSource]:text-xl\" href=\"https:\/\/www.cnnbrasil.com.br\/internacional\/guerra-no-oriente-medio-equipe-da-cnn-relata-grandes-explosoes-no-ira\/\" target=\"_self\" rel=\"\">guerra no Oriente M\u00e9dio<\/a>, que teve in\u00edcio\u00a0<a class=\"text-red-600 underline hover:text-red-500 font-medium break-words group-[.isActiveSource]:text-xl\" href=\"https:\/\/www.cnnbrasil.com.br\/internacional\/trump-confirma-ataque-ao-ira-e-diz-que-pretende-defender-o-povo-americano\/\" target=\"_self\" rel=\"\">ap\u00f3s ataques de Estados Unidos e Israel contra o Ir\u00e3<\/a>, colocou em d\u00favida a participa\u00e7\u00e3o da sele\u00e7\u00e3o iraniana no Mundial. Os tr\u00eas jogos do Ir\u00e3 pela fase de grupos est\u00e3o programadas para ocorrer nos Estados Unidos \u2014 dois em Los Angeles e um em Seattle.<\/p>\n<p class=\"my-5 break-words group-[.isActiveSource]:text-xl\">No dia 3 de mar\u00e7o, Trump j\u00e1 havia dito que n\u00e3o se importava com a participa\u00e7\u00e3o do Ir\u00e3 na Copa. &#8220;Eu realmente n\u00e3o me importo. Acho que o Ir\u00e3 \u00e9 um pa\u00eds muito derrotado. Eles est\u00e3o por um fio&#8221;, disse ao ve\u00edculo &#8220;Politico&#8221;.<\/p>\n<p class=\"my-5 break-words group-[.isActiveSource]:text-xl\">Posteriormente, o presidente da Fifa, Gianni Infantino, tentou contornar a situa\u00e7\u00e3o. Na \u00faltima quarta-feira (11),\u00a0<a class=\"text-red-600 underline hover:text-red-500 font-medium break-words group-[.isActiveSource]:text-xl\" href=\"https:\/\/www.cnnbrasil.com.br\/esportes\/futebol\/copa-do-mundo\/infantino-afirma-que-trump-apoia-a-presenca-do-ira-na-copa-do-mundo-de-2026\/\" target=\"_self\" rel=\"\">o dirigente afirmou que se reuniu com Donald Trump, que teria declarado apoio \u00e0 participa\u00e7\u00e3o do Ir\u00e3 na Copa<\/a>.<\/p>\n<p class=\"my-5 break-words group-[.isActiveSource]:text-xl\">\u201cDurante as discuss\u00f5es,\u00a0o presidente Trump reiterou que a sele\u00e7\u00e3o do Ir\u00e3 \u00e9, claro, bem-vinda para competir no torneio nos Estados Unidos\u201d, disse Infantino.<\/p>\n<h2 class=\"text-2xl my-5 font-bold break-words\">Ir\u00e3 pode desistir da Copa<\/h2>\n<p class=\"my-5 break-words group-[.isActiveSource]:text-xl\">O ministro do Esporte do\u00a0Ir\u00e3, Ahmad Donyamali, afirmou na \u00faltima quarta-feira (10)\u00a0<a class=\"text-red-600 underline hover:text-red-500 font-medium break-words group-[.isActiveSource]:text-xl\" href=\"https:\/\/www.cnnbrasil.com.br\/esportes\/futebol\/copa-do-mundo\/ministro-do-esporte-afirma-que-ira-nao-pode-participar-da-copa-do-mundo\/\" target=\"_self\" rel=\"\">que o pa\u00eds n\u00e3o pode participar da Copa do Mundo de 2026<\/a>\u00a0ap\u00f3s os Estados Unidos, coanfitri\u00f5es do torneio, lan\u00e7arem ataques a\u00e9reos contra o pa\u00eds ao lado de Israel, a\u00e7\u00e3o que, segundo ele, resultou na morte do l\u00edder iraniano Ali Khamenei.<\/p>\n<p class=\"my-5 break-words group-[.isActiveSource]:text-xl my-5 break-words group-[.isActiveSource]:text-xl\">Os bombardeios ocorreram h\u00e1 quase duas semanas e provocaram a\u00a0<a class=\"text-red-600 underline hover:text-red-500 font-medium break-words group-[.isActiveSource]:text-xl\" href=\"https:\/\/www.cnnbrasil.com.br\/internacional\/guerra-no-oriente-medio-veja-como-foram-os-ataques-dos-eua-e-israel-ao-ira\/\" target=\"_blank\" rel=\"noopener noreferrer\">morte do l\u00edder supremo<\/a>\u00a0da Ir\u00e3, desencadeando um conflito em toda a regi\u00e3o do Golfo.<\/p>\n<p class=\"my-5 break-words group-[.isActiveSource]:text-xl my-5 break-words group-[.isActiveSource]:text-xl\">\u201cConsiderando que esse regime corrupto assassinou nosso l\u00edder, em nenhuma circunst\u00e2ncia podemos\u00a0<a class=\"text-red-600 underline hover:text-red-500 font-medium break-words group-[.isActiveSource]:text-xl\" href=\"https:\/\/www.cnnbrasil.com.br\/esportes\/futebol\/futebol-internacional\/presidente-de-federacao-do-ira-diz-que-participacao-na-copa-e-improvavel\/\" target=\"_blank\" rel=\"noopener noreferrer\">participar da Copa do Mundo<\/a>\u201d, declarou Donyamali \u00e0 televis\u00e3o estatal.<\/p>\n<p class=\"my-5 break-words group-[.isActiveSource]:text-xl\">A Copa do Mundo com 48 equipes ser\u00e1 realizada entre 11 de junho e 19 de julho, com sedes nos Estados Unidos, M\u00e9xico e Canad\u00e1.<\/p>\n<p>Fonte: CNN<\/p>\n<\/div>\n","protected":false},"excerpt":{"rendered":"<p>Trump volta a falar sobre Ir\u00e3 na Copa do Mundo: &#8220;N\u00e3o acho apropriado&#8221; Presidente dos Estados Unidos usou rede social<\/p>\n","protected":false},"author":1,"featured_media":13353,"comment_status":"open","ping_status":"open","sticky":false,"template":"","format":"standard","meta":{"colormag_page_container_layout":"default_layout","colormag_page_sidebar_layout":"default_layout","footnotes":""},"categories":[91],"tags":[],"class_list":["post-13351","post","type-post","status-publish","format-standard","has-post-thumbnail","hentry","category-mundo"],"_links":{"self":[{"href":"http:\/\/metropoleemfoco.com.br\/index.php?rest_route=\/wp\/v2\/posts\/13351","targetHints":{"allow":["GET"]}}],"collection":[{"href":"http:\/\/metropoleemfoco.com.br\/index.php?rest_route=\/wp\/v2\/posts"}],"about":[{"href":"http:\/\/metropoleemfoco.com.br\/index.php?rest_route=\/wp\/v2\/types\/post"}],"author":[{"embeddable":true,"href":"http:\/\/metropoleemfoco.com.br\/index.php?rest_route=\/wp\/v2\/users\/1"}],"replies":[{"embeddable":true,"href":"http:\/\/metropoleemfoco.com.br\/index.php?rest_route=%2Fwp%2Fv2%2Fcomments&post=13351"}],"version-history":[{"count":1,"href":"http:\/\/metropoleemfoco.com.br\/index.php?rest_route=\/wp\/v2\/posts\/13351\/revisions"}],"predecessor-version":[{"id":13354,"href":"http:\/\/metropoleemfoco.com.br\/index.php?rest_route=\/wp\/v2\/posts\/13351\/revisions\/13354"}],"wp:featuredmedia":[{"embeddable":true,"href":"http:\/\/metropoleemfoco.com.br\/index.php?rest_route=\/wp\/v2\/media\/13353"}],"wp:attachment":[{"href":"http:\/\/metropoleemfoco.com.br\/index.php?rest_route=%2Fwp%2Fv2%2Fmedia&parent=13351"}],"wp:term":[{"taxonomy":"category","embeddable":true,"href":"http:\/\/metropoleemfoco.com.br\/index.php?rest_route=%2Fwp%2Fv2%2Fcategories&post=13351"},{"taxonomy":"post_tag","embeddable":true,"href":"http:\/\/metropoleemfoco.com.br\/index.php?rest_route=%2Fwp%2Fv2%2Ftags&post=13351"}],"curies":[{"name":"wp","href":"https:\/\/api.w.org\/{rel}","templated":true}]}}