{"id":13345,"date":"2026-03-12T06:00:28","date_gmt":"2026-03-12T09:00:28","guid":{"rendered":"http:\/\/metropoleemfoco.com.br\/?p=13345"},"modified":"2026-03-11T22:52:56","modified_gmt":"2026-03-12T01:52:56","slug":"13345","status":"publish","type":"post","link":"http:\/\/metropoleemfoco.com.br\/?p=13345","title":{"rendered":""},"content":{"rendered":"<header class=\"group\/header group mx-auto box-border flex w-full max-w-full flex-col gap-4 pb-4 md:border-b md:border-neutral-200 [&amp;_.gallery]:-mx-4 [&amp;_.gallery]:outline [&amp;_.gallery]:outline-2 [&amp;_.gallery]:outline-neutral-950 [&amp;_.gallery]:lg:-mx-0 [&amp;_.gallery]:lg:outline-none\">\n<div class=\"flex w-full flex-col gap-4\">\n<div class=\"border-b pb-4 lg:border-b-0 lg:pb-0\" tabindex=\"1\">\n<h1 class=\"font-bold text-3xl lg:text-4xl\">S\u00e3o Paulo abre inscri\u00e7\u00f5es para curso gratuito de portugu\u00eas para imigrantes<\/h1>\n<\/div>\n<div tabindex=\"2\">\n<h2 class=\"text-lg font-normal group-[.isActiveSource]:text-xl\" data-single-excerpt=\"true\">Programa Portas Abertas oferece aulas em tr\u00eas n\u00edveis e aceita matr\u00edculas de estrangeiros sem documenta\u00e7\u00e3o regular<\/h2>\n<\/div>\n<\/div>\n<div class=\"flex w-full flex-col gap-1\" data-single-author=\"true\"><span class=\"text-sm font-normal\"><a class=\"text-sm underline\" href=\"https:\/\/www.cnnbrasil.com.br\/autor\/tatiana-cavalcanti\/\" target=\"_self\"><span class=\"text-sm font-medium\">Tatiana Cavalcanti<\/span><\/a>, colabora\u00e7\u00e3o para a CNN Brasil<\/span><\/div>\n<div class=\"h-auto w-fit cursor-pointer group-has-[.featuredImage]:w-full group-has-[.gallery]:w-full group-has-[.mosaic-large]:w-full group-has-[.mosaic-small]:w-fit [#gut-square_&amp;]:w-full [#gut-square_&amp;]:lg:w-fit [#gut-trio_&amp;]:w-full [#manchete-section-one_&amp;]:h-full [#manchete-section-one_&amp;]:w-full\" tabindex=\"0\" role=\"button\" aria-controls=\"modal-content\" aria-expanded=\"false\" aria-haspopup=\"true\">\n<div class=\"group\/featureImage featuredImage relative w-full\" data-image=\"true\">\n<div class=\"fullScreenButton absolute right-0 z-20 mr-2 mt-2 size-6 rounded-sm bg-red-600 p-0 hover:bg-red-500 sm:p-1 md:mr-4 md:mt-4 md:size-8\"><\/div>\n<figure class=\"group\/featureImage featuredImage relative z-10 mb-4 flex shrink flex-col gap-2\">\n<div class=\"featuredImage--image z-10 -mx-4 flex items-center justify-center bg-neutral-950 lg:mx-0 lg:overflow-hidden lg:rounded-lg\"><picture class=\"flex object-cover overflow-clip w-full aspect-video\"><source srcset=\"https:\/\/admin.cnnbrasil.com.br\/wp-content\/uploads\/sites\/12\/2026\/03\/young-african-american-traveler-man-holding-air-tickets-globe-stretching-it-out-camera-looking-confident-smiling.jpg?w=1200&amp;h=900&amp;crop=0\" media=\"(min-width: 1024px)\" \/><source srcset=\"https:\/\/admin.cnnbrasil.com.br\/wp-content\/uploads\/sites\/12\/2026\/03\/young-african-american-traveler-man-holding-air-tickets-globe-stretching-it-out-camera-looking-confident-smiling.jpg?w=849&amp;h=477&amp;crop=0\" media=\"(min-width: 768px)\" \/><img loading=\"lazy\" decoding=\"async\" class=\"flex size-full object-cover\" src=\"https:\/\/admin.cnnbrasil.com.br\/wp-content\/uploads\/sites\/12\/2026\/03\/young-african-american-traveler-man-holding-air-tickets-globe-stretching-it-out-camera-looking-confident-smiling.jpg?w=419&amp;h=283&amp;crop=0\" alt=\"S\u00e3o Paulo abre inscri\u00e7\u00f5es para curso gratuito de portugu\u00eas para imigrantes\" width=\"419\" height=\"283\" \/><\/picture><\/div><figcaption class=\"featuredImage--caption text-neutral-500\"><span class=\"text-sm font-medium featuredImage--subtitle\">S\u00e3o Paulo abre inscri\u00e7\u00f5es para curso gratuito de portugu\u00eas para imigrantes<\/span><span class=\"text-xs font-normal featuredImage--credits\">\u00a0 \u2022 Freepik<\/span><\/figcaption><\/figure>\n<\/div>\n<\/div>\n<\/header>\n<div class=\"text-lg w-full pt-6 font-light text-neutral-800 group-[.isActiveSource&gt;*]:text-xl md:pt-10 [&amp;&gt;*:not(.single-product)]:mx-auto [&amp;&gt;*:not(.single-product)]:max-w-2xl [&amp;_.gallery]:mb-4 [&amp;_p]:my-4 first:[&amp;_p]:mt-0 [&amp;_strong]:font-medium\" data-single-content=\"true\">\n<p class=\"my-5 break-words group-[.isActiveSource]:text-xl\">A Prefeitura de S\u00e3o Paulo abriu inscri\u00e7\u00f5es para o programa &#8220;Portas Abertas: Portugu\u00eas para Imigrantes&#8221;, iniciativa que oferece ensino gratuito do idioma em diferentes regi\u00f5es da capital.<\/p>\n<p class=\"my-5 break-words group-[.isActiveSource]:text-xl\">O curso contempla os n\u00edveis b\u00e1sico, intermedi\u00e1rio e avan\u00e7ado, com matr\u00edculas dispon\u00edveis durante todo o ano.<\/p>\n<p class=\"my-5 break-words group-[.isActiveSource]:text-xl\">As aulas ocorrem em unidades da rede municipal de ensino e s\u00e3o ministradas por docentes com forma\u00e7\u00e3o espec\u00edfica para o atendimento a esse p\u00fablico.<\/p>\n<p class=\"my-5 break-words group-[.isActiveSource]:text-xl\">O programa \u00e9 direcionado \u00e0 comunidade migrante em geral e a familiares de estudantes matriculados nas\u00a0<a class=\"text-red-600 underline hover:text-red-500 font-medium break-words group-[.isActiveSource]:text-xl\" href=\"https:\/\/www.cnnbrasil.com.br\/educacao\/prefeitura-de-sp-abre-inscricoes-para-recreio-nas-ferias-veja-como\/\" target=\"_blank\" rel=\"noopener noreferrer\">escolas municipais<\/a>.<\/p>\n<p class=\"my-5 break-words group-[.isActiveSource]:text-xl\">A a\u00e7\u00e3o \u00e9 coordenada pelas secretarias municipais de Educa\u00e7\u00e3o e de Direitos Humanos e Cidadania.<\/p>\n<p class=\"my-5 break-words group-[.isActiveSource]:text-xl\">O objetivo central \u00e9 assegurar o acesso \u00e0 l\u00edngua portuguesa para facilitar a inser\u00e7\u00e3o no\u00a0<a class=\"text-red-600 underline hover:text-red-500 font-medium break-words group-[.isActiveSource]:text-xl\" href=\"https:\/\/www.cnnbrasil.com.br\/economia\/macroeconomia\/caminho-da-capacitacao-profissionaliza-75-mil-pessoas-em-sp-em-2025\/\" target=\"_blank\" rel=\"noopener noreferrer\">mercado de trabalho formal<\/a> e auxiliar nos processos de regulariza\u00e7\u00e3o migrat\u00f3ria.<\/p>\n<h2 class=\"text-2xl my-5 font-bold break-words\">Inscri\u00e7\u00e3o<\/h2>\n<p class=\"my-5 break-words group-[.isActiveSource]:text-xl\">O programa estabelece que qualquer imigrante, refugiado ou ap\u00e1trida a partir de 16 anos pode realizar a inscri\u00e7\u00e3o. A falta de documentos ou a situa\u00e7\u00e3o migrat\u00f3ria irregular n\u00e3o impedem a participa\u00e7\u00e3o.<\/p>\n<p class=\"my-5 break-words group-[.isActiveSource]:text-xl\">Atualmente, a\u00a0<a class=\"text-red-600 underline hover:text-red-500 font-medium break-words group-[.isActiveSource]:text-xl\" href=\"https:\/\/www.cnnbrasil.com.br\/educacao\/prefeitura-de-sp-abre-inscricoes-para-curso-gratuito-de-game-developer\/\" target=\"_blank\" rel=\"noopener noreferrer\">rede municipal de ensino<\/a>\u00a0conta com mais de 4 mil unidades, incluindo os CEUs (Centros Unificados de Educa\u00e7\u00e3o), onde o projeto \u00e9 operacionalizado por meio de 13 DREs (Diretorias Regionais de Educa\u00e7\u00e3o).<\/p>\n<h3 class=\"text-xl my-5 font-bold break-words\">Programa &#8220;Portas Abertas: Portugu\u00eas para Imigrantes&#8221;<\/h3>\n<ul class=\"list-none [li&gt;&amp;]:pl-5\">\n<li class=\"[ul&gt;&amp;]:indent-5 mb-3 break-words [ul&gt;&amp;]:relative [ul&gt;&amp;]:before:absolute [ul&gt;&amp;]:before:left-1 [ul&gt;&amp;]:before:top-2 [ul&gt;&amp;]:before:w-2 [ul&gt;&amp;]:before:h-2 [ul&gt;&amp;]:before:bg-red-600 [ul&gt;&amp;]:before:rounded-full marker:inline group-[.isActiveSource]:text-xl\"><strong class=\"group-[.isActiveSource]:text-xl group-[.isActiveSource]:font-bold\">P\u00fablico:<\/strong>\u00a0imigrantes, refugiados e ap\u00e1tridas a partir de 16 anos<\/li>\n<li class=\"[ul&gt;&amp;]:indent-5 mb-3 break-words [ul&gt;&amp;]:relative [ul&gt;&amp;]:before:absolute [ul&gt;&amp;]:before:left-1 [ul&gt;&amp;]:before:top-2 [ul&gt;&amp;]:before:w-2 [ul&gt;&amp;]:before:h-2 [ul&gt;&amp;]:before:bg-red-600 [ul&gt;&amp;]:before:rounded-full marker:inline group-[.isActiveSource]:text-xl\"><strong class=\"group-[.isActiveSource]:text-xl group-[.isActiveSource]:font-bold\">Custo:<\/strong>\u00a0gratuito<\/li>\n<li class=\"[ul&gt;&amp;]:indent-5 mb-3 break-words [ul&gt;&amp;]:relative [ul&gt;&amp;]:before:absolute [ul&gt;&amp;]:before:left-1 [ul&gt;&amp;]:before:top-2 [ul&gt;&amp;]:before:w-2 [ul&gt;&amp;]:before:h-2 [ul&gt;&amp;]:before:bg-red-600 [ul&gt;&amp;]:before:rounded-full marker:inline group-[.isActiveSource]:text-xl\"><strong class=\"group-[.isActiveSource]:text-xl group-[.isActiveSource]:font-bold\">Documenta\u00e7\u00e3o:<\/strong>\u00a0n\u00e3o \u00e9 obrigat\u00f3ria a apresenta\u00e7\u00e3o de documentos regulares para inscri\u00e7\u00e3o<\/li>\n<li class=\"[ul&gt;&amp;]:indent-5 mb-3 break-words [ul&gt;&amp;]:relative [ul&gt;&amp;]:before:absolute [ul&gt;&amp;]:before:left-1 [ul&gt;&amp;]:before:top-2 [ul&gt;&amp;]:before:w-2 [ul&gt;&amp;]:before:h-2 [ul&gt;&amp;]:before:bg-red-600 [ul&gt;&amp;]:before:rounded-full marker:inline group-[.isActiveSource]:text-xl\"><strong class=\"group-[.isActiveSource]:text-xl group-[.isActiveSource]:font-bold\">N\u00edveis:<\/strong>\u00a0b\u00e1sico, intermedi\u00e1rio e avan\u00e7ado<\/li>\n<li class=\"[ul&gt;&amp;]:indent-5 mb-3 break-words [ul&gt;&amp;]:relative [ul&gt;&amp;]:before:absolute [ul&gt;&amp;]:before:left-1 [ul&gt;&amp;]:before:top-2 [ul&gt;&amp;]:before:w-2 [ul&gt;&amp;]:before:h-2 [ul&gt;&amp;]:before:bg-red-600 [ul&gt;&amp;]:before:rounded-full marker:inline group-[.isActiveSource]:text-xl\"><strong class=\"group-[.isActiveSource]:text-xl group-[.isActiveSource]:font-bold\">Locais:<\/strong>\u00a0lista de unidades e endere\u00e7os est\u00e1 dispon\u00edvel no\u00a0<a class=\"text-red-600 underline hover:text-red-500 font-medium break-words group-[.isActiveSource]:text-xl\" href=\"https:\/\/educacao.sme.prefeitura.sp.gov.br\/neer\/projeto-portas-abertas-portugues-para-imigrantes\/\" target=\"_blank\" rel=\"noopener noreferrer\">portal da Secretaria Municipal de Educa\u00e7\u00e3o<\/a><\/li>\n<\/ul>\n<div class=\"\"><iframe loading=\"lazy\" class=\"mx-auto my-4 w-full overflow-hidden\" title=\"story-embed\" src=\"https:\/\/stories.cnnbrasil.com.br\/educacao\/conheca-plataformas-que-oferecem-cursos-gratuitos-e-on-line-da-usp\/\" width=\"360\" height=\"600\" sandbox=\"allow-scripts allow-popups allow-top-navigation allow-same-origin\" data-web-stories-embed=\"true\" data-mce-fragment=\"1\"><\/iframe><\/p>\n<p>Fonte: CNN<\/p><\/div>\n<\/div>\n","protected":false},"excerpt":{"rendered":"<p>S\u00e3o Paulo abre inscri\u00e7\u00f5es para curso gratuito de portugu\u00eas para imigrantes Programa Portas Abertas oferece aulas em tr\u00eas n\u00edveis e<\/p>\n","protected":false},"author":1,"featured_media":13349,"comment_status":"open","ping_status":"open","sticky":false,"template":"","format":"standard","meta":{"colormag_page_container_layout":"default_layout","colormag_page_sidebar_layout":"default_layout","footnotes":""},"categories":[101],"tags":[],"class_list":["post-13345","post","type-post","status-publish","format-standard","has-post-thumbnail","hentry","category-educacao"],"_links":{"self":[{"href":"http:\/\/metropoleemfoco.com.br\/index.php?rest_route=\/wp\/v2\/posts\/13345","targetHints":{"allow":["GET"]}}],"collection":[{"href":"http:\/\/metropoleemfoco.com.br\/index.php?rest_route=\/wp\/v2\/posts"}],"about":[{"href":"http:\/\/metropoleemfoco.com.br\/index.php?rest_route=\/wp\/v2\/types\/post"}],"author":[{"embeddable":true,"href":"http:\/\/metropoleemfoco.com.br\/index.php?rest_route=\/wp\/v2\/users\/1"}],"replies":[{"embeddable":true,"href":"http:\/\/metropoleemfoco.com.br\/index.php?rest_route=%2Fwp%2Fv2%2Fcomments&post=13345"}],"version-history":[{"count":1,"href":"http:\/\/metropoleemfoco.com.br\/index.php?rest_route=\/wp\/v2\/posts\/13345\/revisions"}],"predecessor-version":[{"id":13350,"href":"http:\/\/metropoleemfoco.com.br\/index.php?rest_route=\/wp\/v2\/posts\/13345\/revisions\/13350"}],"wp:featuredmedia":[{"embeddable":true,"href":"http:\/\/metropoleemfoco.com.br\/index.php?rest_route=\/wp\/v2\/media\/13349"}],"wp:attachment":[{"href":"http:\/\/metropoleemfoco.com.br\/index.php?rest_route=%2Fwp%2Fv2%2Fmedia&parent=13345"}],"wp:term":[{"taxonomy":"category","embeddable":true,"href":"http:\/\/metropoleemfoco.com.br\/index.php?rest_route=%2Fwp%2Fv2%2Fcategories&post=13345"},{"taxonomy":"post_tag","embeddable":true,"href":"http:\/\/metropoleemfoco.com.br\/index.php?rest_route=%2Fwp%2Fv2%2Ftags&post=13345"}],"curies":[{"name":"wp","href":"https:\/\/api.w.org\/{rel}","templated":true}]}}