{"id":13344,"date":"2026-03-12T06:00:27","date_gmt":"2026-03-12T09:00:27","guid":{"rendered":"http:\/\/metropoleemfoco.com.br\/?p=13344"},"modified":"2026-03-11T22:50:28","modified_gmt":"2026-03-12T01:50:28","slug":"13344","status":"publish","type":"post","link":"http:\/\/metropoleemfoco.com.br\/?p=13344","title":{"rendered":""},"content":{"rendered":"<div class=\"mc-article-header\">\n<div class=\"row content-head mc-column non-featured \">\n<div class=\"title\" data-block-type=\"title\" data-block-id=\"0\">\n<h1 class=\"content-head__title\">Franca x Minas na Champions League: onde assistir ao vivo e hor\u00e1rio<\/h1>\n<\/div>\n<div class=\"medium-centered subtitle\">\n<h2 class=\"content-head__subtitle\">Time paulista pode carimbar vaga no Final Four em caso de nova vit\u00f3ria<\/h2>\n<\/div>\n<\/div>\n<div class=\"content__signa-share mc-column\">\n<div class=\"content__signature\">\n<div class=\"content-publication-data\">\n<div class=\"content-publication-data__text\">\n<p class=\"content-publication-data__from\" title=\"Reda\u00e7\u00e3o do ge\">Por Reda\u00e7\u00e3o do ge\u00a0\u2014 Franca, SP<\/p>\n<\/div>\n<\/div>\n<\/div>\n<\/div>\n<div class=\"glb-share-bar content__share-bar\">\n<div class=\"glb-share-bar_icons\">\n<div class=\"glb-share-bar_button-img\"><\/div>\n<div class=\"glb-share-bar_button-img\"><\/div>\n<div class=\"glb-share-bar_button-img\"><\/div>\n<\/div>\n<\/div>\n<hr class=\"content__divider \" \/>\n<\/div>\n<div class=\"mc-article-body\">\n<article>\n<div id=\"chunk-cqdbh\">\n<div class=\"cxm-block-video content-media mc-column \" data-block-type=\"backstage-video\" data-block-id=\"1\">\n<div class=\"cxm-block-video__container \">\n<div class=\"cxm-block-video__player-fixer\">\n<article class=\"cxm-block-video__player-wrapper\">\n<section class=\"cxm-block-video__player\">\n<div class=\"cxm-block-video__placeholder\" data-video-id=\"14372148\"><img decoding=\"async\" class=\"cxm-block-video__thumb\" title=\"NBB: Franca derrota Vasco; Rio Claro perde para Cruzeiro\" src=\"https:\/\/s01.video.glbimg.com\/x240\/14372148.jpg\" alt=\"NBB: Franca derrota Vasco; Rio Claro perde para Cruzeiro\" \/><\/div>\n<\/section>\n<\/article>\n<\/div>\n<div class=\"cxm-block-video__caption-container\">\n<p class=\"codex-caption codex-caption--small\">NBB: Franca derrota Vasco; Rio Claro perde para Cruzeiro<\/p>\n<\/div>\n<\/div>\n<\/div>\n<\/div>\n<div id=\"chunk-ngqo\">\n<div class=\"mc-column content-text active-extra-styles \" data-block-type=\"unstyled\" data-block-weight=\"44\" data-block-id=\"2\">\n<p class=\" content-text__container \" data-track-category=\"Link no Texto\" data-track-links=\"\" data-mrf-recirculation=\"Artigo - Link no Texto\">Sesi Franca Basquete e Minas T\u00eanis Clube se enfrentam na noite desta quarta-feira pelo segundo jogo da s\u00e9rie melhor de tr\u00eas das quartas de final da Champions League das Am\u00e9ricas (BCLA) 2025\/2026. A bola sobe \u00e0s 19h40 (de Bras\u00edlia), no Pedroc\u00e3o, em Franca (SP)<\/p>\n<\/div>\n<\/div>\n<div class=\"wall protected-content\">\n<div id=\"chunk-1aso1\">\n<div class=\"mc-column content-text active-extra-styles \" data-block-type=\"unstyled\" data-block-weight=\"41\" data-block-id=\"4\">\n<p class=\" content-text__container \" data-track-category=\"Link no Texto\" data-track-links=\"\" data-mrf-recirculation=\"Artigo - Link no Texto\">Como os francanos venceram o primeiro jogo, em Belo Horizonte, por 98 a 90, agora eles est\u00e3o a uma vit\u00f3ria da vaga no Final Four. Caso Minas ven\u00e7a, o terceiro e decisivo duelo ser\u00e1 nesta quinta-feira, \u00e0s 19h10, novamente no Pedroc\u00e3o.<\/p>\n<\/div>\n<\/div>\n<div id=\"chunk-a2eah\">\n<div class=\"row medium-uncollapsed content-media content-photo\" data-block-type=\"backstage-photo\" data-block-id=\"5\">\n<div class=\" mc-column  content-media__container\">\n<div class=\"content-media-container glb-skeleton-box\">\n<figure class=\"content-media-figure\"><img decoding=\"async\" class=\"i-amphtml-fill-content i-amphtml-replaced-content\" src=\"https:\/\/s2-ge.glbimg.com\/UYCypT7ERWWVCsvyHhyhKcQRqyE=\/0x0:2048x1365\/984x0\/smart\/filters:strip_icc()\/i.s3.glbimg.com\/v1\/AUTH_bc8228b6673f488aa253bbcb03c80ec5\/internal_photos\/bs\/2025\/X\/P\/pydzZWTjiASRvvi7Pw1Q\/54573704298-d12d5efb85-k.jpg\" sizes=\"(max-width: 1600px) 648px, 100vw\" srcset=\"https:\/\/s2-ge.glbimg.com\/Z7rXqVCg9y5SwIOVgb_0KMZXqrQ=\/0x0:2048x1365\/1000x0\/smart\/filters:strip_icc()\/i.s3.glbimg.com\/v1\/AUTH_bc8228b6673f488aa253bbcb03c80ec5\/internal_photos\/bs\/2025\/X\/P\/pydzZWTjiASRvvi7Pw1Q\/54573704298-d12d5efb85-k.jpg 1000w, https:\/\/s2-ge.glbimg.com\/UYCypT7ERWWVCsvyHhyhKcQRqyE=\/0x0:2048x1365\/984x0\/smart\/filters:strip_icc()\/i.s3.glbimg.com\/v1\/AUTH_bc8228b6673f488aa253bbcb03c80ec5\/internal_photos\/bs\/2025\/X\/P\/pydzZWTjiASRvvi7Pw1Q\/54573704298-d12d5efb85-k.jpg 984w, https:\/\/s2-ge.glbimg.com\/wDQ9tZa96aieqpxGPSO0ibr9cFE=\/0x0:2048x1365\/640x0\/smart\/filters:strip_icc()\/i.s3.glbimg.com\/v1\/AUTH_bc8228b6673f488aa253bbcb03c80ec5\/internal_photos\/bs\/2025\/X\/P\/pydzZWTjiASRvvi7Pw1Q\/54573704298-d12d5efb85-k.jpg 640w, https:\/\/s2-ge.glbimg.com\/5Dx9lRLuPczoudzTdGGyxwVnLUw=\/0x0:2048x1365\/600x0\/smart\/filters:strip_icc()\/i.s3.glbimg.com\/v1\/AUTH_bc8228b6673f488aa253bbcb03c80ec5\/internal_photos\/bs\/2025\/X\/P\/pydzZWTjiASRvvi7Pw1Q\/54573704298-d12d5efb85-k.jpg 600w\" alt=\"Franca recebe Minas nas quartas da BCLA \u2014 Foto: Marcos Limonti\/Sesi Franca Basquete\" \/><\/figure>\n<\/div>\n<p class=\"content-media__description  \">Franca recebe Minas nas quartas da BCLA \u2014 Foto: Marcos Limonti\/Sesi Franca Basquete<\/p>\n<\/div>\n<\/div>\n<\/div>\n<div id=\"chunk-6o735\">\n<div class=\"mc-column content-text active-extra-styles \" data-block-type=\"unstyled\" data-block-weight=\"35\" data-block-id=\"7\">\n<p class=\" content-text__container \" data-track-category=\"Link no Texto\" data-track-links=\"\" data-mrf-recirculation=\"Artigo - Link no Texto\">O Minas terminou a primeira fase na segunda posi\u00e7\u00e3o do Grupo C. A campanha tem quatro vit\u00f3rias e duas derrotas. O l\u00edder da chave foi o Boca Juniors-ARG e o terceiro colocado foi o Aguada-URU.<\/p>\n<\/div>\n<\/div>\n<div id=\"chunk-2adfd\">\n<div class=\"mc-column content-text active-extra-styles \" data-block-type=\"unstyled\" data-block-weight=\"20\" data-block-id=\"8\">\n<p class=\" content-text__container \" data-track-category=\"Link no Texto\" data-track-links=\"\" data-mrf-recirculation=\"Artigo - Link no Texto\">J\u00e1 o Franca liderou o Grupo D, que tamb\u00e9m tinha o Instituto de C\u00f3rdoba-ARG, segundo colocado, e a Universidad Concepci\u00f3n-CHI.<\/p>\n<\/div>\n<\/div>\n<div data-track-category=\"multicontent\" data-track-action=\"multicontent\" data-track-noninteraction=\"false\" data-track-scroll=\"ultimo chunk conteudo\" data-track-value=\"view\" data-mrf-recirculation=\"Artigo - Multicontent\">\n<div id=\"chunk-cv5cl\">\n<div class=\"mc-column content-text active-extra-styles \" data-block-type=\"unstyled\" data-block-weight=\"9\" data-block-id=\"9\">\n<p class=\" content-text__container \" data-track-category=\"Link no Texto\" data-track-links=\"\" data-mrf-recirculation=\"Artigo - Link no Texto\">A partida ter\u00e1 transmiss\u00e3o do YouTube da FIBA Am\u00e9ricas.<\/p>\n<p>Fonte: Ge<\/p>\n<\/div>\n<\/div>\n<\/div>\n<\/div>\n<\/article>\n<\/div>\n","protected":false},"excerpt":{"rendered":"<p>Franca x Minas na Champions League: onde assistir ao vivo e hor\u00e1rio Time paulista pode carimbar vaga no Final Four<\/p>\n","protected":false},"author":1,"featured_media":13347,"comment_status":"open","ping_status":"open","sticky":false,"template":"","format":"standard","meta":{"colormag_page_container_layout":"default_layout","colormag_page_sidebar_layout":"default_layout","footnotes":""},"categories":[102],"tags":[],"class_list":["post-13344","post","type-post","status-publish","format-standard","has-post-thumbnail","hentry","category-esportes"],"_links":{"self":[{"href":"http:\/\/metropoleemfoco.com.br\/index.php?rest_route=\/wp\/v2\/posts\/13344","targetHints":{"allow":["GET"]}}],"collection":[{"href":"http:\/\/metropoleemfoco.com.br\/index.php?rest_route=\/wp\/v2\/posts"}],"about":[{"href":"http:\/\/metropoleemfoco.com.br\/index.php?rest_route=\/wp\/v2\/types\/post"}],"author":[{"embeddable":true,"href":"http:\/\/metropoleemfoco.com.br\/index.php?rest_route=\/wp\/v2\/users\/1"}],"replies":[{"embeddable":true,"href":"http:\/\/metropoleemfoco.com.br\/index.php?rest_route=%2Fwp%2Fv2%2Fcomments&post=13344"}],"version-history":[{"count":1,"href":"http:\/\/metropoleemfoco.com.br\/index.php?rest_route=\/wp\/v2\/posts\/13344\/revisions"}],"predecessor-version":[{"id":13348,"href":"http:\/\/metropoleemfoco.com.br\/index.php?rest_route=\/wp\/v2\/posts\/13344\/revisions\/13348"}],"wp:featuredmedia":[{"embeddable":true,"href":"http:\/\/metropoleemfoco.com.br\/index.php?rest_route=\/wp\/v2\/media\/13347"}],"wp:attachment":[{"href":"http:\/\/metropoleemfoco.com.br\/index.php?rest_route=%2Fwp%2Fv2%2Fmedia&parent=13344"}],"wp:term":[{"taxonomy":"category","embeddable":true,"href":"http:\/\/metropoleemfoco.com.br\/index.php?rest_route=%2Fwp%2Fv2%2Fcategories&post=13344"},{"taxonomy":"post_tag","embeddable":true,"href":"http:\/\/metropoleemfoco.com.br\/index.php?rest_route=%2Fwp%2Fv2%2Ftags&post=13344"}],"curies":[{"name":"wp","href":"https:\/\/api.w.org\/{rel}","templated":true}]}}