{"id":13333,"date":"2026-03-12T06:00:25","date_gmt":"2026-03-12T09:00:25","guid":{"rendered":"http:\/\/metropoleemfoco.com.br\/?p=13333"},"modified":"2026-03-11T22:42:17","modified_gmt":"2026-03-12T01:42:17","slug":"13333","status":"publish","type":"post","link":"http:\/\/metropoleemfoco.com.br\/?p=13333","title":{"rendered":""},"content":{"rendered":"<div class=\"not_tit\">\n<h1>Meio Ambiente: Projeto \u201cGuardi\u00f5es da \u00c1gua\u201d conscientiza alunos sobre import\u00e2ncia da preserva\u00e7\u00e3o h\u00eddrica<\/h1>\n<\/div>\n<div class=\"not_line\"><\/div>\n<p class=\"post-information\"><i class=\"fa fa-folder-open-o\" aria-hidden=\"true\"><\/i>\u00a0Meio Ambiente<\/p>\n<div class=\"post-content\">\n<p>A Escola Municipal Raimundo Bahia Nova foi a primeira unidade a receber o projeto \u201cGuardi\u00f5es da \u00c1gua\u201d, uma iniciativa do M\u00f3dulo de Educa\u00e7\u00e3o Ambiental da Secretaria Municipal do Meio Ambiente (Semma). A a\u00e7\u00e3o, iniciada nesta quarta-feira (11), tem o objetivo de sensibilizar os alunos sobre a import\u00e2ncia da preserva\u00e7\u00e3o da \u00e1gua.<\/p>\n<p>Diversas escolas do munic\u00edpio participar\u00e3o das atividades, que abordam a import\u00e2ncia da conserva\u00e7\u00e3o de rios e nascentes. A proposta \u00e9 educar crian\u00e7as, que s\u00e3o mais receptivas \u00e0 mensagem, incentivando-as a se tornarem defensoras da \u00e1gua e a compartilharem esses aprendizados com suas fam\u00edlias. O projeto ocorre em alus\u00e3o ao m\u00eas de conscientiza\u00e7\u00e3o e ao Dia Mundial da \u00c1gua (22 de mar\u00e7o) e ter\u00e1 o encerramento previsto para o dia 24, na Pra\u00e7a da Juventude.<\/p>\n<p><img loading=\"lazy\" decoding=\"async\" class=\"size-large wp-image-449940 aligncenter colorbox-449935\" src=\"https:\/\/www.pmvc.ba.gov.br\/wp-content\/uploads\/WhatsApp-Image-2026-03-11-at-10.00.30-1024x576.jpeg\" sizes=\"auto, (max-width: 1024px) 100vw, 1024px\" srcset=\"https:\/\/www.pmvc.ba.gov.br\/wp-content\/uploads\/WhatsApp-Image-2026-03-11-at-10.00.30-1024x576.jpeg 1024w, https:\/\/www.pmvc.ba.gov.br\/wp-content\/uploads\/WhatsApp-Image-2026-03-11-at-10.00.30-560x315.jpeg 560w, https:\/\/www.pmvc.ba.gov.br\/wp-content\/uploads\/WhatsApp-Image-2026-03-11-at-10.00.30-768x432.jpeg 768w, https:\/\/www.pmvc.ba.gov.br\/wp-content\/uploads\/WhatsApp-Image-2026-03-11-at-10.00.30.jpeg 1280w\" alt=\"\" width=\"1024\" height=\"576\" \/><\/p>\n<p>Lucineia Soares, t\u00e9cnica do M\u00f3dulo de Educa\u00e7\u00e3o Ambiental da Semma, explicou que o projeto visitar\u00e1 duas escolas por semana. Ela destacou ainda que a programa\u00e7\u00e3o final contar\u00e1 com o plantio de \u00e1rvores em \u00e1reas de mananciais.<\/p>\n<p>Ap\u00f3s participar da forma\u00e7\u00e3o, a aluna do 4\u00ba ano, Maria J\u00falia Andrade, compartilhou dicas de como cuidar do meio ambiente com pequenas atitudes cotidianas: \u201cEnquanto escovo os dentes, fecho a torneira. Quando vou tomar banho, fecho o chuveiro. E \u00e9 importante n\u00e3o jogar lixo na rua, nem poluir os rios ou os mares,\u201d disse a estudante.<\/p>\n<p>A vice-diretora da escola, H\u00e9lia Fernandes, ressaltou que os professores incentivam os alunos a exercerem boas pr\u00e1ticas durante todo o ano letivo. \u201cEsse tema \u00e9 debatido em todo o mundo, e a parceria com a Semma \u00e9 muito importante. Acredito que esse trabalho deveria se estender a todas as escolas.\u201d<\/p>\n<p>Fonte: www.pmvc.ba.gov.br<\/p>\n<\/div>\n","protected":false},"excerpt":{"rendered":"<p>Meio Ambiente: Projeto \u201cGuardi\u00f5es da \u00c1gua\u201d conscientiza alunos sobre import\u00e2ncia da preserva\u00e7\u00e3o h\u00eddrica \u00a0Meio Ambiente A Escola Municipal Raimundo Bahia<\/p>\n","protected":false},"author":1,"featured_media":13335,"comment_status":"open","ping_status":"open","sticky":false,"template":"","format":"standard","meta":{"colormag_page_container_layout":"default_layout","colormag_page_sidebar_layout":"default_layout","footnotes":""},"categories":[98],"tags":[],"class_list":["post-13333","post","type-post","status-publish","format-standard","has-post-thumbnail","hentry","category-meio-ambiente"],"_links":{"self":[{"href":"http:\/\/metropoleemfoco.com.br\/index.php?rest_route=\/wp\/v2\/posts\/13333","targetHints":{"allow":["GET"]}}],"collection":[{"href":"http:\/\/metropoleemfoco.com.br\/index.php?rest_route=\/wp\/v2\/posts"}],"about":[{"href":"http:\/\/metropoleemfoco.com.br\/index.php?rest_route=\/wp\/v2\/types\/post"}],"author":[{"embeddable":true,"href":"http:\/\/metropoleemfoco.com.br\/index.php?rest_route=\/wp\/v2\/users\/1"}],"replies":[{"embeddable":true,"href":"http:\/\/metropoleemfoco.com.br\/index.php?rest_route=%2Fwp%2Fv2%2Fcomments&post=13333"}],"version-history":[{"count":1,"href":"http:\/\/metropoleemfoco.com.br\/index.php?rest_route=\/wp\/v2\/posts\/13333\/revisions"}],"predecessor-version":[{"id":13336,"href":"http:\/\/metropoleemfoco.com.br\/index.php?rest_route=\/wp\/v2\/posts\/13333\/revisions\/13336"}],"wp:featuredmedia":[{"embeddable":true,"href":"http:\/\/metropoleemfoco.com.br\/index.php?rest_route=\/wp\/v2\/media\/13335"}],"wp:attachment":[{"href":"http:\/\/metropoleemfoco.com.br\/index.php?rest_route=%2Fwp%2Fv2%2Fmedia&parent=13333"}],"wp:term":[{"taxonomy":"category","embeddable":true,"href":"http:\/\/metropoleemfoco.com.br\/index.php?rest_route=%2Fwp%2Fv2%2Fcategories&post=13333"},{"taxonomy":"post_tag","embeddable":true,"href":"http:\/\/metropoleemfoco.com.br\/index.php?rest_route=%2Fwp%2Fv2%2Ftags&post=13333"}],"curies":[{"name":"wp","href":"https:\/\/api.w.org\/{rel}","templated":true}]}}