{"id":13328,"date":"2026-03-12T06:00:42","date_gmt":"2026-03-12T09:00:42","guid":{"rendered":"http:\/\/metropoleemfoco.com.br\/?p=13328"},"modified":"2026-03-13T17:22:44","modified_gmt":"2026-03-13T20:22:44","slug":"13328","status":"publish","type":"post","link":"http:\/\/metropoleemfoco.com.br\/?p=13328","title":{"rendered":"Sedent\u00e1rio magro: por que o n\u00famero na balan\u00e7a nem sempre reflete sa\u00fade"},"content":{"rendered":"<div class=\"title\">\n<div class=\"cmp__title\">\n<h1 class=\"cmp__title-title font-ibm-plex-serif materia__tts headline\">Sedent\u00e1rio magro: entenda por que o n\u00famero na balan\u00e7a nem sempre reflete sa\u00fade<\/h1>\n<h2 class=\"cmp__title-bigode materia__tts font-ibm-plex-serif\">Mesmo sem excesso de peso, a falta de m\u00fasculos e o ac\u00famulo de gordura visceral aumentam o risco de doen\u00e7as silenciosas<\/h2>\n<\/div>\n<div class=\"aem-Grid aem-Grid--12 d-block cmp__acessibility__specials\">\n<div class=\"aem-GridColumn aem-GridColumn--default--10 aem-GridColumn--tablet--10 aem-GridColumn--phone--6\"><\/div>\n<div class=\"aem-GridColumn aem-GridColumn--default--2 aem-GridColumn--tablet--2 aem-GridColumn--phone--6 d-flex justify-content-end\">\n<div class=\"cmp__author-social-media\"><\/div>\n<\/div>\n<\/div>\n<\/div>\n<div class=\"cmp_highligth-img\">\n<div class=\"image\">\n<div>\n<div id=\"image-b4d3e08218\" class=\"gallery__container gallery_highlight\" data-cmp-dmimage=\"\" data-asset-id=\"02ab76f6-e716-4a18-87f4-478d0d73a0ea\"><img loading=\"lazy\" decoding=\"async\" class=\"gallery__image\" title=\"Sedent\u00e1rio magro: entenda por que o n\u00famero na balan\u00e7a nem sempre reflete sa\u00fade\" src=\"https:\/\/otempo.scene7.com\/is\/image\/sempreeditora\/sedentario-magro-entenda-por-que-o-numero-na-balanca-nem-sempre-reflete-saude?qlt=90&amp;ts=1773263349945&amp;dpr=off\" srcset=\"https:\/\/otempo.scene7.com\/is\/image\/sempreeditora\/sedentario-magro-entenda-por-que-o-numero-na-balanca-nem-sempre-reflete-saude?qlt=90&amp;wid=300&amp;ts=1773263349945&amp;dpr=off 300w,https:\/\/otempo.scene7.com\/is\/image\/sempreeditora\/sedentario-magro-entenda-por-que-o-numero-na-balanca-nem-sempre-reflete-saude?qlt=90&amp;wid=400&amp;ts=1773263349945&amp;dpr=off 400w,https:\/\/otempo.scene7.com\/is\/image\/sempreeditora\/sedentario-magro-entenda-por-que-o-numero-na-balanca-nem-sempre-reflete-saude?qlt=90&amp;wid=500&amp;ts=1773263349945&amp;dpr=off 500w,https:\/\/otempo.scene7.com\/is\/image\/sempreeditora\/sedentario-magro-entenda-por-que-o-numero-na-balanca-nem-sempre-reflete-saude?qlt=90&amp;wid=600&amp;ts=1773263349945&amp;dpr=off 600w,https:\/\/otempo.scene7.com\/is\/image\/sempreeditora\/sedentario-magro-entenda-por-que-o-numero-na-balanca-nem-sempre-reflete-saude?qlt=90&amp;wid=700&amp;ts=1773263349945&amp;dpr=off 700w,https:\/\/otempo.scene7.com\/is\/image\/sempreeditora\/sedentario-magro-entenda-por-que-o-numero-na-balanca-nem-sempre-reflete-saude?qlt=90&amp;wid=800&amp;ts=1773263349945&amp;dpr=off 800w,https:\/\/otempo.scene7.com\/is\/image\/sempreeditora\/sedentario-magro-entenda-por-que-o-numero-na-balanca-nem-sempre-reflete-saude?qlt=90&amp;wid=900&amp;ts=1773263349945&amp;dpr=off 900w,https:\/\/otempo.scene7.com\/is\/image\/sempreeditora\/sedentario-magro-entenda-por-que-o-numero-na-balanca-nem-sempre-reflete-saude?qlt=90&amp;wid=1200&amp;ts=1773263349945&amp;dpr=off 1200w\" alt=\"O sedentarismo prolongado, mesmo em quem parece saud\u00e1vel, compromete m\u00fasculos, metabolismo e bem-estar ao longo do tempo \" width=\"1200\" height=\"800\" \/><span class=\"description__wrapper font-lato\"><span class=\"gallery__description\">O sedentarismo prolongado, mesmo em quem parece saud\u00e1vel, compromete m\u00fasculos, metabolismo e bem-estar ao longo do tempo<\/span><span class=\"gallery__credits\">Foto: Imagem: New Africa | Shutterstock<\/span><\/span><\/div>\n<\/div>\n<\/div>\n<\/div>\n<div class=\"aem-Grid aem-Grid--12\">\n<div class=\"aem-GridColumn aem-GridColumn--default--12 aem-GridColumn--phone--12 \">\n<div class=\"cp023-assinatura-do-artigo\">\n<div class=\"cmp__author-container\">\n<div class=\"cmp__author-info\"><span class=\"cmp__author-name\">Por<a href=\"https:\/\/www.otempo.com.br\/autor\/user_service_edicase\"><span class=\"cmp__byline-photo\"><img loading=\"lazy\" decoding=\"async\" src=\"https:\/\/www.otempo.com.br\/content\/dam\/otempo\/frontend\/resources\/images\/placeholder\/o_tempo_placeholder.webp\" sizes=\"auto, (max-width: 767px) 24px, 24px\" alt=\"Imagem do Autor\" width=\"24\" height=\"24\" \/><\/span>Edicase<\/a><br \/>\n<\/span><\/div>\n<\/div>\n<\/div>\n<\/div>\n<\/div>\n<div class=\"aem-Grid aem-Grid--12\">\n<div class=\"cmp__gap aem-GridColumn aem-GridColumn--default--12 aem-GridColumn--phone--12 d-flex align-items-center\">\n<div class=\"body\">\n<section id=\"bodyArticle\" class=\"read-controller\">\n<div class=\"read-controller materia__tts article-whole article-body font-ibm-plex-serif\">\n<p>Muitas pessoas acreditam que estar dentro do peso ideal \u00e9 sin\u00f4nimo de sa\u00fade. Mas, no Brasil, onde quase 40% da popula\u00e7\u00e3o adulta \u00e9 sedent\u00e1ria, conforme o Instituto Brasileiro de Geografia e Estat\u00edstica (IBGE), um perfil silencioso e preocupante vem crescendo nos consult\u00f3rios: o do \u201csedent\u00e1rio magro\u201d.<\/p>\n<p>Diante desse cen\u00e1rio, a endocrinologista Fernanda Parra alerta que o n\u00famero na balan\u00e7a nem sempre reflete a sa\u00fade real e pode esconder riscos importantes para o metabolismo. Ela explica que o antigo conceito de sa\u00fade baseado apenas no \u00cdndice de Massa Corporal (IMC) est\u00e1 caindo desuso.<\/p>\n<div class=\"box-seguir-google\">\n<div class=\"box-seguir-google__texto\">Siga O TEMPO no Google e receba as principais not\u00edcias<\/div>\n<p><a class=\"box-seguir-google__botao-seguir\" href=\"https:\/\/profile.google.com\/cp\/CgwvZy8xMXI3cmdqcmM\" target=\"_blank\" rel=\"noopener\">Seguir no Google<\/a><\/p>\n<\/div>\n<p>\u201cMuitas pacientes chegam ao consult\u00f3rio celebrando um peso est\u00e1vel, mas a\u00a0<strong><a href=\"https:\/\/portaledicase.com\/5-fatores-que-influenciam-o-emagrecimento\/\" target=\"_blank\" rel=\"noreferrer noopener\">bioimped\u00e2ncia<\/a><\/strong>\u00a0revela uma realidade assustadora: uma porcentagem de gordura visceral alt\u00edssima escondida sob uma massa muscular quase inexistente. \u00c9 a chamada obesidade oculta\u201d, explica.<\/p>\n<h2 id=\"h-gordura-visceral-o-orgao-doente-que-voce-nao-ve\" class=\"wp-block-heading\">Gordura visceral: o \u201c\u00f3rg\u00e3o doente\u201d que voc\u00ea n\u00e3o v\u00ea<\/h2>\n<p>Diferentemente da gordura subcut\u00e2nea, aquela que incomoda no espelho ou aperta o jeans, a\u00a0<strong><a href=\"https:\/\/portaledicase.com\/habitos-que-aumentam-a-gordura-abdominal\/\" target=\"_blank\" rel=\"noreferrer noopener\">gordura visceral<\/a><\/strong> \u00e9 invis\u00edvel e letal. Ela se aloja entre os \u00f3rg\u00e3os vitais e funciona como um \u201c\u00f3rg\u00e3o end\u00f3crino doente\u201d, disparando inflama\u00e7\u00f5es constantes pelo corpo. No sedent\u00e1rio magro, esse processo silencioso \u00e9 o gatilho para doen\u00e7as graves, como:<\/p>\n<ul class=\"wp-block-list\">\n<li><strong>Diabetes tipo 2:\u00a0<\/strong>a resist\u00eancia \u00e0 insulina acontece mesmo sem excesso de peso aparente;<\/li>\n<li><strong>Esteatose hep\u00e1tica:<\/strong>\u00a0o f\u00edgado acumula gordura de forma assintom\u00e1tica, podendo evoluir para quadros cr\u00edticos;<\/li>\n<li><strong>Riscos cardiovasculares:\u00a0<\/strong>as art\u00e9rias inflamam devido \u00e0 m\u00e1 composi\u00e7\u00e3o corporal, aumentando as chances de infarto e acidente vascular cerebral (AVC).<\/li>\n<\/ul>\n<div class=\"wp-block-image\">\n<figure class=\"aligncenter size-large\"><img loading=\"lazy\" decoding=\"async\" class=\"wp-image-465443\" src=\"https:\/\/portaledicase.com\/wp-content\/uploads\/2025\/06\/treinofuncionalcasa-1024x683.jpg\" sizes=\"auto, (max-width: 1024px) 100vw, 1024px\" srcset=\"https:\/\/portaledicase.com\/wp-content\/uploads\/2025\/06\/treinofuncionalcasa-1024x683.jpg 1024w, https:\/\/portaledicase.com\/wp-content\/uploads\/2025\/06\/treinofuncionalcasa-300x200.jpg 300w, https:\/\/portaledicase.com\/wp-content\/uploads\/2025\/06\/treinofuncionalcasa-768x512.jpg 768w, https:\/\/portaledicase.com\/wp-content\/uploads\/2025\/06\/treinofuncionalcasa-640x427.jpg 640w, https:\/\/portaledicase.com\/wp-content\/uploads\/2025\/06\/treinofuncionalcasa-150x100.jpg 150w, https:\/\/portaledicase.com\/wp-content\/uploads\/2025\/06\/treinofuncionalcasa.jpg 1200w\" alt=\"Mulher com traje esportivo fazendo agachamento em casa\" width=\"1024\" height=\"683\" \/><figcaption class=\"wp-element-caption\">Fortalecer os m\u00fasculos com exerc\u00edcios e prote\u00ednas mant\u00e9m o metabolismo ativo e ajuda a prevenir doen\u00e7as (Imagem: Artsplav | Shutterstock)<\/figcaption><\/figure>\n<\/div>\n<h2 id=\"h-musculo-o-seu-seguro-de-vida-em-2026\" class=\"wp-block-heading\">M\u00fasculo: o seu \u201cseguro de vida\u201d em 2026<\/h2>\n<p>Para Fernanda Parra, o m\u00fasculo precisa ser resgatado do campo da est\u00e9tica e levado para o campo da sobreviv\u00eancia. \u201cO tecido\u00a0<strong><a href=\"https:\/\/portaledicase.com\/emagrecimento-na-menopausa-veja-cuidar-para-evitar-a-perda-ossea-e-muscular\/\" target=\"_blank\" rel=\"noreferrer noopener\">muscular<\/a><\/strong>\u00a0\u00e9 o motor do nosso metabolismo e de sobreviv\u00eancia. Ele consome glicose, regula a saciedade e combate a inflama\u00e7\u00e3o. Quando paramos de nos mexer, esse motor desliga, facilitando doen\u00e7as cr\u00f4nicas,\u00a0perda de mobilidade e menor expectativa de vida\u201d, ressalta.<\/p>\n<p>Com isso, o recado da especialista \u00e9 claro: pare de perseguir n\u00fameros na balan\u00e7a e comece a gerenciar sua composi\u00e7\u00e3o corporal. A muscula\u00e7\u00e3o e o consumo estrat\u00e9gico de prote\u00ednas n\u00e3o s\u00e3o luxos para atletas, mas pilares inegoci\u00e1veis para quem deseja envelhecer com sa\u00fade e vitalidade.<\/p>\n<p><em>Por Rayssa Martins<\/em><\/p>\n<aside class=\"inreadads inreadads-3\">\n<div id=\"wrapper-otempo-inread-3\" class=\"wrapper-otempo-inread\">\n<div id=\"div-otempo-o-inread-3\" class=\"content-otempo-inread\" data-google-query-id=\"CL3ezoCdmZMDFZ2DYQYdu50TVQ\">\n<div id=\"google_ads_iframe_\/14159828\/saude-e-bem-estar\/artigo_inread_retangulo_3_0__container__\">Fonte: O Tempo<\/div>\n<\/div>\n<\/div>\n<\/aside>\n<\/div>\n<\/section>\n<\/div>\n<\/div>\n<\/div>\n","protected":false},"excerpt":{"rendered":"<p>Sedent\u00e1rio magro: entenda por que o n\u00famero na balan\u00e7a nem sempre reflete sa\u00fade Mesmo sem excesso de peso, a falta<\/p>\n","protected":false},"author":1,"featured_media":13331,"comment_status":"open","ping_status":"open","sticky":false,"template":"","format":"standard","meta":{"colormag_page_container_layout":"default_layout","colormag_page_sidebar_layout":"default_layout","footnotes":""},"categories":[9],"tags":[],"class_list":["post-13328","post","type-post","status-publish","format-standard","has-post-thumbnail","hentry","category-saude"],"_links":{"self":[{"href":"http:\/\/metropoleemfoco.com.br\/index.php?rest_route=\/wp\/v2\/posts\/13328","targetHints":{"allow":["GET"]}}],"collection":[{"href":"http:\/\/metropoleemfoco.com.br\/index.php?rest_route=\/wp\/v2\/posts"}],"about":[{"href":"http:\/\/metropoleemfoco.com.br\/index.php?rest_route=\/wp\/v2\/types\/post"}],"author":[{"embeddable":true,"href":"http:\/\/metropoleemfoco.com.br\/index.php?rest_route=\/wp\/v2\/users\/1"}],"replies":[{"embeddable":true,"href":"http:\/\/metropoleemfoco.com.br\/index.php?rest_route=%2Fwp%2Fv2%2Fcomments&post=13328"}],"version-history":[{"count":4,"href":"http:\/\/metropoleemfoco.com.br\/index.php?rest_route=\/wp\/v2\/posts\/13328\/revisions"}],"predecessor-version":[{"id":13394,"href":"http:\/\/metropoleemfoco.com.br\/index.php?rest_route=\/wp\/v2\/posts\/13328\/revisions\/13394"}],"wp:featuredmedia":[{"embeddable":true,"href":"http:\/\/metropoleemfoco.com.br\/index.php?rest_route=\/wp\/v2\/media\/13331"}],"wp:attachment":[{"href":"http:\/\/metropoleemfoco.com.br\/index.php?rest_route=%2Fwp%2Fv2%2Fmedia&parent=13328"}],"wp:term":[{"taxonomy":"category","embeddable":true,"href":"http:\/\/metropoleemfoco.com.br\/index.php?rest_route=%2Fwp%2Fv2%2Fcategories&post=13328"},{"taxonomy":"post_tag","embeddable":true,"href":"http:\/\/metropoleemfoco.com.br\/index.php?rest_route=%2Fwp%2Fv2%2Ftags&post=13328"}],"curies":[{"name":"wp","href":"https:\/\/api.w.org\/{rel}","templated":true}]}}