{"id":13327,"date":"2026-03-12T06:00:37","date_gmt":"2026-03-12T09:00:37","guid":{"rendered":"http:\/\/metropoleemfoco.com.br\/?p=13327"},"modified":"2026-03-13T17:20:20","modified_gmt":"2026-03-13T20:20:20","slug":"13327","status":"publish","type":"post","link":"http:\/\/metropoleemfoco.com.br\/?p=13327","title":{"rendered":"Viaduto em constru\u00e7\u00e3o desaba e deixa feridos em S\u00e3o Bernardo do Campo"},"content":{"rendered":"<header class=\"group\/header group mx-auto box-border flex w-full max-w-full flex-col gap-4 pb-4 md:border-b md:border-neutral-200 [&amp;_.gallery]:-mx-4 [&amp;_.gallery]:outline [&amp;_.gallery]:outline-2 [&amp;_.gallery]:outline-neutral-950 [&amp;_.gallery]:lg:-mx-0 [&amp;_.gallery]:lg:outline-none\">\n<div class=\"flex w-full flex-col gap-4\">\n<div class=\"border-b pb-4 lg:border-b-0 lg:pb-0\" tabindex=\"1\">\n<h1 class=\"font-bold text-3xl lg:text-4xl\">Viaduto em constru\u00e7\u00e3o desaba e deixa feridos em S\u00e3o Bernardo do Campo (SP)<\/h1>\n<\/div>\n<div tabindex=\"2\">\n<h2 class=\"text-lg font-normal group-[.isActiveSource]:text-xl\" data-single-excerpt=\"true\">Corpo de Bombeiros afirma que queda de viga desencadeou outras quedas em efeito domin\u00f3; tr\u00eas pessoas ficaram feridas<\/h2>\n<\/div>\n<\/div>\n<div class=\"flex w-full flex-col gap-1\" data-single-author=\"true\"><span class=\"text-sm font-normal\"><a class=\"text-sm underline\" href=\"https:\/\/www.cnnbrasil.com.br\/autor\/vitor-bonets\/\" target=\"_self\"><span class=\"text-sm font-medium\">Vitor Bonets<\/span><\/a>, colabora\u00e7\u00e3o para a CNN Brasil,\u00a0<a class=\"text-sm underline\" href=\"https:\/\/www.cnnbrasil.com.br\/autor\/bruno-teixeira\/\" target=\"_self\"><span class=\"text-sm font-medium\">Bruno Teixeira<\/span><\/a>\u00a0e\u00a0<a class=\"text-sm underline\" href=\"https:\/\/www.cnnbrasil.com.br\/autor\/thiago-felix\/\" target=\"_self\"><span class=\"text-sm font-medium\">Thiago F\u00e9lix<\/span><\/a>, da CNN Brasil, em S\u00e3o Paulo<\/span><\/div>\n<div class=\"h-auto w-fit cursor-pointer group-has-[.featuredImage]:w-full group-has-[.gallery]:w-full group-has-[.mosaic-large]:w-full group-has-[.mosaic-small]:w-fit [#gut-square_&amp;]:w-full [#gut-square_&amp;]:lg:w-fit [#gut-trio_&amp;]:w-full [#manchete-section-one_&amp;]:h-full [#manchete-section-one_&amp;]:w-full\" tabindex=\"0\" role=\"button\" aria-controls=\"modal-content\" aria-expanded=\"false\" aria-haspopup=\"true\">\n<div class=\"group\/featureImage featuredImage relative w-full\" data-image=\"true\">\n<div class=\"fullScreenButton absolute right-0 z-20 mr-2 mt-2 size-6 rounded-sm bg-red-600 p-0 hover:bg-red-500 sm:p-1 md:mr-4 md:mt-4 md:size-8\"><\/div>\n<figure class=\"group\/featureImage featuredImage relative z-10 mb-4 flex shrink flex-col gap-2\">\n<div class=\"featuredImage--image z-10 -mx-4 flex items-center justify-center bg-neutral-950 lg:mx-0 lg:overflow-hidden lg:rounded-lg\"><picture class=\"flex object-cover overflow-clip w-full aspect-video\"><source srcset=\"https:\/\/admin.cnnbrasil.com.br\/wp-content\/uploads\/sites\/12\/2026\/03\/PRENDE-PROFESSOR-UNIVERSITARIO-2.png?w=1200&amp;h=900&amp;crop=0\" media=\"(min-width: 1024px)\" \/><source srcset=\"https:\/\/admin.cnnbrasil.com.br\/wp-content\/uploads\/sites\/12\/2026\/03\/PRENDE-PROFESSOR-UNIVERSITARIO-2.png?w=849&amp;h=477&amp;crop=0\" media=\"(min-width: 768px)\" \/><img loading=\"lazy\" decoding=\"async\" class=\"flex size-full object-cover\" src=\"https:\/\/admin.cnnbrasil.com.br\/wp-content\/uploads\/sites\/12\/2026\/03\/PRENDE-PROFESSOR-UNIVERSITARIO-2.png?w=419&amp;h=283&amp;crop=0\" alt=\"Obra seria de responsabilidade da Prefeitura de S\u00e3o Bernardo do Campo\" width=\"419\" height=\"283\" \/><\/picture><\/div><figcaption class=\"featuredImage--caption text-neutral-500\"><span class=\"text-sm font-medium featuredImage--subtitle\">Imagem mostra local onde viaduto desabou<\/span><span class=\"text-xs font-normal featuredImage--credits\">\u00a0 \u2022 Bruno Teixeira\/CNN Brasil<\/span><\/figcaption><\/figure>\n<\/div>\n<\/div>\n<\/header>\n<div class=\"text-lg w-full pt-6 font-light text-neutral-800 group-[.isActiveSource&gt;*]:text-xl md:pt-10 [&amp;&gt;*:not(.single-product)]:mx-auto [&amp;&gt;*:not(.single-product)]:max-w-2xl [&amp;_.gallery]:mb-4 [&amp;_p]:my-4 first:[&amp;_p]:mt-0 [&amp;_strong]:font-medium\" data-single-content=\"true\">\n<p class=\"my-5 break-words group-[.isActiveSource]:text-xl\">Um<strong class=\"group-[.isActiveSource]:text-xl group-[.isActiveSource]:font-bold\">\u00a0viaduto em constru\u00e7\u00e3o desabou e deixou tr\u00eas pessoas feridas<\/strong> na Avenida 31 de Mar\u00e7o, em S\u00e3o Bernardo do Campo, munic\u00edpio localizado na regi\u00e3o do ABC Paulista, na noite de ter\u00e7a-feira (10).<\/p>\n<p class=\"my-5 break-words group-[.isActiveSource]:text-xl\">Segundo o Corpo de Bombeiros, a queda de uma viga desencadeou outras quedas em efeito domin\u00f3, resultando em tr\u00eas pessoas feridas.<\/p>\n<div id=\"GzzNJEI4piE\" class=\"group relative my-4 flex aspect-video w-full cursor-pointer items-center justify-center overflow-hidden rounded-lg bg-black bg-cover bg-center [&amp;_div]:!absolute [&amp;_div]:!aspect-video [&amp;_div]:!size-full [&amp;_iframe]:!absolute [&amp;_iframe]:!aspect-video [&amp;_iframe]:!size-full\" aria-label=\"Reproduzir v\u00eddeo: \" aria-labelledby=\"video-title-GzzNJEI4piE\" data-video=\"youtube\"><iframe loading=\"lazy\" id=\"GzzNJEI4piE-player\" title=\"Viaduto em constru\u00e7\u00e3o desaba e deixa feridos em S\u00e3o Bernardo do Campo (SP) | CNN NOVO DIA\" src=\"https:\/\/www.youtube.com\/embed\/GzzNJEI4piE?embed_config=%7B%22adsConfig%22%3A%7B%22disableAds%22%3Atrue%7D%2C%22enableIma%22%3Atrue%7D&amp;enablejsapi=1&amp;origin=https%3A%2F%2Fwww.cnnbrasil.com.br&amp;widgetid=1&amp;forigin=https%3A%2F%2Fwww.cnnbrasil.com.br%2Fnacional%2Fsudeste%2Fsp%2Fviaduto-em-construcao-desaba-e-deixa-feridos-em-sao-bernardo-do-campo-sp%2F&amp;aoriginsup=1&amp;gporigin=https%3A%2F%2Fwww.google.com%2F&amp;vf=6\" width=\"1280px\" height=\"720px\" frameborder=\"0\" allowfullscreen=\"allowfullscreen\" data-gtm-yt-inspected-31=\"true\" data-gtm-yt-inspected-44=\"true\" data-mce-fragment=\"1\"><\/iframe><\/div>\n<div id=\"mid3\" class=\"custom__ad__element flex min-h-64 bg-gray-200 justify-center items-center my-4 py-4 bg-[url('\/images\/ad-bg.png')] bg-repeat\" role=\"complementary\" aria-label=\"Publicidade\" data-google-query-id=\"CNjqsbKcmZMDFfALHgAdf0gtpQ\">\n<div id=\"google_ads_iframe_\/21920083859\/artigos_nacional_2023_5__container__\"><iframe id=\"google_ads_iframe_\/21920083859\/artigos_nacional_2023_5\" tabindex=\"0\" title=\"Conte\u00fado de an\u00fancios de terceiros\" name=\"google_ads_iframe_\/21920083859\/artigos_nacional_2023_5\" width=\"1\" height=\"1\" frameborder=\"0\" marginwidth=\"0\" marginheight=\"0\" scrolling=\"no\" aria-label=\"Publicidade\" data-load-complete=\"true\" data-google-container-id=\"8\" data-gtm-yt-inspected-31=\"true\" data-gtm-yt-inspected-44=\"true\" data-ym-banner-video=\"19986\" data-mce-fragment=\"1\"><\/iframe><\/div>\n<div id=\"notsy_container_719359456\" class=\"CNB_VIDEO_GAM\" data-notsy-container-index=\"1\" data-notsy-mapped-container=\"1\">\n<div><\/div>\n<\/div>\n<\/div>\n<p class=\"my-5 break-words group-[.isActiveSource]:text-xl\">Segundo o Corpo de Bombeiros, duas delas foram socorridas por equipes do Samu (Servi\u00e7o de Atendimento M\u00f3vel de Urg\u00eancia). A outra foi atendida pela corpora\u00e7\u00e3o e levada ao HMD (Hospital Municipal de Diadema).<\/p>\n<p class=\"my-5 break-words group-[.isActiveSource]:text-xl\">A\u00a0<strong class=\"group-[.isActiveSource]:text-xl group-[.isActiveSource]:font-bold\">CNN Brasil<\/strong>\u00a0procurou a Prefeitura de S\u00e3o Bernardo do Campo para mais informa\u00e7\u00f5es. Em nota, a institui\u00e7\u00e3o disse que as causas do ocorrido ainda s\u00e3o apuradas.<\/p>\n<p class=\"my-5 break-words group-[.isActiveSource]:text-xl\"><em class=\"group-[.isActiveSource]:text-xl\">&#8220;A Prefeitura de S\u00e3o Bernardo informa que, na noite de ter\u00e7a-feira (10), durante o lan\u00e7amento das vigas das obras do Viaduto do Corredor dos Couros, na regi\u00e3o da Avenida 31 de Mar\u00e7o, houve o rompimento de um cabo de prote\u00e7\u00e3o localizado no interior de uma das vigas da estrutura.<\/em><\/p>\n<p class=\"my-5 break-words group-[.isActiveSource]:text-xl\"><em class=\"group-[.isActiveSource]:text-xl\">Com o rompimento, uma das vigas acabou colidindo com as demais pe\u00e7as da estrutura, o que ocasionou a queda de parte de um dos v\u00e3os da estrutura. O munic\u00edpio esclarece que as causas do ocorrido est\u00e3o sendo apuradas.<\/em><\/p>\n<p class=\"my-5 break-words group-[.isActiveSource]:text-xl\"><em class=\"group-[.isActiveSource]:text-xl\">Tr\u00eas trabalhadores que atuavam na obra foram avaliados por equipes de atendimento. Nenhum deles precisou ser hospitalizado e todos j\u00e1 est\u00e3o em casa em recupera\u00e7\u00e3o. A Prefeitura acompanha a situa\u00e7\u00e3o e segue apurando as circunst\u00e2ncias do caso.&#8221;<\/em><\/p>\n<p class=\"my-5 break-words group-[.isActiveSource]:text-xl\"><em class=\"group-[.isActiveSource]:text-xl\">(Em atualiza\u00e7\u00e3o)<\/em><\/p>\n<p>Fonte: CNN<\/p>\n<\/div>\n","protected":false},"excerpt":{"rendered":"<p>Viaduto em constru\u00e7\u00e3o desaba e deixa feridos em S\u00e3o Bernardo do Campo (SP) Corpo de Bombeiros afirma que queda de<\/p>\n","protected":false},"author":1,"featured_media":13329,"comment_status":"open","ping_status":"open","sticky":false,"template":"","format":"standard","meta":{"colormag_page_container_layout":"default_layout","colormag_page_sidebar_layout":"default_layout","footnotes":""},"categories":[3],"tags":[],"class_list":["post-13327","post","type-post","status-publish","format-standard","has-post-thumbnail","hentry","category-seu-bairro"],"_links":{"self":[{"href":"http:\/\/metropoleemfoco.com.br\/index.php?rest_route=\/wp\/v2\/posts\/13327","targetHints":{"allow":["GET"]}}],"collection":[{"href":"http:\/\/metropoleemfoco.com.br\/index.php?rest_route=\/wp\/v2\/posts"}],"about":[{"href":"http:\/\/metropoleemfoco.com.br\/index.php?rest_route=\/wp\/v2\/types\/post"}],"author":[{"embeddable":true,"href":"http:\/\/metropoleemfoco.com.br\/index.php?rest_route=\/wp\/v2\/users\/1"}],"replies":[{"embeddable":true,"href":"http:\/\/metropoleemfoco.com.br\/index.php?rest_route=%2Fwp%2Fv2%2Fcomments&post=13327"}],"version-history":[{"count":3,"href":"http:\/\/metropoleemfoco.com.br\/index.php?rest_route=\/wp\/v2\/posts\/13327\/revisions"}],"predecessor-version":[{"id":13389,"href":"http:\/\/metropoleemfoco.com.br\/index.php?rest_route=\/wp\/v2\/posts\/13327\/revisions\/13389"}],"wp:featuredmedia":[{"embeddable":true,"href":"http:\/\/metropoleemfoco.com.br\/index.php?rest_route=\/wp\/v2\/media\/13329"}],"wp:attachment":[{"href":"http:\/\/metropoleemfoco.com.br\/index.php?rest_route=%2Fwp%2Fv2%2Fmedia&parent=13327"}],"wp:term":[{"taxonomy":"category","embeddable":true,"href":"http:\/\/metropoleemfoco.com.br\/index.php?rest_route=%2Fwp%2Fv2%2Fcategories&post=13327"},{"taxonomy":"post_tag","embeddable":true,"href":"http:\/\/metropoleemfoco.com.br\/index.php?rest_route=%2Fwp%2Fv2%2Ftags&post=13327"}],"curies":[{"name":"wp","href":"https:\/\/api.w.org\/{rel}","templated":true}]}}