{"id":13322,"date":"2026-03-12T06:00:33","date_gmt":"2026-03-12T09:00:33","guid":{"rendered":"http:\/\/metropoleemfoco.com.br\/?p=13322"},"modified":"2026-03-11T22:35:25","modified_gmt":"2026-03-12T01:35:25","slug":"13322","status":"publish","type":"post","link":"http:\/\/metropoleemfoco.com.br\/?p=13322","title":{"rendered":""},"content":{"rendered":"<div class=\"mc-article-header\">\n<div class=\"row content-head mc-column non-featured profiled\">\n<div class=\"title\" data-block-type=\"title\" data-block-id=\"0\">\n<h1 class=\"content-head__title\">Em miss\u00e3o ao Brasil, assessores do governo dos EUA consultaram autoridades sobre riscos da atua\u00e7\u00e3o e expans\u00e3o do PCC<\/h1>\n<\/div>\n<div class=\"medium-centered subtitle\">\n<h2 class=\"content-head__subtitle\">Representantes do Departamento de Estado estiveram em Bras\u00edlia e S\u00e3o Paulo para ouvir investigadores sobre a fac\u00e7\u00e3o, enquanto o governo brasileiro tenta adiar nos EUA a discuss\u00e3o que pode classificar PCC e Comando Vermelho como organiza\u00e7\u00f5es terroristas.<\/h2>\n<\/div>\n<\/div>\n<div class=\"glb-share-bar content__share-bar\">\n<div class=\"glb-share-bar_icons\">\n<div class=\"glb-share-bar_button-img\"><\/div>\n<div class=\"glb-share-bar_button-img\"><\/div>\n<div class=\"glb-share-bar_button-img\"><\/div>\n<\/div>\n<\/div>\n<\/div>\n<div class=\"mc-article-body\">\n<article>\n<div id=\"chunk-bkmb4\">\n<div class=\"mc-column mc-side-item__container\" data-block-type=\"ads\" data-block-id=\"2\">\n<div class=\"mc-side-item mc-side-item--right content-ads content-ads--side-ad\">\n<div id=\"banner_materia1\"><\/div>\n<\/div>\n<\/div>\n<\/div>\n<div id=\"chunk-agf1f\">\n<div class=\"mc-column content-text active-extra-styles active-capital-letter\" data-block-type=\"unstyled\" data-block-weight=\"76\" data-block-id=\"1\">\n<p class=\" content-text__container theme-color-primary-first-letter\" data-track-category=\"Link no Texto\" data-track-links=\"\" data-mrf-recirculation=\"Mat\u00e9ria - Links no Texto\">O Departamento de Estado Americano enviou assessores diretos do secret\u00e1rio de estado dos EUA,\u00a0<a class=\"\" href=\"https:\/\/g1.globo.com\/tudo-sobre\/marco-rubio\/\" data-mrf-link=\"https:\/\/g1.globo.com\/tudo-sobre\/marco-rubio\/\">Marco Rubio<\/a>, nos \u00faltimos meses ao Brasil para consultar investigadores e autoridades brasileiras que atuam no combate ao crime organizado e ao Primeiro Comando da Capital (PCC). No ano passado, representantes norte-americanos estiveram em Bras\u00edlia (DF) e S\u00e3o Paulo (SP) para obter informa\u00e7\u00f5es detalhadas sobre a amea\u00e7a do PCC e os impactos da fac\u00e7\u00e3o n\u00e3o s\u00f3 para o Brasil, mas tamb\u00e9m internacionalmente.<\/p>\n<\/div>\n<\/div>\n<div class=\"wall protected-content\">\n<div id=\"chunk-305gl\">\n<div class=\"mc-column content-text active-extra-styles \" data-block-type=\"unstyled\" data-block-weight=\"47\" data-block-id=\"4\">\n<p class=\" content-text__container \" data-track-category=\"Link no Texto\" data-track-links=\"\" data-mrf-recirculation=\"Mat\u00e9ria - Links no Texto\">O blog apurou que\u00a0<span class=\"highlight\">assessores especiais do governo dos EUA se reuniram pelo menos duas vezes com o promotor de justi\u00e7a do Grupo de Atua\u00e7\u00e3o Especial de Combate ao Crime Organizado (Gaeco\/MP-SP) Lincoln Gakiya<\/span>, um dos principais investigadores de PCC do Brasil e considerado refer\u00eancia internacional.<\/p>\n<\/div>\n<\/div>\n<div id=\"chunk-ctga2\">\n<div class=\"row medium-uncollapsed content-media content-photo\" data-block-type=\"backstage-photo\" data-block-id=\"5\">\n<div class=\" mc-column  content-media__container\">\n<div class=\"content-media-container glb-skeleton-box\">\n<figure class=\"content-media-figure\"><img decoding=\"async\" class=\"i-amphtml-fill-content i-amphtml-replaced-content\" src=\"https:\/\/s2-g1.glbimg.com\/pS-yn_NaUmDE8iXPKmrBej46Uak=\/0x0:2541x1694\/984x0\/smart\/filters:strip_icc()\/i.s3.glbimg.com\/v1\/AUTH_59edd422c0c84a879bd37670ae4f538a\/internal_photos\/bs\/2025\/x\/m\/rNY68xRDqIlTXBNEAtBw\/54944992682-82c2d17aec-o.jpg\" sizes=\"(max-width: 1600px) 648px, 100vw\" srcset=\"https:\/\/s2-g1.glbimg.com\/9SQ7vYZ254S4-UNnPhiV7pNH1oE=\/0x0:2541x1694\/1000x0\/smart\/filters:strip_icc()\/i.s3.glbimg.com\/v1\/AUTH_59edd422c0c84a879bd37670ae4f538a\/internal_photos\/bs\/2025\/x\/m\/rNY68xRDqIlTXBNEAtBw\/54944992682-82c2d17aec-o.jpg 1000w, https:\/\/s2-g1.glbimg.com\/pS-yn_NaUmDE8iXPKmrBej46Uak=\/0x0:2541x1694\/984x0\/smart\/filters:strip_icc()\/i.s3.glbimg.com\/v1\/AUTH_59edd422c0c84a879bd37670ae4f538a\/internal_photos\/bs\/2025\/x\/m\/rNY68xRDqIlTXBNEAtBw\/54944992682-82c2d17aec-o.jpg 984w, https:\/\/s2-g1.glbimg.com\/XQuGe8ozjA6Neim2nr_eHqbc9uQ=\/0x0:2541x1694\/640x0\/smart\/filters:strip_icc()\/i.s3.glbimg.com\/v1\/AUTH_59edd422c0c84a879bd37670ae4f538a\/internal_photos\/bs\/2025\/x\/m\/rNY68xRDqIlTXBNEAtBw\/54944992682-82c2d17aec-o.jpg 640w, https:\/\/s2-g1.glbimg.com\/TzOasXALX-OYGdvI-B-RiT5ZxYg=\/0x0:2541x1694\/600x0\/smart\/filters:strip_icc()\/i.s3.glbimg.com\/v1\/AUTH_59edd422c0c84a879bd37670ae4f538a\/internal_photos\/bs\/2025\/x\/m\/rNY68xRDqIlTXBNEAtBw\/54944992682-82c2d17aec-o.jpg 600w\" alt=\"O promotor Lincoln Gakiya falou nesta ter\u00e7a-feira (25) \u00e0 CPI do Crime Organizado, no Congresso \u2014 Foto: Edilson Rodrigues\/Ag\u00eancia Senado\" \/><\/figure>\n<\/div>\n<p class=\"content-media__description  \">O promotor Lincoln Gakiya falou nesta ter\u00e7a-feira (25) \u00e0 CPI do Crime Organizado, no Congresso \u2014 Foto: Edilson Rodrigues\/Ag\u00eancia Senado<\/p>\n<\/div>\n<\/div>\n<\/div>\n<div id=\"chunk-3osdb\">\n<div class=\"mc-column content-text active-extra-styles \" data-block-type=\"unstyled\" data-block-weight=\"66\" data-block-id=\"7\">\n<p class=\" content-text__container \" data-track-category=\"Link no Texto\" data-track-links=\"\" data-mrf-recirculation=\"Mat\u00e9ria - Links no Texto\">Nesta semana, Gakiya volta a se reunir com representantes do governo dos EUA para compartilhar informa\u00e7\u00f5es sobre o crime organizado e a atua\u00e7\u00e3o do PCC. A conversa deve alinhar o que estar\u00e1 em pauta em um encontro do promotor com a DEA (Drug Enforcement Administration), FBI (Federal Bureau of Investigation) e Departamento de Estado dos EUA em Boston, no estado de Massachusetts, ainda neste m\u00eas.<\/p>\n<\/div>\n<\/div>\n<div id=\"chunk-a9ek5\">\n<div class=\"mc-column content-text active-extra-styles \" data-block-type=\"unstyled\" data-block-weight=\"57\" data-block-id=\"8\">\n<p class=\" content-text__container \" data-track-category=\"Link no Texto\" data-track-links=\"\" data-mrf-recirculation=\"Mat\u00e9ria - Links no Texto\">Um levantamento obtido em primeira m\u00e3o pela GloboNews e pelo\u00a0<strong>g1\u00a0<\/strong>mostrou que\u00a0<a class=\"\" href=\"https:\/\/g1.globo.com\/sp\/sao-paulo\/noticia\/2025\/06\/24\/pcc-e-mapeado-em-28-paises-se-infiltra-em-presidios-no-exterior-para-recrutar-novo-membros-e-expande-trafico-de-drogas-e-armas.ghtml\" data-mrf-link=\"https:\/\/g1.globo.com\/sp\/sao-paulo\/noticia\/2025\/06\/24\/pcc-e-mapeado-em-28-paises-se-infiltra-em-presidios-no-exterior-para-recrutar-novo-membros-e-expande-trafico-de-drogas-e-armas.ghtml\">o PCC se instalou em aos menos 28 pa\u00edses e se infiltrou em pres\u00eddios no exterior<\/a> para recrutar novos membros e expandir neg\u00f3cios com tr\u00e1fico de drogas e armas, al\u00e9m da lavagem de dinheiro. No total, s\u00e3o 2.078 integrantes, a maioria dentro de pris\u00f5es.<\/p>\n<\/div>\n<\/div>\n<div id=\"chunk-8hmjf\">\n<div class=\"mc-column content-text active-extra-styles \" data-block-type=\"unstyled\" data-block-weight=\"31\" data-block-id=\"11\">\n<p class=\" content-text__container \" data-track-category=\"Link no Texto\" data-track-links=\"\" data-mrf-recirculation=\"Mat\u00e9ria - Links no Texto\">O relat\u00f3rio do Minist\u00e9rio P\u00fablico de S\u00e3o Paulo tem sido apresentado a embaixadas e consulados fora do pa\u00eds para coopera\u00e7\u00e3o internacional no combate a crimes transnacionais em pelo menos quatro continentes.<\/p>\n<\/div>\n<\/div>\n<div id=\"chunk-e1ans\">\n<div class=\"mc-column content-text active-extra-styles \" data-block-type=\"unstyled\" data-block-weight=\"55\" data-block-id=\"12\">\n<p class=\" content-text__container \" data-track-category=\"Link no Texto\" data-track-links=\"\" data-mrf-recirculation=\"Mat\u00e9ria - Links no Texto\">Al\u00e9m da expans\u00e3o para diferentes territ\u00f3rios, o que tem chamado a aten\u00e7\u00e3o das autoridades e investigadores brasileiros e tamb\u00e9m estrangeiros \u00e9 o fato de os integrantes do PCC terem buscados outros pa\u00edses n\u00e3o s\u00f3 para viagens tempor\u00e1rias, mas tamb\u00e9m como moradia fixa e infiltra\u00e7\u00e3o em cadeias, uma esp\u00e9cie de &#8220;marca registrada&#8221; da fac\u00e7\u00e3o criminosa paulista.<\/p>\n<\/div>\n<\/div>\n<div id=\"chunk-br33f\">\n<div class=\"mc-column content-text active-extra-styles\" data-block-type=\"raw\" data-block-weight=\"8\" data-block-id=\"13\">\n<div class=\"content-intertitle\">\n<h2>EUA discutem classificar PCC e CV como terroristas<\/h2>\n<\/div>\n<\/div>\n<\/div>\n<div id=\"chunk-87jnu\">\n<div class=\"mc-column content-text active-extra-styles \" data-block-type=\"unstyled\" data-block-weight=\"44\" data-block-id=\"14\">\n<p class=\" content-text__container \" data-track-category=\"Link no Texto\" data-track-links=\"\" data-mrf-recirculation=\"Mat\u00e9ria - Links no Texto\">O governo brasileiro tenta frear a discuss\u00e3o em curso nos Estados Unidos para classificar as fac\u00e7\u00f5es Comando Vermelho e o Primeiro PCC como organiza\u00e7\u00f5es terroristas, pelo menos, at\u00e9 a conversa presencial entre o presidente\u00a0<a class=\"\" href=\"https:\/\/g1.globo.com\/tudo-sobre\/luiz-inacio-lula-da-silva\/\" data-mrf-link=\"https:\/\/g1.globo.com\/tudo-sobre\/luiz-inacio-lula-da-silva\/\">Luiz In\u00e1cio Lula da Silva<\/a>\u00a0e\u00a0<a class=\"\" href=\"https:\/\/g1.globo.com\/tudo-sobre\/donald-trump\/\" data-mrf-link=\"https:\/\/g1.globo.com\/tudo-sobre\/donald-trump\/\">Donald Trump<\/a>, em Washington.<\/p>\n<\/div>\n<\/div>\n<div id=\"chunk-212p3\">\n<div class=\"mc-column content-text active-extra-styles \" data-block-type=\"unstyled\" data-block-weight=\"38\" data-block-id=\"15\">\n<p class=\" content-text__container \" data-track-category=\"Link no Texto\" data-track-links=\"\" data-mrf-recirculation=\"Mat\u00e9ria - Links no Texto\">Segundo fontes da diplomacia, o ministro das Rela\u00e7\u00f5es Exteriores, Mauro Vieira, pediu por telefone ao secret\u00e1rio de Estado norte-americano, Marco Rubio, que n\u00e3o encaminhe ao Parlamento dos EUA a decis\u00e3o de classificar PCC e CV como grupos terroristas.<\/p>\n<\/div>\n<\/div>\n<div id=\"chunk-fthrj\">\n<div class=\"mc-column content-text active-extra-styles \" data-block-type=\"unstyled\" data-block-weight=\"51\" data-block-id=\"16\">\n<p class=\" content-text__container \" data-track-category=\"Link no Texto\" data-track-links=\"\" data-mrf-recirculation=\"Mat\u00e9ria - Links no Texto\">A solicita\u00e7\u00e3o foi feita porque, se Rubio fizer isso, o Congresso norte-americano tem um prazo de sete dias para fazer a an\u00e1lise<span class=\"highlight highlighted\">. Lincoln Gakiya entende que o PCC e o Comando Vermelho n\u00e3o se tratam de organiza\u00e7\u00f5es terroristas e que se tratam de organiza\u00e7\u00f5es criminosas transnacionais<\/span>, com caracter\u00edsticas at\u00e9 de m\u00e1fia.<\/p>\n<\/div>\n<\/div>\n<div id=\"chunk-494ki\">\n<div class=\"mc-column content-text active-extra-styles\" data-block-type=\"raw\" data-block-weight=\"61\" data-block-id=\"18\">\n<blockquote class=\"content-blockquote theme-border-color-primary-before\"><p>&#8220;O PCC \u00e9 uma organiza\u00e7\u00e3o mafiosa, com atua\u00e7\u00e3o transnacional em mais de 28 pa\u00edses, pratica atos de natureza terrorista, como se viu em S\u00e3o Paulo nos ataques de 2006. Mas n\u00e3o tem objetivos pol\u00edticos ou ideol\u00f3gicos, como os de \u00f3dio racial, de etnia ou religioso. O objetivo \u00e9 de domina\u00e7\u00e3o territorial e lucro com neg\u00f3cios il\u00edcitos&#8221;, aponta o promotor de justi\u00e7a.<\/p><\/blockquote>\n<\/div>\n<\/div>\n<div id=\"chunk-e3jvu\">\n<div class=\"mc-column content-text active-extra-styles \" data-block-type=\"unstyled\" data-block-weight=\"31\" data-block-id=\"19\">\n<p class=\" content-text__container \" data-track-category=\"Link no Texto\" data-track-links=\"\" data-mrf-recirculation=\"Mat\u00e9ria - Links no Texto\">O chanceler pediu que Rubio aguarde o encontro entre Lula e Trump, j\u00e1 que o governo brasileiro quer mostrar, na reuni\u00e3o, como tem atuado no combate ao crime organizado no pa\u00eds.<\/p>\n<\/div>\n<\/div>\n<div data-track-category=\"multicontent\" data-track-action=\"multicontent\" data-track-noninteraction=\"false\" data-track-scroll=\"ultimo chunk conteudo\" data-track-value=\"view\">\n<div id=\"chunk-avc6f\">\n<div class=\"mc-column content-text active-extra-styles \" data-block-type=\"unstyled\" data-block-weight=\"41\" data-block-id=\"20\">\n<p class=\" content-text__container \" data-track-category=\"Link no Texto\" data-track-links=\"\" data-mrf-recirculation=\"Mat\u00e9ria - Links no Texto\">Lula pretende fazer uma visita oficial \u00e0 Casa Branca, para se reunir com o presidente Donald Trump. A ideia inicial era que o encontro ocorresse neste m\u00eas de mar\u00e7o, mas diante da dificuldade de agendas, uma data ainda n\u00e3o foi acertada.<\/p>\n<p>Fonte: G1<\/p>\n<\/div>\n<\/div>\n<\/div>\n<\/div>\n<\/article>\n<\/div>\n","protected":false},"excerpt":{"rendered":"<p>Em miss\u00e3o ao Brasil, assessores do governo dos EUA consultaram autoridades sobre riscos da atua\u00e7\u00e3o e expans\u00e3o do PCC Representantes<\/p>\n","protected":false},"author":1,"featured_media":13325,"comment_status":"open","ping_status":"open","sticky":false,"template":"","format":"standard","meta":{"colormag_page_container_layout":"default_layout","colormag_page_sidebar_layout":"default_layout","footnotes":""},"categories":[90],"tags":[],"class_list":["post-13322","post","type-post","status-publish","format-standard","has-post-thumbnail","hentry","category-brasil"],"_links":{"self":[{"href":"http:\/\/metropoleemfoco.com.br\/index.php?rest_route=\/wp\/v2\/posts\/13322","targetHints":{"allow":["GET"]}}],"collection":[{"href":"http:\/\/metropoleemfoco.com.br\/index.php?rest_route=\/wp\/v2\/posts"}],"about":[{"href":"http:\/\/metropoleemfoco.com.br\/index.php?rest_route=\/wp\/v2\/types\/post"}],"author":[{"embeddable":true,"href":"http:\/\/metropoleemfoco.com.br\/index.php?rest_route=\/wp\/v2\/users\/1"}],"replies":[{"embeddable":true,"href":"http:\/\/metropoleemfoco.com.br\/index.php?rest_route=%2Fwp%2Fv2%2Fcomments&post=13322"}],"version-history":[{"count":1,"href":"http:\/\/metropoleemfoco.com.br\/index.php?rest_route=\/wp\/v2\/posts\/13322\/revisions"}],"predecessor-version":[{"id":13326,"href":"http:\/\/metropoleemfoco.com.br\/index.php?rest_route=\/wp\/v2\/posts\/13322\/revisions\/13326"}],"wp:featuredmedia":[{"embeddable":true,"href":"http:\/\/metropoleemfoco.com.br\/index.php?rest_route=\/wp\/v2\/media\/13325"}],"wp:attachment":[{"href":"http:\/\/metropoleemfoco.com.br\/index.php?rest_route=%2Fwp%2Fv2%2Fmedia&parent=13322"}],"wp:term":[{"taxonomy":"category","embeddable":true,"href":"http:\/\/metropoleemfoco.com.br\/index.php?rest_route=%2Fwp%2Fv2%2Fcategories&post=13322"},{"taxonomy":"post_tag","embeddable":true,"href":"http:\/\/metropoleemfoco.com.br\/index.php?rest_route=%2Fwp%2Fv2%2Ftags&post=13322"}],"curies":[{"name":"wp","href":"https:\/\/api.w.org\/{rel}","templated":true}]}}