{"id":13304,"date":"2026-03-11T17:43:44","date_gmt":"2026-03-11T20:43:44","guid":{"rendered":"http:\/\/metropoleemfoco.com.br\/?p=13304"},"modified":"2026-03-11T17:43:44","modified_gmt":"2026-03-11T20:43:44","slug":"13304","status":"publish","type":"post","link":"http:\/\/metropoleemfoco.com.br\/?p=13304","title":{"rendered":""},"content":{"rendered":"<div id=\"noticias-interna\" class=\"elementor-element elementor-element-c4536fa header-noticias-leitura e-flex e-con-boxed e-con e-parent e-lazyloaded\" data-id=\"c4536fa\" data-element_type=\"container\" data-settings=\"{&quot;_ha_eqh_enable&quot;:false}\">\n<div class=\"e-con-inner\">\n<div class=\"elementor-element elementor-element-2028351 elementor-widget__width-initial titulo-conteudo elementor-widget elementor-widget-theme-post-title elementor-page-title elementor-widget-heading\" data-id=\"2028351\" data-element_type=\"widget\" data-widget_type=\"theme-post-title.default\">\n<div class=\"elementor-widget-container\">\n<h1 class=\"elementor-heading-title elementor-size-default\">Atletas do Time SP, Aline Rocha e Cristian Ribera terminam \u2018no top 5\u2019 da prova de 10 km de esqui nos Jogos Paral\u00edmpicos de Inverno<\/h1>\n<\/div>\n<\/div>\n<div class=\"elementor-element elementor-element-4784657 elementor-widget__width-initial elementor-widget elementor-widget-theme-post-excerpt\" data-id=\"4784657\" data-element_type=\"widget\" data-widget_type=\"theme-post-excerpt.default\">\n<div class=\"elementor-widget-container\">Esquiadores brasileiros ficaram em 5\u00ba lugar na categoria Sitting do esqui cross-country (10km); na ter\u00e7a, Crstian conquistou primeira medalha do Brasil em Paralimp\u00edadas de Inverno<\/div>\n<\/div>\n<div class=\"elementor-element elementor-element-2133f16 compartilhe e-con-full e-flex e-con e-child\" data-id=\"2133f16\" data-element_type=\"container\" data-settings=\"{&quot;_ha_eqh_enable&quot;:false}\">\n<div class=\"elementor-element elementor-element-a8be681 e-con-full e-flex e-con e-child\" data-id=\"a8be681\" data-element_type=\"container\" data-settings=\"{&quot;_ha_eqh_enable&quot;:false}\">\n<div class=\"elementor-element elementor-element-4b063fb elementor-widget elementor-widget-image\" data-id=\"4b063fb\" data-element_type=\"widget\" data-widget_type=\"image.default\">\n<div class=\"elementor-widget-container\"><img loading=\"lazy\" decoding=\"async\" class=\"attachment-large size-large wp-image-4961\" src=\"https:\/\/www.agenciasp.sp.gov.br\/wp-content\/uploads\/2024\/03\/icon-share-03-gray-ok.png\" alt=\"\" width=\"20\" height=\"16\" \/><\/div>\n<\/div>\n<div class=\"elementor-element elementor-element-888f86d elementor-share-buttons--view-icon elementor-share-buttons--skin-framed elementor-share-buttons--shape-circle elementor-share-buttons--align-left elementor-share-buttons--color-custom elementor-grid-0 elementor-widget elementor-widget-share-buttons\" data-id=\"888f86d\" data-element_type=\"widget\" data-settings=\"{&quot;share_url&quot;:{&quot;url&quot;:&quot;https:\\\/\\\/www.agenciasp.sp.gov.br\\\/atletas-do-time-sp-aline-rocha-e-cristian-ribera-terminam-no-top-5-da-prova-de-10-km-de-esqui-nos-jogos-paralimpicos-de-inverno\\\/&quot;,&quot;is_external&quot;:&quot;&quot;,&quot;nofollow&quot;:&quot;&quot;,&quot;custom_attributes&quot;:&quot;&quot;}}\" data-widget_type=\"share-buttons.default\">\n<div class=\"elementor-widget-container\">\n<div class=\"elementor-grid\">\n<div class=\"elementor-grid-item\">\n<div class=\"elementor-share-btn elementor-share-btn_whatsapp\" tabindex=\"0\" role=\"button\" aria-label=\"Compartilhar no whatsapp\"><\/div>\n<\/div>\n<div class=\"elementor-grid-item\">\n<div class=\"elementor-share-btn elementor-share-btn_facebook\" tabindex=\"0\" role=\"button\" aria-label=\"Compartilhar no facebook\"><\/div>\n<\/div>\n<div class=\"elementor-grid-item\">\n<div class=\"elementor-share-btn elementor-share-btn_x-twitter\" tabindex=\"0\" role=\"button\" aria-label=\"Compartilhar no x-twitter\"><\/div>\n<\/div>\n<div class=\"elementor-grid-item\">\n<div class=\"elementor-share-btn elementor-share-btn_email\" tabindex=\"0\" role=\"button\" aria-label=\"Compartilhar no email\"><\/div>\n<\/div>\n<\/div>\n<\/div>\n<\/div>\n<\/div>\n<\/div>\n<\/div>\n<\/div>\n<div class=\"elementor-element elementor-element-0e5ecd1 imagem-top-post e-flex e-con-boxed e-con e-parent e-lazyloaded\" data-id=\"0e5ecd1\" data-element_type=\"container\" data-settings=\"{&quot;background_background&quot;:&quot;classic&quot;,&quot;background_motion_fx_motion_fx_scrolling&quot;:&quot;yes&quot;,&quot;background_motion_fx_devices&quot;:[&quot;desktop&quot;,&quot;tablet&quot;,&quot;mobile&quot;],&quot;_ha_eqh_enable&quot;:false}\">\n<div class=\"e-con-inner\">\n<div class=\"elementor-element elementor-element-ced2435 elementor-widget__width-inherit capa-post elementor-widget elementor-widget-theme-post-featured-image elementor-widget-image\" data-id=\"ced2435\" data-element_type=\"widget\" data-widget_type=\"theme-post-featured-image.default\">\n<div class=\"elementor-widget-container\"><img loading=\"lazy\" decoding=\"async\" class=\"attachment-large size-large wp-image-127807\" src=\"https:\/\/www.agenciasp.sp.gov.br\/wp-content\/uploads\/2026\/03\/WhatsApp-Image-2026-03-11-at-09.26.19-1024x683.jpeg\" sizes=\"auto, (max-width: 800px) 100vw, 800px\" srcset=\"https:\/\/www.agenciasp.sp.gov.br\/wp-content\/uploads\/2026\/03\/WhatsApp-Image-2026-03-11-at-09.26.19-1024x683.jpeg 1024w, https:\/\/www.agenciasp.sp.gov.br\/wp-content\/uploads\/2026\/03\/WhatsApp-Image-2026-03-11-at-09.26.19-300x200.jpeg 300w, https:\/\/www.agenciasp.sp.gov.br\/wp-content\/uploads\/2026\/03\/WhatsApp-Image-2026-03-11-at-09.26.19-768x512.jpeg 768w, https:\/\/www.agenciasp.sp.gov.br\/wp-content\/uploads\/2026\/03\/WhatsApp-Image-2026-03-11-at-09.26.19-1536x1024.jpeg 1536w, https:\/\/www.agenciasp.sp.gov.br\/wp-content\/uploads\/2026\/03\/WhatsApp-Image-2026-03-11-at-09.26.19-150x100.jpeg 150w, https:\/\/www.agenciasp.sp.gov.br\/wp-content\/uploads\/2026\/03\/WhatsApp-Image-2026-03-11-at-09.26.19.jpeg 1600w\" alt=\"\" width=\"800\" height=\"534\" \/><\/div>\n<\/div>\n<div class=\"elementor-element elementor-element-5c2830d elementor-align-center elementor-absolute tarja-categoria-leitura-materia elementor-widget elementor-widget-post-info\" data-id=\"5c2830d\" data-element_type=\"widget\" data-settings=\"{&quot;_position&quot;:&quot;absolute&quot;}\" data-widget_type=\"post-info.default\">\n<div class=\"elementor-widget-container\">\n<ul class=\"elementor-icon-list-items elementor-post-info\">\n<li class=\"elementor-icon-list-item elementor-repeater-item-78f4fb6\"><span class=\"elementor-icon-list-text elementor-post-info__item elementor-post-info__item--type-terms\"><span class=\"elementor-post-info__terms-list\"><a class=\"elementor-post-info__terms-list-item\" role=\"link\" href=\"https:\/\/www.agenciasp.sp.gov.br\/editoria\/esportes\/\">Esportes<\/a><\/span><\/span><\/li>\n<\/ul>\n<\/div>\n<\/div>\n<\/div>\n<\/div>\n<div class=\"elementor-element elementor-element-5c5279b noticias-content e-flex e-con-boxed e-con e-parent e-lazyloaded\" data-id=\"5c5279b\" data-element_type=\"container\" data-settings=\"{&quot;_ha_eqh_enable&quot;:false}\">\n<div class=\"e-con-inner\">\n<div class=\"elementor-element elementor-element-753696f legenda-fotos elementor-widget elementor-widget-text-editor\" data-id=\"753696f\" data-element_type=\"widget\" data-widget_type=\"text-editor.default\">\n<div class=\"elementor-widget-container\">Aline Rocha, atleta do Time S\u00e3o Paulo, nos Jogos Paral\u00edmpicos de Inverno (Foto: CPB\/Divulga\u00e7\u00e3o)<\/div>\n<\/div>\n<div class=\"elementor-element elementor-element-cb76742 elementor-widget elementor-widget-post-info\" data-id=\"cb76742\" data-element_type=\"widget\" data-widget_type=\"post-info.default\">\n<div class=\"elementor-widget-container\">\n<ul class=\"elementor-inline-items elementor-icon-list-items elementor-post-info\">\n<li class=\"elementor-icon-list-item elementor-repeater-item-ca87380 elementor-inline-item\"><span class=\"elementor-icon-list-text elementor-post-info__item elementor-post-info__item--type-custom\">Ag\u00eancia SP<\/span><\/li>\n<\/ul>\n<\/div>\n<\/div>\n<div class=\"elementor-element elementor-element-8cc89f6 e-con-full e-flex e-con e-child\" data-id=\"8cc89f6\" data-element_type=\"container\" data-settings=\"{&quot;_ha_eqh_enable&quot;:false}\">\n<div class=\"elementor-element elementor-element-0b409b9 elementor-align-left data-atualizado elementor-widget elementor-widget-post-info\" data-id=\"0b409b9\" data-element_type=\"widget\" data-widget_type=\"post-info.default\">\n<div class=\"elementor-widget-container\"><\/div>\n<\/div>\n<div class=\"elementor-element elementor-element-d4b75ed data-atualizado elementor-widget elementor-widget-shortcode\" data-id=\"d4b75ed\" data-element_type=\"widget\" data-widget_type=\"shortcode.default\"><\/div>\n<\/div>\n<div class=\"elementor-element elementor-element-5a922b4 conteudo-post elementor-widget elementor-widget-theme-post-content\" data-id=\"5a922b4\" data-element_type=\"widget\" data-widget_type=\"theme-post-content.default\">\n<div class=\"elementor-widget-container\">\n<p>Os atletas do Time S\u00e3o Paulo Paral\u00edmpico Cristian Ribera e Aline Rocha chegaram em quinto lugar nas provas masculina e feminina de 10 km do esqui cross-country dos Jogos Paral\u00edmpicos de Inverno Mil\u00e3o-Cortina 2026, disputada nesta quarta-feira (11). O Time S\u00e3o Paulo \u00e9 uma iniciativa da Secretaria de Estado dos Direitos da<br \/>\nPessoa com Defici\u00eancia para fomento do esporte paral\u00edmpico brasileiro.<\/p>\n<p>Na ter\u00e7a-feira (10), Cristian conquistou a primeira medalha do Brasil em uma Paral\u00edmpiada de Inverno, a prata na prova de sprint, na dist\u00e2ncia de 1,2 km. Aline ficou em quinto lugar nessa prova.<\/p>\n<p>\u201cEsse foi meu segundo melhor resultado nos Jogos Paral\u00edmpicos de Inverno, superando o sexto lugar na edi\u00e7\u00e3o de 2018 realizada em PyeongChang na Coreia do Sul. Cheguei a flertar com mais uma medalha, estive em terceiro lugar at\u00e9 metade do percurso, mas n\u00e3o deu para segurar a posi\u00e7\u00e3o\u201d, disse Cristian Ribeira, que terminou a prova com o tempo de 24min31s1.<\/p>\n<p>\u201cEstou feliz com minha segunda prova no top cinco. Carregava o status de vice-campe\u00e3 mundial nos 10km, ent\u00e3o esperava um resultado mais expressivo, mas sei que dei meu melhor. Agora \u00e9 esfriar a cabe\u00e7a e descansar que amanh\u00e3 tem mais\u201d, comentou Aline Rocha, que fez o tempo de 28min37s3.<\/p>\n<p>\u201cNovamente parabenizo Aline e Cristian pelo bom resultado. O Time S\u00e3o Paulo est\u00e1 fazendo muito bonito em Mil\u00e3o-Cortina e aos poucos o torcedor brasileiro vai pegando gosto pelos esportes de neve\u201d, comentou o Secret\u00e1rio dos Direitos da Pessoa com Defici\u00eancia, Marcos da Costa.<\/p>\n<figure class=\"wp-block-image size-large\"><img loading=\"lazy\" decoding=\"async\" class=\"wp-image-127806\" src=\"https:\/\/www.agenciasp.sp.gov.br\/wp-content\/uploads\/2026\/03\/WhatsApp-Image-2026-03-11-at-09.25.47-1024x683.jpeg\" sizes=\"auto, (max-width: 1024px) 100vw, 1024px\" srcset=\"https:\/\/www.agenciasp.sp.gov.br\/wp-content\/uploads\/2026\/03\/WhatsApp-Image-2026-03-11-at-09.25.47-1024x683.jpeg 1024w, https:\/\/www.agenciasp.sp.gov.br\/wp-content\/uploads\/2026\/03\/WhatsApp-Image-2026-03-11-at-09.25.47-300x200.jpeg 300w, https:\/\/www.agenciasp.sp.gov.br\/wp-content\/uploads\/2026\/03\/WhatsApp-Image-2026-03-11-at-09.25.47-768x512.jpeg 768w, https:\/\/www.agenciasp.sp.gov.br\/wp-content\/uploads\/2026\/03\/WhatsApp-Image-2026-03-11-at-09.25.47-1536x1024.jpeg 1536w, https:\/\/www.agenciasp.sp.gov.br\/wp-content\/uploads\/2026\/03\/WhatsApp-Image-2026-03-11-at-09.25.47-150x100.jpeg 150w, https:\/\/www.agenciasp.sp.gov.br\/wp-content\/uploads\/2026\/03\/WhatsApp-Image-2026-03-11-at-09.25.47.jpeg 1600w\" alt=\"\" width=\"1024\" height=\"683\" \/><figcaption class=\"wp-element-caption\">Cristian Ribera, atleta do Time S\u00e3o Paulo, nos Jogos Paral\u00edmpicos de Inverno (Foto: CPB\/Divulga\u00e7\u00e3o)<\/figcaption><\/figure>\n<h2 class=\"wp-block-heading\">Wellington e Elena<\/h2>\n<p>A atleta Elena Sena, tamb\u00e9m do Time S\u00e3o Paulo, terminou em 16\u00ba lugar no feminino, e Wellington da Silva ficou em 18\u00ba lugar no masculino. \u201cSenti bastante dor nas costas e muito cansa\u00e7o, mas fiz de tudo para ir at\u00e9 o fim\u201d, comentou Wellington em entrevista ao Sportv.<\/p>\n<p>Na sexta-feira (13), Elena Sena disputa a prova Sprint Pursuit do biatlo a partir das 5h45. No s\u00e1bado (14), os atletas competem no revezamento misto, e no domingo (15), \u00faltimo dia dos Jogos Paral\u00edmpicos, eles disputam os 20 km do esqui cross-country.<\/p>\n<h2 class=\"wp-block-heading\">Sobre o Time S\u00e3o Paulo<\/h2>\n<p>O Time S\u00e3o Paulo Paral\u00edmpico, criado pelo Governo de S\u00e3o Paulo, por meio da SEDPcD em parceria com o CPB conta com R$ 8,2 milh\u00f5es investidos e direcionados a 157 atletas de 16 diferentes modalidades, que representam o estado e o pa\u00eds em campeonatos nacionais e mundiais ao longo do ano.<\/p>\n<p>A iniciativa apoia o desenvolvimento de atletas com defici\u00eancia e promove a inclus\u00e3o por meio do esporte. Mais que resultados e medalhas, o programa refor\u00e7a oportunidades, investimento e respeito ao protagonismo das pessoas com defici\u00eancia.<\/p>\n<h2 class=\"wp-block-heading\">Time SP rumo a Los Angeles 2028<\/h2>\n<p>Neste ano, ao contr\u00e1rio das edi\u00e7\u00f5es anteriores, o contrato do Time S\u00e3o Paulo Paral\u00edmpico n\u00e3o \u00e9 mais anual. A parceria com o Comit\u00ea Paral\u00edmpico Brasileiro (CPB) foi estendida e agora est\u00e1 garantida at\u00e9 dezembro de 2028, trazendo mais estabilidade e seguran\u00e7a para o ciclo de Los Angeles.<\/p>\n<p>Fonte: Agencia Sp Gov<\/p>\n<\/div>\n<\/div>\n<\/div>\n<\/div>\n","protected":false},"excerpt":{"rendered":"<p>Atletas do Time SP, Aline Rocha e Cristian Ribera terminam \u2018no top 5\u2019 da prova de 10 km de esqui<\/p>\n","protected":false},"author":1,"featured_media":13311,"comment_status":"open","ping_status":"open","sticky":false,"template":"","format":"standard","meta":{"colormag_page_container_layout":"default_layout","colormag_page_sidebar_layout":"default_layout","footnotes":""},"categories":[95],"tags":[],"class_list":["post-13304","post","type-post","status-publish","format-standard","has-post-thumbnail","hentry","category-paralimpicos"],"_links":{"self":[{"href":"http:\/\/metropoleemfoco.com.br\/index.php?rest_route=\/wp\/v2\/posts\/13304","targetHints":{"allow":["GET"]}}],"collection":[{"href":"http:\/\/metropoleemfoco.com.br\/index.php?rest_route=\/wp\/v2\/posts"}],"about":[{"href":"http:\/\/metropoleemfoco.com.br\/index.php?rest_route=\/wp\/v2\/types\/post"}],"author":[{"embeddable":true,"href":"http:\/\/metropoleemfoco.com.br\/index.php?rest_route=\/wp\/v2\/users\/1"}],"replies":[{"embeddable":true,"href":"http:\/\/metropoleemfoco.com.br\/index.php?rest_route=%2Fwp%2Fv2%2Fcomments&post=13304"}],"version-history":[{"count":1,"href":"http:\/\/metropoleemfoco.com.br\/index.php?rest_route=\/wp\/v2\/posts\/13304\/revisions"}],"predecessor-version":[{"id":13312,"href":"http:\/\/metropoleemfoco.com.br\/index.php?rest_route=\/wp\/v2\/posts\/13304\/revisions\/13312"}],"wp:featuredmedia":[{"embeddable":true,"href":"http:\/\/metropoleemfoco.com.br\/index.php?rest_route=\/wp\/v2\/media\/13311"}],"wp:attachment":[{"href":"http:\/\/metropoleemfoco.com.br\/index.php?rest_route=%2Fwp%2Fv2%2Fmedia&parent=13304"}],"wp:term":[{"taxonomy":"category","embeddable":true,"href":"http:\/\/metropoleemfoco.com.br\/index.php?rest_route=%2Fwp%2Fv2%2Fcategories&post=13304"},{"taxonomy":"post_tag","embeddable":true,"href":"http:\/\/metropoleemfoco.com.br\/index.php?rest_route=%2Fwp%2Fv2%2Ftags&post=13304"}],"curies":[{"name":"wp","href":"https:\/\/api.w.org\/{rel}","templated":true}]}}