{"id":13303,"date":"2026-03-11T17:42:09","date_gmt":"2026-03-11T20:42:09","guid":{"rendered":"http:\/\/metropoleemfoco.com.br\/?p=13303"},"modified":"2026-03-11T17:42:09","modified_gmt":"2026-03-11T20:42:09","slug":"13303","status":"publish","type":"post","link":"http:\/\/metropoleemfoco.com.br\/?p=13303","title":{"rendered":""},"content":{"rendered":"<div class=\"mc-article-header\">\n<div class=\"row content-head mc-column non-featured \">\n<div class=\"title\" data-block-type=\"title\" data-block-id=\"0\">\n<h1 class=\"content-head__title\">Superliga B: Sesc MS encerra campanha rebaixado em sua primeira participa\u00e7\u00e3o<\/h1>\n<\/div>\n<div class=\"medium-centered subtitle\">\n<h2 class=\"content-head__subtitle\">Time sul-mato-grossense venceu apenas dois jogos em 13 na primeira fase e terminou em pen\u00faltimo na edi\u00e7\u00e3o de 2025\/2026<\/h2>\n<\/div>\n<\/div>\n<div class=\"content__signa-share mc-column\">\n<div class=\"content__signature\">\n<div class=\"content-publication-data\">\n<div class=\"content-publication-data__text\">\n<p class=\"content-publication-data__from\" title=\"Gabriel de Matos\">Por Gabriel de Matos\u00a0\u2014 Campo Grande<\/p>\n<\/div>\n<\/div>\n<\/div>\n<\/div>\n<div class=\"glb-share-bar content__share-bar\">\n<div class=\"glb-share-bar_icons\">\n<div class=\"glb-share-bar_button-img\"><\/div>\n<div class=\"glb-share-bar_button-img\"><\/div>\n<div class=\"glb-share-bar_button-img\"><\/div>\n<\/div>\n<\/div>\n<hr class=\"content__divider \" \/>\n<div class=\"mc-summary mc-column\" data-block-type=\"summary\" data-block-id=\"1\">\n<details class=\"mc-summary-card bs-block--exclude-chunk-children\">\n<div class=\"mc-summary-card__summary-container\"><\/div>\n<div class=\"mc-summary-card__content\">\n<ul class=\"mc-summary-card__list\">\n<li class=\"mc-summary-card__item\">\n<div id=\"chunk-er528\">\n<div class=\"mc-column content-text active-extra-styles \" data-block-type=\"unstyled\" data-block-weight=\"\">\n<p class=\" content-text__container \" data-track-category=\"Link no Texto\" data-track-links=\"\">O Sesc MS terminou a campanha na Superliga B 2025\/2026 de v\u00f4lei masculino com o rebaixamento.<\/p>\n<\/div>\n<\/div>\n<\/li>\n<li class=\"mc-summary-card__item\">\n<div id=\"chunk-1o8rq\">\n<div class=\"mc-column content-text active-extra-styles \" data-block-type=\"unstyled\" data-block-weight=\"\">\n<p class=\" content-text__container \" data-track-category=\"Link no Texto\" data-track-links=\"\">Em sua primeira participa\u00e7\u00e3o na segunda divis\u00e3o nacional, a equipe fez a pen\u00faltima campanha entre os 14 times participantes.<\/p>\n<\/div>\n<\/div>\n<\/li>\n<li class=\"mc-summary-card__item\">\n<div id=\"chunk-9fj0j\">\n<div class=\"mc-column content-text active-extra-styles \" data-block-type=\"unstyled\" data-block-weight=\"\">\n<p class=\" content-text__container \" data-track-category=\"Link no Texto\" data-track-links=\"\">Com o resultado final, o time disputar\u00e1 a Superliga C na pr\u00f3xima temporada.<\/p>\n<\/div>\n<\/div>\n<\/li>\n<\/ul>\n<\/div>\n<\/details>\n<\/div>\n<\/div>\n<div class=\"mc-article-body\">\n<article>\n<div id=\"chunk-69n0v\">\n<div class=\"cxm-block-video content-media mc-column \" data-block-type=\"backstage-video\" data-block-id=\"2\">\n<div class=\"cxm-block-video__container \">\n<div class=\"cxm-block-video__player-fixer\">\n<article class=\"cxm-block-video__player-wrapper\">\n<section class=\"cxm-block-video__player\">\n<div class=\"cxm-block-video__placeholder\" data-video-id=\"14235136\"><img decoding=\"async\" class=\"cxm-block-video__thumb\" title=\"Em busca da primeira vit\u00f3ria no v\u00f4lei\" src=\"https:\/\/s01.video.glbimg.com\/x240\/14235136.jpg\" alt=\"Em busca da primeira vit\u00f3ria no v\u00f4lei\" \/><\/div>\n<\/section>\n<\/article>\n<\/div>\n<div class=\"cxm-block-video__caption-container\">\n<p class=\"codex-caption codex-caption--small\">Em busca da primeira vit\u00f3ria no v\u00f4lei<\/p>\n<\/div>\n<\/div>\n<\/div>\n<\/div>\n<div id=\"chunk-cc6gj\">\n<div class=\"mc-column content-text active-extra-styles \" data-block-type=\"unstyled\" data-block-weight=\"35\" data-block-id=\"3\">\n<p class=\" content-text__container \" data-track-category=\"Link no Texto\" data-track-links=\"\">O\u00a0<strong>Sesc MS<\/strong>\u00a0terminou a campanha na\u00a0<strong>Superliga B 2025\/2026 de v\u00f4lei masculino<\/strong>\u00a0com o rebaixamento. Em sua primeira participa\u00e7\u00e3o na segunda divis\u00e3o nacional, a equipe fez a pen\u00faltima campanha entre os 14 times participantes.<\/p>\n<\/div>\n<\/div>\n<div class=\"wall protected-content\">\n<div id=\"chunk-c9a7r\">\n<div class=\"mc-column content-text active-extra-styles \" data-block-type=\"unstyled\" data-block-weight=\"29\" data-block-id=\"5\">\n<p class=\" content-text__container \" data-track-category=\"Link no Texto\" data-track-links=\"\">Antes do in\u00edcio da competi\u00e7\u00e3o, o objetivo declarado do clube era garantir a perman\u00eancia na divis\u00e3o. Com o resultado final, o time disputar\u00e1 a Superliga C na pr\u00f3xima temporada.<\/p>\n<\/div>\n<\/div>\n<div id=\"chunk-89u28\">\n<div class=\"row medium-uncollapsed content-media content-photo\" data-block-type=\"backstage-photo\" data-block-id=\"7\">\n<div class=\" mc-column  content-media__container\">\n<div class=\"content-media-container glb-skeleton-box\">\n<figure class=\"content-media-figure\"><img decoding=\"async\" class=\"i-amphtml-fill-content i-amphtml-replaced-content\" src=\"https:\/\/s2-ge.glbimg.com\/ZzHDMlZbDD8uvUSqpUhK-i_LiAg=\/0x0:1300x975\/984x0\/smart\/filters:strip_icc()\/i.s3.glbimg.com\/v1\/AUTH_bc8228b6673f488aa253bbcb03c80ec5\/internal_photos\/bs\/2026\/6\/j\/QHmuwDQ46MICtVBqnimA\/img-9086.png\" sizes=\"(max-width: 1600px) 648px, 100vw\" srcset=\"https:\/\/s2-ge.glbimg.com\/ma7MDLK1wuA3cMZvH9GdGFFyfDI=\/0x0:1300x975\/1000x0\/smart\/filters:strip_icc()\/i.s3.glbimg.com\/v1\/AUTH_bc8228b6673f488aa253bbcb03c80ec5\/internal_photos\/bs\/2026\/6\/j\/QHmuwDQ46MICtVBqnimA\/img-9086.png 1000w, https:\/\/s2-ge.glbimg.com\/ZzHDMlZbDD8uvUSqpUhK-i_LiAg=\/0x0:1300x975\/984x0\/smart\/filters:strip_icc()\/i.s3.glbimg.com\/v1\/AUTH_bc8228b6673f488aa253bbcb03c80ec5\/internal_photos\/bs\/2026\/6\/j\/QHmuwDQ46MICtVBqnimA\/img-9086.png 984w, https:\/\/s2-ge.glbimg.com\/Ssb6ExUK0g4Bq_NPvP3iYUEBFkA=\/0x0:1300x975\/640x0\/smart\/filters:strip_icc()\/i.s3.glbimg.com\/v1\/AUTH_bc8228b6673f488aa253bbcb03c80ec5\/internal_photos\/bs\/2026\/6\/j\/QHmuwDQ46MICtVBqnimA\/img-9086.png 640w, https:\/\/s2-ge.glbimg.com\/O6ALSIxIoyNJ6Nczt24OUFzvo5M=\/0x0:1300x975\/600x0\/smart\/filters:strip_icc()\/i.s3.glbimg.com\/v1\/AUTH_bc8228b6673f488aa253bbcb03c80ec5\/internal_photos\/bs\/2026\/6\/j\/QHmuwDQ46MICtVBqnimA\/img-9086.png 600w\" alt=\"Sesc V\u00f4lei MS | Gin\u00e1sio do Col\u00e9gio Oswaldo Tognini \u2014 Foto: Divulga\u00e7\u00e3o\" \/><\/figure>\n<\/div>\n<p class=\"content-media__description  \">Sesc V\u00f4lei MS | Gin\u00e1sio do Col\u00e9gio Oswaldo Tognini \u2014 Foto: Divulga\u00e7\u00e3o<\/p>\n<\/div>\n<\/div>\n<\/div>\n<div id=\"chunk-2n0ft\">\n<div class=\"mc-column content-text active-extra-styles \" data-block-type=\"unstyled\" data-block-weight=\"25\" data-block-id=\"9\">\n<p class=\" content-text__container \" data-track-category=\"Link no Texto\" data-track-links=\"\">Em 13 jogos, a equipe conquistou apenas duas vit\u00f3rias e somou seis pontos. Al\u00e9m do representante sul-mato-grossense, tamb\u00e9m foram rebaixados\u00a0<strong>Apan, Aprov Chapec\u00f3 e Am\u00e9rica-RN<\/strong>.<\/p>\n<\/div>\n<\/div>\n<div id=\"chunk-e9nhf\">\n<div class=\"mc-column content-text active-extra-styles \" data-block-type=\"unstyled\" data-block-weight=\"44\" data-block-id=\"10\">\n<p class=\" content-text__container \" data-track-category=\"Link no Texto\" data-track-links=\"\">A campanha come\u00e7ou com derrotas para Apan, Praia Grande, Elase, Araguari e Aprov Chapec\u00f3. O primeiro ponto foi conquistado na quinta rodada, na derrota por 3 sets a 2 para o Aprov. Na sequ\u00eancia, o time venceu o Apade por 3 sets a 2.<\/p>\n<\/div>\n<\/div>\n<div id=\"chunk-8a15t\">\n<div class=\"mc-column content-text active-extra-styles \" data-block-type=\"unstyled\" data-block-weight=\"33\" data-block-id=\"11\">\n<p class=\" content-text__container \" data-track-category=\"Link no Texto\" data-track-links=\"\">Depois disso, vieram derrotas para Fluminense e Bras\u00edlia. A segunda e \u00faltima vit\u00f3ria aconteceu diante do Am\u00e9rica-RN. Nas rodadas finais, o Sesc MS foi superado por Norde V\u00f4lei, Mogi, Montes Claros e Arauc\u00e1ria.<\/p>\n<\/div>\n<\/div>\n<div id=\"chunk-2a0dr\">\n<div class=\"mc-column content-text active-extra-styles\" data-block-type=\"raw\" data-block-weight=\"3\" data-block-id=\"12\">\n<div class=\"content-intertitle\">\n<h2>Jogos da campanha<\/h2>\n<\/div>\n<\/div>\n<\/div>\n<div id=\"chunk-a9n02\">\n<div class=\"mc-column content-text active-extra-styles\" data-block-type=\"raw\" data-block-weight=\"56\" data-block-id=\"13\">\n<ol class=\"content-ordered-list theme-ordered-list-color-primary\">\n<li>Apan 3-0 Sesc MS<\/li>\n<li>Praia Grande 3-1 Sesc MS<\/li>\n<li>Sesc MS 0-3 Elase<\/li>\n<li>Araguari 3-0 Sesc MS<\/li>\n<li>Sesc MS 2-3 Aprov Chapec\u00f3<\/li>\n<li>Apade 2-3 Sesc MS<\/li>\n<li>Sesc MS 0-3 Fluminense<\/li>\n<li>Bras\u00edlia 3-0 Sesc MS<\/li>\n<li>Sesc MS 3-1 Am\u00e9rica-RN<\/li>\n<li>Norde V\u00f4lei 3-0 Sesc MS<\/li>\n<li>Sesc MS 1-3 Mogi<\/li>\n<li>Montes Claros 3-0 Sesc MS<\/li>\n<li>Sesc MS 1-3 Arauc\u00e1ria<\/li>\n<\/ol>\n<\/div>\n<\/div>\n<div id=\"chunk-cjaqa\">\n<div class=\"row medium-uncollapsed content-media content-photo\" data-block-type=\"backstage-photo\" data-block-id=\"14\">\n<div class=\" mc-column  content-media__container\">\n<div class=\"content-media-container glb-skeleton-box\">\n<figure class=\"content-media-figure\"><img decoding=\"async\" class=\"i-amphtml-fill-content i-amphtml-replaced-content\" src=\"https:\/\/s2-ge.glbimg.com\/jpUfzhLfqO465hAO4MJUQGnh8DY=\/0x0:1200x900\/984x0\/smart\/filters:strip_icc()\/i.s3.glbimg.com\/v1\/AUTH_bc8228b6673f488aa253bbcb03c80ec5\/internal_photos\/bs\/2025\/q\/u\/p6eocJQBemokUI2dsGbw\/sesc-volei.jpg\" sizes=\"(max-width: 1600px) 648px, 100vw\" srcset=\"https:\/\/s2-ge.glbimg.com\/F1F98v7kioUD8M9X3vG-D3hZ2jc=\/0x0:1200x900\/1000x0\/smart\/filters:strip_icc()\/i.s3.glbimg.com\/v1\/AUTH_bc8228b6673f488aa253bbcb03c80ec5\/internal_photos\/bs\/2025\/q\/u\/p6eocJQBemokUI2dsGbw\/sesc-volei.jpg 1000w, https:\/\/s2-ge.glbimg.com\/jpUfzhLfqO465hAO4MJUQGnh8DY=\/0x0:1200x900\/984x0\/smart\/filters:strip_icc()\/i.s3.glbimg.com\/v1\/AUTH_bc8228b6673f488aa253bbcb03c80ec5\/internal_photos\/bs\/2025\/q\/u\/p6eocJQBemokUI2dsGbw\/sesc-volei.jpg 984w, https:\/\/s2-ge.glbimg.com\/andRhv03WuOQ5fTXYs6cARVCf3U=\/0x0:1200x900\/640x0\/smart\/filters:strip_icc()\/i.s3.glbimg.com\/v1\/AUTH_bc8228b6673f488aa253bbcb03c80ec5\/internal_photos\/bs\/2025\/q\/u\/p6eocJQBemokUI2dsGbw\/sesc-volei.jpg 640w, https:\/\/s2-ge.glbimg.com\/uC6AGChQ-gXDCMmNScf5vKofoYo=\/0x0:1200x900\/600x0\/smart\/filters:strip_icc()\/i.s3.glbimg.com\/v1\/AUTH_bc8228b6673f488aa253bbcb03c80ec5\/internal_photos\/bs\/2025\/q\/u\/p6eocJQBemokUI2dsGbw\/sesc-volei.jpg 600w\" alt=\"Sesc MS no Gin\u00e1sio Guanandiz\u00e3o \u2014 Foto: Divulga\u00e7\u00e3o\" \/><\/figure>\n<\/div>\n<p class=\"content-media__description  \">Sesc MS no Gin\u00e1sio Guanandiz\u00e3o \u2014 Foto: Divulga\u00e7\u00e3o<\/p>\n<\/div>\n<\/div>\n<\/div>\n<div id=\"chunk-97hf1\">\n<div class=\"mc-column content-text active-extra-styles \" data-block-type=\"unstyled\" data-block-weight=\"39\" data-block-id=\"17\">\n<p class=\" content-text__container \" data-track-category=\"Link no Texto\" data-track-links=\"\">O\u00a0<strong>Sesc MS<\/strong>\u00a0tamb\u00e9m publicou um agradecimento nas redes sociais ap\u00f3s o encerramento da participa\u00e7\u00e3o na\u00a0<strong>Superliga B<\/strong>. Em nota, o clube classificou a temporada como uma experi\u00eancia de aprendizado e destacou as dificuldades enfrentadas ao longo da competi\u00e7\u00e3o.<\/p>\n<\/div>\n<\/div>\n<div id=\"chunk-9e1ns\">\n<div class=\"mc-column content-text active-extra-styles \" data-block-type=\"unstyled\" data-block-weight=\"31\" data-block-id=\"18\">\n<p class=\" content-text__container \" data-track-category=\"Link no Texto\" data-track-links=\"\">Na publica\u00e7\u00e3o, a equipe ressaltou o esfor\u00e7o coletivo de atletas, profissionais e volunt\u00e1rios envolvidos no projeto.\u00a0<span class=\"highlight highlighted\">\u201cForam dias dif\u00edceis, mas de muito aprendizado, em meio a tanta dificuldade\u201d, destacou o texto.<\/span><\/p>\n<\/div>\n<\/div>\n<div id=\"chunk-f0lh\">\n<div class=\"mc-column content-text active-extra-styles \" data-block-type=\"unstyled\" data-block-weight=\"52\" data-block-id=\"19\">\n<p class=\" content-text__container \" data-track-category=\"Link no Texto\" data-track-links=\"\">O clube tamb\u00e9m afirmou que a participa\u00e7\u00e3o marcou a primeira experi\u00eancia no voleibol profissional e destacou o orgulho de representar Mato Grosso do Sul em partidas realizadas em diferentes estados do pa\u00eds. Segundo a postagem, mesmo com estrutura inferior \u00e0 de alguns advers\u00e1rios, o time buscou competir em igualdade dentro de quadra.<\/p>\n<\/div>\n<\/div>\n<div id=\"chunk-7fkdg\">\n<div class=\"row medium-uncollapsed content-media content-photo\" data-block-type=\"backstage-photo\" data-block-id=\"20\">\n<div class=\" mc-column  content-media__container\">\n<div class=\"content-media-container glb-skeleton-box\">\n<figure class=\"content-media-figure\"><img decoding=\"async\" class=\"i-amphtml-fill-content i-amphtml-replaced-content\" src=\"https:\/\/s2-ge.glbimg.com\/QJ9V51QNYK_E6ozvR3b0pOXtLvQ=\/0x0:1920x1080\/984x0\/smart\/filters:strip_icc()\/i.s3.glbimg.com\/v1\/AUTH_bc8228b6673f488aa253bbcb03c80ec5\/internal_photos\/bs\/2025\/e\/o\/WGZUnmTeGcJRVMPZLMpw\/sesc-ms-volei.jpg\" sizes=\"(max-width: 1600px) 648px, 100vw\" srcset=\"https:\/\/s2-ge.glbimg.com\/o_KVpuWAqHVz0VAAIOse-t09BL0=\/0x0:1920x1080\/1000x0\/smart\/filters:strip_icc()\/i.s3.glbimg.com\/v1\/AUTH_bc8228b6673f488aa253bbcb03c80ec5\/internal_photos\/bs\/2025\/e\/o\/WGZUnmTeGcJRVMPZLMpw\/sesc-ms-volei.jpg 1000w, https:\/\/s2-ge.glbimg.com\/QJ9V51QNYK_E6ozvR3b0pOXtLvQ=\/0x0:1920x1080\/984x0\/smart\/filters:strip_icc()\/i.s3.glbimg.com\/v1\/AUTH_bc8228b6673f488aa253bbcb03c80ec5\/internal_photos\/bs\/2025\/e\/o\/WGZUnmTeGcJRVMPZLMpw\/sesc-ms-volei.jpg 984w, https:\/\/s2-ge.glbimg.com\/qbs5w-fyp83uSn1wLyEef0i5-I0=\/0x0:1920x1080\/640x0\/smart\/filters:strip_icc()\/i.s3.glbimg.com\/v1\/AUTH_bc8228b6673f488aa253bbcb03c80ec5\/internal_photos\/bs\/2025\/e\/o\/WGZUnmTeGcJRVMPZLMpw\/sesc-ms-volei.jpg 640w, https:\/\/s2-ge.glbimg.com\/JxgXXEP_zblYw3dk2Ydv2zQsRAE=\/0x0:1920x1080\/600x0\/smart\/filters:strip_icc()\/i.s3.glbimg.com\/v1\/AUTH_bc8228b6673f488aa253bbcb03c80ec5\/internal_photos\/bs\/2025\/e\/o\/WGZUnmTeGcJRVMPZLMpw\/sesc-ms-volei.jpg 600w\" alt=\"Escudo Sesc MS V\u00f4lei \u2014 Foto: Huanderson Merlotti\/TV Morena\" \/><\/figure>\n<\/div>\n<p class=\"content-media__description  \">Escudo Sesc MS V\u00f4lei \u2014 Foto: Huanderson Merlotti\/TV Morena<\/p>\n<p>Fonte: Ge<\/p>\n<\/div>\n<\/div>\n<\/div>\n<\/div>\n<\/article>\n<\/div>\n","protected":false},"excerpt":{"rendered":"<p>Superliga B: Sesc MS encerra campanha rebaixado em sua primeira participa\u00e7\u00e3o Time sul-mato-grossense venceu apenas dois jogos em 13 na<\/p>\n","protected":false},"author":1,"featured_media":13309,"comment_status":"open","ping_status":"open","sticky":false,"template":"","format":"standard","meta":{"colormag_page_container_layout":"default_layout","colormag_page_sidebar_layout":"default_layout","footnotes":""},"categories":[102],"tags":[],"class_list":["post-13303","post","type-post","status-publish","format-standard","has-post-thumbnail","hentry","category-esportes"],"_links":{"self":[{"href":"http:\/\/metropoleemfoco.com.br\/index.php?rest_route=\/wp\/v2\/posts\/13303","targetHints":{"allow":["GET"]}}],"collection":[{"href":"http:\/\/metropoleemfoco.com.br\/index.php?rest_route=\/wp\/v2\/posts"}],"about":[{"href":"http:\/\/metropoleemfoco.com.br\/index.php?rest_route=\/wp\/v2\/types\/post"}],"author":[{"embeddable":true,"href":"http:\/\/metropoleemfoco.com.br\/index.php?rest_route=\/wp\/v2\/users\/1"}],"replies":[{"embeddable":true,"href":"http:\/\/metropoleemfoco.com.br\/index.php?rest_route=%2Fwp%2Fv2%2Fcomments&post=13303"}],"version-history":[{"count":1,"href":"http:\/\/metropoleemfoco.com.br\/index.php?rest_route=\/wp\/v2\/posts\/13303\/revisions"}],"predecessor-version":[{"id":13310,"href":"http:\/\/metropoleemfoco.com.br\/index.php?rest_route=\/wp\/v2\/posts\/13303\/revisions\/13310"}],"wp:featuredmedia":[{"embeddable":true,"href":"http:\/\/metropoleemfoco.com.br\/index.php?rest_route=\/wp\/v2\/media\/13309"}],"wp:attachment":[{"href":"http:\/\/metropoleemfoco.com.br\/index.php?rest_route=%2Fwp%2Fv2%2Fmedia&parent=13303"}],"wp:term":[{"taxonomy":"category","embeddable":true,"href":"http:\/\/metropoleemfoco.com.br\/index.php?rest_route=%2Fwp%2Fv2%2Fcategories&post=13303"},{"taxonomy":"post_tag","embeddable":true,"href":"http:\/\/metropoleemfoco.com.br\/index.php?rest_route=%2Fwp%2Fv2%2Ftags&post=13303"}],"curies":[{"name":"wp","href":"https:\/\/api.w.org\/{rel}","templated":true}]}}