{"id":13302,"date":"2026-03-11T17:40:27","date_gmt":"2026-03-11T20:40:27","guid":{"rendered":"http:\/\/metropoleemfoco.com.br\/?p=13302"},"modified":"2026-03-11T17:40:27","modified_gmt":"2026-03-11T20:40:27","slug":"13302","status":"publish","type":"post","link":"http:\/\/metropoleemfoco.com.br\/?p=13302","title":{"rendered":""},"content":{"rendered":"<header class=\"entry-header\">\n<h1 class=\"title\">Em l\u00edngua portuguesa, 9\u00ba ano tem melhor resultado em tr\u00eas anos<\/h1>\n<div class=\"subtile\">\n<h2>Dados do Saresp 2025 mostram recupera\u00e7\u00e3o consistente e aumento do n\u00famero de alunos nos n\u00edveis mais altos na disciplina<\/h2>\n<\/div>\n<div class=\"sociais\">\n<div class=\"item-social whatsapp\"><\/div>\n<\/div>\n<\/header>\n<div class=\"entry-content\">\n<p><img loading=\"lazy\" decoding=\"async\" class=\"aligncenter wp-image-1580099 size-large\" src=\"http:\/\/www.educacao.sp.gov.br\/wp-content\/uploads\/2026\/03\/55112245941_b48382b937_k-1-1024x683.jpg\" sizes=\"auto, (max-width: 1024px) 100vw, 1024px\" srcset=\"https:\/\/www.educacao.sp.gov.br\/wp-content\/uploads\/2026\/03\/55112245941_b48382b937_k-1-1024x683.jpg 1024w, https:\/\/www.educacao.sp.gov.br\/wp-content\/uploads\/2026\/03\/55112245941_b48382b937_k-1-300x200.jpg 300w, https:\/\/www.educacao.sp.gov.br\/wp-content\/uploads\/2026\/03\/55112245941_b48382b937_k-1-768x512.jpg 768w\" alt=\"\" width=\"1024\" height=\"683\" \/><\/p>\n<p>O n\u00edvel de aprendizagem dos estudantes do 9\u00ba ano do Ensino Fundamental em l\u00edngua portuguesa retomou o patamar pr\u00e9-pandemia. Em 2025, a m\u00e9dia da foi de 243,0 pontos no\u00a0Sistema de Avalia\u00e7\u00e3o de Rendimento Escolar do Estado de S\u00e3o Paulo (Saresp). A nota \u00e9 a melhor das \u00faltimas tr\u00eas edi\u00e7\u00f5es da prova e confirmam a tend\u00eancia de recupera\u00e7\u00e3o da rede estadual. Os resultados do Saresp,\u00a0avalia\u00e7\u00e3o externa anual da educa\u00e7\u00e3o b\u00e1sica paulista,\u00a0foram divulgados na quarta-feira (25).<\/p>\n<p>Na compara\u00e7\u00e3o com 2023, a nota dos alunos do \u00faltimo ano do Ensino Fundamental na disciplina aumentou 8,6 pontos. No mesmo per\u00edodo, a rede tamb\u00e9m registrou melhora nas m\u00e9dias em l\u00edngua portuguesa nos 2\u00ba e 5\u00ba anos.<\/p>\n<p>\u201cA evolu\u00e7\u00e3o das notas \u00e9 resultado de uma s\u00e9rie de iniciativas adotadas pela Secretaria da Educa\u00e7\u00e3o com foco nas disciplinas essenciais. Em l\u00edngua portuguesa e matem\u00e1tica houve amplia\u00e7\u00e3o de at\u00e9 78% da carga hor\u00e1ria e readequa\u00e7\u00e3o da grade curricular. Al\u00e9m disso, investimos em programas de tutoria e de recupera\u00e7\u00e3o a estudantes com mais dificuldades na aprendizagem\u201d, explica o secret\u00e1rio da Educa\u00e7\u00e3o de S\u00e3o Paulo, Renato Feder.<\/p>\n<p>Al\u00e9m do aumento das notas, o 9\u00ba ano ampliou o percentual de estudantes nos n\u00edveis mais altos de aprendizagem. Na escala de profici\u00eancia, em 2023, 20,6% dos alunos estavam nos patamares \u2018adequado\u2019 e \u2018avan\u00e7ado\u2019. J\u00e1 na edi\u00e7\u00e3o de 2025, o grupo saltou para 29,2%.<\/p>\n<p>H\u00e1 mais estudantes nos melhores n\u00edveis tamb\u00e9m nos 2\u00ba e 5\u00ba anos. No 2\u00ba, etapa da alfabetiza\u00e7\u00e3o, 4 a cada 5 dos alunos j\u00e1 sabem ler e escrever.<\/p>\n<p>\u201cAl\u00e9m do acompanhamento pedag\u00f3gico cont\u00ednuo e da recomposi\u00e7\u00e3o da aprendizagem, \u00e9 importante destacar tamb\u00e9m o aumento da frequ\u00eancia escolar. Em 2025, a rede atingiu a marca de 91%, 13 pontos percentuais acima que o primeiro ano de gest\u00e3o, em 2023. Ou seja, todos os dias nove em cada dez alunos est\u00e3o na escola aprendendo\u201d, refor\u00e7a Feder.<\/p>\n<h2><b>Sobre o avan\u00e7o da educa\u00e7\u00e3o paulista\u00a0<\/b><\/h2>\n<p>Em 2025, S\u00e3o Paulo alcan\u00e7ou o melhor desempenho da s\u00e9rie hist\u00f3rica em matem\u00e1tica no Ensino Fundamental, com avan\u00e7o no 2\u00ba, 5\u00ba e 9\u00ba anos, segundo dados do Saresp.<\/p>\n<p>Os resultados consolidam a retomada do crescimento educacional no p\u00f3s-pandemia, com melhora distribu\u00edda em todas as regi\u00f5es do Estado. No Prov\u00e3o Paulista Seriado, a participa\u00e7\u00e3o no Ensino M\u00e9dio atingiu 85,5%.<\/p>\n<p>Segundo a pasta, programas de incentivo e amplia\u00e7\u00e3o de oportunidades, como o Prontos pro Mundo, e a expans\u00e3o do Ensino M\u00e9dio T\u00e9cnico refor\u00e7am a estrat\u00e9gia baseada em recomposi\u00e7\u00e3o da aprendizagem, gest\u00e3o orientada por dados e valoriza\u00e7\u00e3o do protagonismo estudantil.<\/p>\n<p>Fonte: Educa\u00e7\u00e3o Sp Gov<\/p>\n<\/div>\n","protected":false},"excerpt":{"rendered":"<p>Em l\u00edngua portuguesa, 9\u00ba ano tem melhor resultado em tr\u00eas anos Dados do Saresp 2025 mostram recupera\u00e7\u00e3o consistente e aumento<\/p>\n","protected":false},"author":1,"featured_media":13307,"comment_status":"open","ping_status":"open","sticky":false,"template":"","format":"standard","meta":{"colormag_page_container_layout":"default_layout","colormag_page_sidebar_layout":"default_layout","footnotes":""},"categories":[101],"tags":[],"class_list":["post-13302","post","type-post","status-publish","format-standard","has-post-thumbnail","hentry","category-educacao"],"_links":{"self":[{"href":"http:\/\/metropoleemfoco.com.br\/index.php?rest_route=\/wp\/v2\/posts\/13302","targetHints":{"allow":["GET"]}}],"collection":[{"href":"http:\/\/metropoleemfoco.com.br\/index.php?rest_route=\/wp\/v2\/posts"}],"about":[{"href":"http:\/\/metropoleemfoco.com.br\/index.php?rest_route=\/wp\/v2\/types\/post"}],"author":[{"embeddable":true,"href":"http:\/\/metropoleemfoco.com.br\/index.php?rest_route=\/wp\/v2\/users\/1"}],"replies":[{"embeddable":true,"href":"http:\/\/metropoleemfoco.com.br\/index.php?rest_route=%2Fwp%2Fv2%2Fcomments&post=13302"}],"version-history":[{"count":1,"href":"http:\/\/metropoleemfoco.com.br\/index.php?rest_route=\/wp\/v2\/posts\/13302\/revisions"}],"predecessor-version":[{"id":13308,"href":"http:\/\/metropoleemfoco.com.br\/index.php?rest_route=\/wp\/v2\/posts\/13302\/revisions\/13308"}],"wp:featuredmedia":[{"embeddable":true,"href":"http:\/\/metropoleemfoco.com.br\/index.php?rest_route=\/wp\/v2\/media\/13307"}],"wp:attachment":[{"href":"http:\/\/metropoleemfoco.com.br\/index.php?rest_route=%2Fwp%2Fv2%2Fmedia&parent=13302"}],"wp:term":[{"taxonomy":"category","embeddable":true,"href":"http:\/\/metropoleemfoco.com.br\/index.php?rest_route=%2Fwp%2Fv2%2Fcategories&post=13302"},{"taxonomy":"post_tag","embeddable":true,"href":"http:\/\/metropoleemfoco.com.br\/index.php?rest_route=%2Fwp%2Fv2%2Ftags&post=13302"}],"curies":[{"name":"wp","href":"https:\/\/api.w.org\/{rel}","templated":true}]}}