{"id":13296,"date":"2026-03-11T17:36:20","date_gmt":"2026-03-11T20:36:20","guid":{"rendered":"http:\/\/metropoleemfoco.com.br\/?p=13296"},"modified":"2026-03-11T17:36:20","modified_gmt":"2026-03-11T20:36:20","slug":"13296","status":"publish","type":"post","link":"http:\/\/metropoleemfoco.com.br\/?p=13296","title":{"rendered":""},"content":{"rendered":"<header class=\"group\/header group mx-auto box-border flex w-full max-w-full flex-col gap-4 pb-4 md:border-b md:border-neutral-200 [&amp;_.gallery]:-mx-4 [&amp;_.gallery]:outline [&amp;_.gallery]:outline-2 [&amp;_.gallery]:outline-neutral-950 [&amp;_.gallery]:lg:-mx-0 [&amp;_.gallery]:lg:outline-none\">\n<div class=\"flex w-full flex-col gap-4\">\n<div class=\"border-b pb-4 lg:border-b-0 lg:pb-0\" tabindex=\"1\">\n<h1 class=\"font-bold text-3xl lg:text-4xl\">Onde os chefs comem? Com Valdeci Castro, do Rancho Portugu\u00eas, em S\u00e3o Paulo<\/h1>\n<\/div>\n<div tabindex=\"2\">\n<h2 class=\"text-lg font-normal group-[.isActiveSource]:text-xl\" data-single-excerpt=\"true\">J\u00e1 se perguntou onde os chefs dos restaurantes mais badalados do mundo comem quando n\u00e3o est\u00e3o atr\u00e1s das panelas? Na nossa coluna, eles abrem o jogo e contam quais seus restaurantes prediletos<\/h2>\n<\/div>\n<\/div>\n<div class=\"flex w-full flex-col gap-1\" data-single-author=\"true\"><span class=\"text-sm font-normal\"><a class=\"text-sm underline\" href=\"https:\/\/www.cnnbrasil.com.br\/viagemegastronomia\/autor\/cnn-viagem-gastronomia\/\" target=\"_self\"><span class=\"text-sm font-medium\">CNN Viagem &amp; Gastronomia<\/span><\/a>, do Viagem &amp; Gastronomia<\/span><\/div>\n<div class=\"h-auto w-fit cursor-pointer group-has-[.featuredImage]:w-full group-has-[.gallery]:w-full group-has-[.mosaic-large]:w-full group-has-[.mosaic-small]:w-fit [#gut-square_&amp;]:w-full [#gut-square_&amp;]:lg:w-fit [#gut-trio_&amp;]:w-full [#manchete-section-one_&amp;]:h-full [#manchete-section-one_&amp;]:w-full\" tabindex=\"0\" role=\"button\" aria-controls=\"modal-content\" aria-expanded=\"false\" aria-haspopup=\"true\">\n<div class=\"group\/featureImage featuredImage relative w-full\" data-image=\"true\">\n<div class=\"fullScreenButton absolute right-0 z-20 mr-2 mt-2 size-6 rounded-sm bg-red-600 p-0 hover:bg-red-500 sm:p-1 md:mr-4 md:mt-4 md:size-8\"><\/div>\n<figure class=\"group\/featureImage featuredImage relative z-10 mb-4 flex shrink flex-col gap-2\">\n<div class=\"featuredImage--image z-10 -mx-4 flex items-center justify-center bg-neutral-950 lg:mx-0 lg:overflow-hidden lg:rounded-lg\"><picture class=\"flex object-cover overflow-clip w-full aspect-video\"><source srcset=\"https:\/\/viagem.cnnbrasil.com.br\/wp-content\/uploads\/sites\/5\/2026\/03\/Valdeci-Castro.jpg?w=1200&amp;h=900&amp;crop=0\" media=\"(min-width: 1024px)\" \/><source srcset=\"https:\/\/viagem.cnnbrasil.com.br\/wp-content\/uploads\/sites\/5\/2026\/03\/Valdeci-Castro.jpg?w=849&amp;h=477&amp;crop=0\" media=\"(min-width: 768px)\" \/><img loading=\"lazy\" decoding=\"async\" class=\"flex size-full object-cover\" src=\"https:\/\/viagem.cnnbrasil.com.br\/wp-content\/uploads\/sites\/5\/2026\/03\/Valdeci-Castro.jpg?w=419&amp;h=283&amp;crop=0\" alt=\"Valdeci Castro\" width=\"419\" height=\"283\" \/><\/picture><\/div><figcaption class=\"featuredImage--caption text-neutral-500\"><span class=\"text-sm font-medium featuredImage--subtitle\">Valdeci Castro \u00e9 gerente geral e chef do Rancho Portugu\u00eas, em S\u00e3o Paulo<\/span><span class=\"text-xs font-normal featuredImage--credits\">\u00a0 \u2022 Tadeu Brunelli<\/span><\/figcaption><\/figure>\n<\/div>\n<\/div>\n<\/header>\n<div class=\"text-lg w-full pt-6 font-light text-neutral-800 group-[.isActiveSource&gt;*]:text-xl md:pt-10 [&amp;&gt;*:not(.single-product)]:mx-auto [&amp;&gt;*:not(.single-product)]:max-w-2xl [&amp;_.gallery]:mb-4 [&amp;_p]:my-4 first:[&amp;_p]:mt-0 [&amp;_strong]:font-medium\" data-single-content=\"true\">\n<p class=\"my-5 break-words group-[.isActiveSource]:text-xl\">Depois de sair do interior do Piau\u00ed,\u00a0<strong class=\"group-[.isActiveSource]:text-xl group-[.isActiveSource]:font-bold\">Valdeci Castro<\/strong>\u00a0chegou a S\u00e3o Paulo em 1990, quando tinha 19 anos. Seu primeiro emprego foi como ajudante de gar\u00e7om. Depois disso, nunca mais saiu do ramo da hospitalidade. No\u00a0<strong class=\"group-[.isActiveSource]:text-xl group-[.isActiveSource]:font-bold\">Barbacoa<\/strong>, foi de ajudante de gar\u00e7om a ma\u00eetre internacional, participando de eventos em pa\u00edses como Alemanha, Fran\u00e7a e R\u00fassia.<\/p>\n<p class=\"my-5 break-words group-[.isActiveSource]:text-xl\">Atualmente, Valdeci \u00e9 gerente geral e chef do\u00a0<strong class=\"group-[.isActiveSource]:text-xl group-[.isActiveSource]:font-bold\">Rancho Portugu\u00eas S\u00e3o Paulo<\/strong>, que conta com pr\u00eamios nacionais e internacionais. Na casa, Valdeci serve\u00a0<strong class=\"group-[.isActiveSource]:text-xl group-[.isActiveSource]:font-bold\">queijo da Serra da Estrela<\/strong>, o aut\u00eantico\u00a0<strong class=\"group-[.isActiveSource]:text-xl group-[.isActiveSource]:font-bold\">bacalhau portugu\u00eas<\/strong>\u00a0e o\u00a0<strong class=\"group-[.isActiveSource]:text-xl group-[.isActiveSource]:font-bold\">Leit\u00e3o \u00e0 Bairrada assado.<\/strong><\/p>\n<p class=\"my-5 break-words group-[.isActiveSource]:text-xl\">Ele tamb\u00e9m cuida de uma importadora de vinhos portugueses chamada Alves, que faz parte do grupo Barbacoa, e do Espa\u00e7o de Eventos da casa. O chef ainda organiza o Festival da Sardinha, que acontece de tr\u00eas em tr\u00eas meses.<\/p>\n<p class=\"my-5 break-words group-[.isActiveSource]:text-xl\">Fora do trabalho, Valdeci aproveita restaurantes cl\u00e1ssicos em S\u00e3o Paulo. Abaixo, ele compartilha recomenda\u00e7\u00f5es especializadas em carnes ao lado de endere\u00e7os\u00a0<a class=\"text-red-600 underline hover:text-red-500 font-medium break-words group-[.isActiveSource]:text-xl\" href=\"https:\/\/www.cnnbrasil.com.br\/viagemegastronomia\/gastronomia\/culinaria-italiana-e-reconhecida-como-patrimonio-imaterial-da-humanidade\/\" target=\"_blank\" rel=\"noopener noreferrer\">italianos<\/a>.<\/p>\n<h2 class=\"text-2xl my-5 font-bold break-words\">Conhe\u00e7a 5 restaurantes indicados por Valdeci Castro em S\u00e3o Paulo:<\/h2>\n<h3 class=\"text-xl my-5 font-bold break-words\">1. Adega Santiago<\/h3>\n<div class=\"h-auto w-fit cursor-pointer group-has-[.featuredImage]:w-full group-has-[.gallery]:w-full group-has-[.mosaic-large]:w-full group-has-[.mosaic-small]:w-fit [#gut-square_&amp;]:w-full [#gut-square_&amp;]:lg:w-fit [#gut-trio_&amp;]:w-full [#manchete-section-one_&amp;]:h-full [#manchete-section-one_&amp;]:w-full\" tabindex=\"0\" role=\"button\" aria-controls=\"modal-content\" aria-expanded=\"false\" aria-haspopup=\"true\">\n<div class=\"group\/featureImage featuredImage relative w-full\" data-image=\"true\">\n<figure class=\"group\/featureImage featuredImage relative z-10 mb-4 flex shrink flex-col gap-2\">\n<div class=\"featuredImage--image z-10 -mx-4 flex items-center justify-center bg-neutral-950 lg:mx-0 lg:overflow-hidden lg:rounded-lg\"><picture class=\"flex object-cover overflow-clip\"><img loading=\"lazy\" decoding=\"async\" class=\"flex size-full object-cover\" src=\"https:\/\/viagem.cnnbrasil.com.br\/wp-content\/uploads\/sites\/5\/2026\/03\/adega-santiago.jpg?w=849&amp;h=477&amp;crop=0\" alt=\"No Shopping Cidade Jardim, a Adega Santiago conta com mezanino \u2022 Instagram\/Adega Santiago\" width=\"849\" height=\"477\" \/><\/picture><\/div><figcaption class=\"featuredImage--caption text-neutral-500\"><span class=\"text-sm font-medium featuredImage--subtitle\">No Shopping Cidade Jardim, a Adega Santiago conta com mezanino \u2022 Instagram\/Adega Santiago<\/span><\/figcaption><\/figure>\n<\/div>\n<\/div>\n<p class=\"my-5 break-words group-[.isActiveSource]:text-xl\">No quarto andar do Shopping Cidade Jardim, a\u00a0<strong class=\"group-[.isActiveSource]:text-xl group-[.isActiveSource]:font-bold\">Adega Santiago<\/strong> tem uma vista de tirar o f\u00f4lego. A casa ainda tem outras unidades no bairro dos Jardins e no Jardim Paulistano, al\u00e9m do Village Mall, no Rio de Janeiro.<\/p>\n<p class=\"my-5 break-words group-[.isActiveSource]:text-xl\">Reconhecido pela culin\u00e1ria ib\u00e9rica, um dos destaques do card\u00e1pio s\u00e3o os mexilh\u00f5es frescos ao molho acompanhados de cesta de p\u00e3es. Outra receita apetitosa que recomendo \u00e9 o arroz de pato.<\/p>\n<p class=\"my-5 break-words group-[.isActiveSource]:text-xl\"><strong class=\"group-[.isActiveSource]:text-xl group-[.isActiveSource]:font-bold\">Adega Santiago<\/strong>: 4\u00ba piso do Shopping Cidade Jardim; Avenida Magalh\u00e3es de Castro, 12.000 &#8211; Cidade Jardim, S\u00e3o Paulo &#8211; SP \/ Tel.: (11) 3758-4446 e (11) 3758-2441 \/ Hor\u00e1rio de funcionamento: segunda a quinta, das 12h \u00e0s 23h; sexta a s\u00e1bado, das 12h \u00e0 0h; domingo, das 12h \u00e0s 22h \/\u00a0<a class=\"text-red-600 underline hover:text-red-500 font-medium break-words group-[.isActiveSource]:text-xl\" href=\"https:\/\/www.instagram.com\/adegasantiago\/\" target=\"_blank\" rel=\"noopener noreferrer\">Mais informa\u00e7\u00f5es<\/a>\u00a0no Instagram.<\/p>\n<h3 class=\"text-xl my-5 font-bold break-words\">2. Barbacoa<\/h3>\n<p class=\"my-5 break-words group-[.isActiveSource]:text-xl\">Com unidades no Brasil, It\u00e1lia e Jap\u00e3o, o\u00a0<strong class=\"group-[.isActiveSource]:text-xl group-[.isActiveSource]:font-bold\">Barbacoa<\/strong>\u00a0\u00e9 do chef\u00a0<a class=\"text-red-600 underline hover:text-red-500 font-medium break-words group-[.isActiveSource]:text-xl\" href=\"https:\/\/www.cnnbrasil.com.br\/viagemegastronomia\/gastronomia\/escolas-da-carne-conheca-os-principais-tipos-de-churrasco-pelo-mundo\/\" target=\"_blank\" rel=\"noopener noreferrer\">churrasqueiro<\/a> paranaense Jeferson Finger, de quem eu sou f\u00e3.<\/p>\n<p class=\"my-5 break-words group-[.isActiveSource]:text-xl\">Frequento a unidade do Itaim Bibi que, para mim, \u00e9 o templo da carne paulistana. O espa\u00e7o existe desde a d\u00e9cada de 1990 e mant\u00e9m a tradi\u00e7\u00e3o e a qualidade de sempre. Costumo pedir a costeleta de cordeiro, a picanha e a costela de boi. Para encerrar, minha dica \u00e9 a deliciosa torta de lim\u00e3o.<\/p>\n<p class=\"my-5 break-words group-[.isActiveSource]:text-xl\"><strong class=\"group-[.isActiveSource]:text-xl group-[.isActiveSource]:font-bold\">Barbacoa Itaim<\/strong>: Rua Dr. Renato Paes de Barros, 65 &#8211; Itaim Bibi, S\u00e3o Paulo &#8211; SP \/ Tel.: (11) 3078-1126 e (11) 3168-5522 \/ Hor\u00e1rio de funcionamento: segunda a quinta, das 12h \u00e0s 15h e das 18h \u00e0s 22h30; sexta, das 11h30 \u00e0s 15h e das 18h \u00e0s 22h30; s\u00e1bado, das 11h30 \u00e0s 16h e das 19h \u00e0s 22h30; domingo e feriados, das 11h30 \u00e0s 16h e das 19h \u00e0s 22h \/\u00a0<a class=\"text-red-600 underline hover:text-red-500 font-medium break-words group-[.isActiveSource]:text-xl\" href=\"https:\/\/www.instagram.com\/barbacoabrasil\/\" target=\"_blank\" rel=\"noopener noreferrer\">Mais informa\u00e7\u00f5es<\/a>\u00a0no Instagram.<\/p>\n<h3 class=\"text-xl my-5 font-bold break-words\">3. Due Cuochi Cucina<\/h3>\n<p class=\"my-5 break-words group-[.isActiveSource]:text-xl\">Comandado por\u00a0<strong class=\"group-[.isActiveSource]:text-xl group-[.isActiveSource]:font-bold\">Ida Maria<\/strong>\u00a0e sua filha, Virg\u00ednia Jancso, este restaurante italiano encanta todos os sentidos. O ambiente do\u00a0<a class=\"text-red-600 underline hover:text-red-500 font-medium break-words group-[.isActiveSource]:text-xl\" href=\"https:\/\/www.cnnbrasil.com.br\/viagemegastronomia\/gastronomia\/renomado-due-cuochi-abre-versao-trattoria-em-pinheiros\/\" target=\"_blank\" rel=\"noopener noreferrer\">Due Cuochi Cucina<\/a> no Morumbi \u00e9 ideal para levar a fam\u00edlia e tem espa\u00e7o kids aos fins de semana.<\/p>\n<p class=\"my-5 break-words group-[.isActiveSource]:text-xl\">Um dos destaques do card\u00e1pio \u00e9 o robalo com crosta de am\u00eandoa. Para mim, \u00e9 imperd\u00edvel. O card\u00e1pio tamb\u00e9m traz risotos, massas frescas e carnes.<\/p>\n<p class=\"my-5 break-words group-[.isActiveSource]:text-xl\"><strong class=\"group-[.isActiveSource]:text-xl group-[.isActiveSource]:font-bold\">Due Cuochi Cucina &#8211; Morumbi Corporate<\/strong>: Avenida Dr. Chucri Zaidan, 1240 &#8211; Morumbi, S\u00e3o Paulo &#8211; SP \/ Tel.: (11) 3957-9580 \/ Hor\u00e1rio de funcionamento: segunda a quinta, das 11h30 \u00e0s 15h e das 18h \u00e0s 22h; sexta, das 11h30 \u00e0s 15h e das 18h \u00e0s 23h; s\u00e1bado, das 12h \u00e0s 16h e das 19h \u00e0s 23h; domingo, das 12h \u00e0s 17h \/\u00a0<a class=\"text-red-600 underline hover:text-red-500 font-medium break-words group-[.isActiveSource]:text-xl\" href=\"https:\/\/www.instagram.com\/duecuochi\/\" target=\"_blank\" rel=\"noopener noreferrer\">Mais informa\u00e7\u00f5es<\/a>\u00a0no Instagram.<\/p>\n<h3 class=\"text-xl my-5 font-bold break-words\">4. O Gato que Ri<\/h3>\n<div class=\"h-auto w-fit cursor-pointer group-has-[.featuredImage]:w-full group-has-[.gallery]:w-full group-has-[.mosaic-large]:w-full group-has-[.mosaic-small]:w-fit [#gut-square_&amp;]:w-full [#gut-square_&amp;]:lg:w-fit [#gut-trio_&amp;]:w-full [#manchete-section-one_&amp;]:h-full [#manchete-section-one_&amp;]:w-full\" tabindex=\"0\" role=\"button\" aria-controls=\"modal-content\" aria-expanded=\"false\" aria-haspopup=\"true\">\n<div class=\"group\/featureImage featuredImage relative w-full\" data-image=\"true\">\n<figure class=\"group\/featureImage featuredImage relative z-10 mb-4 flex shrink flex-col gap-2\">\n<div class=\"featuredImage--image z-10 -mx-4 flex items-center justify-center bg-neutral-950 lg:mx-0 lg:overflow-hidden lg:rounded-lg\"><picture class=\"flex object-cover overflow-clip\"><img loading=\"lazy\" decoding=\"async\" class=\"flex size-full object-cover\" src=\"https:\/\/viagem.cnnbrasil.com.br\/wp-content\/uploads\/sites\/5\/2026\/03\/gato-que-ri.jpg?w=849&amp;h=477&amp;crop=0\" alt=\"O Gato que Ri \u00e9 tradicional restaurante no Largo do Arouche, no Centro \u2022 Instagram\/Gato que Ri\" width=\"849\" height=\"477\" \/><\/picture><\/div><figcaption class=\"featuredImage--caption text-neutral-500\"><span class=\"text-sm font-medium featuredImage--subtitle\">O Gato que Ri \u00e9 tradicional restaurante no Largo do Arouche, no Centro \u2022 Instagram\/Gato que Ri<\/span><\/figcaption><\/figure>\n<\/div>\n<\/div>\n<p class=\"my-5 break-words group-[.isActiveSource]:text-xl\">Com uma trajet\u00f3ria de mais de 70 anos,\u00a0<strong class=\"group-[.isActiveSource]:text-xl group-[.isActiveSource]:font-bold\">O Gato que Ri<\/strong> \u00e9 um cl\u00e1ssico do Centro de S\u00e3o Paulo criado pelas m\u00e3os da italiana Dona Am\u00e9lia. A casa \u00e9 ideal para quem busca comidas que abra\u00e7am, como a sopa de capeletti. Tudo \u00e9 feito com muito carinho pela experiente equipe.<\/p>\n<p class=\"my-5 break-words group-[.isActiveSource]:text-xl\">Um destaque do restaurante \u00e9 a Feijoada do Gato, servida no almo\u00e7o \u00e0s quartas e s\u00e1bados em formato de buf\u00ea. Voc\u00ea encontra: costelinha, lingui\u00e7a portuguesa, lombo, rabo, orelha, p\u00e9, carne seca, paio, l\u00edngua e feij\u00e3o. Al\u00e9m dos acompanhamentos, como arroz, farinha, farofa, couve, bacon, torresmo, banana frita, abacaxi grelhado, entre outros.<\/p>\n<p class=\"my-5 break-words group-[.isActiveSource]:text-xl\"><strong class=\"group-[.isActiveSource]:text-xl group-[.isActiveSource]:font-bold\">O Gato que Ri<\/strong>: Largo do Arouche, 37 &#8211; Rep\u00fablica, S\u00e3o Paulo &#8211; SP \/ Tel.: (11) 3221-2577 ou (11) 3331-0089 \/ Hor\u00e1rio de funcionamento: segunda a sexta, das 12h \u00e0s 16h e das 18h \u00e0s 23h; s\u00e1bado, domingo e feriados, das 12h \u00e0s 23h \/\u00a0<a class=\"text-red-600 underline hover:text-red-500 font-medium break-words group-[.isActiveSource]:text-xl\" href=\"https:\/\/www.instagram.com\/ogatoquerirestaurante\/\" target=\"_blank\" rel=\"noopener noreferrer\">Mais informa\u00e7\u00f5es<\/a>\u00a0no Instagram.<\/p>\n<h3 class=\"text-xl my-5 font-bold break-words\">5. Bologna Padaria e Rotisserie<\/h3>\n<p class=\"my-5 break-words group-[.isActiveSource]:text-xl\">Localizado na bo\u00eamia Rua Augusta, o\u00a0<strong class=\"group-[.isActiveSource]:text-xl group-[.isActiveSource]:font-bold\">Bologna\u00a0<\/strong>funciona 24 horas por dia, indo do caf\u00e9 da manh\u00e3 ao lanche da madrugada.<\/p>\n<p class=\"my-5 break-words group-[.isActiveSource]:text-xl\">Para mim, a coxinha de frango com catupiry \u00e9 obrigat\u00f3ria. Ela \u00e9 crocante por fora, bem recheada, cremosa e macia. A vitrine de gelatos tamb\u00e9m \u00e9 de deixar na d\u00favida, j\u00e1 que s\u00e3o muitos sabores gostosos, como o pistache e mandarino.<\/p>\n<p class=\"my-5 break-words group-[.isActiveSource]:text-xl\"><strong class=\"group-[.isActiveSource]:text-xl group-[.isActiveSource]:font-bold\">Bologna<\/strong>: Rua Augusta, 379 &#8211; Consola\u00e7\u00e3o, S\u00e3o Paulo &#8211; SP \/ Tel.: (11) 3256-1108 \/ Hor\u00e1rio de funcionamento: todos os dias, aberto 24h \/\u00a0<a class=\"text-red-600 underline hover:text-red-500 font-medium break-words group-[.isActiveSource]:text-xl\" href=\"https:\/\/www.instagram.com\/bolognasp\/\" target=\"_blank\" rel=\"noopener noreferrer\">Mais informa\u00e7\u00f5es<\/a>\u00a0no Instagram.<\/p>\n<div class=\"\"><iframe loading=\"lazy\" class=\"mx-auto my-4 w-full overflow-hidden\" title=\"story-embed\" src=\"https:\/\/stories.cnnbrasil.com.br\/viagem-e-gastronomia\/onde-comer-parmegiana-em-sao-paulo-guia-com-15-lugares-imperdiveis\/\" width=\"360\" height=\"600\" sandbox=\"allow-scripts allow-popups allow-top-navigation allow-same-origin\" data-web-stories-embed=\"true\" data-mce-fragment=\"1\"><\/iframe><\/p>\n<p>Fonte: CNN<\/p><\/div>\n<\/div>\n","protected":false},"excerpt":{"rendered":"<p>Onde os chefs comem? Com Valdeci Castro, do Rancho Portugu\u00eas, em S\u00e3o Paulo J\u00e1 se perguntou onde os chefs dos<\/p>\n","protected":false},"author":1,"featured_media":13299,"comment_status":"open","ping_status":"open","sticky":false,"template":"","format":"standard","meta":{"colormag_page_container_layout":"default_layout","colormag_page_sidebar_layout":"default_layout","footnotes":""},"categories":[97],"tags":[],"class_list":["post-13296","post","type-post","status-publish","format-standard","has-post-thumbnail","hentry","category-gastronomia"],"_links":{"self":[{"href":"http:\/\/metropoleemfoco.com.br\/index.php?rest_route=\/wp\/v2\/posts\/13296","targetHints":{"allow":["GET"]}}],"collection":[{"href":"http:\/\/metropoleemfoco.com.br\/index.php?rest_route=\/wp\/v2\/posts"}],"about":[{"href":"http:\/\/metropoleemfoco.com.br\/index.php?rest_route=\/wp\/v2\/types\/post"}],"author":[{"embeddable":true,"href":"http:\/\/metropoleemfoco.com.br\/index.php?rest_route=\/wp\/v2\/users\/1"}],"replies":[{"embeddable":true,"href":"http:\/\/metropoleemfoco.com.br\/index.php?rest_route=%2Fwp%2Fv2%2Fcomments&post=13296"}],"version-history":[{"count":1,"href":"http:\/\/metropoleemfoco.com.br\/index.php?rest_route=\/wp\/v2\/posts\/13296\/revisions"}],"predecessor-version":[{"id":13300,"href":"http:\/\/metropoleemfoco.com.br\/index.php?rest_route=\/wp\/v2\/posts\/13296\/revisions\/13300"}],"wp:featuredmedia":[{"embeddable":true,"href":"http:\/\/metropoleemfoco.com.br\/index.php?rest_route=\/wp\/v2\/media\/13299"}],"wp:attachment":[{"href":"http:\/\/metropoleemfoco.com.br\/index.php?rest_route=%2Fwp%2Fv2%2Fmedia&parent=13296"}],"wp:term":[{"taxonomy":"category","embeddable":true,"href":"http:\/\/metropoleemfoco.com.br\/index.php?rest_route=%2Fwp%2Fv2%2Fcategories&post=13296"},{"taxonomy":"post_tag","embeddable":true,"href":"http:\/\/metropoleemfoco.com.br\/index.php?rest_route=%2Fwp%2Fv2%2Ftags&post=13296"}],"curies":[{"name":"wp","href":"https:\/\/api.w.org\/{rel}","templated":true}]}}