{"id":13282,"date":"2026-03-11T17:19:36","date_gmt":"2026-03-11T20:19:36","guid":{"rendered":"http:\/\/metropoleemfoco.com.br\/?p=13282"},"modified":"2026-03-11T17:19:36","modified_gmt":"2026-03-11T20:19:36","slug":"13282","status":"publish","type":"post","link":"http:\/\/metropoleemfoco.com.br\/?p=13282","title":{"rendered":""},"content":{"rendered":"<div class=\"mc-article-header\">\n<div class=\"row content-head mc-column non-featured \">\n<div class=\"title\" data-block-type=\"title\" data-block-id=\"0\">\n<h1 class=\"content-head__title\">Quem foi Tia Eva, fundadora do primeiro quilombo tombado no Brasil?<\/h1>\n<\/div>\n<div class=\"medium-centered subtitle\">\n<h2 class=\"content-head__subtitle\">Hoje, cerca de 250 fam\u00edlias vivem na \u00e1rea e s\u00e3o descendentes de Tia Eva. Com o tombamento, a Comunidade Tia Eva passa a integrar oficialmente o patrim\u00f4nio cultural brasileiro.<\/h2>\n<\/div>\n<\/div>\n<div class=\"content__signa-share mc-column\">\n<div class=\"content__signature\">\n<div class=\"content-publication-data\">\n<div class=\"content-publication-data__text\">\n<p class=\"content-publication-data__from\" title=\"Thais Libni\">Por\u00a0<a class=\"multi_signatures\" href=\"https:\/\/g1.globo.com\/autores\/thais-libni\/\">Thais Libni<\/a>, g1 MS\u00a0\u2014 Mato Grosso do Sul<\/p>\n<\/div>\n<\/div>\n<\/div>\n<\/div>\n<div class=\"glb-share-bar content__share-bar\">\n<div class=\"glb-share-bar_icons\">\n<div class=\"glb-share-bar_button-img\"><\/div>\n<div class=\"glb-share-bar_button-img\"><\/div>\n<div class=\"glb-share-bar_button-img\"><\/div>\n<\/div>\n<\/div>\n<div class=\"mc-summary mc-column\" data-block-type=\"summary\" data-block-id=\"1\">\n<details class=\"mc-summary-card bs-block--exclude-chunk-children\">\n<div class=\"mc-summary-card__summary-container\"><\/div>\n<div class=\"mc-summary-card__content\">\n<ul class=\"mc-summary-card__list\">\n<li class=\"mc-summary-card__item\">\n<div id=\"chunk-elei3\">\n<div class=\"mc-column content-text active-extra-styles \" data-block-type=\"unstyled\" data-block-weight=\"\">\n<p class=\" content-text__container \" data-track-category=\"Link no Texto\" data-track-links=\"\">Eva Maria de Jesus, conhecida como Tia Eva, foi uma mulher negra que marcou a hist\u00f3ria de Campo Grande (MS).<\/p>\n<\/div>\n<\/div>\n<\/li>\n<li class=\"mc-summary-card__item\">\n<div id=\"chunk-fttu1\">\n<div class=\"mc-column content-text active-extra-styles \" data-block-type=\"unstyled\" data-block-weight=\"\">\n<p class=\" content-text__container \" data-track-category=\"Link no Texto\" data-track-links=\"\">Ex-escravizada, ela conquistou a liberdade no fim do s\u00e9culo XIX e, em 1905, fundou uma comunidade que se tornaria um dos mais antigos territ\u00f3rios quilombolas urbanos do pa\u00eds.<\/p>\n<\/div>\n<\/div>\n<\/li>\n<li class=\"mc-summary-card__item\">\n<div id=\"chunk-bqsus\">\n<div class=\"mc-column content-text active-extra-styles \" data-block-type=\"unstyled\" data-block-weight=\"\">\n<p class=\" content-text__container \" data-track-category=\"Link no Texto\" data-track-links=\"\">Hoje, o local re\u00fane cerca de 250 fam\u00edlias descendentes e se tornou o primeiro quilombo do Brasil tombado pelo Instituto do Patrim\u00f4nio Hist\u00f3rico e Art\u00edstico Nacional (Iphan).<\/p>\n<\/div>\n<\/div>\n<\/li>\n<\/ul>\n<\/div>\n<\/details>\n<\/div>\n<\/div>\n<div class=\"mc-article-body\">\n<article>\n<div id=\"chunk-fo71l\">\n<div class=\"cxm-block-video content-media mc-column \" data-block-type=\"backstage-video\" data-block-id=\"2\">\n<div class=\"cxm-block-video__container cxm-block-video__container--fallback \">\n<div class=\"cxm-block-video__player-fixer\">\n<article class=\"cxm-block-video__player-wrapper\">\n<section class=\"cxm-block-video__player\">\n<div class=\"cxm-block-video__placeholder\" data-video-id=\"14417928\"><img decoding=\"async\" class=\"cxm-block-video__thumb\" title=\"Quilombo reconhecido pelo IPHAN\" src=\"https:\/\/s01.video.glbimg.com\/x240\/14417928.jpg\" alt=\"Quilombo reconhecido pelo IPHAN\" \/><\/div>\n<\/section>\n<\/article>\n<\/div>\n<div class=\"cxm-block-video__caption-container\">\n<p class=\"codex-caption codex-caption--small\">Quilombo reconhecido pelo IPHAN<\/p>\n<\/div>\n<\/div>\n<\/div>\n<\/div>\n<div id=\"chunk-ff356\">\n<div class=\"mc-column content-text active-extra-styles \" data-block-type=\"unstyled\" data-block-weight=\"75\" data-block-id=\"3\">\n<p class=\" content-text__container \" data-track-category=\"Link no Texto\" data-track-links=\"\">Eva Maria de Jesus, conhecida como Tia Eva, foi uma mulher negra que marcou a hist\u00f3ria de\u00a0<a class=\"\" href=\"https:\/\/g1.globo.com\/ms\/mato-grosso-do-sul\/cidade\/campo-grande\/\">Campo Grande<\/a>\u00a0(MS). Ex-escravizada, ela conquistou a liberdade no fim do s\u00e9culo XIX e, em 1905, fundou uma comunidade que se tornaria um dos mais antigos territ\u00f3rios quilombolas urbanos do pa\u00eds. Hoje, o local re\u00fane cerca de 250 fam\u00edlias descendentes e se tornou o\u00a0<a class=\"\" href=\"https:\/\/g1.globo.com\/google\/amp\/ms\/mato-grosso-do-sul\/noticia\/2026\/03\/11\/reconhecimento-inedito-no-brasil-comunidade-tia-eva-se-torna-o-primeiro-quilombo-tombado-do-pais.ghtml\"><strong>primeiro quilombo do Brasil tombado pelo Instituto do Patrim\u00f4nio Hist\u00f3rico e Art\u00edstico Nacional (Iphan).<\/strong><\/a><\/p>\n<\/div>\n<\/div>\n<div class=\"wall protected-content\">\n<div id=\"chunk-c8g7o\">\n<div class=\"mc-column content-text active-extra-styles \" data-block-type=\"unstyled\" data-block-weight=\"36\" data-block-id=\"5\">\n<p class=\" content-text__container \" data-track-category=\"Link no Texto\" data-track-links=\"\">Considerada uma das mais antigas refer\u00eancias quilombolas urbanas do Brasil, a comunidade foi criada por Eva Maria de Jesus e se consolidou como um importante s\u00edmbolo de resist\u00eancia da popula\u00e7\u00e3o negra em Mato Grosso do Sul.<\/p>\n<\/div>\n<\/div>\n<div id=\"chunk-98nrd\">\n<div class=\"mc-column content-text active-extra-styles \" data-block-type=\"unstyled\" data-block-weight=\"32\" data-block-id=\"8\">\n<p class=\" content-text__container \" data-track-category=\"Link no Texto\" data-track-links=\"\">Eva nasceu em Mineiros (GO), foi escravizada e conseguiu a alforria ainda no fim do s\u00e9culo XIX. Anos depois, mudou-se para a regi\u00e3o onde hoje fica Campo Grande, acompanhada das tr\u00eas filhas.<\/p>\n<\/div>\n<\/div>\n<div id=\"chunk-bbis7\">\n<div class=\"row medium-uncollapsed content-media content-photo\" data-block-type=\"backstage-photo\" data-block-id=\"9\">\n<div class=\" mc-column  content-media__container\">\n<div class=\"content-media-container glb-skeleton-box\">\n<figure class=\"content-media-figure\"><img decoding=\"async\" class=\"i-amphtml-fill-content i-amphtml-replaced-content\" src=\"https:\/\/s2-g1.glbimg.com\/2jwEN0gH6ktHx8m7XupTqRH3i6A=\/0x0:1300x564\/984x0\/smart\/filters:strip_icc()\/i.s3.glbimg.com\/v1\/AUTH_59edd422c0c84a879bd37670ae4f538a\/internal_photos\/bs\/2026\/2\/a\/SBAwgaSUys2AhFiLT7Ew\/image-2026-03-11t152447.774-1-.png\" sizes=\"(max-width: 1600px) 648px, 100vw\" srcset=\"https:\/\/s2-g1.glbimg.com\/rvwZhMkdjhLu1fnOgJ-Rrwyc4Fc=\/0x0:1300x564\/1000x0\/smart\/filters:strip_icc()\/i.s3.glbimg.com\/v1\/AUTH_59edd422c0c84a879bd37670ae4f538a\/internal_photos\/bs\/2026\/2\/a\/SBAwgaSUys2AhFiLT7Ew\/image-2026-03-11t152447.774-1-.png 1000w, https:\/\/s2-g1.glbimg.com\/2jwEN0gH6ktHx8m7XupTqRH3i6A=\/0x0:1300x564\/984x0\/smart\/filters:strip_icc()\/i.s3.glbimg.com\/v1\/AUTH_59edd422c0c84a879bd37670ae4f538a\/internal_photos\/bs\/2026\/2\/a\/SBAwgaSUys2AhFiLT7Ew\/image-2026-03-11t152447.774-1-.png 984w, https:\/\/s2-g1.glbimg.com\/lYAsq7l0zWj24KN7Op1JSAwofLg=\/0x0:1300x564\/640x0\/smart\/filters:strip_icc()\/i.s3.glbimg.com\/v1\/AUTH_59edd422c0c84a879bd37670ae4f538a\/internal_photos\/bs\/2026\/2\/a\/SBAwgaSUys2AhFiLT7Ew\/image-2026-03-11t152447.774-1-.png 640w, https:\/\/s2-g1.glbimg.com\/GRP_CHD7YHVDWQulbP6O8JCu3i0=\/0x0:1300x564\/600x0\/smart\/filters:strip_icc()\/i.s3.glbimg.com\/v1\/AUTH_59edd422c0c84a879bd37670ae4f538a\/internal_photos\/bs\/2026\/2\/a\/SBAwgaSUys2AhFiLT7Ew\/image-2026-03-11t152447.774-1-.png 600w\" alt=\"Eva Maria de Jesus, conhecida como Tia Eva. \u2014 Foto: Bruna Costa Dias\/Iphan\" \/><\/figure>\n<\/div>\n<p class=\"content-media__description  \">Eva Maria de Jesus, conhecida como Tia Eva. \u2014 Foto: Bruna Costa Dias\/Iphan<\/p>\n<\/div>\n<\/div>\n<\/div>\n<div id=\"chunk-cmb6i\">\n<div class=\"mc-column content-text active-extra-styles \" data-block-type=\"unstyled\" data-block-weight=\"36\" data-block-id=\"10\">\n<p class=\" content-text__container \" data-track-category=\"Link no Texto\" data-track-links=\"\">Na nova terra, comprou um terreno e formou uma comunidade que passou a reunir descendentes e moradores da regi\u00e3o. Conhecida pela f\u00e9 e pelo cuidado com os vizinhos, ela atuava como parteira, benzedeira, curandeira e professora.<\/p>\n<\/div>\n<\/div>\n<div id=\"chunk-64k9d\">\n<div class=\"mc-column content-text active-extra-styles \" data-block-type=\"unstyled\" data-block-weight=\"44\" data-block-id=\"11\">\n<p class=\" content-text__container \" data-track-category=\"Link no Texto\" data-track-links=\"\">Devota de S\u00e3o Benedito, Tia Eva tamb\u00e9m construiu a primeira igreja da comunidade, que deu origem \u00e0 atual Igreja de S\u00e3o Benedito. O templo se tornou um dos principais s\u00edmbolos culturais do local e mant\u00e9m at\u00e9 hoje uma tradicional festa religiosa organizada pelos descendentes.<\/p>\n<\/div>\n<\/div>\n<div id=\"chunk-7sud0\">\n<div class=\"mc-column content-text active-extra-styles \" data-block-type=\"unstyled\" data-block-weight=\"31\" data-block-id=\"13\">\n<p class=\" content-text__container \" data-track-category=\"Link no Texto\" data-track-links=\"\">Tia Eva morreu em 1926, mas o territ\u00f3rio fundado por ela continua ativo. Atualmente, centenas de fam\u00edlias descendentes vivem na comunidade que leva seu nome e preservam a hist\u00f3ria da fundadora.<\/p>\n<\/div>\n<\/div>\n<div id=\"chunk-4gmu7\">\n<div class=\"mc-column content-text active-extra-styles\" data-block-type=\"raw\" data-block-weight=\"3\" data-block-id=\"14\">\n<div class=\"content-intertitle\">\n<h2>F\u00e9 e celebra\u00e7\u00e3o<\/h2>\n<\/div>\n<\/div>\n<\/div>\n<div id=\"chunk-429oa\">\n<div class=\"mc-column content-text active-extra-styles \" data-block-type=\"unstyled\" data-block-weight=\"38\" data-block-id=\"15\">\n<p class=\" content-text__container \" data-track-category=\"Link no Texto\" data-track-links=\"\">A Festa de S\u00e3o Benedito \u00e9 uma das principais tradi\u00e7\u00f5es da comunidade quilombola Tia Eva, em Campo Grande. O evento celebra a vida e a hist\u00f3ria de Eva Maria de Jesus e tamb\u00e9m renova a devo\u00e7\u00e3o ao santo.<\/p>\n<\/div>\n<\/div>\n<div id=\"chunk-8poeu\">\n<div class=\"mc-column content-text active-extra-styles \" data-block-type=\"unstyled\" data-block-weight=\"48\" data-block-id=\"16\">\n<p class=\" content-text__container \" data-track-category=\"Link no Texto\" data-track-links=\"\">A celebra\u00e7\u00e3o come\u00e7ou em 1919. Na \u00e9poca, Tia Eva tinha uma ferida na perna que n\u00e3o cicatrizava havia anos. Com f\u00e9 em S\u00e3o Benedito, ela fez uma promessa: se fosse curada, construiria uma igreja em homenagem ao santo e realizaria uma festa anual de agradecimento, mantida pelos descendentes.<\/p>\n<\/div>\n<\/div>\n<div id=\"chunk-354bf\">\n<div class=\"mc-column content-text active-extra-styles \" data-block-type=\"unstyled\" data-block-weight=\"14\" data-block-id=\"17\">\n<p class=\" content-text__container \" data-track-category=\"Link no Texto\" data-track-links=\"\">Ap\u00f3s a cura, ela construiu uma igreja de pau a pique dedicada ao santo.<\/p>\n<\/div>\n<\/div>\n<div id=\"chunk-ed3t2\">\n<div class=\"mc-column content-text active-extra-styles \" data-block-type=\"unstyled\" data-block-weight=\"30\" data-block-id=\"18\">\n<p class=\" content-text__container \" data-track-category=\"Link no Texto\" data-track-links=\"\">A festa acontece todos os anos em maio, durante a lua cheia, e dura cerca de 10 dias. A programa\u00e7\u00e3o inclui missas, apresenta\u00e7\u00f5es culturais, shows e torneios de futebol amador.<\/p>\n<\/div>\n<\/div>\n<div id=\"chunk-e22rj\">\n<div class=\"mc-column content-text active-extra-styles \" data-block-type=\"unstyled\" data-block-weight=\"19\" data-block-id=\"19\">\n<p class=\" content-text__container \" data-track-category=\"Link no Texto\" data-track-links=\"\">Ronaldo Jeferson da Silva, presidente da Associa\u00e7\u00e3o de Descendentes de Tia Eva, destaca a import\u00e2ncia de manter a tradi\u00e7\u00e3o.<\/p>\n<\/div>\n<\/div>\n<div id=\"chunk-6b47i\">\n<div class=\"mc-column content-text active-extra-styles\" data-block-type=\"raw\" data-block-weight=\"28\" data-block-id=\"20\">\n<blockquote class=\"content-blockquote theme-border-color-primary-before\"><p>\u201c\u00c9 importante saber de onde n\u00f3s viemos, \u00e9 uma das formas de sabermos para onde vamos, com a festa mantemos viva a hist\u00f3ria e tradi\u00e7\u00e3o de um povo.\u201d<\/p><\/blockquote>\n<\/div>\n<\/div>\n<div id=\"chunk-2f4kj\">\n<div class=\"mc-column content-text active-extra-styles \" data-block-type=\"unstyled\" data-block-weight=\"24\" data-block-id=\"22\">\n<p class=\" content-text__container \" data-track-category=\"Link no Texto\" data-track-links=\"\">A festa \u00e9 organizada pela pr\u00f3pria comunidade com apoio do Governo do Estado de Mato Grosso do Sul e da prefeitura de Campo Grande.<\/p>\n<\/div>\n<\/div>\n<div id=\"chunk-2skdd\">\n<div class=\"mc-column content-text active-extra-styles\" data-block-type=\"raw\" data-block-weight=\"2\" data-block-id=\"23\">\n<div class=\"content-intertitle\">\n<h2>Quilombo tombado<\/h2>\n<\/div>\n<\/div>\n<\/div>\n<div id=\"chunk-6sfdl\">\n<div class=\"mc-column content-text active-extra-styles \" data-block-type=\"unstyled\" data-block-weight=\"32\" data-block-id=\"24\">\n<p class=\" content-text__container \" data-track-category=\"Link no Texto\" data-track-links=\"\">A Comunidade Tia Eva se tornou o primeiro quilombo do Brasil reconhecido oficialmente pelo Instituto do Patrim\u00f4nio Hist\u00f3rico e Art\u00edstico Nacional (Iphan) dentro de um livro do tombo espec\u00edfico para territ\u00f3rios quilombolas.<\/p>\n<\/div>\n<\/div>\n<div id=\"chunk-6gv3k\">\n<div class=\"mc-column content-text active-extra-styles \" data-block-type=\"unstyled\" data-block-weight=\"36\" data-block-id=\"25\">\n<p class=\" content-text__container \" data-track-category=\"Link no Texto\" data-track-links=\"\">O reconhecimento foi oficializado nesta ter\u00e7a-feira (10), durante reuni\u00e3o do conselho do instituto no Rio de Janeiro. O Iphan tamb\u00e9m publicou no Di\u00e1rio Oficial da Uni\u00e3o o mapa que delimita a \u00e1rea protegida pelo governo federal.<\/p>\n<\/div>\n<\/div>\n<div id=\"chunk-4ql2e\">\n<div class=\"mc-column content-text active-extra-styles \" data-block-type=\"unstyled\" data-block-weight=\"21\" data-block-id=\"26\">\n<p class=\" content-text__container \" data-track-category=\"Link no Texto\" data-track-links=\"\">O t\u00edtulo refor\u00e7a a import\u00e2ncia hist\u00f3rica da comunidade e ajuda a preservar a mem\u00f3ria e a cultura afro-brasileira em Campo Grande.<\/p>\n<\/div>\n<\/div>\n<div id=\"chunk-fjgei\">\n<div class=\"mc-column content-text active-extra-styles\" data-block-type=\"raw\" data-block-weight=\"6\" data-block-id=\"27\">\n<div class=\"content-intertitle\">\n<h2>Comunidade re\u00fane cerca de 250 fam\u00edlias<\/h2>\n<\/div>\n<\/div>\n<\/div>\n<div id=\"chunk-f4gac\">\n<div class=\"row medium-uncollapsed content-media content-photo\" data-block-type=\"backstage-photo\" data-block-id=\"28\">\n<div class=\" mc-column  content-media__container\">\n<div class=\"content-media-container glb-skeleton-box\">\n<figure class=\"content-media-figure\"><img decoding=\"async\" class=\"i-amphtml-fill-content i-amphtml-replaced-content\" src=\"https:\/\/s2-g1.glbimg.com\/fLSdFkHPv8Otyl83GMcmtUKghjk=\/0x0:1600x1200\/984x0\/smart\/filters:strip_icc()\/i.s3.glbimg.com\/v1\/AUTH_59edd422c0c84a879bd37670ae4f538a\/internal_photos\/bs\/2026\/j\/Y\/q1MZ6ERbqNF9jl2fImoQ\/image-2026-03-11t153218.739.png\" sizes=\"(max-width: 1600px) 648px, 100vw\" srcset=\"https:\/\/s2-g1.glbimg.com\/Yiwj6SzJE29mJQ3ea2FsdyBCLZQ=\/0x0:1600x1200\/1000x0\/smart\/filters:strip_icc()\/i.s3.glbimg.com\/v1\/AUTH_59edd422c0c84a879bd37670ae4f538a\/internal_photos\/bs\/2026\/j\/Y\/q1MZ6ERbqNF9jl2fImoQ\/image-2026-03-11t153218.739.png 1000w, https:\/\/s2-g1.glbimg.com\/fLSdFkHPv8Otyl83GMcmtUKghjk=\/0x0:1600x1200\/984x0\/smart\/filters:strip_icc()\/i.s3.glbimg.com\/v1\/AUTH_59edd422c0c84a879bd37670ae4f538a\/internal_photos\/bs\/2026\/j\/Y\/q1MZ6ERbqNF9jl2fImoQ\/image-2026-03-11t153218.739.png 984w, https:\/\/s2-g1.glbimg.com\/Jf4-j7g1YO9k5qeNTcYMpTEo2SI=\/0x0:1600x1200\/640x0\/smart\/filters:strip_icc()\/i.s3.glbimg.com\/v1\/AUTH_59edd422c0c84a879bd37670ae4f538a\/internal_photos\/bs\/2026\/j\/Y\/q1MZ6ERbqNF9jl2fImoQ\/image-2026-03-11t153218.739.png 640w, https:\/\/s2-g1.glbimg.com\/DBt1P7UYvz1xoDNvspkSRvVb85o=\/0x0:1600x1200\/600x0\/smart\/filters:strip_icc()\/i.s3.glbimg.com\/v1\/AUTH_59edd422c0c84a879bd37670ae4f538a\/internal_photos\/bs\/2026\/j\/Y\/q1MZ6ERbqNF9jl2fImoQ\/image-2026-03-11t153218.739.png 600w\" alt=\"Comunidade Remanescente de Quilombo Eva Maria de Jesus, conhecida como Tia Eva, localizada em Campo Grande (MS). \u2014 Foto: Bruna Costa Dias\/Iphan\" \/><\/figure>\n<\/div>\n<p class=\"content-media__description  \">Comunidade Remanescente de Quilombo Eva Maria de Jesus, conhecida como Tia Eva, localizada em Campo Grande (MS). \u2014 Foto: Bruna Costa Dias\/Iphan<\/p>\n<\/div>\n<\/div>\n<\/div>\n<div id=\"chunk-5dn1o\">\n<div class=\"mc-column content-text active-extra-styles \" data-block-type=\"unstyled\" data-block-weight=\"22\" data-block-id=\"30\">\n<p class=\" content-text__container \" data-track-category=\"Link no Texto\" data-track-links=\"\">A decis\u00e3o foi comemorada pelos moradores da comunidade, localizada na Rua Eva Maria de Jesus, que homenageia a fundadora do territ\u00f3rio quilombola.<\/p>\n<\/div>\n<\/div>\n<div id=\"chunk-c8klj\">\n<div class=\"mc-column content-text active-extra-styles \" data-block-type=\"unstyled\" data-block-weight=\"14\" data-block-id=\"31\">\n<p class=\" content-text__container \" data-track-category=\"Link no Texto\" data-track-links=\"\">Hoje, cerca de 250 fam\u00edlias vivem na \u00e1rea e s\u00e3o descendentes de Tia Eva.<\/p>\n<\/div>\n<\/div>\n<div id=\"chunk-9tohu\">\n<div class=\"mc-column content-text active-extra-styles \" data-block-type=\"unstyled\" data-block-weight=\"24\" data-block-id=\"32\">\n<p class=\" content-text__container \" data-track-category=\"Link no Texto\" data-track-links=\"\">Segundo o presidente da Associa\u00e7\u00e3o dos Descendentes de Tia Eva, Ronaldo Jefferson da Silva, o reconhecimento representa a continuidade de uma hist\u00f3ria de resist\u00eancia.<\/p>\n<\/div>\n<\/div>\n<div id=\"chunk-bivpp\">\n<div class=\"mc-column content-text active-extra-styles\" data-block-type=\"raw\" data-block-weight=\"46\" data-block-id=\"33\">\n<blockquote class=\"content-blockquote theme-border-color-primary-before\"><p>\u201c\u00c9 uma luta de resist\u00eancia de Tia Eva. Ela veio de Mineiros, em Goi\u00e1s, buscando exatamente isso: um espa\u00e7o seu, para dar continuidade \u00e0 sua linhagem e \u00e0 sua hist\u00f3ria. Com o tombamento agora, damos continuidade a esse legado e temos um territ\u00f3rio protegido pelo Iphan.\u201d<\/p><\/blockquote>\n<\/div>\n<\/div>\n<div id=\"chunk-d20ee\">\n<div class=\"mc-column content-text active-extra-styles\" data-block-type=\"raw\" data-block-weight=\"5\" data-block-id=\"34\">\n<div class=\"content-intertitle\">\n<h2>Pedido partiu da pr\u00f3pria comunidade<\/h2>\n<\/div>\n<\/div>\n<\/div>\n<div id=\"chunk-8bn7i\">\n<div class=\"mc-column content-text active-extra-styles \" data-block-type=\"unstyled\" data-block-weight=\"31\" data-block-id=\"35\">\n<p class=\" content-text__container \" data-track-category=\"Link no Texto\" data-track-links=\"\">O pedido de tombamento foi feito pela pr\u00f3pria comunidade em 2024. A partir da solicita\u00e7\u00e3o, o Instituto do Patrim\u00f4nio Hist\u00f3rico e Art\u00edstico Nacional iniciou um levantamento das refer\u00eancias culturais do territ\u00f3rio.<\/p>\n<\/div>\n<\/div>\n<div id=\"chunk-e7pf0\">\n<div class=\"mc-column content-text active-extra-styles \" data-block-type=\"unstyled\" data-block-weight=\"23\" data-block-id=\"36\">\n<p class=\" content-text__container \" data-track-category=\"Link no Texto\" data-track-links=\"\">Durante cerca de dois anos, t\u00e9cnicos do \u00f3rg\u00e3o trabalharam com os moradores para identificar e registrar tradi\u00e7\u00f5es, hist\u00f3rias e espa\u00e7os importantes da comunidade.<\/p>\n<\/div>\n<\/div>\n<div id=\"chunk-6un61\">\n<div class=\"mc-column content-text active-extra-styles \" data-block-type=\"unstyled\" data-block-weight=\"14\" data-block-id=\"37\">\n<p class=\" content-text__container \" data-track-category=\"Link no Texto\" data-track-links=\"\">Com base nesse levantamento, o conselho do instituto decidiu reconhecer oficialmente o territ\u00f3rio quilombola.<\/p>\n<\/div>\n<\/div>\n<div id=\"chunk-7o8b0\">\n<div class=\"mc-column content-text active-extra-styles \" data-block-type=\"unstyled\" data-block-weight=\"23\" data-block-id=\"38\">\n<p class=\" content-text__container \" data-track-category=\"Link no Texto\" data-track-links=\"\">Para Jo\u00e3o Henrique dos Santos, superintendente do Iphan em Mato Grosso do Sul, o tombamento tamb\u00e9m fortalece a presen\u00e7a do Estado na comunidade.<\/p>\n<\/div>\n<\/div>\n<div id=\"chunk-150c1\">\n<div class=\"mc-column content-text active-extra-styles\" data-block-type=\"raw\" data-block-weight=\"47\" data-block-id=\"40\">\n<blockquote class=\"content-blockquote theme-border-color-primary-before\"><p>\u201cA principal mudan\u00e7a \u00e9 a presen\u00e7a do Estado brasileiro mais pr\u00f3ximo da comunidade. O processo identifica as refer\u00eancias culturais e define a\u00e7\u00f5es de salvaguarda para que essas tradi\u00e7\u00f5es continuem existindo dentro da comunidade e para as futuras gera\u00e7\u00f5es\u201d, afirma. Ele tamb\u00e9m destaca o valor simb\u00f3lico do reconhecimento.<\/p><\/blockquote>\n<\/div>\n<\/div>\n<div id=\"chunk-52unc\">\n<div class=\"mc-column content-text active-extra-styles \" data-block-type=\"unstyled\" data-block-weight=\"28\" data-block-id=\"41\">\n<p class=\" content-text__container \" data-track-category=\"Link no Texto\" data-track-links=\"\">Segundo o superintendente, o tombamento do Quilombo Tia Eva tem import\u00e2ncia para o pa\u00eds por causa do protagonismo da l\u00edder comunit\u00e1ria e religiosa que d\u00e1 nome ao territ\u00f3rio.<\/p>\n<\/div>\n<\/div>\n<div id=\"chunk-biomv\">\n<div class=\"mc-column content-text active-extra-styles\" data-block-type=\"raw\" data-block-weight=\"5\" data-block-id=\"42\">\n<div class=\"content-intertitle\">\n<h2>Igreja hist\u00f3rica passa por restaura\u00e7\u00e3o<\/h2>\n<\/div>\n<\/div>\n<\/div>\n<div id=\"chunk-aqc7d\">\n<div class=\"row medium-uncollapsed content-media content-photo\" data-block-type=\"backstage-photo\" data-block-id=\"43\">\n<div class=\" mc-column  content-media__container\">\n<div class=\"content-media-container glb-skeleton-box\">\n<figure class=\"content-media-figure\"><img decoding=\"async\" class=\"i-amphtml-fill-content i-amphtml-replaced-content\" src=\"https:\/\/s2-g1.glbimg.com\/qRt6BB0NKxD1VpEAeUGCOfqzhIU=\/0x0:2560x1696\/984x0\/smart\/filters:strip_icc()\/i.s3.glbimg.com\/v1\/AUTH_59edd422c0c84a879bd37670ae4f538a\/internal_photos\/bs\/2024\/x\/e\/A7dJDcQSWwfR0oYAUXfw\/hsg-3948-scaled.jpg\" sizes=\"(max-width: 1600px) 648px, 100vw\" srcset=\"https:\/\/s2-g1.glbimg.com\/BQTDUeeyKfi3g4LE9XyQDrHGntc=\/0x0:2560x1696\/1000x0\/smart\/filters:strip_icc()\/i.s3.glbimg.com\/v1\/AUTH_59edd422c0c84a879bd37670ae4f538a\/internal_photos\/bs\/2024\/x\/e\/A7dJDcQSWwfR0oYAUXfw\/hsg-3948-scaled.jpg 1000w, https:\/\/s2-g1.glbimg.com\/qRt6BB0NKxD1VpEAeUGCOfqzhIU=\/0x0:2560x1696\/984x0\/smart\/filters:strip_icc()\/i.s3.glbimg.com\/v1\/AUTH_59edd422c0c84a879bd37670ae4f538a\/internal_photos\/bs\/2024\/x\/e\/A7dJDcQSWwfR0oYAUXfw\/hsg-3948-scaled.jpg 984w, https:\/\/s2-g1.glbimg.com\/-UX2Zx_0fd7OmW85DtzKvuSphks=\/0x0:2560x1696\/640x0\/smart\/filters:strip_icc()\/i.s3.glbimg.com\/v1\/AUTH_59edd422c0c84a879bd37670ae4f538a\/internal_photos\/bs\/2024\/x\/e\/A7dJDcQSWwfR0oYAUXfw\/hsg-3948-scaled.jpg 640w, https:\/\/s2-g1.glbimg.com\/BE9nb__wzrrCsReXGAcW4C6368s=\/0x0:2560x1696\/600x0\/smart\/filters:strip_icc()\/i.s3.glbimg.com\/v1\/AUTH_59edd422c0c84a879bd37670ae4f538a\/internal_photos\/bs\/2024\/x\/e\/A7dJDcQSWwfR0oYAUXfw\/hsg-3948-scaled.jpg 600w\" alt=\"Igreja de S\u00e3o Benedito \u00e9 principal patrim\u00f4nio da Comunidade Tia Eva em Campo Grande (MS). \u2014 Foto: Divulga\u00e7\u00e3o\/Guia Negro\" \/><\/figure>\n<\/div>\n<p class=\"content-media__description  \">Igreja de S\u00e3o Benedito \u00e9 principal patrim\u00f4nio da Comunidade Tia Eva em Campo Grande (MS). \u2014 Foto: Divulga\u00e7\u00e3o\/Guia Negro<\/p>\n<\/div>\n<\/div>\n<\/div>\n<div id=\"chunk-drgan\">\n<div class=\"mc-column content-text active-extra-styles \" data-block-type=\"unstyled\" data-block-weight=\"27\" data-block-id=\"44\">\n<p class=\" content-text__container \" data-track-category=\"Link no Texto\" data-track-links=\"\">Um dos principais s\u00edmbolos culturais da comunidade \u00e9 a Igreja de S\u00e3o Benedito, constru\u00edda em 1919. O templo j\u00e1 \u00e9 tombado como patrim\u00f4nio hist\u00f3rico municipal e estadual.<\/p>\n<\/div>\n<\/div>\n<div id=\"chunk-8ahmb\">\n<div class=\"mc-column content-text active-extra-styles \" data-block-type=\"unstyled\" data-block-weight=\"18\" data-block-id=\"46\">\n<p class=\" content-text__container \" data-track-category=\"Link no Texto\" data-track-links=\"\">O pr\u00e9dio passa por obras de restaura\u00e7\u00e3o e far\u00e1 parte de um novo complexo comunit\u00e1rio. O projeto prev\u00ea:<\/p>\n<\/div>\n<\/div>\n<div id=\"chunk-2gmdp\">\n<div class=\"mc-column content-text active-extra-styles\" data-block-type=\"raw\" data-block-weight=\"14\" data-block-id=\"47\">\n<ul class=\"content-unordered-list\">\n<li>uma pra\u00e7a;<\/li>\n<li>um centro de atendimento \u00e0 comunidade;<\/li>\n<li>a reforma do sal\u00e3o de eventos.<\/li>\n<\/ul>\n<\/div>\n<\/div>\n<div id=\"chunk-dhi63\">\n<div class=\"mc-column content-text active-extra-styles \" data-block-type=\"unstyled\" data-block-weight=\"33\" data-block-id=\"48\">\n<p class=\" content-text__container \" data-track-category=\"Link no Texto\" data-track-links=\"\">A obra tem investimento de mais de R$ 2,2 milh\u00f5es. Apesar das chuvas recentes, o cronograma segue sem atrasos e a previs\u00e3o \u00e9 que o complexo seja entregue at\u00e9 junho do pr\u00f3ximo ano.<\/p>\n<\/div>\n<\/div>\n<div id=\"chunk-6qh7n\">\n<div class=\"mc-column content-text active-extra-styles \" data-block-type=\"unstyled\" data-block-weight=\"27\" data-block-id=\"49\">\n<p class=\" content-text__container \" data-track-category=\"Link no Texto\" data-track-links=\"\">Segundo o gerente de projetos e or\u00e7amentos da Ag\u00eancia Estadual de Gest\u00e3o de Empreendimentos (Agesul), Adanilton Faustino de Souza J\u00fanior, a prioridade inicial foi restaurar a igreja.<\/p>\n<\/div>\n<\/div>\n<div id=\"chunk-8leln\">\n<div class=\"mc-column content-text active-extra-styles\" data-block-type=\"raw\" data-block-weight=\"34\" data-block-id=\"50\">\n<blockquote class=\"content-blockquote theme-border-color-primary-before\"><p>\u201cA gente deu prioridade para a igreja por conta da situa\u00e7\u00e3o estrutural. Al\u00e9m disso, em novembro temos o centen\u00e1rio de Tia Eva, e a ideia \u00e9 entregar o templo restaurado para as festividades\u201d, afirma.<\/p><\/blockquote>\n<\/div>\n<\/div>\n<div id=\"chunk-88i8d\">\n<div class=\"mc-column content-text active-extra-styles\" data-block-type=\"raw\" data-block-weight=\"3\" data-block-id=\"51\">\n<div class=\"content-intertitle\">\n<h2>Reconhecimento emociona moradores<\/h2>\n<\/div>\n<\/div>\n<\/div>\n<div id=\"chunk-5uv4t\">\n<div class=\"mc-column content-text active-extra-styles \" data-block-type=\"unstyled\" data-block-weight=\"25\" data-block-id=\"52\">\n<p class=\" content-text__container \" data-track-category=\"Link no Texto\" data-track-links=\"\">Para a arquiteta Ra\u00edssa Almeida Silva, moradora da comunidade que ajudou no levantamento hist\u00f3rico do territ\u00f3rio junto ao Iphan, o tombamento representa uma conquista hist\u00f3rica.<\/p>\n<\/div>\n<\/div>\n<div id=\"chunk-erkak\">\n<div class=\"mc-column content-text active-extra-styles\" data-block-type=\"raw\" data-block-weight=\"35\" data-block-id=\"53\">\n<blockquote class=\"content-blockquote theme-border-color-primary-before\"><p>\u201c\u00c9 um reconhecimento que a gente recebe com muita gratid\u00e3o. A comunidade est\u00e1 muito emocionada. Muitas pessoas de Campo Grande ainda n\u00e3o conhecem a hist\u00f3ria de Tia Eva, e agora essa hist\u00f3ria ganha visibilidade\u201d, diz.<\/p><\/blockquote>\n<\/div>\n<\/div>\n<div id=\"chunk-4nm5c\">\n<div class=\"mc-column content-text active-extra-styles \" data-block-type=\"unstyled\" data-block-weight=\"27\" data-block-id=\"54\">\n<p class=\" content-text__container \" data-track-category=\"Link no Texto\" data-track-links=\"\">Com o tombamento, a Comunidade Tia Eva passa a integrar oficialmente o patrim\u00f4nio cultural brasileiro, fortalecendo a preserva\u00e7\u00e3o de sua hist\u00f3ria e das tradi\u00e7\u00f5es mantidas por gera\u00e7\u00f5es.<\/p>\n<\/div>\n<\/div>\n<div id=\"chunk-8l2d1\">\n<div class=\"block-podcast\">\nFOnte: G1<\/div>\n<\/div>\n<\/div>\n<\/article>\n<\/div>\n","protected":false},"excerpt":{"rendered":"<p>Quem foi Tia Eva, fundadora do primeiro quilombo tombado no Brasil? Hoje, cerca de 250 fam\u00edlias vivem na \u00e1rea e<\/p>\n","protected":false},"author":1,"featured_media":13285,"comment_status":"open","ping_status":"open","sticky":false,"template":"","format":"standard","meta":{"colormag_page_container_layout":"default_layout","colormag_page_sidebar_layout":"default_layout","footnotes":""},"categories":[90],"tags":[],"class_list":["post-13282","post","type-post","status-publish","format-standard","has-post-thumbnail","hentry","category-brasil"],"_links":{"self":[{"href":"http:\/\/metropoleemfoco.com.br\/index.php?rest_route=\/wp\/v2\/posts\/13282","targetHints":{"allow":["GET"]}}],"collection":[{"href":"http:\/\/metropoleemfoco.com.br\/index.php?rest_route=\/wp\/v2\/posts"}],"about":[{"href":"http:\/\/metropoleemfoco.com.br\/index.php?rest_route=\/wp\/v2\/types\/post"}],"author":[{"embeddable":true,"href":"http:\/\/metropoleemfoco.com.br\/index.php?rest_route=\/wp\/v2\/users\/1"}],"replies":[{"embeddable":true,"href":"http:\/\/metropoleemfoco.com.br\/index.php?rest_route=%2Fwp%2Fv2%2Fcomments&post=13282"}],"version-history":[{"count":1,"href":"http:\/\/metropoleemfoco.com.br\/index.php?rest_route=\/wp\/v2\/posts\/13282\/revisions"}],"predecessor-version":[{"id":13286,"href":"http:\/\/metropoleemfoco.com.br\/index.php?rest_route=\/wp\/v2\/posts\/13282\/revisions\/13286"}],"wp:featuredmedia":[{"embeddable":true,"href":"http:\/\/metropoleemfoco.com.br\/index.php?rest_route=\/wp\/v2\/media\/13285"}],"wp:attachment":[{"href":"http:\/\/metropoleemfoco.com.br\/index.php?rest_route=%2Fwp%2Fv2%2Fmedia&parent=13282"}],"wp:term":[{"taxonomy":"category","embeddable":true,"href":"http:\/\/metropoleemfoco.com.br\/index.php?rest_route=%2Fwp%2Fv2%2Fcategories&post=13282"},{"taxonomy":"post_tag","embeddable":true,"href":"http:\/\/metropoleemfoco.com.br\/index.php?rest_route=%2Fwp%2Fv2%2Ftags&post=13282"}],"curies":[{"name":"wp","href":"https:\/\/api.w.org\/{rel}","templated":true}]}}