{"id":13240,"date":"2026-03-10T15:56:53","date_gmt":"2026-03-10T18:56:53","guid":{"rendered":"http:\/\/metropoleemfoco.com.br\/?p=13240"},"modified":"2026-03-11T17:51:53","modified_gmt":"2026-03-11T20:51:53","slug":"13240","status":"publish","type":"post","link":"http:\/\/metropoleemfoco.com.br\/?p=13240","title":{"rendered":""},"content":{"rendered":"<div id=\"noticias-interna\" class=\"elementor-element elementor-element-c4536fa header-noticias-leitura e-flex e-con-boxed e-con e-parent e-lazyloaded\" data-id=\"c4536fa\" data-element_type=\"container\" data-settings=\"{&quot;_ha_eqh_enable&quot;:false}\">\n<div class=\"e-con-inner\">\n<div class=\"elementor-element elementor-element-2028351 elementor-widget__width-initial titulo-conteudo elementor-widget elementor-widget-theme-post-title elementor-page-title elementor-widget-heading\" data-id=\"2028351\" data-element_type=\"widget\" data-widget_type=\"theme-post-title.default\">\n<div class=\"elementor-widget-container\">\n<h1 class=\"elementor-heading-title elementor-size-default\">SP transforma espa\u00e7os hist\u00f3ricos e art\u00edsticos do estado em salas de aula com o programa Educa\u00e7\u00e3o e Cultura<\/h1>\n<\/div>\n<\/div>\n<div class=\"elementor-element elementor-element-4784657 elementor-widget__width-initial elementor-widget elementor-widget-theme-post-excerpt\" data-id=\"4784657\" data-element_type=\"widget\" data-widget_type=\"theme-post-excerpt.default\">\n<div class=\"elementor-widget-container\">Iniciativa da Seduc-SP vai levar 15 mil estudantes a espa\u00e7os de cultura e arte em 2026; em mar\u00e7o, Pal\u00e1cio dos Bandeirantes e Sala S\u00e3o Paulo integram programa\u00e7\u00e3o junto com museus na capital<\/div>\n<\/div>\n<div class=\"elementor-element elementor-element-2133f16 compartilhe e-con-full e-flex e-con e-child\" data-id=\"2133f16\" data-element_type=\"container\" data-settings=\"{&quot;_ha_eqh_enable&quot;:false}\">\n<div class=\"elementor-element elementor-element-a8be681 e-con-full e-flex e-con e-child\" data-id=\"a8be681\" data-element_type=\"container\" data-settings=\"{&quot;_ha_eqh_enable&quot;:false}\">\n<div class=\"elementor-element elementor-element-4b063fb elementor-widget elementor-widget-image\" data-id=\"4b063fb\" data-element_type=\"widget\" data-widget_type=\"image.default\">\n<div class=\"elementor-widget-container\"><img loading=\"lazy\" decoding=\"async\" class=\"attachment-large size-large wp-image-4961\" src=\"https:\/\/www.agenciasp.sp.gov.br\/wp-content\/uploads\/2024\/03\/icon-share-03-gray-ok.png\" alt=\"\" width=\"20\" height=\"16\" \/><\/div>\n<\/div>\n<div class=\"elementor-element elementor-element-888f86d elementor-share-buttons--view-icon elementor-share-buttons--skin-framed elementor-share-buttons--shape-circle elementor-share-buttons--align-left elementor-share-buttons--color-custom elementor-grid-0 elementor-widget elementor-widget-share-buttons\" data-id=\"888f86d\" data-element_type=\"widget\" data-settings=\"{&quot;share_url&quot;:{&quot;url&quot;:&quot;https:\\\/\\\/www.agenciasp.sp.gov.br\\\/sp-transforma-espacos-historicos-e-artisticos-do-estado-em-salas-de-aula-com-o-programa-educacao-e-cultura\\\/&quot;,&quot;is_external&quot;:&quot;&quot;,&quot;nofollow&quot;:&quot;&quot;,&quot;custom_attributes&quot;:&quot;&quot;}}\" data-widget_type=\"share-buttons.default\">\n<div class=\"elementor-widget-container\">\n<div class=\"elementor-grid\">\n<div class=\"elementor-grid-item\">\n<div class=\"elementor-share-btn elementor-share-btn_whatsapp\" tabindex=\"0\" role=\"button\" aria-label=\"Compartilhar no whatsapp\"><\/div>\n<\/div>\n<div class=\"elementor-grid-item\">\n<div class=\"elementor-share-btn elementor-share-btn_facebook\" tabindex=\"0\" role=\"button\" aria-label=\"Compartilhar no facebook\"><\/div>\n<\/div>\n<div class=\"elementor-grid-item\">\n<div class=\"elementor-share-btn elementor-share-btn_x-twitter\" tabindex=\"0\" role=\"button\" aria-label=\"Compartilhar no x-twitter\"><\/div>\n<\/div>\n<div class=\"elementor-grid-item\">\n<div class=\"elementor-share-btn elementor-share-btn_email\" tabindex=\"0\" role=\"button\" aria-label=\"Compartilhar no email\"><\/div>\n<\/div>\n<\/div>\n<\/div>\n<\/div>\n<\/div>\n<\/div>\n<\/div>\n<\/div>\n<div class=\"elementor-element elementor-element-0e5ecd1 imagem-top-post e-flex e-con-boxed e-con e-parent e-lazyloaded\" data-id=\"0e5ecd1\" data-element_type=\"container\" data-settings=\"{&quot;background_background&quot;:&quot;classic&quot;,&quot;background_motion_fx_motion_fx_scrolling&quot;:&quot;yes&quot;,&quot;background_motion_fx_devices&quot;:[&quot;desktop&quot;,&quot;tablet&quot;,&quot;mobile&quot;],&quot;_ha_eqh_enable&quot;:false}\">\n<div class=\"e-con-inner\">\n<div class=\"elementor-element elementor-element-ced2435 elementor-widget__width-inherit capa-post elementor-widget elementor-widget-theme-post-featured-image elementor-widget-image\" data-id=\"ced2435\" data-element_type=\"widget\" data-widget_type=\"theme-post-featured-image.default\">\n<div class=\"elementor-widget-container\"><img loading=\"lazy\" decoding=\"async\" class=\"attachment-large size-large wp-image-127449\" src=\"https:\/\/www.agenciasp.sp.gov.br\/wp-content\/uploads\/2026\/03\/55137777256_c3fef2ff3d_k-1024x682-1.jpg\" sizes=\"auto, (max-width: 800px) 100vw, 800px\" srcset=\"https:\/\/www.agenciasp.sp.gov.br\/wp-content\/uploads\/2026\/03\/55137777256_c3fef2ff3d_k-1024x682-1.jpg 1024w, https:\/\/www.agenciasp.sp.gov.br\/wp-content\/uploads\/2026\/03\/55137777256_c3fef2ff3d_k-1024x682-1-300x200.jpg 300w, https:\/\/www.agenciasp.sp.gov.br\/wp-content\/uploads\/2026\/03\/55137777256_c3fef2ff3d_k-1024x682-1-768x512.jpg 768w, https:\/\/www.agenciasp.sp.gov.br\/wp-content\/uploads\/2026\/03\/55137777256_c3fef2ff3d_k-1024x682-1-150x100.jpg 150w\" alt=\"\" width=\"800\" height=\"533\" \/><\/div>\n<\/div>\n<div class=\"elementor-element elementor-element-5c2830d elementor-align-center elementor-absolute tarja-categoria-leitura-materia elementor-widget elementor-widget-post-info\" data-id=\"5c2830d\" data-element_type=\"widget\" data-settings=\"{&quot;_position&quot;:&quot;absolute&quot;}\" data-widget_type=\"post-info.default\">\n<div class=\"elementor-widget-container\">\n<ul class=\"elementor-icon-list-items elementor-post-info\">\n<li class=\"elementor-icon-list-item elementor-repeater-item-78f4fb6\"><span class=\"elementor-icon-list-text elementor-post-info__item elementor-post-info__item--type-terms\"><span class=\"elementor-post-info__terms-list\"><a class=\"elementor-post-info__terms-list-item\" role=\"link\" href=\"https:\/\/www.agenciasp.sp.gov.br\/editoria\/educacao\/\">Educa\u00e7\u00e3o<\/a><\/span><\/span><\/li>\n<\/ul>\n<\/div>\n<\/div>\n<\/div>\n<\/div>\n<div class=\"elementor-element elementor-element-5c5279b noticias-content e-flex e-con-boxed e-con e-parent e-lazyloaded\" data-id=\"5c5279b\" data-element_type=\"container\" data-settings=\"{&quot;_ha_eqh_enable&quot;:false}\">\n<div class=\"e-con-inner\">\n<div class=\"elementor-element elementor-element-753696f legenda-fotos elementor-widget elementor-widget-text-editor\" data-id=\"753696f\" data-element_type=\"widget\" data-widget_type=\"text-editor.default\">\n<div class=\"elementor-widget-container\">Alunos da rede estadual no Museu Catavento. Foto: Marco Ankosqui\/Educa\u00e7\u00e3o SP<\/div>\n<\/div>\n<div class=\"elementor-element elementor-element-cb76742 elementor-widget elementor-widget-post-info\" data-id=\"cb76742\" data-element_type=\"widget\" data-widget_type=\"post-info.default\">\n<div class=\"elementor-widget-container\">\n<ul class=\"elementor-inline-items elementor-icon-list-items elementor-post-info\">\n<li class=\"elementor-icon-list-item elementor-repeater-item-ca87380 elementor-inline-item\"><span class=\"elementor-icon-list-text elementor-post-info__item elementor-post-info__item--type-custom\">Ag\u00eancia SP<\/span><\/li>\n<\/ul>\n<\/div>\n<\/div>\n<div class=\"elementor-element elementor-element-8cc89f6 e-con-full e-flex e-con e-child\" data-id=\"8cc89f6\" data-element_type=\"container\" data-settings=\"{&quot;_ha_eqh_enable&quot;:false}\">\n<div class=\"elementor-element elementor-element-0b409b9 elementor-align-left data-atualizado elementor-widget elementor-widget-post-info\" data-id=\"0b409b9\" data-element_type=\"widget\" data-widget_type=\"post-info.default\">\n<div class=\"elementor-widget-container\"><\/div>\n<\/div>\n<div class=\"elementor-element elementor-element-d4b75ed data-atualizado elementor-widget elementor-widget-shortcode\" data-id=\"d4b75ed\" data-element_type=\"widget\" data-widget_type=\"shortcode.default\"><\/div>\n<\/div>\n<div class=\"elementor-element elementor-element-5a922b4 conteudo-post elementor-widget elementor-widget-theme-post-content\" data-id=\"5a922b4\" data-element_type=\"widget\" data-widget_type=\"theme-post-content.default\">\n<div class=\"elementor-widget-container\">\n<p>A Secretaria da Educa\u00e7\u00e3o do Estado de S\u00e3o Paulo (Seduc-SP) vai levar 15 mil estudantes das escolas p\u00fablicas a espa\u00e7os de cultura e arte em 2026. As atividades do programa Educa\u00e7\u00e3o e Cultura SP, lan\u00e7ado no fim do ano passado, tem como objetivo integrar a arte e cultura \u00e0 forma\u00e7\u00e3o dos alunos. Neste ano, o programa passa a contar com a parceria da Secretaria Municipal de Cultura e Economia Criativa de S\u00e3o Paulo, al\u00e9m da parceria com a Secretaria da Cultura, Economia e Ind\u00fastria Criativas do Estado de S\u00e3o Paulo desde 2025, ampliando o acesso dos alunos a equipamentos culturais da capital e de outras regi\u00f5es.<\/p>\n<p>As a\u00e7\u00f5es contemplam estudantes do Ensino Fundamental e do Ensino M\u00e9dio, garantindo a democratiza\u00e7\u00e3o do acesso \u00e0 cultura e incentivando pr\u00e1ticas pedag\u00f3gicas inovadoras. Ao longo de 2026, 15 mil alunos v\u00e3o participar das atividades promovidas pelo programa em diferentes equipamentos culturais e regi\u00f5es do Estado.<\/p>\n<p>As atividades acontecem em parques, bibliotecas, centros de mem\u00f3ria, arquivos, acervos, museus, centros culturais, teatros e outros espa\u00e7os, contemplando diferentes manifesta\u00e7\u00f5es culturais e experi\u00eancias de aprendizagem integradas ao Curr\u00edculo Paulista.<\/p>\n<p>\u201cA aplica\u00e7\u00e3o do curr\u00edculo em ambientes de arte e cultura amplia horizontes e possibilita que nossos estudantes vivenciem o conhecimento fora da sala de aula\u201d, afirma M\u00e1rcia Reis, coordenadora do programa.<\/p>\n<p><em>Alunos da rede estadual no Museu Catavento. Fotos: Marco Ankosqui\/Educa\u00e7\u00e3o SP<\/em><\/p>\n<h2 class=\"wp-block-heading\"><strong>Ci\u00eancia e Sustentabilidade no Museu Catavento<\/strong><\/h2>\n<p>Nesta quinta (5) e sexta (6), 480 alunos exploram as exposi\u00e7\u00f5es Engenho, Nave Espacial, Est\u00fadio de TV, Engenho e Mundo do Perfume e participam de oficinas.<\/p>\n<p>Confira a programa\u00e7\u00e3o de mar\u00e7o que contempla museus e espa\u00e7os hist\u00f3ricos da capital:<\/p>\n<ul class=\"wp-block-list\">\n<li><strong>5 e 6 de mar\u00e7o:<\/strong>\u00a0Museu Catavento (480 alunos).<\/li>\n<li><strong>10, 11, 13, 17, 18, 20, 24 e 26 de mar\u00e7o:<\/strong>\u00a0Museu da L\u00edngua Portuguesa (480 alunos).<\/li>\n<li><strong>11 de mar\u00e7o:<\/strong>\u00a0Museu do Ipiranga (168 alunos).<\/li>\n<li><strong>17, 18, 19, 24, 25 e 27 de mar\u00e7o:<\/strong>\u00a0Pal\u00e1cio dos Bandeirantes (600 alunos).<\/li>\n<li><strong>27 de mar\u00e7o:<\/strong>\u00a0Sala S\u00e3o Paulo (1100 alunos).<\/li>\n<\/ul>\n<h2 class=\"wp-block-heading\"><strong>In\u00edcio do programa em 2026<\/strong><\/h2>\n<p>As primeiras visitas aconteceram na quarta-feira (25), na Casa de Cultura da Freguesia do \u00d3. Cerca de 100 alunos dos 1\u00ba e 2\u00ba anos do ensino fundamental de escolas EE Padre Manoel da N\u00f3brega e EE Pasquale Peccicacco assistiram \u00e0 apresenta\u00e7\u00e3o de fantoches da\u00a0 Cia. do Tok Tok, uma vers\u00e3o do cl\u00e1ssico Chapeuzinho Vermelho.<\/p>\n<p>O programa Educa\u00e7\u00e3o &amp; Cultura SP refor\u00e7a o compromisso da Seduc-SP com a forma\u00e7\u00e3o integral dos estudantes, promovendo o acesso \u00e0 cultura como ferramenta de desenvolvimento acad\u00eamico, social e cidad\u00e3o.<\/p>\n<p>Fonte: Agencia Brasil<\/p>\n<\/div>\n<\/div>\n<\/div>\n<\/div>\n","protected":false},"excerpt":{"rendered":"<p>SP transforma espa\u00e7os hist\u00f3ricos e art\u00edsticos do estado em salas de aula com o programa Educa\u00e7\u00e3o e Cultura Iniciativa da<\/p>\n","protected":false},"author":1,"featured_media":13316,"comment_status":"open","ping_status":"open","sticky":false,"template":"","format":"standard","meta":{"colormag_page_container_layout":"default_layout","colormag_page_sidebar_layout":"default_layout","footnotes":""},"categories":[101],"tags":[],"class_list":["post-13240","post","type-post","status-publish","format-standard","has-post-thumbnail","hentry","category-educacao"],"_links":{"self":[{"href":"http:\/\/metropoleemfoco.com.br\/index.php?rest_route=\/wp\/v2\/posts\/13240","targetHints":{"allow":["GET"]}}],"collection":[{"href":"http:\/\/metropoleemfoco.com.br\/index.php?rest_route=\/wp\/v2\/posts"}],"about":[{"href":"http:\/\/metropoleemfoco.com.br\/index.php?rest_route=\/wp\/v2\/types\/post"}],"author":[{"embeddable":true,"href":"http:\/\/metropoleemfoco.com.br\/index.php?rest_route=\/wp\/v2\/users\/1"}],"replies":[{"embeddable":true,"href":"http:\/\/metropoleemfoco.com.br\/index.php?rest_route=%2Fwp%2Fv2%2Fcomments&post=13240"}],"version-history":[{"count":1,"href":"http:\/\/metropoleemfoco.com.br\/index.php?rest_route=\/wp\/v2\/posts\/13240\/revisions"}],"predecessor-version":[{"id":13249,"href":"http:\/\/metropoleemfoco.com.br\/index.php?rest_route=\/wp\/v2\/posts\/13240\/revisions\/13249"}],"wp:featuredmedia":[{"embeddable":true,"href":"http:\/\/metropoleemfoco.com.br\/index.php?rest_route=\/wp\/v2\/media\/13316"}],"wp:attachment":[{"href":"http:\/\/metropoleemfoco.com.br\/index.php?rest_route=%2Fwp%2Fv2%2Fmedia&parent=13240"}],"wp:term":[{"taxonomy":"category","embeddable":true,"href":"http:\/\/metropoleemfoco.com.br\/index.php?rest_route=%2Fwp%2Fv2%2Fcategories&post=13240"},{"taxonomy":"post_tag","embeddable":true,"href":"http:\/\/metropoleemfoco.com.br\/index.php?rest_route=%2Fwp%2Fv2%2Ftags&post=13240"}],"curies":[{"name":"wp","href":"https:\/\/api.w.org\/{rel}","templated":true}]}}