{"id":12485,"date":"2026-01-29T13:05:32","date_gmt":"2026-01-29T16:05:32","guid":{"rendered":"https:\/\/metropoleemfoco.com.br\/?p=12485"},"modified":"2026-01-29T13:05:32","modified_gmt":"2026-01-29T16:05:32","slug":"governo-de-sp-debate","status":"publish","type":"post","link":"http:\/\/metropoleemfoco.com.br\/?p=12485","title":{"rendered":"GOVERNO DE SP DEBATE"},"content":{"rendered":"<div class=\"link-back espaco t-26 col-12\">\n<h2 class=\"text-uppercase t-26\">GOVERNO DE SP DEBATE PRIORIDADES DA INFRAESTRUTURA LOG\u00cdSTICA NO F\u00d3RUM DO PLI-SP 2050, EM CAMPINAS<\/h2>\n<\/div>\n<article class=\"col-12 col-md-8\">\n<div id=\"content\" class=\"site-content\" role=\"main\">\n<section class=\"altespaco60\">\n<div class=\"imgDestaque\"><img loading=\"lazy\" decoding=\"async\" class=\"attachment-large size-large wp-post-image\" src=\"https:\/\/smastr16.blob.core.windows.net\/home\/2026\/01\/WhatsApp-Image-2026-01-29-at-11.52.37-1024x618.jpeg\" sizes=\"auto, (max-width: 1024px) 100vw, 1024px\" srcset=\"https:\/\/smastr16.blob.core.windows.net\/home\/2026\/01\/WhatsApp-Image-2026-01-29-at-11.52.37-1024x618.jpeg 1024w, https:\/\/smastr16.blob.core.windows.net\/home\/2026\/01\/WhatsApp-Image-2026-01-29-at-11.52.37-300x181.jpeg 300w, https:\/\/smastr16.blob.core.windows.net\/home\/2026\/01\/WhatsApp-Image-2026-01-29-at-11.52.37-768x464.jpeg 768w, https:\/\/smastr16.blob.core.windows.net\/home\/2026\/01\/WhatsApp-Image-2026-01-29-at-11.52.37-1536x927.jpeg 1536w, https:\/\/smastr16.blob.core.windows.net\/home\/2026\/01\/WhatsApp-Image-2026-01-29-at-11.52.37-1320x797.jpeg 1320w, https:\/\/smastr16.blob.core.windows.net\/home\/2026\/01\/WhatsApp-Image-2026-01-29-at-11.52.37.jpeg 1600w\" alt=\"\" width=\"1024\" height=\"618\" \/><\/div>\n<div class=\"wp-content espaco\">\n<div class=\"entry-header\">\n<h3 class=\"sma_subtitulo\">Evento reuniu setor produtivo, poder p\u00fablico e academia para qualificar o planejamento da infraestrutura de transportes na regi\u00e3o<\/h3>\n<\/div>\n<p>O\u00a0<a href=\"https:\/\/www.sp.gov.br\/sp\">Governo do Estado de S\u00e3o Paulo<\/a>\u00a0realizou, nesta quinta-feira (29\/01), em Campinas, o 5\u00ba F\u00f3rum Regional do Plano de Log\u00edstica e Investimentos \u2013 PLI-SP 2050. A iniciativa \u00e9 coordenada pela\u00a0<a href=\"https:\/\/semil.sp.gov.br\/\">Secretaria de Meio Ambiente, Infraestrutura e Log\u00edstica (Semil)<\/a>, por meio da Subsecretaria de Log\u00edstica e Transportes (SLT), e reuniu representantes do setor produtivo, do poder p\u00fablico, da academia e de entidades regionais no\u00a0<a href=\"https:\/\/www.ciespcampinas.org.br\/site\/\">CIESP<\/a>\u00a0Campinas.<\/p>\n<p>O encontro contou com a participa\u00e7\u00e3o de representantes dos 90 munic\u00edpios que comp\u00f5em a Zona Ecol\u00f3gico-Econ\u00f4mica 5 (ZEE 5), abrangendo a Regi\u00e3o Administrativa de Campinas e as Regi\u00f5es Metropolitanas de Jundia\u00ed e Piracicaba.<\/p>\n<p>A ZEE 5 re\u00fane aproximadamente 7,2 milh\u00f5es de habitantes, o equivalente a 15,7% da popula\u00e7\u00e3o do Estado, e concentra cerca de R$ 536 bilh\u00f5es do PIB paulista, representando 19,7% da economia estadual. A regi\u00e3o se destaca pela forte presen\u00e7a da ind\u00fastria de transforma\u00e7\u00e3o, dos servi\u00e7os especializados, da log\u00edstica de alto valor agregado e da economia do conhecimento.<\/p>\n<p>\u201cA regi\u00e3o de Campinas \u00e9 estrat\u00e9gica para o sistema log\u00edstico estadual e nacional, ao articular a Regi\u00e3o Metropolitana de S\u00e3o Paulo, os principais corredores rodovi\u00e1rios, o Aeroporto Internacional de Viracopos, a malha ferrovi\u00e1ria e a proximidade com o Porto de Santos. Ouvir o territ\u00f3rio \u00e9 fundamental para que o PLI-SP 2050 construa diretrizes de longo prazo ancoradas na realidade local, com planejamento qualificado e participa\u00e7\u00e3o efetiva dos atores regionais\u201d, afirmou Denis Gerage Amorim, subsecret\u00e1rio de Log\u00edstica e Transportes da\u00a0<a href=\"https:\/\/semil.sp.gov.br\/\">Semil<\/a>.<\/p>\n<p>Durante a apresenta\u00e7\u00e3o t\u00e9cnica, foram destacados os principais aspectos socioecon\u00f4micos e log\u00edsticos da ZEE 5, caracterizada pela elevada participa\u00e7\u00e3o da ind\u00fastria no emprego e no valor agregado, com destaque para os setores automotivo, metalmec\u00e2nico, qu\u00edmico, petroqu\u00edmico, farmac\u00eautico, alimentos e bebidas. Tamb\u00e9m foram evidenciados os servi\u00e7os intensivos em tecnologia, pesquisa, desenvolvimento e log\u00edstica.<\/p>\n<p>Os dados apresentados refor\u00e7am a relev\u00e2ncia da regi\u00e3o nos fluxos de carga do Estado e apontam desafios relacionados \u00e0 intermodalidade, \u00e0 press\u00e3o sobre a malha rodovi\u00e1ria metropolitana, \u00e0 mobilidade inter-regional e \u00e0 necessidade de alinhar os investimentos em infraestrutura a crit\u00e9rios ambientais e de resili\u00eancia clim\u00e1tica.<\/p>\n<p>\u201cCampinas re\u00fane uma diversidade produtiva e log\u00edstica que exige planejamento integrado e coopera\u00e7\u00e3o entre Estado e munic\u00edpios. O F\u00f3rum refor\u00e7a a import\u00e2ncia de alinhar mobilidade, infraestrutura e sustentabilidade para que os investimentos em transporte atendam \u00e0s demandas reais da popula\u00e7\u00e3o e do setor produtivo\u201d, afirmou Fernando de Caires Barbosa, secret\u00e1rio municipal de Transportes de Campinas.<\/p>\n<p>A vis\u00e3o do setor produtivo refor\u00e7ou a posi\u00e7\u00e3o da Regi\u00e3o de Campinas como polo industrial, tecnol\u00f3gico e log\u00edstico, com cadeias produtivas diversificadas e fortemente integradas aos fluxos estaduais e nacionais de carga, ampliando a necessidade de investimentos coordenados em infraestrutura de transportes.<\/p>\n<p>\u201cA ind\u00fastria da Regi\u00e3o de Campinas opera em cadeias cada vez mais integradas e sens\u00edveis \u00e0 efici\u00eancia log\u00edstica. Avan\u00e7ar no planejamento de longo prazo, com foco em integra\u00e7\u00e3o modal e melhoria da infraestrutura, \u00e9 essencial para manter a competitividade do setor produtivo e criar um ambiente favor\u00e1vel a novos investimentos\u201d, destacou Jos\u00e9 Corr\u00eaa, diretor do\u00a0<a href=\"https:\/\/www.ciespcampinas.org.br\/site\/\">CIESP<\/a>\u00a0Campinas.<\/p>\n<p><strong>Investimentos do SP Pra Toda Obra na ZEE 5<\/strong><\/p>\n<p>Durante o F\u00f3rum, tamb\u00e9m foram apresentados os avan\u00e7os do programa SP Pra Toda Obra, executado pelo\u00a0<a href=\"https:\/\/www.der.sp.gov.br\/WebSite\/Index.aspx\">Departamento de Estradas de Rodagem do Estado de S\u00e3o Paulo (DER-SP)<\/a>, vinculado \u00e0\u00a0<a href=\"https:\/\/semil.sp.gov.br\/\">Semil<\/a>. A iniciativa promove um amplo processo de moderniza\u00e7\u00e3o da infraestrutura rodovi\u00e1ria na ZEE 5.<\/p>\n<p>Na malha municipal, j\u00e1 foram conclu\u00eddos R$ 588,4 milh\u00f5es em investimentos, resultando na recupera\u00e7\u00e3o funcional de 268,25 quil\u00f4metros e na pavimenta\u00e7\u00e3o de 105,58 quil\u00f4metros de vias, beneficiando munic\u00edpios como Campinas, Limeira, Piracicaba, Hortol\u00e2ndia, Jaguari\u00fana, Valinhos, Atibaia, Bragan\u00e7a Paulista, Mogi Gua\u00e7u e Socorro, entre outros polos regionais.<\/p>\n<p>Nas rodovias estaduais, foram finalizados R$ 430,1 milh\u00f5es em obras, contemplando 293,92 quil\u00f4metros de conserva\u00e7\u00e3o especial, 24,90 quil\u00f4metros de duplica\u00e7\u00f5es e interven\u00e7\u00f5es pontuais em corredores estrat\u00e9gicos da regi\u00e3o.<\/p>\n<p>Atualmente, est\u00e3o em execu\u00e7\u00e3o R$ 241,0 milh\u00f5es em obras na malha municipal, com a\u00e7\u00f5es de recupera\u00e7\u00e3o funcional e pavimenta\u00e7\u00e3o em cidades como Campinas, Bragan\u00e7a Paulista, Joan\u00f3polis, Mogi Mirim, Rio Claro e Lind\u00f3ia. Na malha estadual, seguem em andamento obras que somam R$ 219,4 milh\u00f5es, incluindo servi\u00e7os de conserva\u00e7\u00e3o especial, duplica\u00e7\u00f5es e implanta\u00e7\u00e3o de dispositivos vi\u00e1rios em trechos como as rodovias SP-324, SP-338 e acessos estrat\u00e9gicos da regi\u00e3o.<\/p>\n<p>Al\u00e9m disso, o<a href=\"https:\/\/www.der.sp.gov.br\/WebSite\/Index.aspx\">\u00a0DER-SP<\/a>\u00a0estruturou uma carteira de R$ 547,2 milh\u00f5es em obras a serem licitadas, voltada \u00e0 conserva\u00e7\u00e3o especial, recupera\u00e7\u00e3o e melhorias pontuais em rodovias respons\u00e1veis pela conex\u00e3o dos principais eixos produtivos e log\u00edsticos da ZEE 5.<\/p>\n<p>\u201cOs investimentos apresentados refletem o compromisso do\u00a0<a href=\"https:\/\/www.sp.gov.br\/sp\">Governo do Estado<\/a>\u00a0com um planejamento rodovi\u00e1rio cont\u00ednuo, t\u00e9cnico e integrado. O SP Pra Toda Obra busca qualificar a infraestrutura existente, ampliar a capacidade dos corredores mais demandados e preparar a regi\u00e3o de Campinas para responder de forma eficiente \u00e0s atuais e futuras demandas log\u00edsticas\u201d, ressaltou Bruna Doneg\u00e1, representante do\u00a0<a href=\"https:\/\/www.der.sp.gov.br\/WebSite\/Index.aspx\">DER-SP.<\/a><\/p>\n<p><strong>Planejamento colaborativo e vis\u00e3o de longo prazo<\/strong><\/p>\n<p>O F\u00f3rum Regional de Campinas integra o ciclo de nove encontros territoriais do PLI-SP 2050 e reafirma o compromisso do\u00a0<a href=\"https:\/\/www.sp.gov.br\/sp\">Governo do Estado<\/a>\u00a0com a participa\u00e7\u00e3o social, a transpar\u00eancia e o planejamento de longo prazo.<\/p>\n<p>A escuta qualificada envolve tr\u00eas n\u00edveis de participa\u00e7\u00e3o \u2014 f\u00f3runs regionais, pesquisas e entrevistas, e formul\u00e1rio online \u2014 que j\u00e1 contabilizam 75 contribui\u00e7\u00f5es, incorporadas ao diagn\u00f3stico t\u00e9cnico, \u00e0 simula\u00e7\u00e3o de cen\u00e1rios e \u00e0 hierarquiza\u00e7\u00e3o de projetos.<\/p>\n<p>O PLI-SP 2050 \u00e9 um instrumento estrat\u00e9gico para reduzir custos log\u00edsticos, ampliar a efici\u00eancia dos sistemas de transporte, promover a sustentabilidade ambiental e fortalecer a competitividade regional, posicionando S\u00e3o Paulo como um hub log\u00edstico moderno, integrado e equilibrado.<\/p>\n<p>As contribui\u00e7\u00f5es ao plano seguem abertas em\u00a0<a href=\"http:\/\/pli.semil.sp.gov.br\/\">pli.semil.sp.gov.br<\/a>.<\/p>\n<p>Fonte: Semil Sp Gov<\/p>\n<\/div>\n<\/section>\n<\/div>\n<\/article>\n","protected":false},"excerpt":{"rendered":"<p>GOVERNO DE SP DEBATE PRIORIDADES DA INFRAESTRUTURA LOG\u00cdSTICA NO F\u00d3RUM DO PLI-SP 2050, EM CAMPINAS Evento reuniu setor produtivo, poder<\/p>\n","protected":false},"author":1,"featured_media":12488,"comment_status":"open","ping_status":"open","sticky":false,"template":"","format":"standard","meta":{"colormag_page_container_layout":"default_layout","colormag_page_sidebar_layout":"default_layout","footnotes":""},"categories":[98],"tags":[],"class_list":["post-12485","post","type-post","status-publish","format-standard","has-post-thumbnail","hentry","category-meio-ambiente"],"_links":{"self":[{"href":"http:\/\/metropoleemfoco.com.br\/index.php?rest_route=\/wp\/v2\/posts\/12485","targetHints":{"allow":["GET"]}}],"collection":[{"href":"http:\/\/metropoleemfoco.com.br\/index.php?rest_route=\/wp\/v2\/posts"}],"about":[{"href":"http:\/\/metropoleemfoco.com.br\/index.php?rest_route=\/wp\/v2\/types\/post"}],"author":[{"embeddable":true,"href":"http:\/\/metropoleemfoco.com.br\/index.php?rest_route=\/wp\/v2\/users\/1"}],"replies":[{"embeddable":true,"href":"http:\/\/metropoleemfoco.com.br\/index.php?rest_route=%2Fwp%2Fv2%2Fcomments&post=12485"}],"version-history":[{"count":1,"href":"http:\/\/metropoleemfoco.com.br\/index.php?rest_route=\/wp\/v2\/posts\/12485\/revisions"}],"predecessor-version":[{"id":12489,"href":"http:\/\/metropoleemfoco.com.br\/index.php?rest_route=\/wp\/v2\/posts\/12485\/revisions\/12489"}],"wp:featuredmedia":[{"embeddable":true,"href":"http:\/\/metropoleemfoco.com.br\/index.php?rest_route=\/wp\/v2\/media\/12488"}],"wp:attachment":[{"href":"http:\/\/metropoleemfoco.com.br\/index.php?rest_route=%2Fwp%2Fv2%2Fmedia&parent=12485"}],"wp:term":[{"taxonomy":"category","embeddable":true,"href":"http:\/\/metropoleemfoco.com.br\/index.php?rest_route=%2Fwp%2Fv2%2Fcategories&post=12485"},{"taxonomy":"post_tag","embeddable":true,"href":"http:\/\/metropoleemfoco.com.br\/index.php?rest_route=%2Fwp%2Fv2%2Ftags&post=12485"}],"curies":[{"name":"wp","href":"https:\/\/api.w.org\/{rel}","templated":true}]}}