{"id":12484,"date":"2026-01-29T13:03:51","date_gmt":"2026-01-29T16:03:51","guid":{"rendered":"https:\/\/metropoleemfoco.com.br\/?p=12484"},"modified":"2026-01-29T13:03:51","modified_gmt":"2026-01-29T16:03:51","slug":"rio-entra-no-centro-do","status":"publish","type":"post","link":"http:\/\/metropoleemfoco.com.br\/?p=12484","title":{"rendered":"Rio entra no centro do"},"content":{"rendered":"<header class=\"group\/header group mx-auto box-border flex w-full max-w-full flex-col gap-4 pb-4 md:border-b md:border-neutral-200 [&amp;_.gallery]:-mx-4 [&amp;_.gallery]:outline [&amp;_.gallery]:outline-2 [&amp;_.gallery]:outline-neutral-950 [&amp;_.gallery]:lg:-mx-0 [&amp;_.gallery]:lg:outline-none\">\n<div class=\"flex w-full flex-col gap-4\">\n<div class=\"border-b pb-4 lg:border-b-0 lg:pb-0\" tabindex=\"1\">\n<h1 class=\"font-bold text-3xl lg:text-4xl\">Rio entra no centro do debate global da gastronomia no Madrid Fusi\u00f3n<\/h1>\n<\/div>\n<div tabindex=\"2\">\n<h2 class=\"text-lg font-normal group-[.isActiveSource]:text-xl\" data-single-excerpt=\"true\">Rio aposta na gastronomia como pol\u00edtica p\u00fablica e usa o Madrid Fusi\u00f3n para disputar espa\u00e7o no cen\u00e1rio global<\/h2>\n<\/div>\n<\/div>\n<div class=\"flex w-full flex-col gap-1\" data-single-author=\"true\"><span class=\"text-sm font-normal\"><a class=\"text-sm underline\" href=\"https:\/\/www.cnnbrasil.com.br\/viagemegastronomia\/autor\/tina-bini\/\" target=\"_self\"><span class=\"text-sm font-medium\">Tina Bini<\/span><\/a>, do Viagem &amp; Gastronomia<\/span><\/div>\n<div class=\"h-auto w-fit cursor-pointer group-has-[.featuredImage]:w-full group-has-[.gallery]:w-full group-has-[.mosaic-large]:w-full group-has-[.mosaic-small]:w-fit [#gut-square_&amp;]:w-full [#gut-square_&amp;]:lg:w-fit [#gut-trio_&amp;]:w-full [#manchete-section-one_&amp;]:h-full [#manchete-section-one_&amp;]:w-full\">\n<div class=\"group\/featureImage featuredImage relative w-full\" data-image=\"true\">\n<div class=\"fullScreenButton absolute right-0 z-20 mr-2 mt-2 size-6 rounded-sm bg-red-600 p-0 hover:bg-red-500 sm:p-1 md:mr-4 md:mt-4 md:size-8\"><\/div>\n<figure class=\"group\/featureImage featuredImage relative z-10 mb-4 flex shrink flex-col gap-2\">\n<div class=\"featuredImage--image z-10 -mx-4 flex items-center justify-center bg-neutral-950 lg:mx-0 lg:overflow-hidden lg:rounded-lg\"><picture class=\"flex object-cover overflow-clip w-full aspect-video\"><source srcset=\"https:\/\/viagem.cnnbrasil.com.br\/wp-content\/uploads\/sites\/5\/2025\/09\/rio-de-janeiro-krys-amon-BVj6AnXs3TA-unsplash.jpg?w=1200&amp;h=900&amp;crop=0\" media=\"(min-width: 1024px)\" \/><source srcset=\"https:\/\/viagem.cnnbrasil.com.br\/wp-content\/uploads\/sites\/5\/2025\/09\/rio-de-janeiro-krys-amon-BVj6AnXs3TA-unsplash.jpg?w=849&amp;h=477&amp;crop=0\" media=\"(min-width: 768px)\" \/><img loading=\"lazy\" decoding=\"async\" class=\"flex size-full object-cover\" src=\"https:\/\/viagem.cnnbrasil.com.br\/wp-content\/uploads\/sites\/5\/2025\/09\/rio-de-janeiro-krys-amon-BVj6AnXs3TA-unsplash.jpg?w=419&amp;h=283&amp;crop=0\" alt=\"Rio de Janeiro\" width=\"419\" height=\"283\" \/><\/picture><\/div><figcaption class=\"featuredImage--caption text-neutral-500\"><span class=\"text-sm font-medium featuredImage--subtitle\">A cidade do Rio de Janeiro tem mostrado ao mundo que \u00e9 um destino que vai al\u00e9m do sol e da praia<\/span><span class=\"text-xs font-normal featuredImage--credits\">\u00a0 \u2022 Unsplash\/Krys Amon<\/span><\/figcaption><\/figure>\n<\/div>\n<\/div>\n<\/header>\n<div class=\"text-lg w-full pt-6 font-light text-neutral-800 group-[.isActiveSource&gt;*]:text-xl md:pt-10 [&amp;&gt;*:not(.single-product)]:mx-auto [&amp;&gt;*:not(.single-product)]:max-w-2xl [&amp;_.gallery]:mb-4 [&amp;_p]:my-4 first:[&amp;_p]:mt-0 [&amp;_strong]:font-medium\" style=\"--tw-border-spacing-x: 0; --tw-border-spacing-y: 0; --tw-translate-x: 0; --tw-translate-y: 0; --tw-rotate: 0; --tw-skew-x: 0; --tw-skew-y: 0; --tw-scale-x: 1; --tw-scale-y: 1; --tw-scroll-snap-strictness: proximity; --tw-ring-offset-width: 0px; --tw-ring-offset-color: #fff; --tw-ring-color: rgb(59 130 246\/0.5); --tw-ring-offset-shadow: 0 0 #0000; --tw-ring-shadow: 0 0 #0000; --tw-shadow: 0 0 #0000; --tw-shadow-colored: 0 0 #0000; box-sizing: border-box; border: 0px solid #e5e7eb; width: 949px; padding-top: 2.5rem; font-size: 1.125rem; line-height: 1.75rem; font-weight: 300; --tw-text-opacity: 1; color: rgb(38 38 38\/var(--tw-text-opacity,1)); font-family: cnnSans, 'cnnSans Fallback'; font-style: normal; font-variant-ligatures: normal; font-variant-caps: normal; letter-spacing: normal; orphans: 2; text-align: start; text-indent: 0px; text-transform: none; white-space: normal; widows: 2; word-spacing: 0px; -webkit-text-stroke-width: 0px; text-decoration-thickness: initial; text-decoration-style: initial; text-decoration-color: initial;\" data-single-content=\"true\">\n<p class=\"my-5 break-words group-[.isActiveSource]:text-xl\">O\u00a0<strong class=\"group-[.isActiveSource]:text-xl group-[.isActiveSource]:font-bold\">Madrid Fusi\u00f3n<\/strong>, um dos principais congressos de gastronomia do mundo, come\u00e7ou hoje (26) em Madri (Espanha) reunindo chefs, pesquisadores, empres\u00e1rios e jornalistas especializados para discutir os rumos da culin\u00e1ria contempor\u00e2nea. Em 2026, o evento escolheu o\u00a0<strong class=\"group-[.isActiveSource]:text-xl group-[.isActiveSource]:font-bold\">Rio de Janeiro como cidade convidada<\/strong>, um posto que vai al\u00e9m do prest\u00edgio simb\u00f3lico e indica uma tentativa clara de posicionar a cidade no debate global sobre comida, cultura e turismo.<\/p>\n<p class=\"my-5 break-words group-[.isActiveSource]:text-xl\">Criado em 2003, o congresso funciona como um espa\u00e7o de formula\u00e7\u00e3o de tend\u00eancias e narrativas. Ao longo dos anos, tornou-se uma plataforma onde destinos disputam aten\u00e7\u00e3o, constroem reputa\u00e7\u00e3o e buscam legitima\u00e7\u00e3o junto a um p\u00fablico especializado. Para cidades convidadas, o\u00a0<strong class=\"group-[.isActiveSource]:text-xl group-[.isActiveSource]:font-bold\">Madrid Fusi\u00f3n representa acesso direto a formadores de opini\u00e3o que influenciam escolhas de viagem, investimentos e circula\u00e7\u00e3o de eventos internacionais.<\/strong><\/p>\n<h2 class=\"text-2xl my-5 font-bold break-words\">Da ret\u00f3rica \u00e0 pol\u00edtica p\u00fablica<\/h2>\n<p class=\"my-5 break-words group-[.isActiveSource]:text-xl\">A presen\u00e7a do Rio no evento n\u00e3o \u00e9 isolada. Ela se insere em uma pol\u00edtica mais ampla, conduzida por diferentes esferas de governo, que passou a tratar a\u00a0<a class=\"text-red-600 underline hover:text-red-500 font-medium break-words group-[.isActiveSource]:text-xl\" href=\"https:\/\/www.cnnbrasil.com.br\/viagemegastronomia\/gastronomia\/turismo-gastronomico-memorias-que-nascem-a-mesa-e-movimentam-bilhoes\/\" target=\"_blank\" rel=\"noopener noreferrer\"><strong class=\"group-[.isActiveSource]:text-xl group-[.isActiveSource]:font-bold\">gastronomia como ativo estrat\u00e9gico de turismo e desenvolvimento econ\u00f4mico<\/strong>.<\/a><\/p>\n<p class=\"my-5 break-words group-[.isActiveSource]:text-xl\">No \u00e2mbito estadual, o governo do Rio de Janeiro, sob a gest\u00e3o de Cl\u00e1udio Castro, vem defendendo publicamente o setor gastron\u00f4mico como parte da estrat\u00e9gia de atra\u00e7\u00e3o de visitantes, com a\u00e7\u00f5es coordenadas pela Secretaria de Estado de Turismo (Setur RJ) e pela TurisRio.\u00a0<strong class=\"group-[.isActiveSource]:text-xl group-[.isActiveSource]:font-bold\">Em 2025, o estado apoiou mais de 16 eventos gastron\u00f4micos<\/strong>, articulando promo\u00e7\u00e3o tur\u00edstica e est\u00edmulo \u00e0 economia local.<\/p>\n<p class=\"my-5 break-words group-[.isActiveSource]:text-xl\">Na esfera municipal, a Secretaria Municipal de Turismo do Rio e a Secretaria Municipal de Desenvolvimento Urbano e Econ\u00f4mico passaram a embasar decis\u00f5es com estudos t\u00e9cnicos. Um levantamento elaborado em parceria com o Instituto Bazzar projeta que o\u00a0<strong class=\"group-[.isActiveSource]:text-xl group-[.isActiveSource]:font-bold\">fortalecimento do turismo gastron\u00f4mico pode gerar at\u00e9 R$ 357 milh\u00f5es adicionais em arrecada\u00e7\u00e3o de ISS ao longo de dez anos, al\u00e9m de atrair at\u00e9 2 milh\u00f5es de turistas estrangeiros nesse per\u00edodo.<\/strong><\/p>\n<p class=\"my-5 break-words group-[.isActiveSource]:text-xl\">\u00c9 nesse contexto que a participa\u00e7\u00e3o no Madrid Fusi\u00f3n ganha sentido pol\u00edtico. \u201cA gastronomia \u00e9 uma das maiores express\u00f5es da identidade carioca. A presen\u00e7a do Rio no maior congresso do setor no mundo refor\u00e7a o reconhecimento do talento dos nossos chefs. Essa participa\u00e7\u00e3o posiciona a cidade como um destino global gastron\u00f4mico e cultural\u201d, afirma o vice-prefeito do Rio,\u00a0<strong class=\"group-[.isActiveSource]:text-xl group-[.isActiveSource]:font-bold\">Eduardo Cavaliere<\/strong>.<\/p>\n<h2 class=\"text-2xl my-5 font-bold break-words\">Dados econ\u00f4micos sustentam a estrat\u00e9gia<\/h2>\n<p class=\"my-5 break-words group-[.isActiveSource]:text-xl\">Os n\u00fameros ajudam a explicar por que a gastronomia passou a ocupar espa\u00e7o central no discurso e na a\u00e7\u00e3o p\u00fablica.\u00a0<strong class=\"group-[.isActiveSource]:text-xl group-[.isActiveSource]:font-bold\">Apenas no primeiro semestre<\/strong>\u00a0de 2025, o\u00a0<strong class=\"group-[.isActiveSource]:text-xl group-[.isActiveSource]:font-bold\">setor de bares, restaurantes e lanchonetes gerou R$ 258,9 milh\u00f5es em ICMS<\/strong>\u00a0no estado do Rio de Janeiro. Estimativas oficiais indicam que a\u00a0<strong class=\"group-[.isActiveSource]:text-xl group-[.isActiveSource]:font-bold\">alimenta\u00e7\u00e3o fora do lar responde por cerca de 30% dos gastos dos turistas durante a estadia.<\/strong><\/p>\n<p class=\"my-5 break-words group-[.isActiveSource]:text-xl\">O setor tamb\u00e9m tem impacto direto no mercado de trabalho. At\u00e9 junho de 2025,\u00a0<strong class=\"group-[.isActiveSource]:text-xl group-[.isActiveSource]:font-bold\">mais de 13 mil empregos formais haviam sido criados em atividades ligadas \u00e0 gastronomia no estado.<\/strong><\/p>\n<p class=\"my-5 break-words group-[.isActiveSource]:text-xl\">Esses dados se somam ao crescimento do turismo internacional. Em 2025, o\u00a0<strong class=\"group-[.isActiveSource]:text-xl group-[.isActiveSource]:font-bold\">Rio atingiu um recorde hist\u00f3rico de 2,2 milh\u00f5es de turistas estrangeiros, alta de 43,7% em rela\u00e7\u00e3o a 2024<\/strong>, superando com folga os n\u00fameros do per\u00edodo pr\u00e9- pandemia.<\/p>\n<h2 class=\"text-2xl my-5 font-bold break-words\">Eventos como instrumentos de reputa\u00e7\u00e3o<\/h2>\n<p class=\"my-5 break-words group-[.isActiveSource]:text-xl\">A escolha do Rio como cidade convidada do Madrid Fusi\u00f3n se soma a uma sequ\u00eancia de movimentos estrat\u00e9gicos. Em 2023 e 2024, a cidade sediou o<strong class=\"group-[.isActiveSource]:text-xl group-[.isActiveSource]:font-bold\"><a class=\"text-red-600 underline hover:text-red-500 font-medium break-words group-[.isActiveSource]:text-xl\" href=\"https:\/\/www.cnnbrasil.com.br\/viagemegastronomia\/gastronomia\/latin-americas-50-best-el-chato-e-o-melhor-restaurante-da-america-latina\/\" target=\"_blank\" rel=\"noopener noreferrer\">\u00a0Latin America\u2019s 50 Best Restaurants<\/a>,<\/strong>\u00a0trazendo ao pa\u00eds os principais nomes da gastronomia do continente. Em 2024, o\u00a0<a class=\"text-red-600 underline hover:text-red-500 font-medium break-words group-[.isActiveSource]:text-xl\" href=\"https:\/\/www.cnnbrasil.com.br\/viagemegastronomia\/gastronomia\/guia-michelin-rio-e-sao-paulo-tem-4-novos-restaurantes-estrelados-em-2025\/\" target=\"_blank\" rel=\"noopener noreferrer\"><strong class=\"group-[.isActiveSource]:text-xl group-[.isActiveSource]:font-bold\">Guia Michelin<\/strong>\u00a0voltou a realizar sua cerim\u00f4nia de premia\u00e7\u00e3o no Rio<\/a>, e a organiza\u00e7\u00e3o j\u00e1 confirmou que o evento ser\u00e1 novamente sediado na cidade em 2026, reunindo restaurantes de S\u00e3o Paulo e Rio.<\/p>\n<p class=\"my-5 break-words group-[.isActiveSource]:text-xl\">Mais do que impacto imediato, esses eventos ajudam a\u00a0<strong class=\"group-[.isActiveSource]:text-xl group-[.isActiveSource]:font-bold\">construir reputa\u00e7\u00e3o internacional, um ativo cada vez mais relevante na disputa global por turistas, investimentos e grandes encontros do setor.\u00a0<\/strong>E o Rio de Janeiro tem feito a li\u00e7\u00e3o de casa muito bem feita, tanto que em outubro passado, foi a primeira cidade da Am\u00e9rica do Sul a ocupar o posto de convidada no San Sebasti\u00e1n Gastronomika, outro dos mais relevantes congressos internacionais de gastronomia, realizado no Pa\u00eds Basco.<\/p>\n<p class=\"my-5 break-words group-[.isActiveSource]:text-xl\">Para a secret\u00e1ria de Turismo do Rio,\u00a0<strong class=\"group-[.isActiveSource]:text-xl group-[.isActiveSource]:font-bold\">Daniela Maia<\/strong>, o Madrid Fusi\u00f3n funciona como espa\u00e7o de legitima\u00e7\u00e3o. \u201cEstar no Madrid Fusi\u00f3n como cidade convidada significa\u00a0<strong class=\"group-[.isActiveSource]:text-xl group-[.isActiveSource]:font-bold\">colocar o Rio no centro das discuss\u00f5es globais sobre o futuro da gastronomia<\/strong>. \u00c9 uma oportunidade estrat\u00e9gica de mostrar ao mundo a for\u00e7a criativa dos nossos chefs, a riqueza dos nossos ingredientes e a singularidade da<strong class=\"group-[.isActiveSource]:text-xl group-[.isActiveSource]:font-bold\">\u00a0cultura carioca<\/strong>, refor\u00e7ando o Rio como um d<strong class=\"group-[.isActiveSource]:text-xl group-[.isActiveSource]:font-bold\">estino que vai muito al\u00e9m do sol e da praia\u201d<\/strong>, afirma. Segundo ela, \u201cao ocupar esse espa\u00e7o, fortalecemos a imagem da cidade, estimulamos a economia local, valorizamos nossas cadeias produtivas e geramos novas oportunidades para o turismo e para o setor gastron\u00f4mico\u201d.<\/p>\n<p>Fonte: CNN<\/p>\n<\/div>\n","protected":false},"excerpt":{"rendered":"<p>Rio entra no centro do debate global da gastronomia no Madrid Fusi\u00f3n Rio aposta na gastronomia como pol\u00edtica p\u00fablica e<\/p>\n","protected":false},"author":1,"featured_media":12486,"comment_status":"open","ping_status":"open","sticky":false,"template":"","format":"standard","meta":{"colormag_page_container_layout":"default_layout","colormag_page_sidebar_layout":"default_layout","footnotes":""},"categories":[97],"tags":[],"class_list":["post-12484","post","type-post","status-publish","format-standard","has-post-thumbnail","hentry","category-gastronomia"],"_links":{"self":[{"href":"http:\/\/metropoleemfoco.com.br\/index.php?rest_route=\/wp\/v2\/posts\/12484","targetHints":{"allow":["GET"]}}],"collection":[{"href":"http:\/\/metropoleemfoco.com.br\/index.php?rest_route=\/wp\/v2\/posts"}],"about":[{"href":"http:\/\/metropoleemfoco.com.br\/index.php?rest_route=\/wp\/v2\/types\/post"}],"author":[{"embeddable":true,"href":"http:\/\/metropoleemfoco.com.br\/index.php?rest_route=\/wp\/v2\/users\/1"}],"replies":[{"embeddable":true,"href":"http:\/\/metropoleemfoco.com.br\/index.php?rest_route=%2Fwp%2Fv2%2Fcomments&post=12484"}],"version-history":[{"count":1,"href":"http:\/\/metropoleemfoco.com.br\/index.php?rest_route=\/wp\/v2\/posts\/12484\/revisions"}],"predecessor-version":[{"id":12487,"href":"http:\/\/metropoleemfoco.com.br\/index.php?rest_route=\/wp\/v2\/posts\/12484\/revisions\/12487"}],"wp:featuredmedia":[{"embeddable":true,"href":"http:\/\/metropoleemfoco.com.br\/index.php?rest_route=\/wp\/v2\/media\/12486"}],"wp:attachment":[{"href":"http:\/\/metropoleemfoco.com.br\/index.php?rest_route=%2Fwp%2Fv2%2Fmedia&parent=12484"}],"wp:term":[{"taxonomy":"category","embeddable":true,"href":"http:\/\/metropoleemfoco.com.br\/index.php?rest_route=%2Fwp%2Fv2%2Fcategories&post=12484"},{"taxonomy":"post_tag","embeddable":true,"href":"http:\/\/metropoleemfoco.com.br\/index.php?rest_route=%2Fwp%2Fv2%2Ftags&post=12484"}],"curies":[{"name":"wp","href":"https:\/\/api.w.org\/{rel}","templated":true}]}}