{"id":12479,"date":"2026-01-29T13:01:56","date_gmt":"2026-01-29T16:01:56","guid":{"rendered":"https:\/\/metropoleemfoco.com.br\/?p=12479"},"modified":"2026-02-07T17:20:27","modified_gmt":"2026-02-07T20:20:27","slug":"caos-na-educacao","status":"publish","type":"post","link":"http:\/\/metropoleemfoco.com.br\/?p=12479","title":{"rendered":"CAOS NA EDUCA\u00c7\u00c3O"},"content":{"rendered":"<div class=\"code-block code-block-1\">\n<h1>CAOS NA EDUCA\u00c7\u00c3O: deputada S\u00e2mia Bomfim Denuncia Demiss\u00e3o de Milhares de Professores em S\u00e3o Paulo<\/h1>\n<\/div>\n<article id=\"post-57189\" class=\"post-57189 post type-post status-publish format-standard has-post-thumbnail hentry category-destaque category-educacao category-politica\">\n<header class=\"entry-header\">\n<div class=\"entry-meta\"><\/div>\n<\/header>\n<div class=\"single-feat clearfix\">\n<figure class=\"single-thumb single-thumb-full\"><img loading=\"lazy\" decoding=\"async\" class=\"attachment-full size-full wp-post-image\" src=\"https:\/\/grupoportaldenoticias.com.br\/wp-content\/uploads\/2026\/01\/SAMIA-BONFIM.png\" sizes=\"auto, (max-width: 479px) 100vw, 479px\" srcset=\"https:\/\/grupoportaldenoticias.com.br\/wp-content\/uploads\/2026\/01\/SAMIA-BONFIM.png 479w, https:\/\/grupoportaldenoticias.com.br\/wp-content\/uploads\/2026\/01\/SAMIA-BONFIM-292x365.png 292w\" alt=\"\" width=\"479\" height=\"598\" \/><\/figure>\n<\/div>\n<div class=\"entry-content\">\n<p><strong>Deputada federal acusa gest\u00e3o Tarc\u00edsio de Freitas e Renato Feder de promover \u201cdesmonte\u201d da rede estadual; cortes atingem professores categoria O e geram incerteza para o ano letivo de 2026.<\/strong><\/p>\n<p><strong>S\u00c3O PAULO<\/strong>\u00a0\u2013 A rede estadual de ensino de S\u00e3o Paulo, a maior do Brasil, atravessa um in\u00edcio de ano letivo marcado por protestos e instabilidade. A deputada federal\u00a0<strong>S\u00e2mia Bomfim (PSOL-SP)<\/strong>\u00a0utilizou suas redes sociais e a tribuna para denunciar o que chama de \u201cpol\u00edtica de terra arrasada\u201d: a demiss\u00e3o em massa de professores tempor\u00e1rios, os chamados\u00a0<strong>Categoria O<\/strong>, pela gest\u00e3o do governador\u00a0<strong>Tarc\u00edsio de Freitas<\/strong>\u00a0e de seu secret\u00e1rio de Educa\u00e7\u00e3o,\u00a0<strong>Renato Feder<\/strong>.<\/p>\n<h3 class=\"wp-block-heading\">O Desmonte em N\u00fameros<\/h3>\n<p>Segundo a parlamentar, a dispensa de dezenas de milhares de docentes compromete o funcionamento de escolas de norte a sul do estado. O governo estadual justifica as movimenta\u00e7\u00f5es como parte de uma \u201creorganiza\u00e7\u00e3o administrativa\u201d e foco na realiza\u00e7\u00e3o de novos concursos, mas para S\u00e2mia Bomfim, a realidade \u00e9 outra.<\/p>\n<blockquote class=\"wp-block-quote is-layout-flow wp-block-quote-is-layout-flow\"><p>\u201cTarc\u00edsio e Feder est\u00e3o destruindo a escola p\u00fablica paulista. Demitir milhares de professores de uma vez s\u00f3 n\u00e3o \u00e9 gest\u00e3o, \u00e9 crueldade com o profissional e com o aluno que fica sem aula\u201d, disparou a deputada.<\/p><\/blockquote>\n<h3 class=\"wp-block-heading\">Impacto nas Escolas: Salas Vazias e Incerteza<\/h3>\n<p>O cen\u00e1rio denunciado pela deputada reflete-se no cotidiano das unidades de ensino:<\/p>\n<ul class=\"wp-block-list\">\n<li><strong>Falta de Professores:<\/strong>\u00a0Disciplinas fundamentais seguem sem docentes atribu\u00eddos.<\/li>\n<li><strong>Sobrecarga:<\/strong>\u00a0Professores efetivos est\u00e3o sendo pressionados a assumir cargas hor\u00e1rias extenuantes para cobrir o v\u00e1cuo deixado pelos demitidos.<\/li>\n<li><strong>Precariza\u00e7\u00e3o:<\/strong>\u00a0A instabilidade dos contratos tempor\u00e1rios gera rotatividade, impedindo a cria\u00e7\u00e3o de v\u00ednculos pedag\u00f3gicos essenciais para o aprendizado.<\/li>\n<\/ul>\n<h3 class=\"wp-block-heading\">O \u201cFator Feder\u201d e a Tecnologia<\/h3>\n<p>A cr\u00edtica tamb\u00e9m recai sobre o secret\u00e1rio Renato Feder, cuja gest\u00e3o tem sido pautada pela digitaliza\u00e7\u00e3o extrema e pelo uso de aplicativos em sala de aula. S\u00e2mia Bomfim sustenta que o governo prioriza a compra de tecnologias e plataformas digitais em detrimento da valoriza\u00e7\u00e3o do capital humano. \u201cEst\u00e3o trocando professores por telas e algoritmos, enquanto os profissionais da educa\u00e7\u00e3o s\u00e3o jogados no olho da rua\u201d, afirmou.<\/p>\n<h3 class=\"wp-block-heading\">Rea\u00e7\u00e3o e Resist\u00eancia<\/h3>\n<p>A den\u00fancia de S\u00e2mia Bomfim ecoa nos sindicatos da categoria, como a\u00a0<strong>APEOESP<\/strong>, que j\u00e1 planeja uma s\u00e9rie de paralisa\u00e7\u00f5es e atos em frente \u00e0 Secretaria de Educa\u00e7\u00e3o e ao Pal\u00e1cio dos Bandeirantes. O objetivo \u00e9 pressionar o Judici\u00e1rio para barrar as demiss\u00f5es e exigir a prorroga\u00e7\u00e3o dos contratos at\u00e9 que concursos p\u00fablicos efetivos supram a demanda real da rede.<\/p>\n<hr class=\"wp-block-separator has-alpha-channel-opacity\" \/>\n<h3 class=\"wp-block-heading\">Radiografia da Crise na SEDUC-SP<\/h3>\n<figure class=\"wp-block-table\">\n<table class=\"has-fixed-layout\">\n<thead>\n<tr>\n<td><strong>Ponto de Conflito<\/strong><\/td>\n<td><strong>Argumento do Governo (Tarc\u00edsio\/Feder)<\/strong><\/td>\n<td><strong>Den\u00fancia (S\u00e2mia Bomfim\/Sindicatos)<\/strong><\/td>\n<\/tr>\n<\/thead>\n<tbody>\n<tr>\n<td><strong>Demiss\u00f5es Categoria O<\/strong><\/td>\n<td>Ajuste necess\u00e1rio e cumprimento de prazos legais.<\/td>\n<td>Demiss\u00e3o pol\u00edtica que gera desemprego e falta de aulas.<\/td>\n<\/tr>\n<tr>\n<td><strong>Modelo de Gest\u00e3o<\/strong><\/td>\n<td>Foco em resultados, tecnologia e metas digitais.<\/td>\n<td>Substitui\u00e7\u00e3o do saber pedag\u00f3gico por plataformas pagas.<\/td>\n<\/tr>\n<tr>\n<td><strong>Concurso P\u00fablico<\/strong><\/td>\n<td>Promessa de convoca\u00e7\u00e3o de novos efetivos.<\/td>\n<td>Lentid\u00e3o no processo e falta de profissionais para o imediato.<\/td>\n<\/tr>\n<tr>\n<td><strong>Situa\u00e7\u00e3o das Escolas<\/strong><\/td>\n<td>Rede segue operando dentro da normalidade.<\/td>\n<td>Caos instalado com atribui\u00e7\u00f5es de aula confusas.<\/td>\n<\/tr>\n<\/tbody>\n<\/table>\n<p>Fonte: Portal de Noticias<\/figure>\n<\/div>\n<\/article>\n","protected":false},"excerpt":{"rendered":"<p>CAOS NA EDUCA\u00c7\u00c3O: deputada S\u00e2mia Bomfim Denuncia Demiss\u00e3o de Milhares de Professores em S\u00e3o Paulo Deputada federal acusa gest\u00e3o Tarc\u00edsio<\/p>\n","protected":false},"author":1,"featured_media":12718,"comment_status":"open","ping_status":"open","sticky":false,"template":"","format":"standard","meta":{"colormag_page_container_layout":"default_layout","colormag_page_sidebar_layout":"default_layout","footnotes":""},"categories":[101],"tags":[],"class_list":["post-12479","post","type-post","status-publish","format-standard","has-post-thumbnail","hentry","category-educacao"],"_links":{"self":[{"href":"http:\/\/metropoleemfoco.com.br\/index.php?rest_route=\/wp\/v2\/posts\/12479","targetHints":{"allow":["GET"]}}],"collection":[{"href":"http:\/\/metropoleemfoco.com.br\/index.php?rest_route=\/wp\/v2\/posts"}],"about":[{"href":"http:\/\/metropoleemfoco.com.br\/index.php?rest_route=\/wp\/v2\/types\/post"}],"author":[{"embeddable":true,"href":"http:\/\/metropoleemfoco.com.br\/index.php?rest_route=\/wp\/v2\/users\/1"}],"replies":[{"embeddable":true,"href":"http:\/\/metropoleemfoco.com.br\/index.php?rest_route=%2Fwp%2Fv2%2Fcomments&post=12479"}],"version-history":[{"count":1,"href":"http:\/\/metropoleemfoco.com.br\/index.php?rest_route=\/wp\/v2\/posts\/12479\/revisions"}],"predecessor-version":[{"id":12483,"href":"http:\/\/metropoleemfoco.com.br\/index.php?rest_route=\/wp\/v2\/posts\/12479\/revisions\/12483"}],"wp:featuredmedia":[{"embeddable":true,"href":"http:\/\/metropoleemfoco.com.br\/index.php?rest_route=\/wp\/v2\/media\/12718"}],"wp:attachment":[{"href":"http:\/\/metropoleemfoco.com.br\/index.php?rest_route=%2Fwp%2Fv2%2Fmedia&parent=12479"}],"wp:term":[{"taxonomy":"category","embeddable":true,"href":"http:\/\/metropoleemfoco.com.br\/index.php?rest_route=%2Fwp%2Fv2%2Fcategories&post=12479"},{"taxonomy":"post_tag","embeddable":true,"href":"http:\/\/metropoleemfoco.com.br\/index.php?rest_route=%2Fwp%2Fv2%2Ftags&post=12479"}],"curies":[{"name":"wp","href":"https:\/\/api.w.org\/{rel}","templated":true}]}}