{"id":12478,"date":"2026-01-29T12:59:27","date_gmt":"2026-01-29T15:59:27","guid":{"rendered":"https:\/\/metropoleemfoco.com.br\/?p=12478"},"modified":"2026-01-29T12:59:27","modified_gmt":"2026-01-29T15:59:27","slug":"bem-estar","status":"publish","type":"post","link":"http:\/\/metropoleemfoco.com.br\/?p=12478","title":{"rendered":"Bem-Estar"},"content":{"rendered":"<div class=\"mc-article-header\">\n<div class=\"row content-head mc-column non-featured \">\n<div class=\"title\" data-block-type=\"title\" data-block-id=\"0\">\n<h1 class=\"content-head__title\">Bem-Estar #335: Canetas emagrecedoras paraguaias: o risco dos produtos falsificados para a sua sa\u00fade<\/h1>\n<\/div>\n<div class=\"medium-centered subtitle\">\n<h2 class=\"content-head__subtitle\">Em 2024, a Receita Federal apreendeu 2.500 unidades de canetas ilegais. No ano passado, foram 30 mil canetas emagrecedoras. Esses produtos podem causar efeitos colaterais extremamente severos e at\u00e9 levar os pacientes ao \u00f3bito.<\/h2>\n<\/div>\n<\/div>\n<div class=\"content__signa-share mc-column\">\n<div class=\"content__signature\">\n<div class=\"content-publication-data\">\n<div class=\"content-publication-data__text\">\n<p class=\"content-publication-data__from\" title=\"Bem-Estar\">Por Bem-Estar<\/p>\n<\/div>\n<\/div>\n<\/div>\n<\/div>\n<div class=\"glb-share-bar content__share-bar\">\n<div class=\"glb-share-bar_icons\">\n<div class=\"glb-share-bar_button-img\"><\/div>\n<div class=\"glb-share-bar_button-img\"><\/div>\n<\/div>\n<\/div>\n<\/div>\n<div class=\"mc-article-body\">\n<article>\n<div id=\"chunk-7c53j\">\n<div class=\"block-podcast\">\n<div class=\"mc-column content-media content-media--normal podcast-container\" data-block-type=\"multicontent-podcast\" data-block-id=\"1\"><iframe loading=\"lazy\" class=\"podcast-iframe audiopub-player\" src=\"https:\/\/s3.glbimg.com\/v1\/AUTH_14ce1dbebbe64b1e8e955809a085692d\/web-components\/teste-ab.html?url=aHR0cHM6Ly9zMy5nbGJpbWcuY29tL3YxL0FVVEhfMTRjZTFkYmViYmU2NGIxZThlOTU1ODA5YTA4NTY5MmQvd2ViLWNvbXBvbmVudHMvcGxheWVyLXdlYi1tdWx0aWNvbnRlbnQvcHJvZC93aWRnZXQuaHRtbD9wcm9kdWN0TmFtZT1nMSZwcm9kdWN0Q29sb3I9JTIzQzQxNzBDJmFydHdvcmtVUkw9aHR0cHMlM0ElMkYlMkZzMy5nbGJpbWcuY29tJTJGdjElMkZBVVRIXzU5ZWRkNDIyYzBjODRhODc5YmQzNzY3MGFlNGY1MzhhJTJGYXVkaW9wdWItcG9kY2FzdHMlMkZicyUyRjIwMjQlMkZ3JTJGQSUyRkVRQWJkNVFFbVB6SEhOWW9XajVBJTJGcG9kY2FzdC1iZW0tZXN0YXIuanBnJmF1ZGlvVVJMPWh0dHBzJTNBJTJGJTJGdHJhZmZpYy5vbW55LmZtJTJGZCUyRmNsaXBzJTJGNjUxYTI1MWUtMDZlMS00N2UwLTkzMzYtYWM1YTAwZjQxNjI4JTJGNGIzYjJhYjMtYjRjNS00ODQ1LWEzMzUtYWM2YTAxMWExNzk3JTJGMjM5ZTFhOWMtZDVhYi00ZTMwLTk1MGYtYjNlMDAwYmFkYjdjJTJGYXVkaW8ubXAzJmR1cmF0aW9uPTE5MzcuOTYmYXV0aG9yPUcxJmVwaXNvZGVUaXRsZT1DYW5ldGFzK2VtYWdyZWNlZG9yYXMrcGFyYWd1YWlhcyUzQStvK3Jpc2NvK2Rvcytwcm9kdXRvcytmYWxzaWZpY2Fkb3MrcGFyYSthK3N1YStzYSVDMyVCQWRlJnBvZGNhc3RUaXRsZT1CZW0tRXN0YXImcHVibGlzaGVkQXQ9MjAyNi0wMS0yOFQxMSUzQTIyJTNBMTFaJnNoYXJlVXJsPWh0dHBzJTNBJTJGJTJGZzEuZ2xvYm8uY29tJTJGYmVtZXN0YXIlMkZwb2RjYXN0&amp;channel=desktop\" width=\"320\" height=\"210\" frameborder=\"0\" scrolling=\"no\" data-mce-fragment=\"1\"><\/iframe><\/div>\n<\/div>\n<\/div>\n<div id=\"chunk-4ubnc\">\n<div class=\"mc-column mc-side-item__container\" data-block-type=\"ads\" data-block-id=\"3\">\n<div class=\"mc-side-item mc-side-item--right content-ads content-ads--side-ad\">\n<div id=\"banner_materia1\">\n<div id=\"google_ads_iframe_\/95377733\/tvg_G1\/Bem_Estar_1__container__\"><\/div>\n<\/div>\n<\/div>\n<\/div>\n<\/div>\n<div id=\"chunk-6jkcj\">\n<div class=\"mc-column content-text active-extra-styles \" data-block-type=\"unstyled\" data-block-weight=\"36\" data-block-id=\"2\">\n<p class=\" content-text__container \" data-track-category=\"Link no Texto\" data-track-links=\"\" data-mrf-recirculation=\"Mat\u00e9ria - Links no Texto\">Em novembro, a mineira Kellen Oliveira, de 42 anos, usou uma caneta emagrecedora do Paraguai vendida de forma ilegal e sem prescri\u00e7\u00e3o m\u00e9dica. Dias depois, passou a sentir fortes dores abdominais e precisou ser internada.<\/p>\n<\/div>\n<\/div>\n<div class=\"wall protected-content\">\n<div id=\"chunk-f9cod\">\n<div class=\"mc-column content-text active-extra-styles \" data-block-type=\"unstyled\" data-block-weight=\"42\" data-block-id=\"4\">\n<p class=\" content-text__container \" data-track-category=\"Link no Texto\" data-track-links=\"\" data-mrf-recirculation=\"Mat\u00e9ria - Links no Texto\">O quadro de Kellen foi piorando e os m\u00e9dicos diagnosticaram a s\u00edndrome de Guillain-Barr\u00e9, doen\u00e7a rara em que o sistema imunol\u00f3gico ataca os nervos perif\u00e9ricos, causando fraqueza muscular progressiva, dorm\u00eancia e formigamento. Kellen est\u00e1 internada at\u00e9 hoje na UTI em Belo Horizonte.<\/p>\n<\/div>\n<\/div>\n<div id=\"chunk-7cghp\">\n<div class=\"mc-column content-text active-extra-styles \" data-block-type=\"unstyled\" data-block-weight=\"26\" data-block-id=\"5\">\n<p class=\" content-text__container \" data-track-category=\"Link no Texto\" data-track-links=\"\" data-mrf-recirculation=\"Mat\u00e9ria - Links no Texto\">O caso dela chama aten\u00e7\u00e3o para o perigoso com\u00e9rcio de canetas emagrecedoras ilegais. Dados obtidos pelo Fant\u00e1stico, comprovam que esse mercado clandestino vem aumentando vertiginosamente.<\/p>\n<\/div>\n<\/div>\n<div id=\"chunk-c9ps4\">\n<div class=\"mc-column content-text active-extra-styles \" data-block-type=\"unstyled\" data-block-weight=\"20\" data-block-id=\"7\">\n<p class=\" content-text__container \" data-track-category=\"Link no Texto\" data-track-links=\"\" data-mrf-recirculation=\"Mat\u00e9ria - Links no Texto\">Em 2024, a Receita Federal apreendeu 2.500 unidades de canetas ilegais. No ano passado, foram 30 mil canetas emagrecedoras!<\/p>\n<\/div>\n<\/div>\n<div id=\"chunk-e0oqn\">\n<div class=\"mc-column content-text active-extra-styles \" data-block-type=\"unstyled\" data-block-weight=\"16\" data-block-id=\"8\">\n<p class=\" content-text__container \" data-track-category=\"Link no Texto\" data-track-links=\"\" data-mrf-recirculation=\"Mat\u00e9ria - Links no Texto\">Esses produtos podem causar efeitos colaterais extremamente severos e at\u00e9 levar os pacientes ao \u00f3bito.<\/p>\n<\/div>\n<\/div>\n<div id=\"chunk-61u9v\">\n<div class=\"mc-column content-text active-extra-styles \" data-block-type=\"unstyled\" data-block-weight=\"35\" data-block-id=\"9\">\n<p class=\" content-text__container \" data-track-category=\"Link no Texto\" data-track-links=\"\" data-mrf-recirculation=\"Mat\u00e9ria - Links no Texto\">\u00c9 sobre esse assunto que vamos conversar hoje com o Dr. Fabio Trujilho, diretor do departamento de obesidade da Sociedade Brasileira de Endocrinologia e Metabologia e presidente da ABESO, Associa\u00e7\u00e3o Brasileira de Estudos da Obesidade.<\/p>\n<\/div>\n<\/div>\n<div data-track-category=\"multicontent\" data-track-action=\"multicontent\" data-track-noninteraction=\"false\" data-track-scroll=\"ultimo chunk conteudo\" data-track-value=\"view\">\n<div id=\"chunk-3574n\">\n<div class=\"row medium-uncollapsed content-media content-photo\" data-block-type=\"backstage-photo\" data-block-id=\"10\">\n<div class=\" mc-column  content-media__container\">\n<div class=\"content-media-container glb-skeleton-box\">\n<figure class=\"content-media-figure\"><img decoding=\"async\" class=\"i-amphtml-fill-content i-amphtml-replaced-content\" src=\"https:\/\/s2-g1.glbimg.com\/lBTHuqm8l99VgOvEz3zu4Ighzjw=\/0x0:1424x801\/984x0\/smart\/filters:strip_icc()\/i.s3.glbimg.com\/v1\/AUTH_59edd422c0c84a879bd37670ae4f538a\/internal_photos\/bs\/2024\/1\/x\/wJsKAlTgqj53gnrITItQ\/captura-de-tela-2024-06-26-084704.png\" sizes=\"(max-width: 1366px) 648px, 100vw\" srcset=\"https:\/\/s2-g1.glbimg.com\/qKVT3QPe5BkLagk_HrouircGwk0=\/0x0:1424x801\/1000x0\/smart\/filters:strip_icc()\/i.s3.glbimg.com\/v1\/AUTH_59edd422c0c84a879bd37670ae4f538a\/internal_photos\/bs\/2024\/1\/x\/wJsKAlTgqj53gnrITItQ\/captura-de-tela-2024-06-26-084704.png 1000w, https:\/\/s2-g1.glbimg.com\/lBTHuqm8l99VgOvEz3zu4Ighzjw=\/0x0:1424x801\/984x0\/smart\/filters:strip_icc()\/i.s3.glbimg.com\/v1\/AUTH_59edd422c0c84a879bd37670ae4f538a\/internal_photos\/bs\/2024\/1\/x\/wJsKAlTgqj53gnrITItQ\/captura-de-tela-2024-06-26-084704.png 984w, https:\/\/s2-g1.glbimg.com\/MOnDS-H18Qcd7351WoB5It2QLfY=\/0x0:1424x801\/640x0\/smart\/filters:strip_icc()\/i.s3.glbimg.com\/v1\/AUTH_59edd422c0c84a879bd37670ae4f538a\/internal_photos\/bs\/2024\/1\/x\/wJsKAlTgqj53gnrITItQ\/captura-de-tela-2024-06-26-084704.png 640w, https:\/\/s2-g1.glbimg.com\/5zh3g8NgqknnuXSZ197cOV_IoDY=\/0x0:1424x801\/600x0\/smart\/filters:strip_icc()\/i.s3.glbimg.com\/v1\/AUTH_59edd422c0c84a879bd37670ae4f538a\/internal_photos\/bs\/2024\/1\/x\/wJsKAlTgqj53gnrITItQ\/captura-de-tela-2024-06-26-084704.png 600w\" alt=\"Logo do podcast Bem-Estar \u2014 Foto: Arte\/Bem Estar\" \/><\/figure>\n<\/div>\n<p class=\"content-media__description  \">Logo do podcast Bem-Estar \u2014 Foto: Arte\/Bem Estar<\/p>\n<\/div>\n<\/div>\n<\/div>\n<\/div>\n<\/div>\n<\/article>\n<div class=\"mc-column entities\">Fonte: G1<\/div>\n<\/div>\n","protected":false},"excerpt":{"rendered":"<p>Bem-Estar #335: Canetas emagrecedoras paraguaias: o risco dos produtos falsificados para a sua sa\u00fade Em 2024, a Receita Federal apreendeu<\/p>\n","protected":false},"author":1,"featured_media":12480,"comment_status":"open","ping_status":"open","sticky":false,"template":"","format":"standard","meta":{"colormag_page_container_layout":"default_layout","colormag_page_sidebar_layout":"default_layout","footnotes":""},"categories":[9],"tags":[],"class_list":["post-12478","post","type-post","status-publish","format-standard","has-post-thumbnail","hentry","category-saude"],"_links":{"self":[{"href":"http:\/\/metropoleemfoco.com.br\/index.php?rest_route=\/wp\/v2\/posts\/12478","targetHints":{"allow":["GET"]}}],"collection":[{"href":"http:\/\/metropoleemfoco.com.br\/index.php?rest_route=\/wp\/v2\/posts"}],"about":[{"href":"http:\/\/metropoleemfoco.com.br\/index.php?rest_route=\/wp\/v2\/types\/post"}],"author":[{"embeddable":true,"href":"http:\/\/metropoleemfoco.com.br\/index.php?rest_route=\/wp\/v2\/users\/1"}],"replies":[{"embeddable":true,"href":"http:\/\/metropoleemfoco.com.br\/index.php?rest_route=%2Fwp%2Fv2%2Fcomments&post=12478"}],"version-history":[{"count":1,"href":"http:\/\/metropoleemfoco.com.br\/index.php?rest_route=\/wp\/v2\/posts\/12478\/revisions"}],"predecessor-version":[{"id":12481,"href":"http:\/\/metropoleemfoco.com.br\/index.php?rest_route=\/wp\/v2\/posts\/12478\/revisions\/12481"}],"wp:featuredmedia":[{"embeddable":true,"href":"http:\/\/metropoleemfoco.com.br\/index.php?rest_route=\/wp\/v2\/media\/12480"}],"wp:attachment":[{"href":"http:\/\/metropoleemfoco.com.br\/index.php?rest_route=%2Fwp%2Fv2%2Fmedia&parent=12478"}],"wp:term":[{"taxonomy":"category","embeddable":true,"href":"http:\/\/metropoleemfoco.com.br\/index.php?rest_route=%2Fwp%2Fv2%2Fcategories&post=12478"},{"taxonomy":"post_tag","embeddable":true,"href":"http:\/\/metropoleemfoco.com.br\/index.php?rest_route=%2Fwp%2Fv2%2Ftags&post=12478"}],"curies":[{"name":"wp","href":"https:\/\/api.w.org\/{rel}","templated":true}]}}