{"id":12469,"date":"2026-01-29T12:58:05","date_gmt":"2026-01-29T15:58:05","guid":{"rendered":"https:\/\/metropoleemfoco.com.br\/?p=12469"},"modified":"2026-02-04T19:59:36","modified_gmt":"2026-02-04T22:59:36","slug":"paralimpico-no-antigo-clube-maxwell","status":"publish","type":"post","link":"http:\/\/metropoleemfoco.com.br\/?p=12469","title":{"rendered":"Paral\u00edmpico no antigo Clube Maxwell"},"content":{"rendered":"<header id=\"mvp-post-head\" class=\"left relative\">\n<h1 class=\"mvp-post-title left entry-title\">Rio de Janeiro ter\u00e1 seu primeiro Centro Estadual Paral\u00edmpico no antigo Clube Maxwell<\/h1>\n<p><span class=\"mvp-post-excerpt left\">Cria\u00e7\u00e3o do complexo vai revitalizar o antigo Esporte Clube Maxwell e transformar o espa\u00e7o em refer\u00eancia para o paradesporto e a inclus\u00e3o social no estado<\/span><\/p>\n<div id=\"mvp-leader-wrap\">\n<div class=\"ad-banner-rasgado ad-banner-bg ad-banner\">\n<div id=\"tupifm-publicidade-rasgado-1\" data-gpt-displayed=\"true\" data-google-query-id=\"CMjo_KOOsZIDFWk3uQYdeDcimg\">\n<div id=\"google_ads_iframe_\/23278930315\/radio_tupi-interna\/esportes_1__container__\"><\/div>\n<\/div>\n<\/div>\n<\/div>\n<div class=\"mvp-info\">\n<div class=\"mvp-author-info-wrap left relative\">\n<div class=\"mvp-author-info-text left relative\">\n<div class=\"mvp-author-info-name left relative 1\">\n<p>Por\u00a0 <span class=\"author-name vcard fn author\"><a href=\"https:\/\/www.tupi.fm\/autor\/enzoanselmo\/\">Enzo Anselmo<\/a><\/span><\/p>\n<\/div>\n<\/div>\n<\/div>\n<div class=\"mvp-share-info right relative\">\n<div><a title=\"Siga no Google Discovery\" href=\"https:\/\/profile.google.com\/cp\/CgwvZy8xMmhoaHNnc2o\" target=\"_blank\" rel=\"noopener\"><img loading=\"lazy\" decoding=\"async\" id=\"google-news-photo\" src=\"https:\/\/www.tupi.fm\/wp-content\/themes\/zox-news-child\/inc\/image\/logo-google-discovery.png\" alt=\"google-news-logo\" width=\"140\" height=\"24\" \/><\/a><\/div>\n<\/div>\n<\/div>\n<\/header>\n<div class=\"mvp-post-main-out left relative\">\n<div class=\"mvp-post-main-in\">\n<div id=\"mvp-post-content\" class=\"left relative\">\n<div id=\"mvp-post-feat-img\" class=\"left relative mvp-post-feat-img-wide2 teste3\"><img loading=\"lazy\" decoding=\"async\" class=\"attachment- size- wp-post-image\" title=\"Atletas paral\u00edmpicos\" src=\"https:\/\/www.tupi.fm\/wp-content\/uploads\/Atletas-paralimpicos.jpg\" sizes=\"auto, (max-width: 687px) 100vw, 687px\" srcset=\"https:\/\/www.tupi.fm\/wp-content\/uploads\/Atletas-paralimpicos.jpg 687w, https:\/\/www.tupi.fm\/wp-content\/uploads\/Atletas-paralimpicos-300x133.jpg 300w\" alt=\"Atletas paral\u00edmpicos\" width=\"687\" height=\"305\" \/><\/div>\n<p><span class=\"mvp-feat-caption\">Atletas paral\u00edmpicos (Foto:Reprodu\u00e7\u00e3o)<\/span><\/p>\n<div id=\"mvp-content-wrap\" class=\"left relative\">\n<div class=\"mvp-post-soc-out right relative\">\n<div class=\"mvp-post-soc-in\">\n<div id=\"mvp-content-body\" class=\"left relative\">\n<div id=\"mvp-content-body-top\" class=\"left relative\">\n<div id=\"mvp-content-main\" class=\"left relative\">\n<p>O governador Cl\u00e1udio Castro anunciou oficialmente a cria\u00e7\u00e3o do primeiro Centro Estadual Paral\u00edmpico do Rio de Janeiro.<\/p>\n<p>O complexo ser\u00e1 instalado na sede do antigo Esporte Clube Maxwell, em Vila Isabel, na Zona Norte da capital.<\/p>\n<p>A iniciativa \u00e9 fruto de um projeto conjunto dos deputados estaduais Alexandre Knoploch (PL) e Fred Pacheco (PMN) e tem como objetivo revitalizar o im\u00f3vel hist\u00f3rico, que estava fechado desde 2017.<\/p>\n<p>Ap\u00f3s reuni\u00e3o no Pal\u00e1cio Guanabara, o governador confirmou que o projeto entra imediatamente na fase de licita\u00e7\u00e3o para o in\u00edcio das obra<\/p>\n<div id=\"leia-mais\" class=\"leia-mais\">\n<p class=\"leia-mais-titulo\">Dona de casa morre v\u00edtima de bala perdida durante tiroteio em Bangu<\/p>\n<\/div>\n<p>A proposta \u00e9 transformar o espa\u00e7o, atualmente em estado de abandono, em um polo de refer\u00eancia para o esporte paral\u00edmpico e para a inclus\u00e3o social no estado.<\/p>\n<p>Durante o an\u00fancio, Castro ressaltou a import\u00e2ncia do investimento, destacando o desempenho dos atletas brasileiros \u2014 muitos deles do Rio de Janeiro \u2014 nos Jogos Parapan-Americanos de 2023, quando o pa\u00eds conquistou 343 medalhas.<\/p>\n<p>Fundado h\u00e1 77 anos, o Esporte Clube Maxwell teve papel relevante na hist\u00f3ria cultural e esportiva de Vila Isabel.<\/p>\n<p>O local tamb\u00e9m ficou marcado por ter sido sede de ensaios da Acad\u00eamicos do Salgueiro durante uma d\u00e9cada.<\/p>\n<p>O pr\u00e9dio pertence ao Rioprevid\u00eancia e \u00e9 tombado pelo Instituto Rio Patrim\u00f4nio da Humanidade (IRPH), o que refor\u00e7a o valor hist\u00f3rico do im\u00f3vel.<\/p>\n<p>A ocupa\u00e7\u00e3o do espa\u00e7o pela Secretaria de Estado de Pol\u00edticas Inclusivas encerra um longo per\u00edodo de degrada\u00e7\u00e3o e disputas judiciais envolvendo o im\u00f3vel.<\/p>\n<p>Para os parlamentares autores da proposta, a cria\u00e7\u00e3o do Centro Estadual Paral\u00edmpico representa n\u00e3o apenas a recupera\u00e7\u00e3o de um patrim\u00f4nio hist\u00f3rico, mas tamb\u00e9m um marco definitivo para o fortalecimento do paradesporto fluminense.<\/p>\n<p>Fonte: Tupi. FM<\/p>\n<\/div>\n<\/div>\n<\/div>\n<\/div>\n<\/div>\n<\/div>\n<\/div>\n<\/div>\n<\/div>\n","protected":false},"excerpt":{"rendered":"<p>Rio de Janeiro ter\u00e1 seu primeiro Centro Estadual Paral\u00edmpico no antigo Clube Maxwell Cria\u00e7\u00e3o do complexo vai revitalizar o antigo<\/p>\n","protected":false},"author":1,"featured_media":12613,"comment_status":"open","ping_status":"open","sticky":false,"template":"","format":"standard","meta":{"colormag_page_container_layout":"default_layout","colormag_page_sidebar_layout":"default_layout","footnotes":""},"categories":[95],"tags":[],"class_list":["post-12469","post","type-post","status-publish","format-standard","has-post-thumbnail","hentry","category-paralimpicos"],"_links":{"self":[{"href":"http:\/\/metropoleemfoco.com.br\/index.php?rest_route=\/wp\/v2\/posts\/12469","targetHints":{"allow":["GET"]}}],"collection":[{"href":"http:\/\/metropoleemfoco.com.br\/index.php?rest_route=\/wp\/v2\/posts"}],"about":[{"href":"http:\/\/metropoleemfoco.com.br\/index.php?rest_route=\/wp\/v2\/types\/post"}],"author":[{"embeddable":true,"href":"http:\/\/metropoleemfoco.com.br\/index.php?rest_route=\/wp\/v2\/users\/1"}],"replies":[{"embeddable":true,"href":"http:\/\/metropoleemfoco.com.br\/index.php?rest_route=%2Fwp%2Fv2%2Fcomments&post=12469"}],"version-history":[{"count":1,"href":"http:\/\/metropoleemfoco.com.br\/index.php?rest_route=\/wp\/v2\/posts\/12469\/revisions"}],"predecessor-version":[{"id":12477,"href":"http:\/\/metropoleemfoco.com.br\/index.php?rest_route=\/wp\/v2\/posts\/12469\/revisions\/12477"}],"wp:featuredmedia":[{"embeddable":true,"href":"http:\/\/metropoleemfoco.com.br\/index.php?rest_route=\/wp\/v2\/media\/12613"}],"wp:attachment":[{"href":"http:\/\/metropoleemfoco.com.br\/index.php?rest_route=%2Fwp%2Fv2%2Fmedia&parent=12469"}],"wp:term":[{"taxonomy":"category","embeddable":true,"href":"http:\/\/metropoleemfoco.com.br\/index.php?rest_route=%2Fwp%2Fv2%2Fcategories&post=12469"},{"taxonomy":"post_tag","embeddable":true,"href":"http:\/\/metropoleemfoco.com.br\/index.php?rest_route=%2Fwp%2Fv2%2Ftags&post=12469"}],"curies":[{"name":"wp","href":"https:\/\/api.w.org\/{rel}","templated":true}]}}