{"id":12468,"date":"2026-01-29T12:55:35","date_gmt":"2026-01-29T15:55:35","guid":{"rendered":"https:\/\/metropoleemfoco.com.br\/?p=12468"},"modified":"2026-01-29T12:55:35","modified_gmt":"2026-01-29T15:55:35","slug":"copa-brasil-de-volei","status":"publish","type":"post","link":"http:\/\/metropoleemfoco.com.br\/?p=12468","title":{"rendered":"Copa Brasil de v\u00f4lei"},"content":{"rendered":"<div class=\"mc-article-header\">\n<div class=\"row content-head mc-column non-featured \">\n<div class=\"title\" data-block-type=\"title\" data-block-id=\"0\">\n<h1 class=\"content-head__title\">Copa Brasil de v\u00f4lei 2026: veja confrontos das semifinais no masculino<\/h1>\n<\/div>\n<div class=\"medium-centered subtitle\">\n<h2 class=\"content-head__subtitle\">Fase final ser\u00e1 no gin\u00e1sio Moring\u00e3o, em Londrina, no Paran\u00e1. Semifinais est\u00e3o marcadas entre os dias 7 e 8 de mar\u00e7o<\/h2>\n<\/div>\n<\/div>\n<div class=\"content__signa-share mc-column\">\n<div class=\"content__signature\">\n<div class=\"content-publication-data\">\n<div class=\"content-publication-data__text\">\n<p class=\"content-publication-data__from\" title=\"Reda\u00e7\u00e3o do ge\">Por Reda\u00e7\u00e3o do ge\u00a0\u2014 Uberl\u00e2ndia, MG<\/p>\n<\/div>\n<\/div>\n<\/div>\n<\/div>\n<div class=\"glb-share-bar content__share-bar\">\n<div class=\"glb-share-bar_icons\">\n<div class=\"glb-share-bar_button-img\"><\/div>\n<div class=\"glb-share-bar_button-img\"><\/div>\n<\/div>\n<\/div>\n<hr class=\"content__divider \" \/>\n<\/div>\n<div class=\"mc-article-body\">\n<article>\n<div id=\"chunk-ec7dh\">\n<div class=\"cxm-block-video content-media mc-column \" data-block-type=\"backstage-video\" data-block-id=\"1\">\n<div class=\"cxm-block-video__container \">\n<div class=\"cxm-block-video__player-fixer\">\n<article class=\"cxm-block-video__player-wrapper\">\n<section class=\"cxm-block-video__player\">\n<div class=\"cxm-block-video__placeholder\" data-video-id=\"14296705\"><img decoding=\"async\" class=\"cxm-block-video__thumb\" title=\"Minas 2 x 3 Goi\u00e1s | Melhores momentos | Quartas de final | Copa Brasil de v\u00f4lei 2026\" src=\"https:\/\/s02.video.glbimg.com\/x240\/14296705.jpg\" alt=\"Minas 2 x 3 Goi\u00e1s | Melhores momentos | Quartas de final | Copa Brasil de v\u00f4lei 2026\" \/><\/div>\n<\/section>\n<\/article>\n<\/div>\n<div class=\"cxm-block-video__caption-container\">\n<p class=\"codex-caption codex-caption--small\">Minas 2 x 3 Goi\u00e1s | Melhores momentos | Quartas de final | Copa Brasil de v\u00f4lei 2026<\/p>\n<\/div>\n<\/div>\n<\/div>\n<\/div>\n<div id=\"chunk-36phm\">\n<div class=\"mc-column content-text active-extra-styles \" data-block-type=\"unstyled\" data-block-weight=\"54\" data-block-id=\"2\">\n<p class=\" content-text__container \" data-track-category=\"Link no Texto\" data-track-links=\"\" data-mrf-recirculation=\"Artigo - Link no Texto\">As quatro equipes semifinalistas da Copa Brasil masculina de v\u00f4lei . O primeiro time a se garantir na semi foi o<strong>\u00a0Praia Clube<\/strong>\u00a0e, na pr\u00f3xima fase, vai encarar<strong>\u00a0o Cruzeiro<\/strong>\u00a0que venceu nesta quarta-feira. O\u00a0<strong>Campinas enfrenta o Goi\u00e1s,<\/strong>\u00a0que fez hist\u00f3ria ao vencer o Minas nesta quarta-feira pelas quartas de final.<\/p>\n<\/div>\n<\/div>\n<div class=\"wall protected-content\">\n<div id=\"chunk-6j34a\">\n<div class=\"mc-column content-text active-extra-styles \" data-block-type=\"unstyled\" data-block-weight=\"28\" data-block-id=\"4\">\n<p class=\" content-text__container \" data-track-category=\"Link no Texto\" data-track-links=\"\" data-mrf-recirculation=\"Artigo - Link no Texto\">O torneio re\u00fane os oito primeiros colocados do primeiro turno da Superliga. As etapas finais ser\u00e3o no gin\u00e1sio Moring\u00e3o, em Londrina, no Paran\u00e1, tamb\u00e9m com jogo \u00fanico.<\/p>\n<\/div>\n<\/div>\n<div id=\"chunk-e6cat\">\n<div class=\"mc-column content-text active-extra-styles \" data-block-type=\"unstyled\" data-block-weight=\"41\" data-block-id=\"5\">\n<p class=\" content-text__container \" data-track-category=\"Link no Texto\" data-track-links=\"\" data-mrf-recirculation=\"Artigo - Link no Texto\">As semifinais est\u00e3o marcadas para serem realizadas entre os dias 7 e 8 de fevereiro. O campe\u00e3o da Copa Brasil garante vaga na Supercopa 2026 e no Sul-Americano de Clubes 2027. O hor\u00e1rio ainda ser\u00e1 divulgado pela Confedera\u00e7\u00e3o Brasileira de v\u00f4lei.<\/p>\n<\/div>\n<\/div>\n<div id=\"chunk-4bl0k\">\n<div class=\"row medium-uncollapsed content-media content-photo\" data-block-type=\"backstage-photo\" data-block-id=\"7\">\n<div class=\" mc-column  content-media__container\">\n<div class=\"content-media-container glb-skeleton-box\">\n<figure class=\"content-media-figure\"><img decoding=\"async\" class=\"i-amphtml-fill-content i-amphtml-replaced-content\" src=\"https:\/\/s2-ge.glbimg.com\/po4bs0Xhpwp3hNgDXoui2ju9UOk=\/0x457:1362x1694\/984x0\/smart\/filters:strip_icc()\/i.s3.glbimg.com\/v1\/AUTH_bc8228b6673f488aa253bbcb03c80ec5\/internal_photos\/bs\/2026\/Q\/S\/AshbUfQGaGmikuIonWTA\/55066543939-a9cf3546f2-k.jpg\" sizes=\"(max-width: 1366px) 648px, 100vw\" srcset=\"https:\/\/s2-ge.glbimg.com\/kTEoV3HjYRTuWqz2PAPEj7Il-RI=\/0x457:1362x1694\/1000x0\/smart\/filters:strip_icc()\/i.s3.glbimg.com\/v1\/AUTH_bc8228b6673f488aa253bbcb03c80ec5\/internal_photos\/bs\/2026\/Q\/S\/AshbUfQGaGmikuIonWTA\/55066543939-a9cf3546f2-k.jpg 1000w, https:\/\/s2-ge.glbimg.com\/po4bs0Xhpwp3hNgDXoui2ju9UOk=\/0x457:1362x1694\/984x0\/smart\/filters:strip_icc()\/i.s3.glbimg.com\/v1\/AUTH_bc8228b6673f488aa253bbcb03c80ec5\/internal_photos\/bs\/2026\/Q\/S\/AshbUfQGaGmikuIonWTA\/55066543939-a9cf3546f2-k.jpg 984w, https:\/\/s2-ge.glbimg.com\/jq2xuhMw101H_rilJj1a-pucmYE=\/0x457:1362x1694\/640x0\/smart\/filters:strip_icc()\/i.s3.glbimg.com\/v1\/AUTH_bc8228b6673f488aa253bbcb03c80ec5\/internal_photos\/bs\/2026\/Q\/S\/AshbUfQGaGmikuIonWTA\/55066543939-a9cf3546f2-k.jpg 640w, https:\/\/s2-ge.glbimg.com\/Sp6ZeXZHkgj2-eUjokAeih8NqMU=\/0x457:1362x1694\/600x0\/smart\/filters:strip_icc()\/i.s3.glbimg.com\/v1\/AUTH_bc8228b6673f488aa253bbcb03c80ec5\/internal_photos\/bs\/2026\/Q\/S\/AshbUfQGaGmikuIonWTA\/55066543939-a9cf3546f2-k.jpg 600w\" alt=\"Cruzeiro vence Guarulhos e busca mais um t\u00edtulo da Copa Brasil \u2014 Foto: Ag\u00eancia i7\/Sada Cruzeiro\" \/><\/figure>\n<\/div>\n<p class=\"content-media__description  \">Cruzeiro vence Guarulhos e busca mais um t\u00edtulo da Copa Brasil \u2014 Foto: Ag\u00eancia i7\/Sada Cruzeiro<\/p>\n<\/div>\n<\/div>\n<\/div>\n<div id=\"chunk-e1cdp\">\n<div class=\"mc-column content-text active-extra-styles\" data-block-type=\"raw\" data-block-weight=\"4\" data-block-id=\"8\">\n<div class=\"content-intertitle\">\n<h2>Praia Clube x Cruzeiro<\/h2>\n<\/div>\n<\/div>\n<\/div>\n<div id=\"chunk-51p77\">\n<div class=\"mc-column content-text active-extra-styles \" data-block-type=\"unstyled\" data-block-weight=\"41\" data-block-id=\"9\">\n<p class=\" content-text__container \" data-track-category=\"Link no Texto\" data-track-links=\"\" data-mrf-recirculation=\"Artigo - Link no Texto\">Primeira equipe a se garantir semifinalista da Copa Brasil,\u00a0<a class=\"\" href=\"https:\/\/ge.globo.com\/mg\/triangulo-mineiro\/volei\/noticia\/2026\/01\/26\/praia-clube-vence-suzano-e-e-primeiro-time-na-semifinal-da-copa-brasil-de-volei-masculino.ghtml\" data-mrf-link=\"https:\/\/ge.globo.com\/mg\/triangulo-mineiro\/volei\/noticia\/2026\/01\/26\/praia-clube-vence-suzano-e-e-primeiro-time-na-semifinal-da-copa-brasil-de-volei-masculino.ghtml\">o time mineiro superou o Suzano<\/a>\u00a0na segunda-feira, com placar de 3 sets a 1 no gin\u00e1sio do Uberl\u00e2ndia T\u00eanis Clube, em Uberl\u00e2ndia. As parciais foram de 25\/20, 25\/22, 20\/25 e 25\/20.<\/p>\n<\/div>\n<\/div>\n<div id=\"chunk-c9gm5\">\n<div class=\"cxm-block-video content-media mc-column \" data-block-type=\"backstage-video\" data-block-id=\"10\">\n<div class=\"cxm-block-video__container \">\n<div class=\"cxm-block-video__player-fixer\">\n<article class=\"cxm-block-video__player-wrapper\">\n<section class=\"cxm-block-video__player\">\n<div class=\"cxm-block-video__placeholder\" data-video-id=\"14289454\"><img decoding=\"async\" class=\"cxm-block-video__thumb\" title=\"Praia Clube 3 x 1 Suzano | Melhores Momentos | Copa Brasil de V\u00f4lei 2026\" src=\"https:\/\/s03.video.glbimg.com\/x240\/14289454.jpg\" alt=\"Praia Clube 3 x 1 Suzano | Melhores Momentos | Copa Brasil de V\u00f4lei 2026\" \/><\/div>\n<\/section>\n<\/article>\n<\/div>\n<div class=\"cxm-block-video__caption-container\">\n<p class=\"codex-caption codex-caption--small\">Praia Clube 3 x 1 Suzano | Melhores Momentos | Copa Brasil de V\u00f4lei 2026<\/p>\n<\/div>\n<\/div>\n<\/div>\n<\/div>\n<div id=\"chunk-1577p\">\n<div class=\"mc-column content-text active-extra-styles \" data-block-type=\"unstyled\" data-block-weight=\"46\" data-block-id=\"12\">\n<p class=\" content-text__container \" data-track-category=\"Link no Texto\" data-track-links=\"\" data-mrf-recirculation=\"Artigo - Link no Texto\">O Cruzeiro fez um jogo duro com Guarulhos no gin\u00e1sio do Riacho, em Contagem, mas\u00a0<a class=\"\" href=\"https:\/\/ge.globo.com\/mg\/zona-da-mata-centro-oeste\/volei\/noticia\/2026\/01\/28\/cruzeiro-vence-guarulhos-e-enfrenta-praia-clube-na-semifinal-da-copa-brasil-masculina.ghtml\" data-mrf-link=\"https:\/\/ge.globo.com\/mg\/zona-da-mata-centro-oeste\/volei\/noticia\/2026\/01\/28\/cruzeiro-vence-guarulhos-e-enfrenta-praia-clube-na-semifinal-da-copa-brasil-masculina.ghtml\">venceu por 3 sets a 0<\/a> e se garantiu na semifinal da Copa Brasil de v\u00f4lei. O time celeste venceu por 3 sets a 0, parciais de 25\/19, 29\/27 e 25\/19.<\/p>\n<\/div>\n<\/div>\n<div id=\"chunk-c5o5g\">\n<div class=\"mc-column content-text active-extra-styles\" data-block-type=\"raw\" data-block-weight=\"3\" data-block-id=\"13\">\n<div class=\"content-intertitle\">\n<h2>Campinas x Goi\u00e1s<\/h2>\n<\/div>\n<\/div>\n<\/div>\n<div id=\"chunk-813ks\">\n<div class=\"mc-column content-text active-extra-styles \" data-block-type=\"unstyled\" data-block-weight=\"49\" data-block-id=\"14\">\n<p class=\" content-text__container \" data-track-category=\"Link no Texto\" data-track-links=\"\" data-mrf-recirculation=\"Artigo - Link no Texto\">O Campinas conquistou a classifica\u00e7\u00e3o para a semifinal ao vencer o Sesi-Bauru de virada na ter\u00e7a-feira, no Gin\u00e1sio do Taquaral. O time da casa\u00a0<a class=\"\" href=\"https:\/\/ge.globo.com\/sp\/campinas-e-regiao\/volei\/noticia\/2026\/01\/27\/bruninho-da-show-nos-aces-e-campinas-vai-a-semi-da-copa-brasil-com-virada-sobre-o-sesi.ghtml\" data-mrf-link=\"https:\/\/ge.globo.com\/sp\/campinas-e-regiao\/volei\/noticia\/2026\/01\/27\/bruninho-da-show-nos-aces-e-campinas-vai-a-semi-da-copa-brasil-com-virada-sobre-o-sesi.ghtml\">venceu por 3 sets a 1<\/a>, com parciais de 21\/25, 25\/16, 28\/26 e 27\/25 e um show do levantador Bruninho, eleito o melhor em quadra.<\/p>\n<\/div>\n<\/div>\n<div id=\"chunk-68hsn\">\n<div class=\"cxm-block-video content-media mc-column \" data-block-type=\"backstage-video\" data-block-id=\"15\">\n<div class=\"cxm-block-video__container \">\n<div class=\"cxm-block-video__player-fixer\">\n<article class=\"cxm-block-video__player-wrapper\">\n<section class=\"cxm-block-video__player\">\n<div class=\"cxm-block-video__placeholder\" data-video-id=\"14292952\"><img decoding=\"async\" class=\"cxm-block-video__thumb\" title=\"Campinas 3 x 1 Sesi-Bauru | Melhores Momentos | Copa Brasil de V\u00f4lei 2026\" src=\"https:\/\/s01.video.glbimg.com\/x240\/14292952.jpg\" alt=\"Campinas 3 x 1 Sesi-Bauru | Melhores Momentos | Copa Brasil de V\u00f4lei 2026\" \/><\/div>\n<\/section>\n<\/article>\n<\/div>\n<div class=\"cxm-block-video__caption-container\">\n<p class=\"codex-caption codex-caption--small\">Campinas 3 x 1 Sesi-Bauru | Melhores Momentos | Copa Brasil de V\u00f4lei 2026<\/p>\n<\/div>\n<\/div>\n<\/div>\n<\/div>\n<div id=\"chunk-fnhbh\">\n<div class=\"mc-column content-text active-extra-styles \" data-block-type=\"unstyled\" data-block-weight=\"59\" data-block-id=\"16\">\n<p class=\" content-text__container \" data-track-category=\"Link no Texto\" data-track-links=\"\" data-mrf-recirculation=\"Artigo - Link no Texto\">O Goi\u00e1s fez hist\u00f3ria na Copa Brasil masculina de v\u00f4lei. Estreante na competi\u00e7\u00e3o nacional, a equipe Esmeraldina venceu o atual campe\u00e3o Minas por 3 sets a 2 e se garantiu na semifinal da competi\u00e7\u00e3o. Na Arena UniBH, em Belo Horizonte, a equipe goiana venceu a partida das quartas de final com parciais de 23\/25, 26\/24, 19\/25, 25\/17 e 13\/15.<\/p>\n<\/div>\n<\/div>\n<div data-track-category=\"multicontent\" data-track-action=\"multicontent\" data-track-noninteraction=\"false\" data-track-scroll=\"ultimo chunk conteudo\" data-track-value=\"view\" data-mrf-recirculation=\"Artigo - Multicontent\">\n<div id=\"chunk-1hubo\">\n<div class=\"row medium-uncollapsed content-media content-photo\" data-block-type=\"backstage-photo\" data-block-id=\"18\">\n<div class=\" mc-column  content-media__container\">\n<div class=\"content-media-container glb-skeleton-box\">\n<figure class=\"content-media-figure\"><img decoding=\"async\" class=\"i-amphtml-fill-content i-amphtml-replaced-content\" src=\"https:\/\/s2-ge.glbimg.com\/uGifXpFGdHdC7Vacx-OiHMtEI-I=\/0x0:2048x1365\/984x0\/smart\/filters:strip_icc()\/i.s3.glbimg.com\/v1\/AUTH_bc8228b6673f488aa253bbcb03c80ec5\/internal_photos\/bs\/2026\/v\/g\/KFnjT6Szy5Wxr9Au6bAA\/55065230867-91c1ddac7d-k.jpg\" sizes=\"(max-width: 1366px) 648px, 100vw\" srcset=\"https:\/\/s2-ge.glbimg.com\/SkpPNxe0vhvpwFrqZX-6Nc6D7Io=\/0x0:2048x1365\/1000x0\/smart\/filters:strip_icc()\/i.s3.glbimg.com\/v1\/AUTH_bc8228b6673f488aa253bbcb03c80ec5\/internal_photos\/bs\/2026\/v\/g\/KFnjT6Szy5Wxr9Au6bAA\/55065230867-91c1ddac7d-k.jpg 1000w, https:\/\/s2-ge.glbimg.com\/uGifXpFGdHdC7Vacx-OiHMtEI-I=\/0x0:2048x1365\/984x0\/smart\/filters:strip_icc()\/i.s3.glbimg.com\/v1\/AUTH_bc8228b6673f488aa253bbcb03c80ec5\/internal_photos\/bs\/2026\/v\/g\/KFnjT6Szy5Wxr9Au6bAA\/55065230867-91c1ddac7d-k.jpg 984w, https:\/\/s2-ge.glbimg.com\/AVvpOB4n09XL-FDYfK3-PqgR_pY=\/0x0:2048x1365\/640x0\/smart\/filters:strip_icc()\/i.s3.glbimg.com\/v1\/AUTH_bc8228b6673f488aa253bbcb03c80ec5\/internal_photos\/bs\/2026\/v\/g\/KFnjT6Szy5Wxr9Au6bAA\/55065230867-91c1ddac7d-k.jpg 640w, https:\/\/s2-ge.glbimg.com\/8GlitRrECDXvgauGNAhp2C6zcTs=\/0x0:2048x1365\/600x0\/smart\/filters:strip_icc()\/i.s3.glbimg.com\/v1\/AUTH_bc8228b6673f488aa253bbcb03c80ec5\/internal_photos\/bs\/2026\/v\/g\/KFnjT6Szy5Wxr9Au6bAA\/55065230867-91c1ddac7d-k.jpg 600w\" alt=\"Minas, Goi\u00e1s, Copa Brasil de v\u00f4lei 2026 \u2014 Foto: Hedgard Moraes\/Minas T\u00eanis Clube\" \/><\/figure>\n<\/div>\n<p class=\"content-media__description  \">Minas, Goi\u00e1s, Copa Brasil de v\u00f4lei 2026 \u2014 Foto: Hedgard Moraes\/Minas T\u00eanis Clube<\/p>\n<p>Fonte: Ge<\/p>\n<\/div>\n<\/div>\n<\/div>\n<\/div>\n<\/div>\n<\/article>\n<\/div>\n","protected":false},"excerpt":{"rendered":"<p>Copa Brasil de v\u00f4lei 2026: veja confrontos das semifinais no masculino Fase final ser\u00e1 no gin\u00e1sio Moring\u00e3o, em Londrina, no<\/p>\n","protected":false},"author":1,"featured_media":12474,"comment_status":"open","ping_status":"open","sticky":false,"template":"","format":"standard","meta":{"colormag_page_container_layout":"default_layout","colormag_page_sidebar_layout":"default_layout","footnotes":""},"categories":[93],"tags":[],"class_list":["post-12468","post","type-post","status-publish","format-standard","has-post-thumbnail","hentry","category-volei"],"_links":{"self":[{"href":"http:\/\/metropoleemfoco.com.br\/index.php?rest_route=\/wp\/v2\/posts\/12468","targetHints":{"allow":["GET"]}}],"collection":[{"href":"http:\/\/metropoleemfoco.com.br\/index.php?rest_route=\/wp\/v2\/posts"}],"about":[{"href":"http:\/\/metropoleemfoco.com.br\/index.php?rest_route=\/wp\/v2\/types\/post"}],"author":[{"embeddable":true,"href":"http:\/\/metropoleemfoco.com.br\/index.php?rest_route=\/wp\/v2\/users\/1"}],"replies":[{"embeddable":true,"href":"http:\/\/metropoleemfoco.com.br\/index.php?rest_route=%2Fwp%2Fv2%2Fcomments&post=12468"}],"version-history":[{"count":1,"href":"http:\/\/metropoleemfoco.com.br\/index.php?rest_route=\/wp\/v2\/posts\/12468\/revisions"}],"predecessor-version":[{"id":12475,"href":"http:\/\/metropoleemfoco.com.br\/index.php?rest_route=\/wp\/v2\/posts\/12468\/revisions\/12475"}],"wp:featuredmedia":[{"embeddable":true,"href":"http:\/\/metropoleemfoco.com.br\/index.php?rest_route=\/wp\/v2\/media\/12474"}],"wp:attachment":[{"href":"http:\/\/metropoleemfoco.com.br\/index.php?rest_route=%2Fwp%2Fv2%2Fmedia&parent=12468"}],"wp:term":[{"taxonomy":"category","embeddable":true,"href":"http:\/\/metropoleemfoco.com.br\/index.php?rest_route=%2Fwp%2Fv2%2Fcategories&post=12468"},{"taxonomy":"post_tag","embeddable":true,"href":"http:\/\/metropoleemfoco.com.br\/index.php?rest_route=%2Fwp%2Fv2%2Ftags&post=12468"}],"curies":[{"name":"wp","href":"https:\/\/api.w.org\/{rel}","templated":true}]}}