{"id":12467,"date":"2026-01-29T12:53:58","date_gmt":"2026-01-29T15:53:58","guid":{"rendered":"https:\/\/metropoleemfoco.com.br\/?p=12467"},"modified":"2026-01-29T12:53:58","modified_gmt":"2026-01-29T15:53:58","slug":"federacao-piauiense","status":"publish","type":"post","link":"http:\/\/metropoleemfoco.com.br\/?p=12467","title":{"rendered":"Federa\u00e7\u00e3o Piauiense"},"content":{"rendered":"<div class=\"mc-article-header\">\n<div class=\"row content-head mc-column non-featured \">\n<div class=\"title\" data-block-type=\"title\" data-block-id=\"0\">\n<h1 class=\"content-head__title\">Federa\u00e7\u00e3o Piauiense de Basquete define calend\u00e1rio de competi\u00e7\u00f5es para 2026; confira<\/h1>\n<\/div>\n<div class=\"medium-centered subtitle\">\n<h2 class=\"content-head__subtitle\">Al\u00e9m de torneios, programa\u00e7\u00e3o da FPB tamb\u00e9m prev\u00ea realiza de cursos de capacita\u00e7\u00e3o voltados para a modalidade; veja cronograma completo<\/h2>\n<\/div>\n<\/div>\n<div class=\"content__signa-share mc-column\">\n<div class=\"content__signature\">\n<div class=\"content-publication-data\">\n<div class=\"content-publication-data__text\">\n<p class=\"content-publication-data__from\" title=\"Reda\u00e7\u00e3o do ge\">Por Reda\u00e7\u00e3o do ge\u00a0\u2014 Teresina<\/p>\n<\/div>\n<\/div>\n<\/div>\n<\/div>\n<div class=\"glb-share-bar content__share-bar\">\n<div class=\"glb-share-bar_icons\">\n<div class=\"glb-share-bar_button-img\"><\/div>\n<div class=\"glb-share-bar_button-img\"><\/div>\n<\/div>\n<\/div>\n<hr class=\"content__divider \" \/>\n<\/div>\n<div class=\"mc-article-body\">\n<article>\n<div id=\"chunk-3kl5d\">\n<div class=\"cxm-block-video content-media mc-column \" data-block-type=\"backstage-video\" data-block-id=\"1\">\n<div class=\"cxm-block-video__container \">\n<div class=\"cxm-block-video__player-fixer\">\n<article class=\"cxm-block-video__player-wrapper\">\n<section class=\"cxm-block-video__player\">\n<div class=\"cxm-block-video__placeholder\" data-video-id=\"14157016\"><img decoding=\"async\" class=\"cxm-block-video__thumb\" title=\"Jogador Polon\u00eas refor\u00e7a time de basquete do River-PI\" src=\"https:\/\/s01.video.glbimg.com\/x240\/14157016.jpg\" alt=\"Jogador Polon\u00eas refor\u00e7a time de basquete do River-PI\" \/><\/div>\n<\/section>\n<\/article>\n<\/div>\n<div class=\"cxm-block-video__caption-container\">\n<p class=\"codex-caption codex-caption--small\">Jogador Polon\u00eas refor\u00e7a time de basquete do River-PI<\/p>\n<\/div>\n<\/div>\n<\/div>\n<\/div>\n<div id=\"chunk-52r3f\">\n<div class=\"mc-column content-text active-extra-styles \" data-block-type=\"unstyled\" data-block-weight=\"67\" data-block-id=\"2\">\n<p class=\" content-text__container \" data-track-category=\"Link no Texto\" data-track-links=\"\" data-mrf-recirculation=\"Artigo - Link no Texto\">A Federa\u00e7\u00e3o Piauiense de Basquete (FPB) anunciou as datas do calend\u00e1rio de competi\u00e7\u00f5es de 2026 no basquete 3&#215;3 e 5&#215;5. A entidade realizou uma reuni\u00e3o com os representantes dos clubes e gestores da FPB para definir o cronograma desta temporada.\u00a0<a class=\"\" href=\"https:\/\/ge.globo.com\/pi\/noticia\/2026\/01\/20\/basquete-3x3-veja-calendario-de-competicoes-para-2026.ghtml\" data-mrf-link=\"https:\/\/ge.globo.com\/pi\/noticia\/2026\/01\/20\/basquete-3x3-veja-calendario-de-competicoes-para-2026.ghtml\"><strong>Alguns dias depois, a FPB divulgou os meses da programa\u00e7\u00e3o do basquete 3&#215;3<\/strong><\/a>\u00a0e posteriormente, divulgou a programa\u00e7\u00e3o detalhada para torneios em 2026, no estado.\u00a0<strong>Confira abaixo.<\/strong><\/p>\n<\/div>\n<\/div>\n<div class=\"wall protected-content\">\n<div id=\"chunk-86j4l\">\n<div class=\"row medium-uncollapsed content-media content-photo\" data-block-type=\"backstage-photo\" data-block-id=\"4\">\n<div class=\" mc-column  content-media__container\">\n<div class=\"content-media-container glb-skeleton-box\">\n<figure class=\"content-media-figure\"><img decoding=\"async\" class=\"i-amphtml-fill-content i-amphtml-replaced-content\" src=\"https:\/\/s2-ge.glbimg.com\/_tTRyEEtGWa4mvN7t6AQC7QEd1o=\/0x0:4160x2765\/984x0\/smart\/filters:strip_icc()\/i.s3.glbimg.com\/v1\/AUTH_bc8228b6673f488aa253bbcb03c80ec5\/internal_photos\/bs\/2025\/z\/A\/EAARONT9GNYNEeNUqfBg\/whatsapp-image-2025-11-11-at-14.12.28.jpeg\" sizes=\"(max-width: 1366px) 648px, 100vw\" srcset=\"https:\/\/s2-ge.glbimg.com\/5-QT7CF9jDJjskJi0ky8lNFMg3Y=\/0x0:4160x2765\/1000x0\/smart\/filters:strip_icc()\/i.s3.glbimg.com\/v1\/AUTH_bc8228b6673f488aa253bbcb03c80ec5\/internal_photos\/bs\/2025\/z\/A\/EAARONT9GNYNEeNUqfBg\/whatsapp-image-2025-11-11-at-14.12.28.jpeg 1000w, https:\/\/s2-ge.glbimg.com\/_tTRyEEtGWa4mvN7t6AQC7QEd1o=\/0x0:4160x2765\/984x0\/smart\/filters:strip_icc()\/i.s3.glbimg.com\/v1\/AUTH_bc8228b6673f488aa253bbcb03c80ec5\/internal_photos\/bs\/2025\/z\/A\/EAARONT9GNYNEeNUqfBg\/whatsapp-image-2025-11-11-at-14.12.28.jpeg 984w, https:\/\/s2-ge.glbimg.com\/C3NH5umIOm4m7wTHSDLAZw6o-Lo=\/0x0:4160x2765\/640x0\/smart\/filters:strip_icc()\/i.s3.glbimg.com\/v1\/AUTH_bc8228b6673f488aa253bbcb03c80ec5\/internal_photos\/bs\/2025\/z\/A\/EAARONT9GNYNEeNUqfBg\/whatsapp-image-2025-11-11-at-14.12.28.jpeg 640w, https:\/\/s2-ge.glbimg.com\/nU-M7B5ytdPTg96ECfu61eO3k6s=\/0x0:4160x2765\/600x0\/smart\/filters:strip_icc()\/i.s3.glbimg.com\/v1\/AUTH_bc8228b6673f488aa253bbcb03c80ec5\/internal_photos\/bs\/2025\/z\/A\/EAARONT9GNYNEeNUqfBg\/whatsapp-image-2025-11-11-at-14.12.28.jpeg 600w\" alt=\"Equipe de basquete do River-PI \u2014 Foto: Carlos Estevam\" \/><\/figure>\n<\/div>\n<p class=\"content-media__description  \">Equipe de basquete do River-PI \u2014 Foto: Carlos Estevam<\/p>\n<\/div>\n<\/div>\n<\/div>\n<div id=\"chunk-1jgkb\">\n<div class=\"mc-column content-text active-extra-styles\" data-block-type=\"raw\" data-block-weight=\"10\" data-block-id=\"6\">\n<div class=\"content-intertitle\">\n<h2>Calend\u00e1rio e competi\u00e7\u00f5es do Basquete 3&#215;3 e 5&#215;5 em 2026<\/h2>\n<\/div>\n<\/div>\n<\/div>\n<div id=\"chunk-1jas3\">\n<div class=\"mc-column content-text active-extra-styles \" data-block-type=\"unstyled\" data-block-weight=\"1\" data-block-id=\"7\">\n<p class=\" content-text__container \" data-track-category=\"Link no Texto\" data-track-links=\"\" data-mrf-recirculation=\"Artigo - Link no Texto\"><strong>3&#215;3<\/strong><\/p>\n<\/div>\n<\/div>\n<div id=\"chunk-6nd2r\">\n<div class=\"mc-column content-text active-extra-styles\" data-block-type=\"raw\" data-block-weight=\"52\" data-block-id=\"8\">\n<ul class=\"content-unordered-list\" data-mrf-recirculation=\"Artigo - Mais Mat\u00e9rias\">\n<li><strong>Seletiva Adulto Regional Nordeste\u00a0<\/strong>&#8211; Mar\u00e7o;<\/li>\n<li><strong>Seletiva Sub-18 Regional Nordeste<\/strong>\u00a0&#8211; Abril;<\/li>\n<li><strong>Seletiva Sub 23 Regional Nordeste\u00a0<\/strong>&#8211; Maio;<\/li>\n<li><strong>3&#215;3 Exibi\u00e7\u00e3o\u00a0<\/strong>\u2013 Altos (Maio);<\/li>\n<li><strong>Copa SESC 3X3\u00a0<\/strong>&#8211; Agosto;<\/li>\n<li><strong>Copa Teresina 1\u00b0 Etapa\u00a0<\/strong>&#8211; Setembro;<\/li>\n<li><strong>Copa Teresina 2\u00b0 Etapa\u00a0<\/strong>&#8211; Outubro;<\/li>\n<li><strong>Copa Teresina 3\u00b0 Etapa\u00a0<\/strong>&#8211; Novembro;<\/li>\n<li><strong>Copa Delta\u00a0<\/strong>\u2013 Parnaiba (Dezembro).<\/li>\n<\/ul>\n<\/div>\n<\/div>\n<div id=\"chunk-apl5j\">\n<div class=\"mc-column content-text active-extra-styles \" data-block-type=\"unstyled\" data-block-weight=\"1\" data-block-id=\"9\">\n<p class=\" content-text__container \" data-track-category=\"Link no Texto\" data-track-links=\"\" data-mrf-recirculation=\"Artigo - Link no Texto\"><strong>5&#215;5<\/strong><\/p>\n<\/div>\n<\/div>\n<div id=\"chunk-756c7\">\n<div class=\"mc-column content-text active-extra-styles\" data-block-type=\"raw\" data-block-weight=\"37\" data-block-id=\"10\">\n<ul class=\"content-unordered-list\" data-mrf-recirculation=\"Artigo - Mais Mat\u00e9rias\">\n<li><strong>Sub-22 FPB e curso de capacita\u00e7\u00e3o<\/strong>\u00a0&#8211; Mar\u00e7o;<\/li>\n<li><strong>Adulto FPB<\/strong>\u00a0&#8211; Abril, Maio e Junho;<\/li>\n<li><strong>Aberto SEMEL\/FPB<\/strong>\u00a0&#8211; Julho;<\/li>\n<li><strong>Aberto SEMEL\/FPB Sub 17<\/strong>\u00a0&#8211; Agosto;<\/li>\n<li><strong>Sub 15 FPB<\/strong>\u00a0&#8211; Setembro;<\/li>\n<li><strong>Sub 13 FPB<\/strong>\u00a0&#8211; Outubro e Novembro.<\/li>\n<\/ul>\n<\/div>\n<\/div>\n<div id=\"chunk-a24t4\">\n<div class=\"row medium-uncollapsed content-media content-photo\" data-block-type=\"backstage-photo\" data-block-id=\"11\">\n<div class=\" mc-column  content-media__container\">\n<div class=\"content-media-container glb-skeleton-box\">\n<figure class=\"content-media-figure\"><img decoding=\"async\" class=\"i-amphtml-fill-content i-amphtml-replaced-content\" src=\"https:\/\/s2-ge.glbimg.com\/sOjMgftrSBtm8_e6lXUhJsUikNA=\/0x0:976x867\/984x0\/smart\/filters:strip_icc()\/i.s3.glbimg.com\/v1\/AUTH_bc8228b6673f488aa253bbcb03c80ec5\/internal_photos\/bs\/2026\/T\/o\/ixELMkQaKAPzybPv5YUg\/screenshot-2.png\" sizes=\"(max-width: 1366px) 648px, 100vw\" srcset=\"https:\/\/s2-ge.glbimg.com\/8nhP6AvhyeRQk3uxYsPOzRq0HV4=\/0x0:976x867\/1000x0\/smart\/filters:strip_icc()\/i.s3.glbimg.com\/v1\/AUTH_bc8228b6673f488aa253bbcb03c80ec5\/internal_photos\/bs\/2026\/T\/o\/ixELMkQaKAPzybPv5YUg\/screenshot-2.png 1000w, https:\/\/s2-ge.glbimg.com\/sOjMgftrSBtm8_e6lXUhJsUikNA=\/0x0:976x867\/984x0\/smart\/filters:strip_icc()\/i.s3.glbimg.com\/v1\/AUTH_bc8228b6673f488aa253bbcb03c80ec5\/internal_photos\/bs\/2026\/T\/o\/ixELMkQaKAPzybPv5YUg\/screenshot-2.png 984w, https:\/\/s2-ge.glbimg.com\/4CXjVOti4tT9f9jVaDo_q7uG1Kc=\/0x0:976x867\/640x0\/smart\/filters:strip_icc()\/i.s3.glbimg.com\/v1\/AUTH_bc8228b6673f488aa253bbcb03c80ec5\/internal_photos\/bs\/2026\/T\/o\/ixELMkQaKAPzybPv5YUg\/screenshot-2.png 640w, https:\/\/s2-ge.glbimg.com\/LQF381g9g6SXppSirOK7_klhFMI=\/0x0:976x867\/600x0\/smart\/filters:strip_icc()\/i.s3.glbimg.com\/v1\/AUTH_bc8228b6673f488aa253bbcb03c80ec5\/internal_photos\/bs\/2026\/T\/o\/ixELMkQaKAPzybPv5YUg\/screenshot-2.png 600w\" alt=\"Calend\u00e1rio da Federa\u00e7\u00e3o Piauiense de Basquete \u2014 Foto: FPB\" \/><\/figure>\n<\/div>\n<p class=\"content-media__description  \">Calend\u00e1rio da Federa\u00e7\u00e3o Piauiense de Basquete \u2014 Foto: FPB<\/p>\n<\/div>\n<\/div>\n<\/div>\n<div id=\"chunk-ebfi0\">\n<div class=\"mc-column content-text active-extra-styles \" data-block-type=\"unstyled\" data-block-weight=\"56\" data-block-id=\"13\">\n<p class=\" content-text__container \" data-track-category=\"Link no Texto\" data-track-links=\"\" data-mrf-recirculation=\"Artigo - Link no Texto\">A reuni\u00e3o para defini\u00e7\u00e3o do calend\u00e1rio contou com a presen\u00e7a do presidente da FPB, Cl\u00e1udio Melo Piazzarolo, acompanhado do diretor t\u00e9cnico Jairseles Lu\u00eds. O secret\u00e1rio da Secretaria de Esportes e Lazer de Teresina (Semel) tamb\u00e9m participou do encontro. Al\u00e9m dos torneios, a Federa\u00e7\u00e3o tamb\u00e9m promover\u00e1 cursos e a\u00e7\u00f5es de apoio ao desenvolvimento da modalidade no Piau\u00ed.<\/p>\n<\/div>\n<\/div>\n<div id=\"chunk-8va1t\">\n<div class=\"row medium-uncollapsed content-media content-photo\" data-block-type=\"backstage-photo\" data-block-id=\"14\">\n<div class=\" mc-column  content-media__container\">\n<div class=\"content-media-container glb-skeleton-box\">\n<figure class=\"content-media-figure\"><img decoding=\"async\" class=\"i-amphtml-fill-content i-amphtml-replaced-content\" src=\"https:\/\/s2-ge.glbimg.com\/iKfaRQEzvHDz1WQmXbzdaFlY1To=\/0x0:1080x836\/984x0\/smart\/filters:strip_icc()\/i.s3.glbimg.com\/v1\/AUTH_bc8228b6673f488aa253bbcb03c80ec5\/internal_photos\/bs\/2026\/3\/2\/C3VDUhSA28umRhpVa29w\/reuniao-fpb.jpg\" sizes=\"(max-width: 1366px) 648px, 100vw\" srcset=\"https:\/\/s2-ge.glbimg.com\/WkwrWMUIz02p-2uYj_PAwcl8ZwI=\/0x0:1080x836\/1000x0\/smart\/filters:strip_icc()\/i.s3.glbimg.com\/v1\/AUTH_bc8228b6673f488aa253bbcb03c80ec5\/internal_photos\/bs\/2026\/3\/2\/C3VDUhSA28umRhpVa29w\/reuniao-fpb.jpg 1000w, https:\/\/s2-ge.glbimg.com\/iKfaRQEzvHDz1WQmXbzdaFlY1To=\/0x0:1080x836\/984x0\/smart\/filters:strip_icc()\/i.s3.glbimg.com\/v1\/AUTH_bc8228b6673f488aa253bbcb03c80ec5\/internal_photos\/bs\/2026\/3\/2\/C3VDUhSA28umRhpVa29w\/reuniao-fpb.jpg 984w, https:\/\/s2-ge.glbimg.com\/OFFOdFme91L_8tOHg4AzN-dhcPY=\/0x0:1080x836\/640x0\/smart\/filters:strip_icc()\/i.s3.glbimg.com\/v1\/AUTH_bc8228b6673f488aa253bbcb03c80ec5\/internal_photos\/bs\/2026\/3\/2\/C3VDUhSA28umRhpVa29w\/reuniao-fpb.jpg 640w, https:\/\/s2-ge.glbimg.com\/9U_WZHveq48LB9FODBYvR-JVytI=\/0x0:1080x836\/600x0\/smart\/filters:strip_icc()\/i.s3.glbimg.com\/v1\/AUTH_bc8228b6673f488aa253bbcb03c80ec5\/internal_photos\/bs\/2026\/3\/2\/C3VDUhSA28umRhpVa29w\/reuniao-fpb.jpg 600w\" alt=\"Reuni\u00e3o da Federa\u00e7\u00e3o Piauiense de Basquete \u2014 Foto: Reprodu\u00e7\u00e3o\" \/><\/figure>\n<\/div>\n<p class=\"content-media__description  \">Reuni\u00e3o da Federa\u00e7\u00e3o Piauiense de Basquete \u2014 Foto: Reprodu\u00e7\u00e3o<\/p>\n<\/div>\n<\/div>\n<\/div>\n<div id=\"chunk-d3iv3\">\n<div class=\"mc-column content-text active-extra-styles \" data-block-type=\"unstyled\" data-block-weight=\"55\" data-block-id=\"15\">\n<p class=\" content-text__container \" data-track-category=\"Link no Texto\" data-track-links=\"\" data-mrf-recirculation=\"Artigo - Link no Texto\">O seletivo adulto regional Nordeste, marcado para o m\u00eas de mar\u00e7o, ser\u00e1 o primeiro evento da FPB na temporada. Em abril, haver\u00e1 a seletiva para o sub-18 regional; logo em seguida, o JET&#8217;s (Jogos das Escolas Municipais de Teresina) e o JEB&#8217;s (Jogos Escolares Brasileiros), que ocorrer\u00e3o em Bras\u00edlia entre os dias 11 e 18.<\/p>\n<\/div>\n<\/div>\n<div id=\"chunk-8pe8\">\n<div class=\"mc-column content-text active-extra-styles \" data-block-type=\"unstyled\" data-block-weight=\"74\" data-block-id=\"18\">\n<p class=\" content-text__container \" data-track-category=\"Link no Texto\" data-track-links=\"\" data-mrf-recirculation=\"Artigo - Link no Texto\">Durante o ano, seis competi\u00e7\u00f5es ser\u00e3o organizadas pela pr\u00f3pria Federa\u00e7\u00e3o de Basquete do Piau\u00ed (FPB), como as categorias sub-14, sub-16, sub-18, sub-20, sub-22 e adulto, assim como os torneios da Copa SESC e as tr\u00eas etapas da Copa Teresina de Basquete. Al\u00e9m das categorias escolares e dos campeonatos 40+ e 45+, haver\u00e1 a modalidade 3&#215;3, em parceria com a FIBA (Federa\u00e7\u00e3o Internacional de Basketball Amador), para que as equipes busquem vagas em maiores competi\u00e7\u00f5es.<\/p>\n<\/div>\n<\/div>\n<div id=\"chunk-cbcrt\">\n<div class=\"row medium-uncollapsed content-media content-photo\" data-block-type=\"backstage-photo\" data-block-id=\"19\">\n<div class=\" mc-column  content-media__container\">\n<div class=\"content-media-container glb-skeleton-box\">\n<figure class=\"content-media-figure\"><img decoding=\"async\" class=\"i-amphtml-fill-content i-amphtml-replaced-content\" src=\"https:\/\/s2-ge.glbimg.com\/k4ty1sYdtPaqG1MnsJGHaNv5Y2k=\/0x0:1080x699\/984x0\/smart\/filters:strip_icc()\/i.s3.glbimg.com\/v1\/AUTH_bc8228b6673f488aa253bbcb03c80ec5\/internal_photos\/bs\/2025\/2\/V\/xYKaoCR0ClBJiifGdvKg\/saveclip.app-584982862-18537033814001608-7578334862897972764-n.jpg\" sizes=\"(max-width: 1366px) 648px, 100vw\" srcset=\"https:\/\/s2-ge.glbimg.com\/_DtvjCt4ezQrcXKBreMMQULgJa4=\/0x0:1080x699\/1000x0\/smart\/filters:strip_icc()\/i.s3.glbimg.com\/v1\/AUTH_bc8228b6673f488aa253bbcb03c80ec5\/internal_photos\/bs\/2025\/2\/V\/xYKaoCR0ClBJiifGdvKg\/saveclip.app-584982862-18537033814001608-7578334862897972764-n.jpg 1000w, https:\/\/s2-ge.glbimg.com\/k4ty1sYdtPaqG1MnsJGHaNv5Y2k=\/0x0:1080x699\/984x0\/smart\/filters:strip_icc()\/i.s3.glbimg.com\/v1\/AUTH_bc8228b6673f488aa253bbcb03c80ec5\/internal_photos\/bs\/2025\/2\/V\/xYKaoCR0ClBJiifGdvKg\/saveclip.app-584982862-18537033814001608-7578334862897972764-n.jpg 984w, https:\/\/s2-ge.glbimg.com\/2aCICSzIlYCJx41Vd_oB5v2uPHc=\/0x0:1080x699\/640x0\/smart\/filters:strip_icc()\/i.s3.glbimg.com\/v1\/AUTH_bc8228b6673f488aa253bbcb03c80ec5\/internal_photos\/bs\/2025\/2\/V\/xYKaoCR0ClBJiifGdvKg\/saveclip.app-584982862-18537033814001608-7578334862897972764-n.jpg 640w, https:\/\/s2-ge.glbimg.com\/u8aezLEZXFY8S0_-xo_sjVvWSak=\/0x0:1080x699\/600x0\/smart\/filters:strip_icc()\/i.s3.glbimg.com\/v1\/AUTH_bc8228b6673f488aa253bbcb03c80ec5\/internal_photos\/bs\/2025\/2\/V\/xYKaoCR0ClBJiifGdvKg\/saveclip.app-584982862-18537033814001608-7578334862897972764-n.jpg 600w\" alt=\"River-PI campe\u00e3o da Copa Teresina de Basquete 3x3 Sub-21 \u2014 Foto: Reprodu\u00e7\u00e3o\" \/><\/figure>\n<\/div>\n<p class=\"content-media__description  \">River-PI campe\u00e3o da Copa Teresina de Basquete 3&#215;3 Sub-21 \u2014 Foto: Reprodu\u00e7\u00e3o<\/p>\n<\/div>\n<\/div>\n<\/div>\n<div id=\"chunk-69l3j\">\n<div class=\"mc-column content-text active-extra-styles \" data-block-type=\"unstyled\" data-block-weight=\"79\" data-block-id=\"20\">\n<p class=\" content-text__container \" data-track-category=\"Link no Texto\" data-track-links=\"\" data-mrf-recirculation=\"Artigo - Link no Texto\">O calend\u00e1rio de competi\u00e7\u00f5es em 2025 foi encerrado com a primeira etapa sub-21 e a segunda etapa adulto da Copa Teresina de Basquete 3&#215;3. As partidas ocorreram no Gin\u00e1sio Pato Preto, localizado no bairro Mocambinho, em Teresina &#8211; 14 times participaram da competi\u00e7\u00e3o na categoria masculina. O River-PI ergueu o trof\u00e9u de campe\u00e3o masculino na primeira etapa sub-21, e na grande final da segunda etapa adulto, o Galo venceu a equipe da UNIFSA, pelo placar de 11 a 9.<\/p>\n<\/div>\n<\/div>\n<div id=\"chunk-dphfs\">\n<div class=\"row medium-uncollapsed content-media content-photo\" data-block-type=\"backstage-photo\" data-block-id=\"22\">\n<div class=\" mc-column  content-media__container\">\n<div class=\"content-media-container glb-skeleton-box\">\n<figure class=\"content-media-figure\"><img decoding=\"async\" class=\"i-amphtml-fill-content i-amphtml-replaced-content\" src=\"https:\/\/s2-ge.glbimg.com\/pdX4CWVT3fzLAhq6TlLhNf_sp9E=\/0x0:1080x720\/984x0\/smart\/filters:strip_icc()\/i.s3.glbimg.com\/v1\/AUTH_bc8228b6673f488aa253bbcb03c80ec5\/internal_photos\/bs\/2026\/1\/0\/oVICg6TD6AVIzZAvNf9w\/saveclip.app-587707829-17993339897884227-33554024765214262-n.jpg\" sizes=\"(max-width: 1366px) 648px, 100vw\" srcset=\"https:\/\/s2-ge.glbimg.com\/k9iNs5tDAbK2JPED3sMRSpVyzBc=\/0x0:1080x720\/1000x0\/smart\/filters:strip_icc()\/i.s3.glbimg.com\/v1\/AUTH_bc8228b6673f488aa253bbcb03c80ec5\/internal_photos\/bs\/2026\/1\/0\/oVICg6TD6AVIzZAvNf9w\/saveclip.app-587707829-17993339897884227-33554024765214262-n.jpg 1000w, https:\/\/s2-ge.glbimg.com\/pdX4CWVT3fzLAhq6TlLhNf_sp9E=\/0x0:1080x720\/984x0\/smart\/filters:strip_icc()\/i.s3.glbimg.com\/v1\/AUTH_bc8228b6673f488aa253bbcb03c80ec5\/internal_photos\/bs\/2026\/1\/0\/oVICg6TD6AVIzZAvNf9w\/saveclip.app-587707829-17993339897884227-33554024765214262-n.jpg 984w, https:\/\/s2-ge.glbimg.com\/Px8CwruX5t-1FWOxwwM5QLHwrhU=\/0x0:1080x720\/640x0\/smart\/filters:strip_icc()\/i.s3.glbimg.com\/v1\/AUTH_bc8228b6673f488aa253bbcb03c80ec5\/internal_photos\/bs\/2026\/1\/0\/oVICg6TD6AVIzZAvNf9w\/saveclip.app-587707829-17993339897884227-33554024765214262-n.jpg 640w, https:\/\/s2-ge.glbimg.com\/INvzejGIA6Kz9V-5Xsz5a8mA1Zc=\/0x0:1080x720\/600x0\/smart\/filters:strip_icc()\/i.s3.glbimg.com\/v1\/AUTH_bc8228b6673f488aa253bbcb03c80ec5\/internal_photos\/bs\/2026\/1\/0\/oVICg6TD6AVIzZAvNf9w\/saveclip.app-587707829-17993339897884227-33554024765214262-n.jpg 600w\" alt=\"Delta Basquete campe\u00e3 na Copa Teresina de Basquete 3x3 2026 \u2014 Foto: Reprodu\u00e7\u00e3o\" \/><\/figure>\n<\/div>\n<p class=\"content-media__description  \">Delta Basquete campe\u00e3 na Copa Teresina de Basquete 3&#215;3 2026 \u2014 Foto: Reprodu\u00e7\u00e3o<\/p>\n<\/div>\n<\/div>\n<\/div>\n<div data-track-category=\"multicontent\" data-track-action=\"multicontent\" data-track-noninteraction=\"false\" data-track-scroll=\"ultimo chunk conteudo\" data-track-value=\"view\" data-mrf-recirculation=\"Artigo - Multicontent\">\n<div id=\"chunk-680rv\">\n<div class=\"mc-column content-text active-extra-styles \" data-block-type=\"unstyled\" data-block-weight=\"38\" data-block-id=\"23\">\n<p class=\" content-text__container \" data-track-category=\"Link no Texto\" data-track-links=\"\" data-mrf-recirculation=\"Artigo - Link no Texto\">A campe\u00e3 feminina na Copa Teresina de Basquete 3&#215;3 foi a equipe Delta 1, vencendo a Delta J\u00fanior na final da primeira etapa sub-21 da competi\u00e7\u00e3o. Na segunda etapa, as meninas da equipe Delta venceram a Delta rosa.<\/p>\n<\/div>\n<\/div>\n<\/div>\n<\/div>\n<\/article>\n<div class=\"mc-column entities\">Fonte: Ge<\/div>\n<\/div>\n","protected":false},"excerpt":{"rendered":"<p>Federa\u00e7\u00e3o Piauiense de Basquete define calend\u00e1rio de competi\u00e7\u00f5es para 2026; confira Al\u00e9m de torneios, programa\u00e7\u00e3o da FPB tamb\u00e9m prev\u00ea realiza<\/p>\n","protected":false},"author":1,"featured_media":12472,"comment_status":"open","ping_status":"open","sticky":false,"template":"","format":"standard","meta":{"colormag_page_container_layout":"default_layout","colormag_page_sidebar_layout":"default_layout","footnotes":""},"categories":[94],"tags":[],"class_list":["post-12467","post","type-post","status-publish","format-standard","has-post-thumbnail","hentry","category-basquete"],"_links":{"self":[{"href":"http:\/\/metropoleemfoco.com.br\/index.php?rest_route=\/wp\/v2\/posts\/12467","targetHints":{"allow":["GET"]}}],"collection":[{"href":"http:\/\/metropoleemfoco.com.br\/index.php?rest_route=\/wp\/v2\/posts"}],"about":[{"href":"http:\/\/metropoleemfoco.com.br\/index.php?rest_route=\/wp\/v2\/types\/post"}],"author":[{"embeddable":true,"href":"http:\/\/metropoleemfoco.com.br\/index.php?rest_route=\/wp\/v2\/users\/1"}],"replies":[{"embeddable":true,"href":"http:\/\/metropoleemfoco.com.br\/index.php?rest_route=%2Fwp%2Fv2%2Fcomments&post=12467"}],"version-history":[{"count":1,"href":"http:\/\/metropoleemfoco.com.br\/index.php?rest_route=\/wp\/v2\/posts\/12467\/revisions"}],"predecessor-version":[{"id":12473,"href":"http:\/\/metropoleemfoco.com.br\/index.php?rest_route=\/wp\/v2\/posts\/12467\/revisions\/12473"}],"wp:featuredmedia":[{"embeddable":true,"href":"http:\/\/metropoleemfoco.com.br\/index.php?rest_route=\/wp\/v2\/media\/12472"}],"wp:attachment":[{"href":"http:\/\/metropoleemfoco.com.br\/index.php?rest_route=%2Fwp%2Fv2%2Fmedia&parent=12467"}],"wp:term":[{"taxonomy":"category","embeddable":true,"href":"http:\/\/metropoleemfoco.com.br\/index.php?rest_route=%2Fwp%2Fv2%2Fcategories&post=12467"},{"taxonomy":"post_tag","embeddable":true,"href":"http:\/\/metropoleemfoco.com.br\/index.php?rest_route=%2Fwp%2Fv2%2Ftags&post=12467"}],"curies":[{"name":"wp","href":"https:\/\/api.w.org\/{rel}","templated":true}]}}