{"id":12466,"date":"2026-01-29T12:52:15","date_gmt":"2026-01-29T15:52:15","guid":{"rendered":"https:\/\/metropoleemfoco.com.br\/?p=12466"},"modified":"2026-01-29T12:52:15","modified_gmt":"2026-01-29T15:52:15","slug":"contratacao-de-paqueta","status":"publish","type":"post","link":"http:\/\/metropoleemfoco.com.br\/?p=12466","title":{"rendered":"Contrata\u00e7\u00e3o de Paquet\u00e1"},"content":{"rendered":"<div class=\"mc-article-header\">\n<div class=\"row content-head mc-column non-featured \">\n<div class=\"title\" data-block-type=\"title\" data-block-id=\"0\">\n<h1 class=\"content-head__title\">Contrata\u00e7\u00e3o de Paquet\u00e1 ultrapassa Gerson e se torna a mais cara da hist\u00f3ria do futebol brasileiro<\/h1>\n<\/div>\n<div class=\"medium-centered subtitle\">\n<h2 class=\"content-head__subtitle\">Investimento do Flamengo de mais de R$ 250 milh\u00f5es para tirar o meia do West Ham \u00e9 o maior j\u00e1 registrado no pa\u00eds. Rubro-Negro tem quatro das 10 maiores compras de todos os tempos no Brasil<\/h2>\n<\/div>\n<\/div>\n<div class=\"content__signa-share mc-column\">\n<div class=\"content__signature\">\n<div class=\"content-publication-data\">\n<div class=\"content-publication-data__text\">\n<p class=\"content-publication-data__from\" title=\"Roberto Maleson\">Por Roberto Maleson\u00a0\u2014 Rio de Janeiro<\/p>\n<\/div>\n<\/div>\n<\/div>\n<\/div>\n<div class=\"glb-share-bar content__share-bar\">\n<div class=\"glb-share-bar_icons\">\n<div class=\"glb-share-bar_button-img\"><\/div>\n<div class=\"glb-share-bar_button-img\"><\/div>\n<\/div>\n<\/div>\n<hr class=\"content__divider \" \/>\n<\/div>\n<div class=\"mc-article-body\">\n<article>\n<div id=\"chunk-2je47\">\n<div class=\"cxm-block-video content-media mc-column \" data-block-type=\"backstage-video\" data-block-id=\"1\">\n<div class=\"cxm-block-video__container \">\n<div class=\"cxm-block-video__player-fixer\">\n<article class=\"cxm-block-video__player-wrapper\">\n<section class=\"cxm-block-video__player\">\n<div class=\"cxm-block-video__placeholder\" data-video-id=\"14294525\"><img decoding=\"async\" class=\"cxm-block-video__thumb\" title=\"De volta! Flamengo acerta a contrata\u00e7\u00e3o de Lucas Paquet\u00e1\" src=\"https:\/\/s02.video.glbimg.com\/x240\/14294525.jpg\" alt=\"De volta! Flamengo acerta a contrata\u00e7\u00e3o de Lucas Paquet\u00e1\" \/><\/div>\n<\/section>\n<\/article>\n<\/div>\n<div class=\"cxm-block-video__caption-container\">\n<p class=\"codex-caption codex-caption--small\">De volta! Flamengo acerta a contrata\u00e7\u00e3o de Lucas Paquet\u00e1<\/p>\n<\/div>\n<\/div>\n<\/div>\n<\/div>\n<div id=\"chunk-157p9\">\n<div class=\"mc-column content-text active-extra-styles \" data-block-type=\"unstyled\" data-block-weight=\"57\" data-block-id=\"2\">\n<p class=\" content-text__container \" data-track-category=\"Link no Texto\" data-track-links=\"\" data-mrf-recirculation=\"Artigo - Link no Texto\">O\u00a0<a class=\"\" href=\"https:\/\/globoesporte.globo.com\/futebol\/times\/flamengo\/\" data-mrf-link=\"https:\/\/globoesporte.globo.com\/futebol\/times\/flamengo\/\">Flamengo<\/a>\u00a0abriu os cofres. Disposto a contar novamente com o cria da casa, o time carioca fechou acordo com o West Ham para contratar Lucas Paquet\u00e1 por 42 milh\u00f5es de euros (R$ 260 milh\u00f5es).\u00a0<a class=\"\" href=\"https:\/\/ge.globo.com\/futebol\/times\/flamengo\/noticia\/2026\/01\/28\/flamengo-anuncia-a-contratacao-de-lucas-paqueta.ghtml\" data-mrf-link=\"https:\/\/ge.globo.com\/futebol\/times\/flamengo\/noticia\/2026\/01\/28\/flamengo-anuncia-a-contratacao-de-lucas-paqueta.ghtml\">Anunciado na \u00faltima quarta-feira<\/a>,\u00a0<span class=\"highlight highlighted\">o volumoso montante \u00e9 o maior da hist\u00f3ria do futebol brasileiro em valores abolutos e corrigidos pela infla\u00e7\u00e3o<\/span>.<\/p>\n<\/div>\n<\/div>\n<div class=\"wall protected-content\">\n<div id=\"chunk-e0es6\">\n<div class=\"mc-column content-text active-extra-styles \" data-block-type=\"unstyled\" data-block-weight=\"70\" data-block-id=\"4\">\n<p class=\" content-text__container \" data-track-category=\"Link no Texto\" data-track-links=\"\" data-mrf-recirculation=\"Artigo - Link no Texto\">Ainda em janeiro, Gerson foi anunciado pelo\u00a0<a class=\"\" href=\"https:\/\/globoesporte.globo.com\/futebol\/times\/cruzeiro\/\" data-mrf-link=\"https:\/\/globoesporte.globo.com\/futebol\/times\/cruzeiro\/\">Cruzeiro<\/a>\u00a0em um neg\u00f3cio que\u00a0<a class=\"\" href=\"https:\/\/ge.globo.com\/gato-mestre\/noticia\/2026\/01\/10\/contratacao-de-gerson-e-a-mais-cara-da-historia-do-futebol-brasileiro-veja-o-ranking.ghtml\" data-mrf-link=\"https:\/\/ge.globo.com\/gato-mestre\/noticia\/2026\/01\/10\/contratacao-de-gerson-e-a-mais-cara-da-historia-do-futebol-brasileiro-veja-o-ranking.ghtml\">at\u00e9 ent\u00e3o era o maior j\u00e1 registrado no pa\u00eds<\/a>. Para tir\u00e1-lo do Zenit, a Raposa contratou o ex-rubro-negro por 27 milh\u00f5es de euros (cerca de R$ 169 milh\u00f5es). O recorde da Raposa, por\u00e9m, durou pouco. Com a contrata\u00e7\u00e3o de Paquet\u00e1, o investimento carioca foi bem maior: 91,2 milh\u00f5es de reais a mais &#8211; um gasto 54% mais elevado.<\/p>\n<\/div>\n<\/div>\n<div id=\"chunk-pk8n\">\n<div class=\"row medium-uncollapsed content-media content-photo\" data-block-type=\"backstage-photo\" data-block-id=\"6\">\n<div class=\" mc-column  content-media__container\">\n<div class=\"content-media-container glb-skeleton-box\">\n<figure class=\"content-media-figure\"><img decoding=\"async\" class=\"i-amphtml-fill-content i-amphtml-replaced-content\" src=\"https:\/\/s2-ge.glbimg.com\/C_vtG7Y8ikmJxFTMYID3eBB5CVM=\/0x0:2838x2003\/984x0\/smart\/filters:strip_icc()\/i.s3.glbimg.com\/v1\/AUTH_bc8228b6673f488aa253bbcb03c80ec5\/internal_photos\/bs\/2026\/R\/g\/nnRDG0QVexWXNzAAsADA\/gettyimages-2233037715.jpg\" sizes=\"(max-width: 1366px) 648px, 100vw\" srcset=\"https:\/\/s2-ge.glbimg.com\/OoOp9krmZLU6X31MRC7JjbJxd1I=\/0x0:2838x2003\/1000x0\/smart\/filters:strip_icc()\/i.s3.glbimg.com\/v1\/AUTH_bc8228b6673f488aa253bbcb03c80ec5\/internal_photos\/bs\/2026\/R\/g\/nnRDG0QVexWXNzAAsADA\/gettyimages-2233037715.jpg 1000w, https:\/\/s2-ge.glbimg.com\/C_vtG7Y8ikmJxFTMYID3eBB5CVM=\/0x0:2838x2003\/984x0\/smart\/filters:strip_icc()\/i.s3.glbimg.com\/v1\/AUTH_bc8228b6673f488aa253bbcb03c80ec5\/internal_photos\/bs\/2026\/R\/g\/nnRDG0QVexWXNzAAsADA\/gettyimages-2233037715.jpg 984w, https:\/\/s2-ge.glbimg.com\/MsDFYnAfU--RsEZ5Ivy4i_5jS_Q=\/0x0:2838x2003\/640x0\/smart\/filters:strip_icc()\/i.s3.glbimg.com\/v1\/AUTH_bc8228b6673f488aa253bbcb03c80ec5\/internal_photos\/bs\/2026\/R\/g\/nnRDG0QVexWXNzAAsADA\/gettyimages-2233037715.jpg 640w, https:\/\/s2-ge.glbimg.com\/bEtGoD6yOmJYgaXaANon6qQhTSw=\/0x0:2838x2003\/600x0\/smart\/filters:strip_icc()\/i.s3.glbimg.com\/v1\/AUTH_bc8228b6673f488aa253bbcb03c80ec5\/internal_photos\/bs\/2026\/R\/g\/nnRDG0QVexWXNzAAsADA\/gettyimages-2233037715.jpg 600w\" alt=\"Lucas Paquet\u00e1 West Ham \u2014 Foto: West Ham United FC via Getty Images\" \/><\/figure>\n<\/div>\n<p class=\"content-media__description  \">Lucas Paquet\u00e1 West Ham \u2014 Foto: West Ham United FC via Getty Images<\/p>\n<\/div>\n<\/div>\n<\/div>\n<div id=\"chunk-1bodq\">\n<div class=\"mc-column content-text active-extra-styles \" data-block-type=\"unstyled\" data-block-weight=\"83\" data-block-id=\"8\">\n<p class=\" content-text__container \" data-track-category=\"Link no Texto\" data-track-links=\"\" data-mrf-recirculation=\"Artigo - Link no Texto\">As duas contrata\u00e7\u00f5es, de Paquet\u00e1 e Gerson, refor\u00e7am a mudan\u00e7a de patamar do futebol brasileiro. O poderio financeiro recentes do clubes tem permitido essas contrata\u00e7\u00f5es de impacto no mercado da bola. As cifras da contrata\u00e7\u00e3o da dupla ultrapassaram tr\u00eas investimentos milion\u00e1rios feitos na \u00faltima temporada. O\u00a0<a class=\"\" href=\"https:\/\/globoesporte.globo.com\/futebol\/times\/palmeiras\/\" data-mrf-link=\"https:\/\/globoesporte.globo.com\/futebol\/times\/palmeiras\/\">Palmeiras<\/a>\u00a0pagou R$ 162,6 milh\u00f5es ao Barcelona por Vitor Roque. O Flamengo desembolsou R$ 151,2 milh\u00f5es para contratar Samuel Lino, do Atl\u00e9tico de Madrid, e o\u00a0<a class=\"\" href=\"https:\/\/globoesporte.globo.com\/futebol\/times\/botafogo\/\" data-mrf-link=\"https:\/\/globoesporte.globo.com\/futebol\/times\/botafogo\/\">Botafogo<\/a> investiu R$ 143,8 milh\u00f5es para trazer Danilo, do Nottingham Forest.<\/p>\n<\/div>\n<\/div>\n<div id=\"chunk-f5bf0\">\n<div class=\"mc-column content-text active-extra-styles \" data-block-type=\"unstyled\" data-block-weight=\"41\" data-block-id=\"10\">\n<p class=\" content-text__container \" data-track-category=\"Link no Texto\" data-track-links=\"\" data-mrf-recirculation=\"Artigo - Link no Texto\">Das 10 maiores compras da hist\u00f3ria do futebol brasileiro em valores corrigidos pela infla\u00e7\u00e3o (IPCA), quatro foram protagonizadas pelo Flamengo. Foram mais de 670 milh\u00f5es de reais para contratar Lucas Paquet\u00e1, Samuel Lino, Pedro e Gabigol. Confira abaixo o ranking completo:<\/p>\n<\/div>\n<\/div>\n<div id=\"chunk-66a41\">\n<div class=\"row medium-uncollapsed content-media content-photo\" data-block-type=\"backstage-photo\" data-block-id=\"11\">\n<div class=\" mc-column  content-media__container\">\n<div class=\"content-media-container glb-skeleton-box\">\n<figure class=\"content-media-figure\"><img decoding=\"async\" class=\"i-amphtml-fill-content i-amphtml-replaced-content\" src=\"https:\/\/s2-ge.glbimg.com\/r-HswkkdHBbzSARoG0J-fz_8MMU=\/0x0:690x1696\/984x0\/smart\/filters:strip_icc()\/i.s3.glbimg.com\/v1\/AUTH_bc8228b6673f488aa253bbcb03c80ec5\/internal_photos\/bs\/2026\/P\/n\/VMOA9sShSrAs3Ig84CAQ\/maiores-compras-do-futebol-brasileiro.png\" sizes=\"(max-width: 1366px) 648px, 100vw\" srcset=\"https:\/\/s2-ge.glbimg.com\/aAnEgMniVYt13MP1iuE_1MOAHcc=\/0x0:690x1696\/1000x0\/smart\/filters:strip_icc()\/i.s3.glbimg.com\/v1\/AUTH_bc8228b6673f488aa253bbcb03c80ec5\/internal_photos\/bs\/2026\/P\/n\/VMOA9sShSrAs3Ig84CAQ\/maiores-compras-do-futebol-brasileiro.png 1000w, https:\/\/s2-ge.glbimg.com\/r-HswkkdHBbzSARoG0J-fz_8MMU=\/0x0:690x1696\/984x0\/smart\/filters:strip_icc()\/i.s3.glbimg.com\/v1\/AUTH_bc8228b6673f488aa253bbcb03c80ec5\/internal_photos\/bs\/2026\/P\/n\/VMOA9sShSrAs3Ig84CAQ\/maiores-compras-do-futebol-brasileiro.png 984w, https:\/\/s2-ge.glbimg.com\/Ax67o2CM6wYW5ko_e4ZOK7vA-kY=\/0x0:690x1696\/640x0\/smart\/filters:strip_icc()\/i.s3.glbimg.com\/v1\/AUTH_bc8228b6673f488aa253bbcb03c80ec5\/internal_photos\/bs\/2026\/P\/n\/VMOA9sShSrAs3Ig84CAQ\/maiores-compras-do-futebol-brasileiro.png 640w, https:\/\/s2-ge.glbimg.com\/sxW2yxSR8b0nlH7W7FHkezrhFLs=\/0x0:690x1696\/600x0\/smart\/filters:strip_icc()\/i.s3.glbimg.com\/v1\/AUTH_bc8228b6673f488aa253bbcb03c80ec5\/internal_photos\/bs\/2026\/P\/n\/VMOA9sShSrAs3Ig84CAQ\/maiores-compras-do-futebol-brasileiro.png 600w\" alt=\"Contrata\u00e7\u00f5es mais caras da hist\u00f3ria do futebol brasileiro corrigidas pela infla\u00e7\u00e3o \u2014 Foto: Infoesporte\" \/><\/figure>\n<\/div>\n<p class=\"content-media__description  \">Contrata\u00e7\u00f5es mais caras da hist\u00f3ria do futebol brasileiro corrigidas pela infla\u00e7\u00e3o \u2014 Foto: Infoesporte<\/p>\n<\/div>\n<\/div>\n<\/div>\n<div id=\"chunk-87lgc\">\n<div class=\"mc-column content-text active-extra-styles \" data-block-type=\"unstyled\" data-block-weight=\"29\" data-block-id=\"12\">\n<p class=\" content-text__container \" data-track-category=\"Link no Texto\" data-track-links=\"\" data-mrf-recirculation=\"Artigo - Link no Texto\"><em>Os valores s\u00e3o corrigidos pela infla\u00e7\u00e3o e, por isso, sofrem altera\u00e7\u00f5es a cada atualiza\u00e7\u00e3o. Entre os an\u00fancios de Gerson e Paquet\u00e1, houve reajuste para cima em fun\u00e7\u00e3o dessa corre\u00e7\u00e3o.<\/em><\/p>\n<\/div>\n<\/div>\n<div id=\"chunk-1us01\">\n<div class=\"mc-column content-text active-extra-styles \" data-block-type=\"unstyled\" data-block-weight=\"46\" data-block-id=\"13\">\n<p class=\" content-text__container \" data-track-category=\"Link no Texto\" data-track-links=\"\" data-mrf-recirculation=\"Artigo - Link no Texto\">O futebol brasileiro j\u00e1 protagonizou contrata\u00e7\u00f5es de peso que marcaram \u00e9poca. Com o aumento do poder aquisitivo dos clubes nas \u00faltimas temporadas, o cen\u00e1rio atual reflete uma nova realidade financeira. A prova disso s\u00e3o as cinco maiores compras da hist\u00f3ria, todas realizadas em 2025 e 2026.<\/p>\n<\/div>\n<\/div>\n<div id=\"chunk-5gsk7\">\n<div class=\"mc-column content-text active-extra-styles \" data-block-type=\"unstyled\" data-block-weight=\"76\" data-block-id=\"15\">\n<p class=\" content-text__container \" data-track-category=\"Link no Texto\" data-track-links=\"\" data-mrf-recirculation=\"Artigo - Link no Texto\">Ainda assim, duas negocia\u00e7\u00f5es de um per\u00edodo mais modesto do futebol nacional seguem entre as maiores de todos os tempos: a chegada de T\u00e9vez ao\u00a0<a class=\"\" href=\"https:\/\/globoesporte.globo.com\/futebol\/times\/corinthians\/\" data-mrf-link=\"https:\/\/globoesporte.globo.com\/futebol\/times\/corinthians\/\">Corinthians<\/a>\u00a0e a volta de Edmundo ao\u00a0<a class=\"\" href=\"https:\/\/globoesporte.globo.com\/futebol\/times\/vasco\/\" data-mrf-link=\"https:\/\/globoesporte.globo.com\/futebol\/times\/vasco\/\">Vasco<\/a>. Em 1999, o Vasco abriu caminho ao repatriar Edmundo da Fiorentina, em uma opera\u00e7\u00e3o que, corrigida pela infla\u00e7\u00e3o, alcan\u00e7a hoje o equivalente a R$ 128 milh\u00f5es. A negocia\u00e7\u00e3o foi viabilizada por uma parceria com o antigo Nation\u2019s Bank &#8211; atualmente Bank of America.<\/p>\n<\/div>\n<\/div>\n<div id=\"chunk-imgq\">\n<div class=\"mc-column content-text active-extra-styles \" data-block-type=\"unstyled\" data-block-weight=\"28\" data-block-id=\"16\">\n<p class=\" content-text__container \" data-track-category=\"Link no Texto\" data-track-links=\"\" data-mrf-recirculation=\"Artigo - Link no Texto\">Poucos anos depois, em 2004, o Corinthians realizou um investimento ousado ao tirar Carlitos T\u00e9vez do Boca Juniors. Em valores atualizados, a transfer\u00eancia chegou a R$ 136,5 milh\u00f5es.<\/p>\n<\/div>\n<\/div>\n<div id=\"chunk-29fqj\">\n<div class=\"row medium-uncollapsed content-media content-photo\" data-block-type=\"backstage-photo\" data-block-id=\"17\">\n<div class=\" mc-column  content-media__container\">\n<div class=\"content-media-container glb-skeleton-box\">\n<figure class=\"content-media-figure\"><img decoding=\"async\" class=\"i-amphtml-fill-content i-amphtml-replaced-content\" src=\"https:\/\/s2-ge.glbimg.com\/gaIglreZlaYKTltgk1z09MJC-iY=\/0x0:2900x1952\/984x0\/smart\/filters:strip_icc()\/i.s3.glbimg.com\/v1\/AUTH_bc8228b6673f488aa253bbcb03c80ec5\/internal_photos\/bs\/2020\/8\/w\/icjlxAQ7q6uyddB7tkvQ\/rf2003227.203302.jpg\" sizes=\"(max-width: 1366px) 648px, 100vw\" srcset=\"https:\/\/s2-ge.glbimg.com\/MdXGBr_y3Ubjcl5-Jwc6oRHggsQ=\/0x0:2900x1952\/1000x0\/smart\/filters:strip_icc()\/i.s3.glbimg.com\/v1\/AUTH_bc8228b6673f488aa253bbcb03c80ec5\/internal_photos\/bs\/2020\/8\/w\/icjlxAQ7q6uyddB7tkvQ\/rf2003227.203302.jpg 1000w, https:\/\/s2-ge.glbimg.com\/gaIglreZlaYKTltgk1z09MJC-iY=\/0x0:2900x1952\/984x0\/smart\/filters:strip_icc()\/i.s3.glbimg.com\/v1\/AUTH_bc8228b6673f488aa253bbcb03c80ec5\/internal_photos\/bs\/2020\/8\/w\/icjlxAQ7q6uyddB7tkvQ\/rf2003227.203302.jpg 984w, https:\/\/s2-ge.glbimg.com\/4RnmBMNkx00S6WuVBhHXqUtltB4=\/0x0:2900x1952\/640x0\/smart\/filters:strip_icc()\/i.s3.glbimg.com\/v1\/AUTH_bc8228b6673f488aa253bbcb03c80ec5\/internal_photos\/bs\/2020\/8\/w\/icjlxAQ7q6uyddB7tkvQ\/rf2003227.203302.jpg 640w, https:\/\/s2-ge.glbimg.com\/RUuEPN7nbTNatds7MK3l2-uTC7Y=\/0x0:2900x1952\/600x0\/smart\/filters:strip_icc()\/i.s3.glbimg.com\/v1\/AUTH_bc8228b6673f488aa253bbcb03c80ec5\/internal_photos\/bs\/2020\/8\/w\/icjlxAQ7q6uyddB7tkvQ\/rf2003227.203302.jpg 600w\" alt=\"Tevez pelo Corinthians contra o Palmeiras em 2005 \u2014 Foto: ROBSON FERNANDJES\/AG\u00caNCIA ESTADO\" \/><\/figure>\n<\/div>\n<p class=\"content-media__description  \">Tevez pelo Corinthians contra o Palmeiras em 2005 \u2014 Foto: ROBSON FERNANDJES\/AG\u00caNCIA ESTADO<\/p>\n<\/div>\n<\/div>\n<\/div>\n<div data-track-category=\"multicontent\" data-track-action=\"multicontent\" data-track-noninteraction=\"false\" data-track-scroll=\"ultimo chunk conteudo\" data-track-value=\"view\" data-mrf-recirculation=\"Artigo - Multicontent\">\n<div id=\"chunk-8cuc9\">\n<div class=\"content-ads content-ads--reveal\" data-block-type=\"ads\" data-block-id=\"18\">\n<div id=\"banner_materia__f2133576-5dd8-4f2e-94fb-43d55346853a\" class=\"tag-manager-publicidade-container tag-manager-publicidade-banner_materia__f2133576-5dd8-4f2e-94fb-43d55346853a tag-manager-publicidade-container--carregado tag-manager-publicidade-container--visivel\" data-google-query-id=\"CPTFuZKNsZIDFfeuYQYd6TQLkg\">Fonte: Ge<\/div>\n<\/div>\n<\/div>\n<\/div>\n<\/div>\n<\/article>\n<\/div>\n","protected":false},"excerpt":{"rendered":"<p>Contrata\u00e7\u00e3o de Paquet\u00e1 ultrapassa Gerson e se torna a mais cara da hist\u00f3ria do futebol brasileiro Investimento do Flamengo de<\/p>\n","protected":false},"author":1,"featured_media":12470,"comment_status":"open","ping_status":"open","sticky":false,"template":"","format":"standard","meta":{"colormag_page_container_layout":"default_layout","colormag_page_sidebar_layout":"default_layout","footnotes":""},"categories":[92],"tags":[],"class_list":["post-12466","post","type-post","status-publish","format-standard","has-post-thumbnail","hentry","category-futebol"],"_links":{"self":[{"href":"http:\/\/metropoleemfoco.com.br\/index.php?rest_route=\/wp\/v2\/posts\/12466","targetHints":{"allow":["GET"]}}],"collection":[{"href":"http:\/\/metropoleemfoco.com.br\/index.php?rest_route=\/wp\/v2\/posts"}],"about":[{"href":"http:\/\/metropoleemfoco.com.br\/index.php?rest_route=\/wp\/v2\/types\/post"}],"author":[{"embeddable":true,"href":"http:\/\/metropoleemfoco.com.br\/index.php?rest_route=\/wp\/v2\/users\/1"}],"replies":[{"embeddable":true,"href":"http:\/\/metropoleemfoco.com.br\/index.php?rest_route=%2Fwp%2Fv2%2Fcomments&post=12466"}],"version-history":[{"count":1,"href":"http:\/\/metropoleemfoco.com.br\/index.php?rest_route=\/wp\/v2\/posts\/12466\/revisions"}],"predecessor-version":[{"id":12471,"href":"http:\/\/metropoleemfoco.com.br\/index.php?rest_route=\/wp\/v2\/posts\/12466\/revisions\/12471"}],"wp:featuredmedia":[{"embeddable":true,"href":"http:\/\/metropoleemfoco.com.br\/index.php?rest_route=\/wp\/v2\/media\/12470"}],"wp:attachment":[{"href":"http:\/\/metropoleemfoco.com.br\/index.php?rest_route=%2Fwp%2Fv2%2Fmedia&parent=12466"}],"wp:term":[{"taxonomy":"category","embeddable":true,"href":"http:\/\/metropoleemfoco.com.br\/index.php?rest_route=%2Fwp%2Fv2%2Fcategories&post=12466"},{"taxonomy":"post_tag","embeddable":true,"href":"http:\/\/metropoleemfoco.com.br\/index.php?rest_route=%2Fwp%2Fv2%2Ftags&post=12466"}],"curies":[{"name":"wp","href":"https:\/\/api.w.org\/{rel}","templated":true}]}}