{"id":12457,"date":"2026-01-29T12:50:29","date_gmt":"2026-01-29T15:50:29","guid":{"rendered":"https:\/\/metropoleemfoco.com.br\/?p=12457"},"modified":"2026-01-29T12:50:29","modified_gmt":"2026-01-29T15:50:29","slug":"chuva-causa-alagamentos","status":"publish","type":"post","link":"http:\/\/metropoleemfoco.com.br\/?p=12457","title":{"rendered":"Chuva causa alagamentos"},"content":{"rendered":"<div class=\"mc-article-header\">\n<div class=\"row content-head mc-column non-featured \">\n<div class=\"title\" data-block-type=\"title\" data-block-id=\"0\">\n<h1 class=\"content-head__title\">Chuva causa alagamentos pelo 2\u00ba dia consecutivo e deixa carros ilhados em SP; Zona Leste foi a mais afetada<\/h1>\n<\/div>\n<div class=\"medium-centered subtitle\">\n<h2 class=\"content-head__subtitle\">Segundo o Corpo de Bombeiros, uma pessoa foi socorrida ap\u00f3s ser arrastada pela enchente em Cidade Ademar, Zona Sul. Segundo Centro de Gerenciamento de Emerg\u00eancias Clim\u00e1tcas da prefeitura, \u00e1reas de chuva formadas pelo calor e a entrada da brisa mar\u00edtima atuaram com forte intensidade.<\/h2>\n<\/div>\n<\/div>\n<div class=\"content__signa-share mc-column\">\n<div class=\"content__signature\">\n<div class=\"content-publication-data\">\n<div class=\"content-publication-data__text\">\n<p class=\"content-publication-data__from\" title=\"Reda\u00e7\u00e3o g1 SP\">Por\u00a0<a class=\"multi_signatures\" href=\"https:\/\/g1.globo.com\/autores\/redacao-g1-sp\/\">Reda\u00e7\u00e3o g1 SP<\/a><\/p>\n<\/div>\n<\/div>\n<\/div>\n<\/div>\n<div class=\"glb-share-bar content__share-bar\">\n<div class=\"glb-share-bar_icons\">\n<div class=\"glb-share-bar_button-img\"><\/div>\n<div class=\"glb-share-bar_button-img\"><\/div>\n<\/div>\n<\/div>\n<div class=\"mc-summary mc-column\" data-block-type=\"summary\" data-block-id=\"1\">\n<details class=\"mc-summary-card bs-block--exclude-chunk-children\">\n<div class=\"mc-summary-card__summary-container\">\n<div class=\"mc-summary-card__summary-title mc-summary-card__title\"><\/div>\n<div class=\"mc-summary-card__summary-icon glb-button-expand\"><\/div>\n<\/div>\n<div class=\"mc-summary-card__content\">\n<ul class=\"mc-summary-card__list\">\n<li class=\"mc-summary-card__item\">\n<div id=\"chunk-3gn83\">\n<div class=\"mc-column content-text active-extra-styles \" data-block-type=\"unstyled\" data-block-weight=\"\">\n<p class=\" content-text__container \" data-track-category=\"Link no Texto\" data-track-links=\"\" data-mrf-recirculation=\"Mat\u00e9ria - Links no Texto\">\n<\/div>\n<\/div>\n<\/li>\n<li class=\"mc-summary-card__item\">\n<div id=\"chunk-fhh2a\">\n<div class=\"mc-column content-text active-extra-styles \" data-block-type=\"unstyled\" data-block-weight=\"\">\n<p class=\" content-text__container \" data-track-category=\"Link no Texto\" data-track-links=\"\" data-mrf-recirculation=\"Mat\u00e9ria - Links no Texto\">\n<\/div>\n<\/div>\n<\/li>\n<li class=\"mc-summary-card__item\">\n<div id=\"chunk-e6123\">\n<div class=\"mc-column content-text active-extra-styles \" data-block-type=\"unstyled\" data-block-weight=\"\">\n<p class=\" content-text__container \" data-track-category=\"Link no Texto\" data-track-links=\"\" data-mrf-recirculation=\"Mat\u00e9ria - Links no Texto\">\n<\/div>\n<\/div>\n<\/li>\n<li class=\"mc-summary-card__item\">\n<div id=\"chunk-8s94e\">\n<div class=\"mc-column content-text active-extra-styles \" data-block-type=\"unstyled\" data-block-weight=\"\">\n<p class=\" content-text__container \" data-track-category=\"Link no Texto\" data-track-links=\"\" data-mrf-recirculation=\"Mat\u00e9ria - Links no Texto\">\n<\/div>\n<\/div>\n<\/li>\n<\/ul>\n<\/div>\n<\/details>\n<\/div>\n<\/div>\n<div class=\"mc-article-body\">\n<article>\n<div id=\"chunk-3jcip\">\n<div class=\"cxm-block-video content-media mc-column \" data-block-type=\"backstage-video\" data-block-id=\"2\">\n<div class=\"cxm-block-video__container cxm-block-video__container--fallback \">\n<div class=\"cxm-block-video__player-fixer\">\n<article class=\"cxm-block-video__player-wrapper\">\n<section class=\"cxm-block-video__player\">\n<div class=\"cxm-block-video__placeholder\" data-video-id=\"14295556\"><img decoding=\"async\" class=\"cxm-block-video__thumb\" title=\"Chuva deixa ruas alagadas na Zona Leste de SP\" src=\"https:\/\/s01.video.glbimg.com\/x240\/14295556.jpg\" alt=\"Chuva deixa ruas alagadas na Zona Leste de SP\" \/><\/div>\n<\/section>\n<\/article>\n<\/div>\n<div class=\"cxm-block-video__caption-container\">\n<p class=\"codex-caption codex-caption--small\">Chuva deixa ruas alagadas na Zona Leste de SP<\/p>\n<\/div>\n<\/div>\n<\/div>\n<\/div>\n<div id=\"chunk-6dl77\">\n<div class=\"mc-column content-text active-extra-styles \" data-block-type=\"unstyled\" data-block-weight=\"43\" data-block-id=\"3\">\n<p class=\" content-text__container \" data-track-category=\"Link no Texto\" data-track-links=\"\" data-mrf-recirculation=\"Mat\u00e9ria - Links no Texto\">A chuva que atingiu a cidade de S\u00e3o Paulo na tarde desta quarta-feira (28) provocou alagamentos e deixou carros ilhados pelo segundo dia consecutivo. A Zona Leste foi a regi\u00e3o mais afetada, segundo o Centro de Gerenciamento de Emerg\u00eancias Clim\u00e1ticas (CGE) da prefeitura.<\/p>\n<\/div>\n<\/div>\n<div class=\"wall protected-content\">\n<div id=\"chunk-2vqcn\">\n<div class=\"mc-column content-text active-extra-styles \" data-block-type=\"unstyled\" data-block-weight=\"28\" data-block-id=\"5\">\n<p class=\" content-text__container \" data-track-category=\"Link no Texto\" data-track-links=\"\" data-mrf-recirculation=\"Mat\u00e9ria - Links no Texto\">O primeiro alerta para estado de aten\u00e7\u00e3o foi emitido para a Zona Sul, \u00e0s 14h16, e, na sequ\u00eancia, passaram a integrar as Zonas Leste e Sudeste, \u00e0s 14h56.<\/p>\n<\/div>\n<\/div>\n<div id=\"chunk-13iod\">\n<div class=\"mc-column content-text active-extra-styles \" data-block-type=\"unstyled\" data-block-weight=\"30\" data-block-id=\"6\">\n<p class=\" content-text__container \" data-track-category=\"Link no Texto\" data-track-links=\"\" data-mrf-recirculation=\"Mat\u00e9ria - Links no Texto\">Em rela\u00e7\u00e3o aos volumes de chuva, os maiores acumulados foram registrados na Zona Leste da capital, de acordo com dados do CGE e da rede telem\u00e9trica do Alto Tiet\u00ea.<\/p>\n<\/div>\n<\/div>\n<div id=\"chunk-5fdjh\">\n<div class=\"mc-column content-text active-extra-styles \" data-block-type=\"unstyled\" data-block-weight=\"41\" data-block-id=\"8\">\n<p class=\" content-text__container \" data-track-category=\"Link no Texto\" data-track-links=\"\" data-mrf-recirculation=\"Mat\u00e9ria - Links no Texto\">Pelas esta\u00e7\u00f5es meteorol\u00f3gicas autom\u00e1ticas do CGE,\u00a0<strong>os principais \u00edndices ocorreram em Itaim Paulista \u2013 Vila Curu\u00e7\u00e1 (30,2 mm) e S\u00e3o Miguel Paulista \u2013 Vila Jacu\u00ed (29,6 mm),\u00a0<\/strong>ambos na Zona Leste, seguidos por Parelheiros \u2013 Rodoanel (22,6 mm), na Zona Sul.<\/p>\n<\/div>\n<\/div>\n<div id=\"chunk-djnvo\">\n<div class=\"mc-column content-text active-extra-styles \" data-block-type=\"unstyled\" data-block-weight=\"53\" data-block-id=\"9\">\n<p class=\" content-text__container \" data-track-category=\"Link no Texto\" data-track-links=\"\" data-mrf-recirculation=\"Mat\u00e9ria - Links no Texto\">J\u00e1 os dados da rede telem\u00e9trica do Alto Tiet\u00ea apontaram volumes ainda mais elevados, todos em pontos da zona leste, com destaque para o C\u00f3rrego Itaim, na Avenida Marechal Tito (69,6 mm), o C\u00f3rrego Tijuco Preto, tamb\u00e9m na Avenida Marechal Tito (63,8 mm) e o Rio Tiet\u00ea, no Jardim Romano (60,6 mm).<\/p>\n<\/div>\n<\/div>\n<div id=\"chunk-9k51s\">\n<div class=\"mc-column content-text active-extra-styles \" data-block-type=\"unstyled\" data-block-weight=\"16\" data-block-id=\"10\">\n<p class=\" content-text__container \" data-track-category=\"Link no Texto\" data-track-links=\"\" data-mrf-recirculation=\"Mat\u00e9ria - Links no Texto\">Outros registros expressivos foram observados nos n\u00facleos Jardim Helena (49,0 mm) e Itaim Biacic (47,6 mm).<\/p>\n<\/div>\n<\/div>\n<div id=\"chunk-5v096\">\n<div class=\"mc-column content-text active-extra-styles \" data-block-type=\"unstyled\" data-block-weight=\"47\" data-block-id=\"11\">\n<p class=\" content-text__container \" data-track-category=\"Link no Texto\" data-track-links=\"\" data-mrf-recirculation=\"Mat\u00e9ria - Links no Texto\">Segundo o Corpo de Bombeiros, um homem chegou a ser arrastado pela enxurrada na Avenida Garcia de \u00c1vila, n\u00ba 181, em Cidade Ademar, Zona Sul da capital. Ele foi retirado do local pelos moradores e encaminhado \u00e0 UPA Jabaquara, onde recebeu atendimento m\u00e9dico e passa bem.<\/p>\n<\/div>\n<\/div>\n<div id=\"chunk-agofl\">\n<div class=\"mc-column content-text active-extra-styles \" data-block-type=\"unstyled\" data-block-weight=\"9\" data-block-id=\"12\">\n<p class=\" content-text__container \" data-track-category=\"Link no Texto\" data-track-links=\"\" data-mrf-recirculation=\"Mat\u00e9ria - Links no Texto\">Ainda conforme os bombeiros, at\u00e9 as 17h30 foram registrados:<\/p>\n<\/div>\n<\/div>\n<div id=\"chunk-fnvos\">\n<div class=\"mc-column content-text active-extra-styles\" data-block-type=\"raw\" data-block-weight=\"29\" data-block-id=\"13\">\n<ul class=\"content-unordered-list\" data-mrf-recirculation=\"Mat\u00e9ria - Leia Tamb\u00e9m (Lista)\">\n<li>9 chamadas para quedas de \u00e1rvores;<\/li>\n<li>1 chamada para desabamento de muro;<\/li>\n<li>54 chamadas para enchentes em Suzano, Mogi das Cruzes, Po\u00e1, Itaquaquecetuba, Guarulhos e Zona Leste da capital.<\/li>\n<\/ul>\n<\/div>\n<\/div>\n<div id=\"chunk-6s3lj\">\n<div class=\"mc-column content-text active-extra-styles \" data-block-type=\"unstyled\" data-block-weight=\"47\" data-block-id=\"14\">\n<p class=\" content-text__container \" data-track-category=\"Link no Texto\" data-track-links=\"\" data-mrf-recirculation=\"Mat\u00e9ria - Links no Texto\">A CPTM informou que, devido \u00e0s fortes chuvas, foram identificados pontos de alagamentos na Linha 12-Safira, o que interrompeu circula\u00e7\u00e3o de trens das 15h48 at\u00e9 17h40 entre as esta\u00e7\u00f5es Jardim Romano e Engenheiro Manoel Feio. Durante o per\u00edodo, o Sistema Paese foi solicitado para atender os passageiros.<\/p>\n<\/div>\n<\/div>\n<div id=\"chunk-8bmhd\">\n<div class=\"mc-column content-text active-extra-styles \" data-block-type=\"unstyled\" data-block-weight=\"22\" data-block-id=\"16\">\n<p class=\" content-text__container \" data-track-category=\"Link no Texto\" data-track-links=\"\" data-mrf-recirculation=\"Mat\u00e9ria - Links no Texto\">A Avenida Doutor Assis Ribeiro, em Ermelino Matarazzo, na Zona Leste de S\u00e3o Paulo, tamb\u00e9m registrou pontos de alagamento\u00a0<strong><em>(veja v\u00eddeo abaixo).<\/em><\/strong><\/p>\n<\/div>\n<\/div>\n<div id=\"chunk-bd71\">\n<div class=\"cxm-block-video content-media mc-column \" data-block-type=\"backstage-video\" data-block-id=\"17\">\n<div class=\"cxm-block-video__container cxm-block-video__container--fallback \">\n<div class=\"cxm-block-video__player-fixer\">\n<article class=\"cxm-block-video__player-wrapper\">\n<section class=\"cxm-block-video__player\">\n<div class=\"cxm-block-video__placeholder\" data-video-id=\"14295376\"><img decoding=\"async\" class=\"cxm-block-video__thumb\" title=\"Ponto de alagamento na avenida Doutor Assis Ribeiro, em Ermelino Matarazzo, Zona Leste\" src=\"https:\/\/s01.video.glbimg.com\/x240\/14295376.jpg\" alt=\"Ponto de alagamento na avenida Doutor Assis Ribeiro, em Ermelino Matarazzo, Zona Leste\" \/><\/div>\n<\/section>\n<\/article>\n<\/div>\n<div class=\"cxm-block-video__caption-container\">\n<p class=\"codex-caption codex-caption--small\">Ponto de alagamento na avenida Doutor Assis Ribeiro, em Ermelino Matarazzo, Zona Leste<\/p>\n<\/div>\n<\/div>\n<\/div>\n<\/div>\n<div id=\"chunk-c45vk\">\n<div class=\"mc-column content-text active-extra-styles \" data-block-type=\"unstyled\" data-block-weight=\"50\" data-block-id=\"18\">\n<p class=\" content-text__container \" data-track-category=\"Link no Texto\" data-track-links=\"\" data-mrf-recirculation=\"Mat\u00e9ria - Links no Texto\">Conforme o \u00f3rg\u00e3o, \u00e1reas de chuva formadas pelo calor e a entrada da brisa mar\u00edtima atuaram com forte intensidade e lento deslocamento na cidade. Imagens do radar meteorol\u00f3gico do CGE da Prefeitura de S\u00e3o Paulo, mostraram chuva forte na Zona Sul, nas subprefeituras de Parelheiros e Capela do Socorro.<\/p>\n<\/div>\n<\/div>\n<div id=\"chunk-asv7n\">\n<div class=\"mc-column content-text active-extra-styles \" data-block-type=\"unstyled\" data-block-weight=\"22\" data-block-id=\"19\">\n<p class=\" content-text__container \" data-track-category=\"Link no Texto\" data-track-links=\"\" data-mrf-recirculation=\"Mat\u00e9ria - Links no Texto\">O mesmo quadro de chuva forte foi observado nas Zonas Leste e Sudeste, nas subprefeituras de Guaianases, Cidade Tiradentes, e Jabaquara.<\/p>\n<\/div>\n<\/div>\n<div id=\"chunk-5p064\">\n<div class=\"row medium-uncollapsed content-media content-photo\" data-block-type=\"backstage-photo\" data-block-id=\"23\">\n<div class=\" mc-column  content-media__container\">\n<p class=\"content-media__description  \">Alagamento no Itaim Paulista, Zona Leste de SP \u2014 Foto: Reprodu\u00e7\u00e3o\/TV Globo<\/p>\n<\/div>\n<\/div>\n<\/div>\n<div id=\"chunk-56hpi\">\n<div class=\"row medium-uncollapsed content-media content-photo\" data-block-type=\"backstage-photo\" data-block-id=\"24\">\n<div class=\" mc-column  content-media__container\">\n<p class=\"content-media__description  \">Alagamento no Itaim Paulista, Zona Leste de SP \u2014 Foto: Reprodu\u00e7\u00e3o\/TV Globo<\/p>\n<\/div>\n<\/div>\n<\/div>\n<div id=\"chunk-egtcq\">\n<div class=\"row medium-uncollapsed content-media content-photo\" data-block-type=\"backstage-photo\" data-block-id=\"26\">\n<div class=\" mc-column  content-media__container\">\n<p class=\"content-media__description  \">Alagamento no Itaim Paulista, Zona Leste de SP \u2014 Foto: TV Globo<\/p>\n<\/div>\n<\/div>\n<\/div>\n<div id=\"chunk-f5v2m\">\n<div class=\"row medium-uncollapsed content-media content-photo\" data-block-type=\"backstage-photo\" data-block-id=\"27\">\n<div class=\" mc-column  content-media__container\">\n<div class=\"content-media-container glb-skeleton-box\">\n<figure class=\"content-media-figure\"><img decoding=\"async\" class=\"i-amphtml-fill-content i-amphtml-replaced-content\" src=\"https:\/\/s2-g1.glbimg.com\/C2N31uFU6yJRnlG_xHcNQJ8nvM8=\/0x0:1915x894\/984x0\/smart\/filters:strip_icc()\/i.s3.glbimg.com\/v1\/AUTH_59edd422c0c84a879bd37670ae4f538a\/internal_photos\/bs\/2026\/P\/a\/ymEGiBShKaT5hFCFOtog\/videoframe-5103917.png\" sizes=\"(max-width: 1366px) 648px, 100vw\" srcset=\"https:\/\/s2-g1.glbimg.com\/mKhw77uhM9N3-PJVyQQdljzJkxw=\/0x0:1915x894\/1000x0\/smart\/filters:strip_icc()\/i.s3.glbimg.com\/v1\/AUTH_59edd422c0c84a879bd37670ae4f538a\/internal_photos\/bs\/2026\/P\/a\/ymEGiBShKaT5hFCFOtog\/videoframe-5103917.png 1000w, https:\/\/s2-g1.glbimg.com\/C2N31uFU6yJRnlG_xHcNQJ8nvM8=\/0x0:1915x894\/984x0\/smart\/filters:strip_icc()\/i.s3.glbimg.com\/v1\/AUTH_59edd422c0c84a879bd37670ae4f538a\/internal_photos\/bs\/2026\/P\/a\/ymEGiBShKaT5hFCFOtog\/videoframe-5103917.png 984w, https:\/\/s2-g1.glbimg.com\/Djx8DPQDVYKywJg4yVHI0OJOYuA=\/0x0:1915x894\/640x0\/smart\/filters:strip_icc()\/i.s3.glbimg.com\/v1\/AUTH_59edd422c0c84a879bd37670ae4f538a\/internal_photos\/bs\/2026\/P\/a\/ymEGiBShKaT5hFCFOtog\/videoframe-5103917.png 640w, https:\/\/s2-g1.glbimg.com\/OZgLMpifGeDEU7CLb_2A-v8bbws=\/0x0:1915x894\/600x0\/smart\/filters:strip_icc()\/i.s3.glbimg.com\/v1\/AUTH_59edd422c0c84a879bd37670ae4f538a\/internal_photos\/bs\/2026\/P\/a\/ymEGiBShKaT5hFCFOtog\/videoframe-5103917.png 600w\" alt=\"Alagamento no Itaim Paulista, Zona Leste de SP \u2014 Foto: Reprodu\u00e7\u00e3o\/TV Globo\" \/><\/figure>\n<\/div>\n<p class=\"content-media__description  \">Alagamento no Itaim Paulista, Zona Leste de SP \u2014 Foto: Reprodu\u00e7\u00e3o\/TV Globo<\/p>\n<\/div>\n<\/div>\n<\/div>\n<div id=\"chunk-9g1op\">\n<div class=\"row medium-uncollapsed content-media content-photo\" data-block-type=\"backstage-photo\" data-block-id=\"29\">\n<div class=\" mc-column  content-media__container\">\n<div class=\"content-media-container glb-skeleton-box\">\n<figure class=\"content-media-figure\"><img decoding=\"async\" class=\"i-amphtml-fill-content i-amphtml-replaced-content\" src=\"https:\/\/s2-g1.glbimg.com\/iul9OA2N8aK_sE3xS0unrMvUtpE=\/0x0:833x467\/984x0\/smart\/filters:strip_icc()\/i.s3.glbimg.com\/v1\/AUTH_59edd422c0c84a879bd37670ae4f538a\/internal_photos\/bs\/2026\/T\/M\/mMsBhMSHSKStyY0tu1DQ\/captura-de-tela-2026-01-28-160316.jpg\" sizes=\"(max-width: 1366px) 648px, 100vw\" srcset=\"https:\/\/s2-g1.glbimg.com\/5c2nuMkhQifCYGRSffH3zra340A=\/0x0:833x467\/1000x0\/smart\/filters:strip_icc()\/i.s3.glbimg.com\/v1\/AUTH_59edd422c0c84a879bd37670ae4f538a\/internal_photos\/bs\/2026\/T\/M\/mMsBhMSHSKStyY0tu1DQ\/captura-de-tela-2026-01-28-160316.jpg 1000w, https:\/\/s2-g1.glbimg.com\/iul9OA2N8aK_sE3xS0unrMvUtpE=\/0x0:833x467\/984x0\/smart\/filters:strip_icc()\/i.s3.glbimg.com\/v1\/AUTH_59edd422c0c84a879bd37670ae4f538a\/internal_photos\/bs\/2026\/T\/M\/mMsBhMSHSKStyY0tu1DQ\/captura-de-tela-2026-01-28-160316.jpg 984w, https:\/\/s2-g1.glbimg.com\/puIkEabAkJbButD08P7wi-2QtMM=\/0x0:833x467\/640x0\/smart\/filters:strip_icc()\/i.s3.glbimg.com\/v1\/AUTH_59edd422c0c84a879bd37670ae4f538a\/internal_photos\/bs\/2026\/T\/M\/mMsBhMSHSKStyY0tu1DQ\/captura-de-tela-2026-01-28-160316.jpg 640w, https:\/\/s2-g1.glbimg.com\/zQxcxxdNs4Ip8cSv9Jh6PXqeQKc=\/0x0:833x467\/600x0\/smart\/filters:strip_icc()\/i.s3.glbimg.com\/v1\/AUTH_59edd422c0c84a879bd37670ae4f538a\/internal_photos\/bs\/2026\/T\/M\/mMsBhMSHSKStyY0tu1DQ\/captura-de-tela-2026-01-28-160316.jpg 600w\" alt=\"Ponto de alagamento na avenida Doutor Assis Ribeiro, em Ermelino Matarazzo, Zona Leste de SP \u2014 Foto: William Santos\/TV Globo\" \/><\/figure>\n<\/div>\n<p class=\"content-media__description  \">Ponto de alagamento na avenida Doutor Assis Ribeiro, em Ermelino Matarazzo, Zona Leste de SP \u2014 Foto: William Santos\/TV Globo<\/p>\n<\/div>\n<\/div>\n<\/div>\n<div id=\"chunk-ak6nv\">\n<div class=\"row medium-uncollapsed content-media content-photo\" data-block-type=\"backstage-photo\" data-block-id=\"30\">\n<div class=\" mc-column  content-media__container\">\n<div class=\"content-media-container glb-skeleton-box\">\n<figure class=\"content-media-figure\"><img decoding=\"async\" class=\"i-amphtml-fill-content i-amphtml-replaced-content\" src=\"https:\/\/s2-g1.glbimg.com\/SSU3LM1JMRNyCM3Omv_Dg8_2Mzg=\/0x0:840x466\/984x0\/smart\/filters:strip_icc()\/i.s3.glbimg.com\/v1\/AUTH_59edd422c0c84a879bd37670ae4f538a\/internal_photos\/bs\/2026\/M\/K\/iwEKmKQS6m6iB1Aj272w\/captura-de-tela-2026-01-28-160815.jpg\" sizes=\"(max-width: 1366px) 648px, 100vw\" srcset=\"https:\/\/s2-g1.glbimg.com\/PkCpP3yZLpWiVfmpzoMY4aKYULg=\/0x0:840x466\/1000x0\/smart\/filters:strip_icc()\/i.s3.glbimg.com\/v1\/AUTH_59edd422c0c84a879bd37670ae4f538a\/internal_photos\/bs\/2026\/M\/K\/iwEKmKQS6m6iB1Aj272w\/captura-de-tela-2026-01-28-160815.jpg 1000w, https:\/\/s2-g1.glbimg.com\/SSU3LM1JMRNyCM3Omv_Dg8_2Mzg=\/0x0:840x466\/984x0\/smart\/filters:strip_icc()\/i.s3.glbimg.com\/v1\/AUTH_59edd422c0c84a879bd37670ae4f538a\/internal_photos\/bs\/2026\/M\/K\/iwEKmKQS6m6iB1Aj272w\/captura-de-tela-2026-01-28-160815.jpg 984w, https:\/\/s2-g1.glbimg.com\/g7nk1ouBl-HUveCHMckLPVFdETI=\/0x0:840x466\/640x0\/smart\/filters:strip_icc()\/i.s3.glbimg.com\/v1\/AUTH_59edd422c0c84a879bd37670ae4f538a\/internal_photos\/bs\/2026\/M\/K\/iwEKmKQS6m6iB1Aj272w\/captura-de-tela-2026-01-28-160815.jpg 640w, https:\/\/s2-g1.glbimg.com\/_P9Xh0I_FXyjUP5uoLPMBk30raw=\/0x0:840x466\/600x0\/smart\/filters:strip_icc()\/i.s3.glbimg.com\/v1\/AUTH_59edd422c0c84a879bd37670ae4f538a\/internal_photos\/bs\/2026\/M\/K\/iwEKmKQS6m6iB1Aj272w\/captura-de-tela-2026-01-28-160815.jpg 600w\" alt=\"Ponto de alagamento na avenida Doutor Assis Ribeiro, em Ermelino Matarazzo, Zona Leste de SP \u2014 Foto: William Santos\/TV Globo\" \/><\/figure>\n<\/div>\n<p class=\"content-media__description  \">Ponto de alagamento na avenida Doutor Assis Ribeiro, em Ermelino Matarazzo, Zona Leste de SP \u2014 Foto: William Santos\/TV Globo<\/p>\n<\/div>\n<\/div>\n<\/div>\n<div id=\"chunk-98d5t\">\n<div class=\"row medium-uncollapsed content-media content-photo\" data-block-type=\"backstage-photo\" data-block-id=\"32\">\n<div class=\" mc-column  content-media__container\">\n<div class=\"content-media-container glb-skeleton-box\">\n<figure class=\"content-media-figure\"><img decoding=\"async\" class=\"i-amphtml-fill-content i-amphtml-replaced-content\" src=\"https:\/\/s2-g1.glbimg.com\/qKOVq-iQ00Vu4hAZhObkSzEKwpc=\/0x0:1920x1080\/984x0\/smart\/filters:strip_icc()\/i.s3.glbimg.com\/v1\/AUTH_59edd422c0c84a879bd37670ae4f538a\/internal_photos\/bs\/2026\/d\/B\/BFXZYuRBuzRhRHwe85Ng\/videoframe-5206801.png\" sizes=\"(max-width: 1366px) 648px, 100vw\" srcset=\"https:\/\/s2-g1.glbimg.com\/gDD4AmEXiJ4my7gR9pglOSmD3gM=\/0x0:1920x1080\/1000x0\/smart\/filters:strip_icc()\/i.s3.glbimg.com\/v1\/AUTH_59edd422c0c84a879bd37670ae4f538a\/internal_photos\/bs\/2026\/d\/B\/BFXZYuRBuzRhRHwe85Ng\/videoframe-5206801.png 1000w, https:\/\/s2-g1.glbimg.com\/qKOVq-iQ00Vu4hAZhObkSzEKwpc=\/0x0:1920x1080\/984x0\/smart\/filters:strip_icc()\/i.s3.glbimg.com\/v1\/AUTH_59edd422c0c84a879bd37670ae4f538a\/internal_photos\/bs\/2026\/d\/B\/BFXZYuRBuzRhRHwe85Ng\/videoframe-5206801.png 984w, https:\/\/s2-g1.glbimg.com\/E-Kgm0zoVHhhqwdfbsNIPhGFp2I=\/0x0:1920x1080\/640x0\/smart\/filters:strip_icc()\/i.s3.glbimg.com\/v1\/AUTH_59edd422c0c84a879bd37670ae4f538a\/internal_photos\/bs\/2026\/d\/B\/BFXZYuRBuzRhRHwe85Ng\/videoframe-5206801.png 640w, https:\/\/s2-g1.glbimg.com\/ImHcoU1J5bg7ycse-7RJ8Z8kDO4=\/0x0:1920x1080\/600x0\/smart\/filters:strip_icc()\/i.s3.glbimg.com\/v1\/AUTH_59edd422c0c84a879bd37670ae4f538a\/internal_photos\/bs\/2026\/d\/B\/BFXZYuRBuzRhRHwe85Ng\/videoframe-5206801.png 600w\" alt=\"Asfalto cedeu durante chuva na rua Cord\u00e3o de S\u00e3o Francisco, no Itaim Paulista \u2014 Foto: Reprodu\u00e7\u00e3o\/TV Globo\" \/><\/figure>\n<\/div>\n<p class=\"content-media__description  \">Asfalto cedeu durante chuva na rua Cord\u00e3o de S\u00e3o Francisco, no Itaim Paulista \u2014 Foto: Reprodu\u00e7\u00e3o\/TV Globo<\/p>\n<\/div>\n<\/div>\n<\/div>\n<div id=\"chunk-8j6te\">\n<div class=\"mc-column content-text active-extra-styles\" data-block-type=\"raw\" data-block-weight=\"4\" data-block-id=\"33\">\n<div class=\"content-intertitle\">\n<h2>Alagamentos na capital paulista<\/h2>\n<\/div>\n<\/div>\n<\/div>\n<div id=\"chunk-36q2s\">\n<div class=\"mc-column content-text active-extra-styles \" data-block-type=\"unstyled\" data-block-weight=\"26\" data-block-id=\"34\">\n<p class=\" content-text__container \" data-track-category=\"Link no Texto\" data-track-links=\"\" data-mrf-recirculation=\"Mat\u00e9ria - Links no Texto\">Um levantamento exclusivo da\u00a0<strong>TV Globo<\/strong>, com dados municipais, mostra que os alagamentos e as inunda\u00e7\u00f5es causados pelas chuvas est\u00e3o cada vez mais frequente na capital.<\/p>\n<\/div>\n<\/div>\n<div id=\"chunk-60jk2\">\n<div class=\"mc-column content-text active-extra-styles \" data-block-type=\"unstyled\" data-block-weight=\"37\" data-block-id=\"35\">\n<p class=\" content-text__container \" data-track-category=\"Link no Texto\" data-track-links=\"\" data-mrf-recirculation=\"Mat\u00e9ria - Links no Texto\">Oficialmente, a prefeitura faz uma separa\u00e7\u00e3o entre o que \u00e9 alagamento e o que \u00e9 inunda\u00e7\u00e3o.\u00a0<strong>Alagamento \u00e9 o ac\u00famulo de \u00e1gua da chuva nas ruas,\u00a0<\/strong>principalmente em locais mais baixos, por falta de drenagem ou escoamento.<\/p>\n<\/div>\n<\/div>\n<div id=\"chunk-u3u0\">\n<div class=\"mc-column content-text active-extra-styles \" data-block-type=\"unstyled\" data-block-weight=\"23\" data-block-id=\"36\">\n<p class=\" content-text__container \" data-track-category=\"Link no Texto\" data-track-links=\"\" data-mrf-recirculation=\"Mat\u00e9ria - Links no Texto\">J\u00e1 a<strong>\u00a0inunda\u00e7\u00e3o \u00e9 quando o excesso de chuva faz um rio ou c\u00f3rrego transbordar,\u00a0<\/strong>e a \u00e1gua cobre as \u00e1reas do entorno.<\/p>\n<\/div>\n<\/div>\n<div id=\"chunk-3osh1\">\n<div class=\"cxm-block-video content-media mc-column \" data-block-type=\"backstage-video\" data-block-id=\"37\">\n<div class=\"cxm-block-video__container cxm-block-video__container--fallback \">\n<div class=\"cxm-block-video__player-fixer\">\n<article class=\"cxm-block-video__player-wrapper\">\n<section class=\"cxm-block-video__player\">\n<div class=\"cxm-block-video__placeholder\" data-video-id=\"14291812\"><img decoding=\"async\" class=\"cxm-block-video__thumb\" title=\"Chuva atinge SP, e Defesa Civil emite alerta severo nesta ter\u00e7a-feira (27)\" src=\"https:\/\/s01.video.glbimg.com\/x240\/14291812.jpg\" alt=\"Chuva atinge SP, e Defesa Civil emite alerta severo nesta ter\u00e7a-feira (27)\" \/><\/div>\n<\/section>\n<\/article>\n<\/div>\n<div class=\"cxm-block-video__caption-container\">\n<p class=\"codex-caption codex-caption--small\">Chuva atinge SP, e Defesa Civil emite alerta severo nesta ter\u00e7a-feira (27)<\/p>\n<\/div>\n<\/div>\n<\/div>\n<\/div>\n<div id=\"chunk-crnpc\">\n<div class=\"mc-column content-text active-extra-styles \" data-block-type=\"unstyled\" data-block-weight=\"40\" data-block-id=\"39\">\n<p class=\" content-text__container \" data-track-category=\"Link no Texto\" data-track-links=\"\" data-mrf-recirculation=\"Mat\u00e9ria - Links no Texto\">Coisas diferentes, mas com algo em comum: as duas cresceram no ano passado na cidade de S\u00e3o Paulo. Foi registrada uma alta de 31% no caso dos alagamentos e de 61% nas inunda\u00e7\u00f5es na compara\u00e7\u00e3o com os registros de 2024.<\/p>\n<\/div>\n<\/div>\n<div id=\"chunk-bjg4\">\n<div class=\"mc-column content-text active-extra-styles \" data-block-type=\"unstyled\" data-block-weight=\"25\" data-block-id=\"40\">\n<p class=\" content-text__container \" data-track-category=\"Link no Texto\" data-track-links=\"\" data-mrf-recirculation=\"Mat\u00e9ria - Links no Texto\">Para o professor Anderson Kazuo Nakano, da Universidade Federal de S\u00e3o Paulo, a cidade precisa investir em alternativas para reter a \u00e1gua da chuva.<\/p>\n<\/div>\n<\/div>\n<div id=\"chunk-c8tgr\">\n<div class=\"mc-column content-text active-extra-styles \" data-block-type=\"unstyled\" data-block-weight=\"67\" data-block-id=\"41\">\n<p class=\" content-text__container \" data-track-category=\"Link no Texto\" data-track-links=\"\" data-mrf-recirculation=\"Mat\u00e9ria - Links no Texto\">\u201cSair dessa l\u00f3gica e dessa solu\u00e7\u00e3o \u00fanica dos piscin\u00f5es, pensar diferentes tipos de lagoas e formas de reten\u00e7\u00e3o de \u00e1guas da chuva nos rios, nos c\u00f3rregos, em pontos mais altos da cidade, para evitar que seja lan\u00e7ado uma grande quantidade de \u00e1gua nas ruas, nas avenidas, principalmente ladeiras, que provocam essas enxurradas. \u00c9 com grande for\u00e7a, com grande energia, que arrasta os carros e mata as pessoas.\u201d<\/p>\n<\/div>\n<\/div>\n<div id=\"chunk-4g88k\">\n<div class=\"mc-column content-text active-extra-styles \" data-block-type=\"unstyled\" data-block-weight=\"21\" data-block-id=\"42\">\n<p class=\" content-text__container \" data-track-category=\"Link no Texto\" data-track-links=\"\" data-mrf-recirculation=\"Mat\u00e9ria - Links no Texto\">S\u00f3 nesse come\u00e7o de ver\u00e3o, pelo menos quatro pessoas j\u00e1 morreram na regi\u00e3o metropolitana em decorr\u00eancia desses ac\u00famulos de \u00e1gua.<\/p>\n<\/div>\n<\/div>\n<div id=\"chunk-6qm0g\">\n<div class=\"mc-column content-text active-extra-styles \" data-block-type=\"unstyled\" data-block-weight=\"31\" data-block-id=\"43\">\n<p class=\" content-text__container \" data-track-category=\"Link no Texto\" data-track-links=\"\" data-mrf-recirculation=\"Mat\u00e9ria - Links no Texto\">No \u00faltimo domingo (25),\u00a0<a class=\"\" href=\"https:\/\/g1.globo.com\/sp\/sao-paulo\/noticia\/2026\/01\/26\/idoso-morre-apos-ser-arrastado-por-enxurrada-e-ficar-preso-debaixo-de-carro-durante-forte-chuva-em-sp.ghtml\" data-mrf-link=\"https:\/\/g1.globo.com\/sp\/sao-paulo\/noticia\/2026\/01\/26\/idoso-morre-apos-ser-arrastado-por-enxurrada-e-ficar-preso-debaixo-de-carro-durante-forte-chuva-em-sp.ghtml\">o funcion\u00e1rio p\u00fablico aposentado Romeu Maccione Neto, 75 anos, morreu afogado\u00a0<\/a>em uma enchente na rua onde morava, na Vila Guilherme, na Zona Norte de S\u00e3o Paulo.<\/p>\n<p>Fonte: G1<\/p>\n<\/div>\n<\/div>\n<\/div>\n<\/article>\n<\/div>\n","protected":false},"excerpt":{"rendered":"<p>Chuva causa alagamentos pelo 2\u00ba dia consecutivo e deixa carros ilhados em SP; Zona Leste foi a mais afetada Segundo<\/p>\n","protected":false},"author":1,"featured_media":12464,"comment_status":"open","ping_status":"open","sticky":false,"template":"","format":"standard","meta":{"colormag_page_container_layout":"default_layout","colormag_page_sidebar_layout":"default_layout","footnotes":""},"categories":[99],"tags":[],"class_list":["post-12457","post","type-post","status-publish","format-standard","has-post-thumbnail","hentry","category-sp"],"_links":{"self":[{"href":"http:\/\/metropoleemfoco.com.br\/index.php?rest_route=\/wp\/v2\/posts\/12457","targetHints":{"allow":["GET"]}}],"collection":[{"href":"http:\/\/metropoleemfoco.com.br\/index.php?rest_route=\/wp\/v2\/posts"}],"about":[{"href":"http:\/\/metropoleemfoco.com.br\/index.php?rest_route=\/wp\/v2\/types\/post"}],"author":[{"embeddable":true,"href":"http:\/\/metropoleemfoco.com.br\/index.php?rest_route=\/wp\/v2\/users\/1"}],"replies":[{"embeddable":true,"href":"http:\/\/metropoleemfoco.com.br\/index.php?rest_route=%2Fwp%2Fv2%2Fcomments&post=12457"}],"version-history":[{"count":1,"href":"http:\/\/metropoleemfoco.com.br\/index.php?rest_route=\/wp\/v2\/posts\/12457\/revisions"}],"predecessor-version":[{"id":12465,"href":"http:\/\/metropoleemfoco.com.br\/index.php?rest_route=\/wp\/v2\/posts\/12457\/revisions\/12465"}],"wp:featuredmedia":[{"embeddable":true,"href":"http:\/\/metropoleemfoco.com.br\/index.php?rest_route=\/wp\/v2\/media\/12464"}],"wp:attachment":[{"href":"http:\/\/metropoleemfoco.com.br\/index.php?rest_route=%2Fwp%2Fv2%2Fmedia&parent=12457"}],"wp:term":[{"taxonomy":"category","embeddable":true,"href":"http:\/\/metropoleemfoco.com.br\/index.php?rest_route=%2Fwp%2Fv2%2Fcategories&post=12457"},{"taxonomy":"post_tag","embeddable":true,"href":"http:\/\/metropoleemfoco.com.br\/index.php?rest_route=%2Fwp%2Fv2%2Ftags&post=12457"}],"curies":[{"name":"wp","href":"https:\/\/api.w.org\/{rel}","templated":true}]}}