{"id":12456,"date":"2026-01-29T12:47:47","date_gmt":"2026-01-29T15:47:47","guid":{"rendered":"https:\/\/metropoleemfoco.com.br\/?p=12456"},"modified":"2026-01-29T12:47:47","modified_gmt":"2026-01-29T15:47:47","slug":"exercito-do-ira-adiciona","status":"publish","type":"post","link":"http:\/\/metropoleemfoco.com.br\/?p=12456","title":{"rendered":"Ex\u00e9rcito do Ir\u00e3 adiciona"},"content":{"rendered":"<div class=\"mc-article-header\">\n<div class=\"row content-head mc-column non-featured \">\n<div class=\"title\" data-block-type=\"title\" data-block-id=\"0\">\n<h1 class=\"content-head__title\">Ex\u00e9rcito do Ir\u00e3 adiciona 1.000 drones ao arsenal e promete &#8216;resposta esmagadora&#8217; em caso de ataque dos EUA<\/h1>\n<\/div>\n<div class=\"medium-centered subtitle\">\n<h2 class=\"content-head__subtitle\">Ir\u00e3 prepara refor\u00e7o nos armamentos em meio a escalada de tens\u00f5es e militar com os EUA. O presidente norte-americano, Donald Trump, amea\u00e7a bombardear o territ\u00f3rio iraniano caso o regime Khamenei n\u00e3o fa\u00e7a um acordo sobre seu programa nuclear.<\/h2>\n<\/div>\n<\/div>\n<div class=\"content__signa-share mc-column\">\n<div class=\"content__signature\">\n<div class=\"content-publication-data\">\n<div class=\"content-publication-data__text\">\n<p class=\"content-publication-data__from\" title=\"Reda\u00e7\u00e3o g1\">Por\u00a0<a class=\"multi_signatures\" href=\"https:\/\/g1.globo.com\/autores\/redacao-g1\/\">Reda\u00e7\u00e3o g1<\/a><\/p>\n<\/div>\n<\/div>\n<\/div>\n<\/div>\n<div class=\"glb-share-bar content__share-bar\">\n<div class=\"glb-share-bar_icons\">\n<div class=\"glb-share-bar_button-img\"><\/div>\n<div class=\"glb-share-bar_button-img\"><\/div>\n<\/div>\n<\/div>\n<\/div>\n<div class=\"mc-article-body\">\n<article>\n<div id=\"chunk-1092j\">\n<div class=\"cxm-block-video content-media mc-column \" data-block-type=\"backstage-video\" data-block-id=\"1\">\n<div class=\"cxm-block-video__container cxm-block-video__container--fallback cxm-block-video__container--vertical\">\n<div class=\"cxm-block-video__player-fixer\">\n<article class=\"cxm-block-video__player-wrapper\">\n<section class=\"cxm-block-video__player\">\n<div class=\"cxm-block-video__placeholder\" data-video-id=\"14295064\"><img decoding=\"async\" class=\"cxm-block-video__thumb\" title=\"Trump pressiona Ir\u00e3 por acordo e Teer\u00e3 devolve amea\u00e7a\" src=\"https:\/\/s01.video.glbimg.com\/x240\/14295064.jpg\" alt=\"Trump pressiona Ir\u00e3 por acordo e Teer\u00e3 devolve amea\u00e7a\" \/><\/div>\n<\/section>\n<\/article>\n<\/div>\n<div class=\"cxm-block-video__caption-container\">\n<p class=\"codex-caption codex-caption--small\">Trump pressiona Ir\u00e3 por acordo e Teer\u00e3 devolve amea\u00e7a<\/p>\n<\/div>\n<\/div>\n<\/div>\n<\/div>\n<div id=\"chunk-ctdbi\">\n<div class=\"mc-column content-text active-extra-styles \" data-block-type=\"unstyled\" data-block-weight=\"30\" data-block-id=\"2\">\n<p class=\" content-text__container \" data-track-category=\"Link no Texto\" data-track-links=\"\" data-mrf-recirculation=\"Mat\u00e9ria - Links no Texto\">O Ex\u00e9rcito do\u00a0<a class=\"\" href=\"https:\/\/g1.globo.com\/tudo-sobre\/ira\/\" data-mrf-link=\"https:\/\/g1.globo.com\/tudo-sobre\/ira\/\">Ir\u00e3<\/a>\u00a0integrou ao seu arsenal um novo lote de 1.000 drones em meio a tens\u00f5es com os\u00a0<a class=\"\" href=\"https:\/\/g1.globo.com\/tudo-sobre\/estados-unidos\/\" data-mrf-link=\"https:\/\/g1.globo.com\/tudo-sobre\/estados-unidos\/\">Estados Unidos<\/a>, anunciou nesta quinta-feira (29) o chefe da pasta.<\/p>\n<\/div>\n<\/div>\n<div class=\"wall protected-content\">\n<div id=\"chunk-8vmvs\">\n<div class=\"mc-column content-text active-extra-styles \" data-block-type=\"unstyled\" data-block-weight=\"18\" data-block-id=\"4\">\n<p class=\" content-text__container \" data-track-category=\"Link no Texto\" data-track-links=\"\" data-mrf-recirculation=\"Mat\u00e9ria - Links no Texto\">Os armamentos foram enviados para diferentes ramos das For\u00e7as Armadas iranianas, segundo a ag\u00eancia de not\u00edcias semioficial Tasnim.<\/p>\n<\/div>\n<\/div>\n<div id=\"chunk-be1hc\">\n<div class=\"mc-column content-text active-extra-styles\" data-block-type=\"raw\" data-block-weight=\"39\" data-block-id=\"6\">\n<blockquote class=\"content-blockquote theme-border-color-primary-before\"><p>&#8220;Conforme as amea\u00e7as perante nosso pa\u00eds, o Ex\u00e9rcito mant\u00e9m e aprimora suas vantagens estrat\u00e9gicas para um combate r\u00e1pido e uma resposta esmagadora contra qualquer agressor&#8221;, disse o chefe das For\u00e7as Armadas, Amir Hatami, em pronunciamento na TV estatal iraniana.<\/p><\/blockquote>\n<\/div>\n<\/div>\n<div id=\"chunk-6jc4l\">\n<div class=\"row medium-uncollapsed content-media content-photo\" data-block-type=\"backstage-photo\" data-block-id=\"8\">\n<div class=\" mc-column  content-media__container\">\n<div class=\"content-media-container glb-skeleton-box\">\n<figure class=\"content-media-figure\"><img decoding=\"async\" class=\"i-amphtml-fill-content i-amphtml-replaced-content\" src=\"https:\/\/s2-g1.glbimg.com\/b8vD_6xK_h6szG6kvujJaIFyJZI=\/0x0:1200x900\/984x0\/smart\/filters:strip_icc()\/i.s3.glbimg.com\/v1\/AUTH_59edd422c0c84a879bd37670ae4f538a\/internal_photos\/bs\/2021\/Y\/r\/35WAPZRLqvVfDA4zSWWg\/2021-03-15t160649z-1956113977-rc2sbm9v7zph-rtrmadp-3-iran-guards-missiles.jpg\" sizes=\"(max-width: 1366px) 648px, 100vw\" srcset=\"https:\/\/s2-g1.glbimg.com\/CcVGYfUcGcP8l5gwfcB08P-q_Qw=\/0x0:1200x900\/1000x0\/smart\/filters:strip_icc()\/i.s3.glbimg.com\/v1\/AUTH_59edd422c0c84a879bd37670ae4f538a\/internal_photos\/bs\/2021\/Y\/r\/35WAPZRLqvVfDA4zSWWg\/2021-03-15t160649z-1956113977-rc2sbm9v7zph-rtrmadp-3-iran-guards-missiles.jpg 1000w, https:\/\/s2-g1.glbimg.com\/b8vD_6xK_h6szG6kvujJaIFyJZI=\/0x0:1200x900\/984x0\/smart\/filters:strip_icc()\/i.s3.glbimg.com\/v1\/AUTH_59edd422c0c84a879bd37670ae4f538a\/internal_photos\/bs\/2021\/Y\/r\/35WAPZRLqvVfDA4zSWWg\/2021-03-15t160649z-1956113977-rc2sbm9v7zph-rtrmadp-3-iran-guards-missiles.jpg 984w, https:\/\/s2-g1.glbimg.com\/EHzkg7G5yMzNWPkA85zN7qsXK6I=\/0x0:1200x900\/640x0\/smart\/filters:strip_icc()\/i.s3.glbimg.com\/v1\/AUTH_59edd422c0c84a879bd37670ae4f538a\/internal_photos\/bs\/2021\/Y\/r\/35WAPZRLqvVfDA4zSWWg\/2021-03-15t160649z-1956113977-rc2sbm9v7zph-rtrmadp-3-iran-guards-missiles.jpg 640w, https:\/\/s2-g1.glbimg.com\/HBzVV39HS0rFU6mlAoFc8WN0I6E=\/0x0:1200x900\/600x0\/smart\/filters:strip_icc()\/i.s3.glbimg.com\/v1\/AUTH_59edd422c0c84a879bd37670ae4f538a\/internal_photos\/bs\/2021\/Y\/r\/35WAPZRLqvVfDA4zSWWg\/2021-03-15t160649z-1956113977-rc2sbm9v7zph-rtrmadp-3-iran-guards-missiles.jpg 600w\" alt=\"M\u00edsseis iranianos fotografados em 'Cidade dos M\u00edsseis' da Guarda Revolucion\u00e1ria do Ir\u00e3 \u2014 Foto: IRGC\/WANA (West Asia News Agency)\/Handout via Reuters\" \/><\/figure>\n<\/div>\n<p class=\"content-media__description  \">M\u00edsseis iranianos fotografados em &#8216;Cidade dos M\u00edsseis&#8217; da Guarda Revolucion\u00e1ria do Ir\u00e3 \u2014 Foto: IRGC\/WANA (West Asia News Agency)\/Handout via Reuters<\/p>\n<\/div>\n<\/div>\n<\/div>\n<div id=\"chunk-1so49\">\n<div class=\"mc-column content-text active-extra-styles \" data-block-type=\"unstyled\" data-block-weight=\"57\" data-block-id=\"9\">\n<p class=\" content-text__container \" data-track-category=\"Link no Texto\" data-track-links=\"\" data-mrf-recirculation=\"Mat\u00e9ria - Links no Texto\">O refor\u00e7o no arsenal iraniano ocorre na imin\u00eancia de um ataque dos EUA contra o territ\u00f3rio iraniano,\u00a0<a class=\"\" href=\"https:\/\/g1.globo.com\/mundo\/noticia\/2026\/01\/28\/ira-acao-militar-eua-inicio-guerra.ghtml\" data-mrf-link=\"https:\/\/g1.globo.com\/mundo\/noticia\/2026\/01\/28\/ira-acao-militar-eua-inicio-guerra.ghtml\">algo que o regime Khamenei afirmou que iniciar\u00e1 uma guerra entre os dois pa\u00edses.<\/a>\u00a0A atual escalada de tens\u00f5es come\u00e7ou por conta da repress\u00e3o empregada pelo governo do Ir\u00e3 em protestos populares que tomaram as ruas do pa\u00eds neste m\u00eas.<\/p>\n<\/div>\n<\/div>\n<div id=\"chunk-5kq91\">\n<div class=\"mc-column content-text active-extra-styles \" data-block-type=\"unstyled\" data-block-weight=\"56\" data-block-id=\"10\">\n<p class=\" content-text__container \" data-track-category=\"Link no Texto\" data-track-links=\"\" data-mrf-recirculation=\"Mat\u00e9ria - Links no Texto\">Ap\u00f3s pressionar o regime Khamenei por conta das mortes de manifestantes,\u00a0<a class=\"\" href=\"https:\/\/g1.globo.com\/mundo\/noticia\/2026\/01\/29\/protestos-ou-acordo-nuclear-trump-silencia-sobre-as-manifestacoes-em-nova-ameaca-de-ataque-ao-ira.ghtml\" data-mrf-link=\"https:\/\/g1.globo.com\/mundo\/noticia\/2026\/01\/29\/protestos-ou-acordo-nuclear-trump-silencia-sobre-as-manifestacoes-em-nova-ameaca-de-ataque-ao-ira.ghtml\">agora Trump cobra a assinatura de um novo acordo para limitar o programa nuclear de Teer\u00e3.<\/a>\u00a0O presidente norte-americano ordenou o envio de uma &#8220;grande armada&#8221; para o Oriente M\u00e9dio,\u00a0<a class=\"\" href=\"https:\/\/g1.globo.com\/mundo\/noticia\/2026\/01\/29\/uss-abraham-lincoln-conheca-o-porta-avioes-enviado-por-trump-ao-oriente-medio-para-pressionar-o-ira.ghtml\" data-mrf-link=\"https:\/\/g1.globo.com\/mundo\/noticia\/2026\/01\/29\/uss-abraham-lincoln-conheca-o-porta-avioes-enviado-por-trump-ao-oriente-medio-para-pressionar-o-ira.ghtml\">incluindo o grupo de ataque do porta-avi\u00f5es USS Abraham Lincoln<\/a>, para pressionar o governo iraniano.<\/p>\n<\/div>\n<\/div>\n<div id=\"chunk-di21o\">\n<div class=\"mc-column content-text active-extra-styles \" data-block-type=\"unstyled\" data-block-weight=\"34\" data-block-id=\"13\">\n<p class=\" content-text__container \" data-track-category=\"Link no Texto\" data-track-links=\"\" data-mrf-recirculation=\"Mat\u00e9ria - Links no Texto\">Aliada do Ir\u00e3,\u00a0<a class=\"\" href=\"https:\/\/g1.globo.com\/mundo\/noticia\/2026\/01\/29\/russia-ataque-eua-ira-consequencias-muito-perigosas.ghtml\" data-mrf-link=\"https:\/\/g1.globo.com\/mundo\/noticia\/2026\/01\/29\/russia-ataque-eua-ira-consequencias-muito-perigosas.ghtml\">a R\u00fassia afirmou nesta quinta-feira que um ataque dos EUA ao Ir\u00e3 pode &#8220;levar a consequ\u00eancias muito perigosas&#8221;<\/a>. O porta-voz do Kremlin, Dmitry Peskov, pediu que n\u00e3o haja &#8220;uso da for\u00e7a&#8221;.<\/p>\n<\/div>\n<\/div>\n<div id=\"chunk-4gj9m\">\n<div class=\"mc-column content-text active-extra-styles\" data-block-type=\"raw\" data-block-weight=\"3\" data-block-id=\"14\">\n<div class=\"content-intertitle\">\n<h2>EUA X Ir\u00e3<\/h2>\n<\/div>\n<\/div>\n<\/div>\n<div id=\"chunk-9p5nr\">\n<div class=\"row medium-uncollapsed content-media content-photo\" data-block-type=\"backstage-photo\" data-block-id=\"15\">\n<div class=\" mc-column  content-media__container\">\n<div class=\"content-media-container glb-skeleton-box\">\n<figure class=\"content-media-figure\"><img decoding=\"async\" class=\"i-amphtml-fill-content i-amphtml-replaced-content\" src=\"https:\/\/s2-g1.glbimg.com\/2pW6LlYYdJEwSJHEc18VIMgd9vo=\/0x0:1700x1065\/984x0\/smart\/filters:strip_icc()\/i.s3.glbimg.com\/v1\/AUTH_59edd422c0c84a879bd37670ae4f538a\/internal_photos\/bs\/2025\/G\/e\/WNfrenQcSLEffUsRlRBQ\/fotojet-2025-06-13t091935.826.jpg\" sizes=\"(max-width: 1366px) 648px, 100vw\" srcset=\"https:\/\/s2-g1.glbimg.com\/uy9U6nECEvpFN9Ji0_c60Drc824=\/0x0:1700x1065\/1000x0\/smart\/filters:strip_icc()\/i.s3.glbimg.com\/v1\/AUTH_59edd422c0c84a879bd37670ae4f538a\/internal_photos\/bs\/2025\/G\/e\/WNfrenQcSLEffUsRlRBQ\/fotojet-2025-06-13t091935.826.jpg 1000w, https:\/\/s2-g1.glbimg.com\/2pW6LlYYdJEwSJHEc18VIMgd9vo=\/0x0:1700x1065\/984x0\/smart\/filters:strip_icc()\/i.s3.glbimg.com\/v1\/AUTH_59edd422c0c84a879bd37670ae4f538a\/internal_photos\/bs\/2025\/G\/e\/WNfrenQcSLEffUsRlRBQ\/fotojet-2025-06-13t091935.826.jpg 984w, https:\/\/s2-g1.glbimg.com\/of4lzvmRDSrlH-esFzWfdKfIdDI=\/0x0:1700x1065\/640x0\/smart\/filters:strip_icc()\/i.s3.glbimg.com\/v1\/AUTH_59edd422c0c84a879bd37670ae4f538a\/internal_photos\/bs\/2025\/G\/e\/WNfrenQcSLEffUsRlRBQ\/fotojet-2025-06-13t091935.826.jpg 640w, https:\/\/s2-g1.glbimg.com\/K3LrtiNmSTlhg_taqQjq6t6btqU=\/0x0:1700x1065\/600x0\/smart\/filters:strip_icc()\/i.s3.glbimg.com\/v1\/AUTH_59edd422c0c84a879bd37670ae4f538a\/internal_photos\/bs\/2025\/G\/e\/WNfrenQcSLEffUsRlRBQ\/fotojet-2025-06-13t091935.826.jpg 600w\" alt=\"L\u00edder supremo do Ir\u00e3, Ali Khamenei, e o presidente dos EUA, Donald Trump \u2014 Foto: WANA (West Asia News Agency) via Reuters; Nathan Howard\/Reuters\" \/><\/figure>\n<\/div>\n<p class=\"content-media__description  \">L\u00edder supremo do Ir\u00e3, Ali Khamenei, e o presidente dos EUA, Donald Trump \u2014 Foto: WANA (West Asia News Agency) via Reuters; Nathan Howard\/Reuters<\/p>\n<\/div>\n<\/div>\n<\/div>\n<div id=\"chunk-d76u8\">\n<div class=\"mc-column content-text active-extra-styles \" data-block-type=\"unstyled\" data-block-weight=\"23\" data-block-id=\"16\">\n<p class=\" content-text__container \" data-track-category=\"Link no Texto\" data-track-links=\"\" data-mrf-recirculation=\"Mat\u00e9ria - Links no Texto\">A nova troca de amea\u00e7as entre EUA e Ir\u00e3 ocorre ap\u00f3s\u00a0<a class=\"\" href=\"https:\/\/g1.globo.com\/mundo\/noticia\/2026\/01\/29\/uss-abraham-lincoln-conheca-o-porta-avioes-enviado-por-trump-ao-oriente-medio-para-pressionar-o-ira.ghtml\" data-mrf-link=\"https:\/\/g1.globo.com\/mundo\/noticia\/2026\/01\/29\/uss-abraham-lincoln-conheca-o-porta-avioes-enviado-por-trump-ao-oriente-medio-para-pressionar-o-ira.ghtml\">Trump ordenar o envio de uma frota militar para o Oriente M\u00e9dio.<\/a><\/p>\n<\/div>\n<\/div>\n<div id=\"chunk-3lmsi\">\n<div class=\"mc-column content-text active-extra-styles \" data-block-type=\"unstyled\" data-block-weight=\"46\" data-block-id=\"17\">\n<p class=\" content-text__container \" data-track-category=\"Link no Texto\" data-track-links=\"\" data-mrf-recirculation=\"Mat\u00e9ria - Links no Texto\">Nesta quarta, ele\u00a0<a class=\"\" href=\"https:\/\/g1.globo.com\/mundo\/noticia\/2026\/01\/28\/trump-diz-que-enorme-armada-esta-a-caminho-do-ira-e-pressiona-por-acordo-tempo-esta-se-esgotando.ghtml\" data-mrf-link=\"https:\/\/g1.globo.com\/mundo\/noticia\/2026\/01\/28\/trump-diz-que-enorme-armada-esta-a-caminho-do-ira-e-pressiona-por-acordo-tempo-esta-se-esgotando.ghtml\">usou uma rede social para se gabar da &#8220;enorme armada&#8221; que est\u00e1 a caminho do Ir\u00e3\u00a0<\/a>e relembrou a grande opera\u00e7\u00e3o realizada pelos EUA em parceria com Israel no pa\u00eds em junho do ano passado, quando\u00a0<a class=\"\" href=\"https:\/\/g1.globo.com\/mundo\/noticia\/2025\/06\/21\/trump-diz-que-eua-atacaram-tres-instalacoes-nucleares-do-ira.ghtml\" data-mrf-link=\"https:\/\/g1.globo.com\/mundo\/noticia\/2025\/06\/21\/trump-diz-que-eua-atacaram-tres-instalacoes-nucleares-do-ira.ghtml\">tr\u00eas instala\u00e7\u00f5es nucleares do pa\u00eds foram bombardeadas.<\/a><\/p>\n<\/div>\n<\/div>\n<div id=\"chunk-clb53\">\n<div class=\"mc-column content-text active-extra-styles \" data-block-type=\"unstyled\" data-block-weight=\"18\" data-block-id=\"19\">\n<p class=\" content-text__container \" data-track-category=\"Link no Texto\" data-track-links=\"\" data-mrf-recirculation=\"Mat\u00e9ria - Links no Texto\"><span class=\"highlight highlighted\">Trump disse que um novo ataque ao pa\u00eds ser\u00e1 &#8220;muito pior&#8221; e que o &#8220;tempo est\u00e1 se esgotando&#8221;:<\/span><\/p>\n<\/div>\n<\/div>\n<div id=\"chunk-f6kr0\">\n<div class=\"mc-column content-text active-extra-styles\" data-block-type=\"raw\" data-block-weight=\"80\" data-block-id=\"20\">\n<blockquote class=\"content-blockquote theme-border-color-primary-before\"><p>&#8220;Esperamos que o Ir\u00e3 se sente \u00e0 mesa de negocia\u00e7\u00f5es o mais breve poss\u00edvel e chegue a um acordo justo e equitativo \u2013 sem armas nucleares &#8211; um acordo que seja bom para todas as partes. O tempo est\u00e1 se esgotando, \u00e9 realmente essencial! Como eu disse ao Ir\u00e3 uma vez, fa\u00e7am um acordo! Eles n\u00e3o fizeram e houve a \u201cOpera\u00e7\u00e3o Martelo da Meia-Noite\u201d, uma grande destrui\u00e7\u00e3o do Ir\u00e3. O pr\u00f3ximo ataque ser\u00e1 muito pior! N\u00e3o deixem isso acontecer novamente&#8221;.<\/p><\/blockquote>\n<\/div>\n<\/div>\n<div id=\"chunk-bkhp8\">\n<div class=\"mc-column content-text active-extra-styles \" data-block-type=\"unstyled\" data-block-weight=\"55\" data-block-id=\"21\">\n<p class=\" content-text__container \" data-track-category=\"Link no Texto\" data-track-links=\"\" data-mrf-recirculation=\"Mat\u00e9ria - Links no Texto\">O\u00a0<a class=\"\" href=\"https:\/\/g1.globo.com\/mundo\/noticia\/2026\/01\/28\/ira-acao-militar-eua-inicio-guerra.ghtml\" data-mrf-link=\"https:\/\/g1.globo.com\/mundo\/noticia\/2026\/01\/28\/ira-acao-militar-eua-inicio-guerra.ghtml\">Ir\u00e3, ent\u00e3o, devolveu as amea\u00e7as feitas pelo presidente americano.<\/a>\u00a0Em um post na rede social X, um alto funcion\u00e1rio do governo iraniano, o conselheiro s\u00eanior do khamenei Ali Shamkhani, disse que\u00a0<span class=\"highlight highlighted\">qualquer ataque dos EUA ser\u00e1 considerado o in\u00edcio de uma guerra<\/span>. No momento, uma\u00a0<a class=\"\" href=\"https:\/\/g1.globo.com\/mundo\/noticia\/2026\/01\/27\/trump-diz-que-ordenou-o-envio-de-mais-navios-de-guerra-para-perto-do-ira.ghtml\" data-mrf-link=\"https:\/\/g1.globo.com\/mundo\/noticia\/2026\/01\/27\/trump-diz-que-ordenou-o-envio-de-mais-navios-de-guerra-para-perto-do-ira.ghtml\">frota militar americana est\u00e1 a caminho do Oriente M\u00e9dio<\/a>.<\/p>\n<\/div>\n<\/div>\n<div id=\"chunk-4bgg6\">\n<div class=\"mc-column content-text active-extra-styles\" data-block-type=\"raw\" data-block-weight=\"51\" data-block-id=\"22\">\n<blockquote class=\"content-blockquote theme-border-color-primary-before\"><p>&#8220;Um ataque limitado \u00e9 uma ilus\u00e3o. Qualquer a\u00e7\u00e3o militar dos EUA , de qualquer origem e em qualquer n\u00edvel, ser\u00e1 considerada o in\u00edcio de uma guerra , e sua resposta ser\u00e1 imediata, abrangente e sem precedentes, visando o agressor, o cora\u00e7\u00e3o de Tel Aviv e todos os apoiadores do agressor&#8221;, declarou.<\/p><\/blockquote>\n<\/div>\n<\/div>\n<div id=\"chunk-8lrev\">\n<div class=\"mc-column content-text active-extra-styles \" data-block-type=\"unstyled\" data-block-weight=\"35\" data-block-id=\"24\">\n<p class=\" content-text__container \" data-track-category=\"Link no Texto\" data-track-links=\"\" data-mrf-recirculation=\"Mat\u00e9ria - Links no Texto\">Antes dele, outros representantes de\u00a0<a class=\"\" href=\"https:\/\/g1.globo.com\/mundo\/ira\/cidade\/teera.html\" data-mrf-link=\"https:\/\/g1.globo.com\/mundo\/ira\/cidade\/teera.html\">Teer\u00e3<\/a>\u00a0j\u00e1 haviam se pronunciado. O\u00a0<span class=\"highlight highlighted\">perfil oficial da miss\u00e3o do Ir\u00e3 junto \u00e0 ONU disse que o pa\u00eds est\u00e1 pronto para o di\u00e1logo, mas n\u00e3o deixar\u00e1 de se defender:<\/span><\/p>\n<\/div>\n<\/div>\n<div id=\"chunk-6a5qf\">\n<div class=\"mc-column content-text active-extra-styles\" data-block-type=\"raw\" data-block-weight=\"25\" data-block-id=\"25\">\n<blockquote class=\"content-blockquote theme-border-color-primary-before\"><p>&#8220;O Ir\u00e3 est\u00e1 pronto para o di\u00e1logo baseado no respeito m\u00fatuo e nos interesses comuns, mas se pressionado, se defender\u00e1 e responder\u00e1 como nunca antes&#8221;.<\/p><\/blockquote>\n<\/div>\n<\/div>\n<div id=\"chunk-crqdl\">\n<div class=\"cxm-block-video content-media mc-column \" data-block-type=\"backstage-video\" data-block-id=\"26\">\n<div class=\"cxm-block-video__container cxm-block-video__container--fallback \">\n<div class=\"cxm-block-video__player-fixer\">\n<article class=\"cxm-block-video__player-wrapper\">\n<section class=\"cxm-block-video__player\">\n<div class=\"cxm-block-video__placeholder\" data-video-id=\"14255857\"><img decoding=\"async\" class=\"cxm-block-video__thumb\" title=\"Entenda sinais de a\u00e7\u00e3o militar iminente dos EUA no Ir\u00e3\" src=\"https:\/\/s02.video.glbimg.com\/x240\/14255857.jpg\" alt=\"Entenda sinais de a\u00e7\u00e3o militar iminente dos EUA no Ir\u00e3\" \/><\/div>\n<\/section>\n<\/article>\n<\/div>\n<div class=\"cxm-block-video__caption-container\">\n<p class=\"codex-caption codex-caption--small\">Entenda sinais de a\u00e7\u00e3o militar iminente dos EUA no Ir\u00e3<\/p>\n<\/div>\n<\/div>\n<\/div>\n<\/div>\n<div id=\"chunk-8v5le\">\n<div class=\"mc-column content-text active-extra-styles \" data-block-type=\"unstyled\" data-block-weight=\"23\" data-block-id=\"27\">\n<p class=\" content-text__container \" data-track-category=\"Link no Texto\" data-track-links=\"\" data-mrf-recirculation=\"Mat\u00e9ria - Links no Texto\">Antes do post de Trump, o chanceler do Ir\u00e3 j\u00e1 havia dito que\u00a0<a class=\"\" href=\"https:\/\/g1.globo.com\/mundo\/noticia\/2026\/01\/28\/ira-nao-ira-negociar-eua-sob-ameacas-diz-chanceler.ghtml\" data-mrf-link=\"https:\/\/g1.globo.com\/mundo\/noticia\/2026\/01\/28\/ira-nao-ira-negociar-eua-sob-ameacas-diz-chanceler.ghtml\">Teer\u00e3 n\u00e3o negociar\u00e1 com os Estados Unidos sob amea\u00e7as<\/a>.<\/p>\n<\/div>\n<\/div>\n<div id=\"chunk-4fj38\">\n<div class=\"mc-column content-text active-extra-styles \" data-block-type=\"unstyled\" data-block-weight=\"66\" data-block-id=\"28\">\n<p class=\" content-text__container \" data-track-category=\"Link no Texto\" data-track-links=\"\" data-mrf-recirculation=\"Mat\u00e9ria - Links no Texto\"><strong><span class=\"highlight highlighted\">Aragchi tamb\u00e9m desmentiu o presidente dos EUA,\u00a0<\/span><\/strong><a class=\"\" href=\"https:\/\/g1.globo.com\/tudo-sobre\/donald-trump\/\" data-mrf-link=\"https:\/\/g1.globo.com\/tudo-sobre\/donald-trump\/\">Donald Trump<\/a><strong><span class=\"highlight highlighted\">, que havia dito na ter\u00e7a-feira que o Ir\u00e3 quer negociar e que o governo iraniano j\u00e1 teria &#8220;ligado v\u00e1rias vezes&#8221;.<\/span><\/strong> Em declara\u00e7\u00f5es transmitidas pela TV estatal, o chanceler afirmou que n\u00e3o houve &#8220;nenhum contato&#8221; nos \u00faltimos dias com o enviado especial dos EUA para o Oriente M\u00e9dio, Steve Witkoff, e que &#8220;o Ir\u00e3 n\u00e3o buscou negocia\u00e7\u00f5es&#8221;.<\/p>\n<\/div>\n<\/div>\n<div id=\"chunk-5f31i\">\n<div class=\"mc-column content-text active-extra-styles\" data-block-type=\"raw\" data-block-weight=\"48\" data-block-id=\"30\">\n<blockquote class=\"content-blockquote theme-border-color-primary-before\"><p>\u201cConduzir a diplomacia por meio de amea\u00e7as militares n\u00e3o pode ser eficaz nem \u00fatil. Se eles querem que as negocia\u00e7\u00f5es avancem, certamente precisam deixar de lado amea\u00e7as, exig\u00eancias excessivas e a coloca\u00e7\u00e3o de quest\u00f5es il\u00f3gicas\u201d, disse Abbas Araghchi ap\u00f3s os Estados Unidos deslocarem um porta-avi\u00f5es para a regi\u00e3o.<\/p><\/blockquote>\n<\/div>\n<\/div>\n<div id=\"chunk-a1m3l\">\n<div class=\"mc-column content-text active-extra-styles \" data-block-type=\"unstyled\" data-block-weight=\"34\" data-block-id=\"31\">\n<p class=\" content-text__container \" data-track-category=\"Link no Texto\" data-track-links=\"\" data-mrf-recirculation=\"Mat\u00e9ria - Links no Texto\">No dia 23, uma autoridade da alta c\u00fapula do\u00a0<a class=\"\" href=\"https:\/\/g1.globo.com\/mundo\/noticia\/2026\/01\/23\/com-porta-avioes-dos-eua-a-caminho-do-oriente-medio-ira-diz-estar-preparado-para-guerra-total.ghtml\" data-mrf-link=\"https:\/\/g1.globo.com\/mundo\/noticia\/2026\/01\/23\/com-porta-avioes-dos-eua-a-caminho-do-oriente-medio-ira-diz-estar-preparado-para-guerra-total.ghtml\">governo iraniano disse estar se preparando para o \u201cpior cen\u00e1rio\u201d, inclusive uma \u201cguerra total\u201d<\/a>, diante do envio do porta-avi\u00f5es dos Estados Unidos ao Oriente M\u00e9dio.<\/p>\n<\/div>\n<\/div>\n<div id=\"chunk-do1cr\">\n<div class=\"mc-column content-text active-extra-styles \" data-block-type=\"unstyled\" data-block-weight=\"57\" data-block-id=\"32\">\n<p class=\" content-text__container \" data-track-category=\"Link no Texto\" data-track-links=\"\" data-mrf-recirculation=\"Mat\u00e9ria - Links no Texto\">No come\u00e7o do m\u00eas,\u00a0<a class=\"\" href=\"https:\/\/g1.globo.com\/mundo\/noticia\/2025\/06\/22\/trump-fala-em-mudanca-de-regime-no-ira-e-usa-slogan-miga-make-iran-great-again.ghtml\" data-mrf-link=\"https:\/\/g1.globo.com\/mundo\/noticia\/2025\/06\/22\/trump-fala-em-mudanca-de-regime-no-ira-e-usa-slogan-miga-make-iran-great-again.ghtml\">Trump j\u00e1 havia feito amea\u00e7as ao Ir\u00e3 devido ao grande n\u00famero de mortes causadas pela repress\u00e3o do governo aos protestos<\/a>\u00a0que est\u00e3o acontecendo no pa\u00eds.\u00a0<a class=\"\" href=\"https:\/\/g1.globo.com\/mundo\/noticia\/2026\/01\/13\/trump-pede-que-manifestantes-no-ira-sigam-protestando-e-diz-que-a-ajuda-esta-a-caminho.ghtml\" data-mrf-link=\"https:\/\/g1.globo.com\/mundo\/noticia\/2026\/01\/13\/trump-pede-que-manifestantes-no-ira-sigam-protestando-e-diz-que-a-ajuda-esta-a-caminho.ghtml\">Ele chegou a dizer que a ajuda estava &#8220;a caminho&#8221;<\/a>, mas as tens\u00f5es enfraqueceram ap\u00f3s as\u00a0<a class=\"\" href=\"https:\/\/g1.globo.com\/mundo\/noticia\/2026\/01\/14\/trump-diz-ter-sido-informado-que-matanca-no-ira-parou.ghtml\" data-mrf-link=\"https:\/\/g1.globo.com\/mundo\/noticia\/2026\/01\/14\/trump-diz-ter-sido-informado-que-matanca-no-ira-parou.ghtml\">autoridades iranianas desistirem das execu\u00e7\u00f5es de manifestantes presos que estariam sendo planejadas.<\/a><\/p>\n<\/div>\n<\/div>\n<div id=\"chunk-7j4nd\">\n<div class=\"mc-column content-text active-extra-styles \" data-block-type=\"unstyled\" data-block-weight=\"32\" data-block-id=\"33\">\n<p class=\" content-text__container \" data-track-category=\"Link no Texto\" data-track-links=\"\" data-mrf-recirculation=\"Mat\u00e9ria - Links no Texto\">Na semana passada, Trump disse que navios de guerra americanos estavam sendo enviados \u201cpor precau\u00e7\u00e3o\u201d e que acompanhava de perto a situa\u00e7\u00e3o no pa\u00eds. \u201cVamos ver o que acontece\u201d, afirmou \u00e0 \u00e9poca.<\/p>\n<\/div>\n<\/div>\n<div id=\"chunk-94dbq\">\n<div class=\"mc-column content-text active-extra-styles \" data-block-type=\"unstyled\" data-block-weight=\"21\" data-block-id=\"34\">\n<p class=\" content-text__container \" data-track-category=\"Link no Texto\" data-track-links=\"\" data-mrf-recirculation=\"Mat\u00e9ria - Links no Texto\">Segundo ativistas, a\u00a0<a class=\"\" href=\"https:\/\/g1.globo.com\/mundo\/noticia\/2026\/01\/27\/ativistas-dizem-que-ira-matou-ao-menos-6159-pessoas-durante-protestos.ghtml\" data-mrf-link=\"https:\/\/g1.globo.com\/mundo\/noticia\/2026\/01\/27\/ativistas-dizem-que-ira-matou-ao-menos-6159-pessoas-durante-protestos.ghtml\">repress\u00e3o sangrenta do Ir\u00e3 contra protestos em todo o pa\u00eds matou pelo menos 6.159 pessoas<\/a>\u00a0at\u00e9 o momento.<\/p>\n<p>Fonte: G1<\/p>\n<\/div>\n<\/div>\n<\/div>\n<\/article>\n<\/div>\n","protected":false},"excerpt":{"rendered":"<p>Ex\u00e9rcito do Ir\u00e3 adiciona 1.000 drones ao arsenal e promete &#8216;resposta esmagadora&#8217; em caso de ataque dos EUA Ir\u00e3 prepara<\/p>\n","protected":false},"author":1,"featured_media":12461,"comment_status":"open","ping_status":"open","sticky":false,"template":"","format":"standard","meta":{"colormag_page_container_layout":"default_layout","colormag_page_sidebar_layout":"default_layout","footnotes":""},"categories":[91],"tags":[],"class_list":["post-12456","post","type-post","status-publish","format-standard","has-post-thumbnail","hentry","category-mundo"],"_links":{"self":[{"href":"http:\/\/metropoleemfoco.com.br\/index.php?rest_route=\/wp\/v2\/posts\/12456","targetHints":{"allow":["GET"]}}],"collection":[{"href":"http:\/\/metropoleemfoco.com.br\/index.php?rest_route=\/wp\/v2\/posts"}],"about":[{"href":"http:\/\/metropoleemfoco.com.br\/index.php?rest_route=\/wp\/v2\/types\/post"}],"author":[{"embeddable":true,"href":"http:\/\/metropoleemfoco.com.br\/index.php?rest_route=\/wp\/v2\/users\/1"}],"replies":[{"embeddable":true,"href":"http:\/\/metropoleemfoco.com.br\/index.php?rest_route=%2Fwp%2Fv2%2Fcomments&post=12456"}],"version-history":[{"count":1,"href":"http:\/\/metropoleemfoco.com.br\/index.php?rest_route=\/wp\/v2\/posts\/12456\/revisions"}],"predecessor-version":[{"id":12462,"href":"http:\/\/metropoleemfoco.com.br\/index.php?rest_route=\/wp\/v2\/posts\/12456\/revisions\/12462"}],"wp:featuredmedia":[{"embeddable":true,"href":"http:\/\/metropoleemfoco.com.br\/index.php?rest_route=\/wp\/v2\/media\/12461"}],"wp:attachment":[{"href":"http:\/\/metropoleemfoco.com.br\/index.php?rest_route=%2Fwp%2Fv2%2Fmedia&parent=12456"}],"wp:term":[{"taxonomy":"category","embeddable":true,"href":"http:\/\/metropoleemfoco.com.br\/index.php?rest_route=%2Fwp%2Fv2%2Fcategories&post=12456"},{"taxonomy":"post_tag","embeddable":true,"href":"http:\/\/metropoleemfoco.com.br\/index.php?rest_route=%2Fwp%2Fv2%2Ftags&post=12456"}],"curies":[{"name":"wp","href":"https:\/\/api.w.org\/{rel}","templated":true}]}}