{"id":12455,"date":"2026-01-29T12:43:47","date_gmt":"2026-01-29T15:43:47","guid":{"rendered":"https:\/\/metropoleemfoco.com.br\/?p=12455"},"modified":"2026-02-02T15:11:18","modified_gmt":"2026-02-02T18:11:18","slug":"tarcisio-chega-a-papudinha-para-visitar-bolsonaro","status":"publish","type":"post","link":"http:\/\/metropoleemfoco.com.br\/?p=12455","title":{"rendered":"Tarc\u00edsio chega \u00e0 Papudinha"},"content":{"rendered":"<header class=\"group\/header group mx-auto box-border flex w-full max-w-full flex-col gap-4 pb-4 md:border-b md:border-neutral-200 [&amp;_.gallery]:-mx-4 [&amp;_.gallery]:outline [&amp;_.gallery]:outline-2 [&amp;_.gallery]:outline-neutral-950 [&amp;_.gallery]:lg:-mx-0 [&amp;_.gallery]:lg:outline-none\">\n<div class=\"flex w-full flex-col gap-4\">\n<div class=\"border-b pb-4 lg:border-b-0 lg:pb-0\" tabindex=\"1\">\n<h1 class=\"font-bold text-3xl lg:text-4xl\">Tarc\u00edsio chega \u00e0 Papudinha para visitar Bolsonaro<\/h1>\n<\/div>\n<div tabindex=\"2\">\n<h2 class=\"text-lg font-normal group-[.isActiveSource]:text-xl\" data-single-excerpt=\"true\">Encontro foi autorizado pelo ministro Alexandre de Moraes, do Supremo Tribunal Federal<\/h2>\n<\/div>\n<\/div>\n<div class=\"flex w-full flex-col gap-1\" data-single-author=\"true\"><span class=\"text-sm font-normal\"><a class=\"text-sm underline\" href=\"https:\/\/www.cnnbrasil.com.br\/autor\/da-cnn-brasil\/\" target=\"_self\"><span class=\"text-sm font-medium\">Da CNN Brasil<\/span><\/a>, S\u00e3o Paulo e Bras\u00edlia<\/span><time class=\"text-sm font-normal text-neutral-400\" datetime=\"2026-01-29T11:18:03Z\"><\/time><\/div>\n<div class=\"h-auto w-fit cursor-pointer group-has-[.featuredImage]:w-full group-has-[.gallery]:w-full group-has-[.mosaic-large]:w-full group-has-[.mosaic-small]:w-fit [#gut-square_&amp;]:w-full [#gut-square_&amp;]:lg:w-fit [#gut-trio_&amp;]:w-full [#manchete-section-one_&amp;]:h-full [#manchete-section-one_&amp;]:w-full\">\n<div class=\"group\/featureImage featuredImage relative w-full\" data-image=\"true\">\n<figure class=\"group\/featureImage featuredImage relative z-10 mb-4 flex shrink flex-col gap-2\">\n<div class=\"featuredImage--image z-10 -mx-4 flex items-center justify-center bg-neutral-950 lg:mx-0 lg:overflow-hidden lg:rounded-lg\"><picture class=\"flex object-cover overflow-clip w-full aspect-video\"><source srcset=\"https:\/\/admin.cnnbrasil.com.br\/wp-content\/uploads\/sites\/12\/2025\/12\/GettyImages-2110561863-e1765388243860.jpg?w=1200&amp;h=900&amp;crop=0\" media=\"(min-width: 1024px)\" \/><source srcset=\"https:\/\/admin.cnnbrasil.com.br\/wp-content\/uploads\/sites\/12\/2025\/12\/GettyImages-2110561863-e1765388243860.jpg?w=849&amp;h=477&amp;crop=0\" media=\"(min-width: 768px)\" \/><img loading=\"lazy\" decoding=\"async\" class=\"flex size-full object-cover\" src=\"https:\/\/admin.cnnbrasil.com.br\/wp-content\/uploads\/sites\/12\/2025\/12\/GettyImages-2110561863-e1765388243860.jpg?w=419&amp;h=283&amp;crop=0\" alt=\"\" width=\"419\" height=\"283\" \/><\/picture><\/div><figcaption class=\"featuredImage--caption text-neutral-500\"><span class=\"text-sm font-medium featuredImage--subtitle\">O governador de S\u00e3o Paulo, Tarc\u00edsio de Freitas (Republicanos)<\/span><span class=\"text-xs font-normal featuredImage--credits\">\u00a0 \u2022 Bruno Escolastico Sousa Silva\/Getty Images<\/span><\/figcaption><\/figure>\n<\/div>\n<\/div>\n<\/header>\n<div class=\"text-lg w-full pt-6 font-light text-neutral-800 group-[.isActiveSource&gt;*]:text-xl md:pt-10 [&amp;&gt;*:not(.single-product)]:mx-auto [&amp;&gt;*:not(.single-product)]:max-w-2xl [&amp;_.gallery]:mb-4 [&amp;_p]:my-4 first:[&amp;_p]:mt-0 [&amp;_strong]:font-medium\" style=\"--tw-border-spacing-x: 0; --tw-border-spacing-y: 0; --tw-translate-x: 0; --tw-translate-y: 0; --tw-rotate: 0; --tw-skew-x: 0; --tw-skew-y: 0; --tw-scale-x: 1; --tw-scale-y: 1; --tw-scroll-snap-strictness: proximity; --tw-ring-offset-width: 0px; --tw-ring-offset-color: #fff; --tw-ring-color: rgb(59 130 246\/0.5); --tw-ring-offset-shadow: 0 0 #0000; --tw-ring-shadow: 0 0 #0000; --tw-shadow: 0 0 #0000; --tw-shadow-colored: 0 0 #0000; box-sizing: border-box; border: 0px solid #e5e7eb; width: 949px; padding-top: 2.5rem; font-size: 1.125rem; line-height: 1.75rem; font-weight: 300; --tw-text-opacity: 1; color: rgb(38 38 38\/var(--tw-text-opacity,1)); font-family: cnnSans, 'cnnSans Fallback'; font-style: normal; font-variant-ligatures: normal; font-variant-caps: normal; letter-spacing: normal; orphans: 2; text-align: start; text-indent: 0px; text-transform: none; white-space: normal; widows: 2; word-spacing: 0px; -webkit-text-stroke-width: 0px; text-decoration-thickness: initial; text-decoration-style: initial; text-decoration-color: initial;\" data-single-content=\"true\">\n<p class=\"my-5 break-words group-[.isActiveSource]:text-xl second_blur_0\">O governador de S\u00e3o Paulo, Tarc\u00edsio de Freitas (Republicanos), chegou \u00e0 Papudinha, em Bras\u00edlia, para visitar o ex-presidente Jair Bolsonaro (PL).<\/p>\n<p class=\"my-5 break-words group-[.isActiveSource]:text-xl\">O encontro foi autorizado pelo ministro Alexandre de Moraes, do STF (Supremo Tribunal Federal). O governador poder\u00e1 permanecer no local at\u00e9 \u00e0s 13h.<\/p>\n<p class=\"my-5 break-words group-[.isActiveSource]:text-xl\">Moraes j\u00e1 havia autorizado a visita de Tarc\u00edsio para o dia 22 deste m\u00eas, mas o governador n\u00e3o compareceu. Publicamente,\u00a0<a class=\"text-red-600 underline hover:text-red-500 font-medium break-words group-[.isActiveSource]:text-xl\" href=\"https:\/\/www.cnnbrasil.com.br\/politica\/tarcisio-cita-motivos-de-agenda-e-adia-visita-a-bolsonaro-na-papudinha\/\" target=\"_blank\" rel=\"noopener noreferrer\">ele alegou quest\u00f5es de agenda<\/a>\u00a0para n\u00e3o embarcar a Bras\u00edlia.<\/p>\n<p class=\"my-5 break-words group-[.isActiveSource]:text-xl\">At\u00e9 ent\u00e3o, o \u00f9ltimo encontro entre os dois aliados havia ocorrido em agosto do ano passado, quando o ex-presidente estava em pris\u00e3o domiciliar. Nesse \u00ednterim, Bolsonaro teve a condena\u00e7\u00e3o no caso da trama golpista transitada em julgado e passou a cumprir pena em unidade prisional.<\/p>\n<p class=\"my-5 break-words group-[.isActiveSource]:text-xl\">O ministro do STF frisou na decis\u00e3o que as visitas dever\u00e3o observar as\u00a0<a class=\"text-red-600 underline hover:text-red-500 font-medium break-words group-[.isActiveSource]:text-xl\" href=\"https:\/\/www.cnnbrasil.com.br\/politica\/pm-pede-para-moraes-mudar-dia-de-visita-e-liberar-caminhada-para-bolsonaro\/\" target=\"_blank\" rel=\"noopener noreferrer\">regras estabelecidas pelo local<\/a>\u00a0onde Bolsonaro est\u00e1 preso. O ex-presidente cumpre pena no 19\u00ba Batalh\u00e3o da PMDF,\u00a0<a class=\"text-red-600 underline hover:text-red-500 font-medium break-words group-[.isActiveSource]:text-xl\" href=\"https:\/\/www.cnnbrasil.com.br\/politica\/bolsonaro-na-papudinha-o-que-se-sabe-sobre-a-nova-prisao-do-ex-presidente\/\" target=\"_blank\" rel=\"noopener noreferrer\">unidade conhecida como \u2010Papudinha\u201d<\/a>.<\/p>\n<div id=\"jceh-cxQPQY\" class=\"group relative my-4 flex aspect-video w-full cursor-pointer items-center justify-center overflow-hidden rounded-lg bg-black bg-cover bg-center [&amp;_div]:!absolute [&amp;_div]:!aspect-video [&amp;_div]:!size-full [&amp;_iframe]:!absolute [&amp;_iframe]:!aspect-video [&amp;_iframe]:!size-full\" data-video=\"youtube\"><iframe loading=\"lazy\" id=\"jceh-cxQPQY-player\" title=\"Bolsonaro usar\u00e1 visitas na Papudinha para manter controle pol\u00edtico |\u00a0 LIVE CNN\" src=\"https:\/\/www.youtube.com\/embed\/jceh-cxQPQY?embed_config=%7B%22adsConfig%22%3A%7B%22disableAds%22%3Atrue%7D%2C%22enableIma%22%3Atrue%7D&amp;enablejsapi=1&amp;origin=https%3A%2F%2Fwww.cnnbrasil.com.br&amp;widgetid=1&amp;forigin=https%3A%2F%2Fwww.cnnbrasil.com.br%2Fpolitica%2Ftarcisio-chega-a-papudinha-para-visitar-bolsonaro%2F&amp;aoriginsup=1&amp;gporigin=https%3A%2F%2Fwww.google.com%2F&amp;vf=6\" width=\"1280px\" height=\"720px\" frameborder=\"0\" allowfullscreen=\"allowfullscreen\" data-gtm-yt-inspected-31=\"true\" data-gtm-yt-inspected-40=\"true\" data-mce-fragment=\"1\"><\/iframe><\/div>\n<p class=\"my-5 break-words group-[.isActiveSource]:text-xl\"><em class=\"group-[.isActiveSource]:text-xl\">(Publicado por Lucas Schroeder, com informa\u00e7\u00f5es de Pedro Moreira e Laura Molfese)<\/em><\/p>\n<p>Fonte: CNN<\/p>\n<\/div>\n","protected":false},"excerpt":{"rendered":"<p>Tarc\u00edsio chega \u00e0 Papudinha para visitar Bolsonaro Encontro foi autorizado pelo ministro Alexandre de Moraes, do Supremo Tribunal Federal Da<\/p>\n","protected":false},"author":1,"featured_media":12527,"comment_status":"open","ping_status":"open","sticky":false,"template":"","format":"standard","meta":{"colormag_page_container_layout":"default_layout","colormag_page_sidebar_layout":"default_layout","footnotes":""},"categories":[90],"tags":[],"class_list":["post-12455","post","type-post","status-publish","format-standard","has-post-thumbnail","hentry","category-brasil"],"_links":{"self":[{"href":"http:\/\/metropoleemfoco.com.br\/index.php?rest_route=\/wp\/v2\/posts\/12455","targetHints":{"allow":["GET"]}}],"collection":[{"href":"http:\/\/metropoleemfoco.com.br\/index.php?rest_route=\/wp\/v2\/posts"}],"about":[{"href":"http:\/\/metropoleemfoco.com.br\/index.php?rest_route=\/wp\/v2\/types\/post"}],"author":[{"embeddable":true,"href":"http:\/\/metropoleemfoco.com.br\/index.php?rest_route=\/wp\/v2\/users\/1"}],"replies":[{"embeddable":true,"href":"http:\/\/metropoleemfoco.com.br\/index.php?rest_route=%2Fwp%2Fv2%2Fcomments&post=12455"}],"version-history":[{"count":3,"href":"http:\/\/metropoleemfoco.com.br\/index.php?rest_route=\/wp\/v2\/posts\/12455\/revisions"}],"predecessor-version":[{"id":12463,"href":"http:\/\/metropoleemfoco.com.br\/index.php?rest_route=\/wp\/v2\/posts\/12455\/revisions\/12463"}],"wp:featuredmedia":[{"embeddable":true,"href":"http:\/\/metropoleemfoco.com.br\/index.php?rest_route=\/wp\/v2\/media\/12527"}],"wp:attachment":[{"href":"http:\/\/metropoleemfoco.com.br\/index.php?rest_route=%2Fwp%2Fv2%2Fmedia&parent=12455"}],"wp:term":[{"taxonomy":"category","embeddable":true,"href":"http:\/\/metropoleemfoco.com.br\/index.php?rest_route=%2Fwp%2Fv2%2Fcategories&post=12455"},{"taxonomy":"post_tag","embeddable":true,"href":"http:\/\/metropoleemfoco.com.br\/index.php?rest_route=%2Fwp%2Fv2%2Ftags&post=12455"}],"curies":[{"name":"wp","href":"https:\/\/api.w.org\/{rel}","templated":true}]}}