{"id":12276,"date":"2026-01-24T06:00:20","date_gmt":"2026-01-24T09:00:20","guid":{"rendered":"http:\/\/metropoleemfoco.com.br\/?p=12276"},"modified":"2026-01-23T22:31:36","modified_gmt":"2026-01-24T01:31:36","slug":"tiros-na-vila-mariana-policial-reage-a-assalto-e-atira-contra-dois-criminosos-na-zona-sul-de-sp","status":"publish","type":"post","link":"http:\/\/metropoleemfoco.com.br\/?p=12276","title":{"rendered":"Tiros na Vila Mariana: Policial reage a assalto e atira contra dois criminosos na Zona Sul de SP"},"content":{"rendered":"<div class=\"mc-article-header\">\n<div class=\"row content-head mc-column non-featured \">\n<div class=\"title\" data-block-type=\"title\" data-block-id=\"0\">\n<h1 class=\"content-head__title\">Tiros na Vila Mariana: Policial reage a assalto e atira contra dois criminosos na Zona Sul de SP<\/h1>\n<\/div>\n<div class=\"medium-centered subtitle\">\n<h2 class=\"content-head__subtitle\">Segundo a Pol\u00edcia Militar, o agente estava com dois filhos menores no carro quando foi abordado pelos ladr\u00f5es em uma moto. Os criminosos fugiram do local e n\u00e3o foram presos. As crian\u00e7as est\u00e3o bem.<\/h2>\n<\/div>\n<\/div>\n<div class=\"content__signa-share mc-column\">\n<div class=\"content__signature\">\n<div class=\"content-publication-data\">\n<div class=\"content-publication-data__text\">\n<p class=\"content-publication-data__from\" title=\"Bervelin Albuquerque, Leonardo Pinheiro\">Por\u00a0<a class=\"multi_signatures\" href=\"https:\/\/g1.globo.com\/autores\/bervelin-albuquerque\/\">Bervelin Albuquerque<\/a>,\u00a0<a class=\"multi_signatures\" href=\"https:\/\/g1.globo.com\/autores\/leonardo-pinheiro\/\">Leonardo Pinheiro<\/a>, TV Globo\u00a0\u2014 S\u00e3o Paulo<\/p>\n<\/div>\n<\/div>\n<\/div>\n<\/div>\n<div class=\"glb-share-bar content__share-bar\">\n<div class=\"glb-share-bar_icons\">\n<div class=\"glb-share-bar_button-img\"><\/div>\n<div class=\"glb-share-bar_button-img\"><\/div>\n<div class=\"glb-share-bar_button-img\"><\/div>\n<\/div>\n<\/div>\n<div class=\"mc-summary mc-column\" data-block-type=\"summary\" data-block-id=\"1\">\n<details class=\"mc-summary-card bs-block--exclude-chunk-children\">\n<div class=\"mc-summary-card__summary-container\"><\/div>\n<div class=\"mc-summary-card__content\">\n<ul class=\"mc-summary-card__list\">\n<li class=\"mc-summary-card__item\">\n<div id=\"chunk-5emgu\">\n<div class=\"mc-column content-text active-extra-styles \" data-block-type=\"unstyled\" data-block-weight=\"\">\n<p class=\" content-text__container \" data-track-category=\"Link no Texto\" data-track-links=\"\">Um policial militar de folga reagiu a um assalto na manh\u00e3 desta quinta-feira (21) e trocou tiros com dois criminosos na Rua Humberto I, na Vila Mariana, Zona Sul de S\u00e3o Paulo.<\/p>\n<\/div>\n<\/div>\n<\/li>\n<li class=\"mc-summary-card__item\">\n<div id=\"chunk-9s06j\">\n<div class=\"mc-column content-text active-extra-styles \" data-block-type=\"unstyled\" data-block-weight=\"\">\n<p class=\" content-text__container \" data-track-category=\"Link no Texto\" data-track-links=\"\">Segundo a Pol\u00edcia Militar, o agente estava com dois filhos menores no carro quando foi abordado pelos ladr\u00f5es em uma moto.<\/p>\n<\/div>\n<\/div>\n<\/li>\n<li class=\"mc-summary-card__item\">\n<div id=\"chunk-2pdmb\">\n<div class=\"mc-column content-text active-extra-styles \" data-block-type=\"unstyled\" data-block-weight=\"\">\n<p class=\" content-text__container \" data-track-category=\"Link no Texto\" data-track-links=\"\">Ele reagiu e trocou tiros com os criminosos, que fugiram do local. N\u00e3o h\u00e1 informa\u00e7\u00f5es sobre se os bandidos foram baleados. O policial e os filhos n\u00e3o foram atingidos.<\/p>\n<\/div>\n<\/div>\n<\/li>\n<\/ul>\n<\/div>\n<\/details>\n<\/div>\n<\/div>\n<div class=\"mc-article-body\">\n<article>\n<div id=\"chunk-bs01i\">\n<div class=\"cxm-block-video content-media mc-column \" data-block-type=\"backstage-video\" data-block-id=\"2\">\n<div class=\"cxm-block-video__container cxm-block-video__container--fallback \">\n<div class=\"cxm-block-video__player-fixer\">\n<article class=\"cxm-block-video__player-wrapper\">\n<section class=\"cxm-block-video__player\">\n<div class=\"cxm-block-video__placeholder\" data-video-id=\"14277136\"><img decoding=\"async\" class=\"cxm-block-video__thumb\" title=\"Policial reage a assalto e atira contra dois criminosos na Vila Mariana, Zona Sul de SP\" src=\"https:\/\/s01.video.glbimg.com\/x240\/14277136.jpg\" alt=\"Policial reage a assalto e atira contra dois criminosos na Vila Mariana, Zona Sul de SP\" \/><\/div>\n<\/section>\n<\/article>\n<\/div>\n<div class=\"cxm-block-video__caption-container\">\n<p class=\"codex-caption codex-caption--small\">Policial reage a assalto e atira contra dois criminosos na Vila Mariana, Zona Sul de SP<\/p>\n<\/div>\n<\/div>\n<\/div>\n<\/div>\n<div id=\"chunk-673cf\">\n<div class=\"mc-column content-text active-extra-styles \" data-block-type=\"unstyled\" data-block-weight=\"33\" data-block-id=\"3\">\n<p class=\" content-text__container \" data-track-category=\"Link no Texto\" data-track-links=\"\">Um policial militar de folga reagiu a um assalto na manh\u00e3 desta quinta-feira (21) e trocou tiros com dois criminosos na Rua Humberto I, na Vila Mariana, Zona Sul de S\u00e3o Paulo.<\/p>\n<\/div>\n<\/div>\n<div class=\"wall protected-content\">\n<div id=\"chunk-f23tb\">\n<div class=\"mc-column content-text active-extra-styles \" data-block-type=\"unstyled\" data-block-weight=\"35\" data-block-id=\"5\">\n<p class=\" content-text__container \" data-track-category=\"Link no Texto\" data-track-links=\"\">Segundo a Pol\u00edcia Militar, o agente estava com o filho menor de idade no carro quando foi abordado por um dos ladr\u00f5es. Ele reagiu e trocou tiros com os criminosos, que fugiram do local.<\/p>\n<\/div>\n<\/div>\n<div id=\"chunk-716jm\">\n<div class=\"mc-column content-text active-extra-styles \" data-block-type=\"unstyled\" data-block-weight=\"27\" data-block-id=\"6\">\n<p class=\" content-text__container \" data-track-category=\"Link no Texto\" data-track-links=\"\">V\u00e1rias viaturas da PM est\u00e3o no local e ocupam uma das faixas da Rua Humberto I. Os policiais procuram pelos dois ladr\u00f5es que tentaram assaltar os agentes.<\/p>\n<\/div>\n<\/div>\n<div id=\"chunk-8fhpp\">\n<div class=\"mc-column content-text active-extra-styles \" data-block-type=\"unstyled\" data-block-weight=\"18\" data-block-id=\"7\">\n<p class=\" content-text__container \" data-track-category=\"Link no Texto\" data-track-links=\"\">N\u00e3o h\u00e1 informa\u00e7\u00f5es sobre se os bandidos foram baleados. O policial e os filhos n\u00e3o foram atingidos.<\/p>\n<\/div>\n<\/div>\n<div id=\"chunk-3jbof\">\n<div class=\"row medium-uncollapsed content-media content-photo\" data-block-type=\"backstage-photo\" data-block-id=\"9\">\n<div class=\" mc-column  content-media__container\">\n<div class=\"content-media-container glb-skeleton-box\">\n<figure class=\"content-media-figure\"><img decoding=\"async\" class=\"i-amphtml-fill-content i-amphtml-replaced-content\" src=\"https:\/\/s2-g1.glbimg.com\/wK2LJVUSUwS46DYvEe7aY16R4BM=\/0x0:1920x1080\/984x0\/smart\/filters:strip_icc()\/i.s3.glbimg.com\/v1\/AUTH_59edd422c0c84a879bd37670ae4f538a\/internal_photos\/bs\/2026\/R\/6\/lVWd6IT9qL3ki9ZdWBmg\/sp1-globocop-20260122-1137-frame-28882.jpeg\" sizes=\"(max-width: 1600px) 648px, 100vw\" srcset=\"https:\/\/s2-g1.glbimg.com\/jezhMlTVzv2l_lg2l9OEs9T0bag=\/0x0:1920x1080\/1000x0\/smart\/filters:strip_icc()\/i.s3.glbimg.com\/v1\/AUTH_59edd422c0c84a879bd37670ae4f538a\/internal_photos\/bs\/2026\/R\/6\/lVWd6IT9qL3ki9ZdWBmg\/sp1-globocop-20260122-1137-frame-28882.jpeg 1000w, https:\/\/s2-g1.glbimg.com\/wK2LJVUSUwS46DYvEe7aY16R4BM=\/0x0:1920x1080\/984x0\/smart\/filters:strip_icc()\/i.s3.glbimg.com\/v1\/AUTH_59edd422c0c84a879bd37670ae4f538a\/internal_photos\/bs\/2026\/R\/6\/lVWd6IT9qL3ki9ZdWBmg\/sp1-globocop-20260122-1137-frame-28882.jpeg 984w, https:\/\/s2-g1.glbimg.com\/tk53jB2JKiLiSwC0RMgzpWK4DJ4=\/0x0:1920x1080\/640x0\/smart\/filters:strip_icc()\/i.s3.glbimg.com\/v1\/AUTH_59edd422c0c84a879bd37670ae4f538a\/internal_photos\/bs\/2026\/R\/6\/lVWd6IT9qL3ki9ZdWBmg\/sp1-globocop-20260122-1137-frame-28882.jpeg 640w, https:\/\/s2-g1.glbimg.com\/VddI-O9mgnF4vIPRa2ZAVsB66Vw=\/0x0:1920x1080\/600x0\/smart\/filters:strip_icc()\/i.s3.glbimg.com\/v1\/AUTH_59edd422c0c84a879bd37670ae4f538a\/internal_photos\/bs\/2026\/R\/6\/lVWd6IT9qL3ki9ZdWBmg\/sp1-globocop-20260122-1137-frame-28882.jpeg 600w\" alt=\"Viaturas da pol\u00edcia chegam ao local ponde PM de folga reagiu a assalto e trocou tiros com dois criminosos na Vila Mariana, Zona Sul de S\u00e3o Paulo. \u2014 Foto: Reprodu\u00e7\u00e3o\/TV Globo\" \/><\/figure>\n<\/div>\n<p class=\"content-media__description  \">Viaturas da pol\u00edcia chegam ao local ponde PM de folga reagiu a assalto e trocou tiros com dois criminosos na Vila Mariana, Zona Sul de S\u00e3o Paulo. \u2014 Foto: Reprodu\u00e7\u00e3o\/TV Globo<\/p>\n<p>Fonte: G1<\/p>\n<\/div>\n<\/div>\n<\/div>\n<\/div>\n<\/article>\n<\/div>\n","protected":false},"excerpt":{"rendered":"<p>Tiros na Vila Mariana: Policial reage a assalto e atira contra dois criminosos na Zona Sul de SP Segundo a<\/p>\n","protected":false},"author":1,"featured_media":12283,"comment_status":"open","ping_status":"open","sticky":false,"template":"","format":"standard","meta":{"colormag_page_container_layout":"default_layout","colormag_page_sidebar_layout":"default_layout","footnotes":""},"categories":[17],"tags":[],"class_list":["post-12276","post","type-post","status-publish","format-standard","has-post-thumbnail","hentry","category-zona-sul"],"_links":{"self":[{"href":"http:\/\/metropoleemfoco.com.br\/index.php?rest_route=\/wp\/v2\/posts\/12276","targetHints":{"allow":["GET"]}}],"collection":[{"href":"http:\/\/metropoleemfoco.com.br\/index.php?rest_route=\/wp\/v2\/posts"}],"about":[{"href":"http:\/\/metropoleemfoco.com.br\/index.php?rest_route=\/wp\/v2\/types\/post"}],"author":[{"embeddable":true,"href":"http:\/\/metropoleemfoco.com.br\/index.php?rest_route=\/wp\/v2\/users\/1"}],"replies":[{"embeddable":true,"href":"http:\/\/metropoleemfoco.com.br\/index.php?rest_route=%2Fwp%2Fv2%2Fcomments&post=12276"}],"version-history":[{"count":1,"href":"http:\/\/metropoleemfoco.com.br\/index.php?rest_route=\/wp\/v2\/posts\/12276\/revisions"}],"predecessor-version":[{"id":12284,"href":"http:\/\/metropoleemfoco.com.br\/index.php?rest_route=\/wp\/v2\/posts\/12276\/revisions\/12284"}],"wp:featuredmedia":[{"embeddable":true,"href":"http:\/\/metropoleemfoco.com.br\/index.php?rest_route=\/wp\/v2\/media\/12283"}],"wp:attachment":[{"href":"http:\/\/metropoleemfoco.com.br\/index.php?rest_route=%2Fwp%2Fv2%2Fmedia&parent=12276"}],"wp:term":[{"taxonomy":"category","embeddable":true,"href":"http:\/\/metropoleemfoco.com.br\/index.php?rest_route=%2Fwp%2Fv2%2Fcategories&post=12276"},{"taxonomy":"post_tag","embeddable":true,"href":"http:\/\/metropoleemfoco.com.br\/index.php?rest_route=%2Fwp%2Fv2%2Ftags&post=12276"}],"curies":[{"name":"wp","href":"https:\/\/api.w.org\/{rel}","templated":true}]}}