{"id":12274,"date":"2026-01-24T06:00:14","date_gmt":"2026-01-24T09:00:14","guid":{"rendered":"http:\/\/metropoleemfoco.com.br\/?p=12274"},"modified":"2026-01-23T22:27:47","modified_gmt":"2026-01-24T01:27:47","slug":"selecao-brasileira-masculina-de-basquete-volta-a-belo-horizonte-apos-mais-de-20-anos","status":"publish","type":"post","link":"http:\/\/metropoleemfoco.com.br\/?p=12274","title":{"rendered":"Sele\u00e7\u00e3o Brasileira Masculina de Basquete volta a Belo Horizonte ap\u00f3s mais de 20 anos"},"content":{"rendered":"<div class=\"ArticlePage-lede\">\n<div class=\"ArticlePage-lede-content\">\n<h1 class=\"Page-headline\">Sele\u00e7\u00e3o Brasileira Masculina de Basquete volta a Belo Horizonte ap\u00f3s mais de 20 anos<\/h1>\n<h2 class=\"Page-subHeadline\">Equipe nacional far\u00e1 dois jogos na capital mineira em fevereiro e mar\u00e7o<\/h2>\n<div class=\"ArticlePage-actions-wrapper\">\n<div class=\"Page-byline\">\n<div class=\"Page-datePublished\"><\/div>\n<div class=\"Page-authors\"><a class=\"Link\" title=\"Karen Cristina \" href=\"https:\/\/www.itatiaia.com.br\/autores\/karen-cristina\" rel=\"author\">Karen Cristina<\/a><\/div>\n<\/div>\n<\/div>\n<\/div>\n<\/div>\n<div class=\"Page-lead\"><button class=\"containerImg\"><\/button><button class=\"containerImg\"><picture><source srcset=\"https:\/\/medias.itatiaia.com.br\/dims4\/default\/5bca09a\/2147483647\/strip\/true\/crop\/1123x632+0+48\/resize\/568x320!\/format\/webp\/quality\/90\/?url=https%3A%2F%2Fk2-prod-radio-itatiaia.s3.us-east-1.amazonaws.com%2Fbrightspot%2Fb9%2Fc9%2F0c17d3b348daad1e9ef2b66fe89d%2Fwhatsapp-image-2026-01-23-at-15-33-08.jpeg 568w,https:\/\/medias.itatiaia.com.br\/dims4\/default\/e5afeb1\/2147483647\/strip\/true\/crop\/1123x632+0+48\/resize\/768x432!\/format\/webp\/quality\/90\/?url=https%3A%2F%2Fk2-prod-radio-itatiaia.s3.us-east-1.amazonaws.com%2Fbrightspot%2Fb9%2Fc9%2F0c17d3b348daad1e9ef2b66fe89d%2Fwhatsapp-image-2026-01-23-at-15-33-08.jpeg 768w,https:\/\/medias.itatiaia.com.br\/dims4\/default\/43f0544\/2147483647\/strip\/true\/crop\/1123x632+0+48\/resize\/1000x563!\/format\/webp\/quality\/90\/?url=https%3A%2F%2Fk2-prod-radio-itatiaia.s3.us-east-1.amazonaws.com%2Fbrightspot%2Fb9%2Fc9%2F0c17d3b348daad1e9ef2b66fe89d%2Fwhatsapp-image-2026-01-23-at-15-33-08.jpeg 1000w\" type=\"image\/webp\" \/><source srcset=\"https:\/\/medias.itatiaia.com.br\/dims4\/default\/fa6ebd3\/2147483647\/strip\/true\/crop\/1123x632+0+48\/resize\/1000x563!\/quality\/90\/?url=https%3A%2F%2Fk2-prod-radio-itatiaia.s3.us-east-1.amazonaws.com%2Fbrightspot%2Fb9%2Fc9%2F0c17d3b348daad1e9ef2b66fe89d%2Fwhatsapp-image-2026-01-23-at-15-33-08.jpeg\" \/><img loading=\"lazy\" decoding=\"async\" class=\"Image\" src=\"https:\/\/medias.itatiaia.com.br\/dims4\/default\/fa6ebd3\/2147483647\/strip\/true\/crop\/1123x632+0+48\/resize\/1000x563!\/quality\/90\/?url=https%3A%2F%2Fk2-prod-radio-itatiaia.s3.us-east-1.amazonaws.com%2Fbrightspot%2Fb9%2Fc9%2F0c17d3b348daad1e9ef2b66fe89d%2Fwhatsapp-image-2026-01-23-at-15-33-08.jpeg\" alt=\"Sele\u00e7\u00e3o Brasileira de Basquete far\u00e1 jogo em BH\" width=\"1000\" height=\"563\" \/><\/picture><\/button><\/p>\n<div class=\"Figure-credit margin-small\">\n<p>Divulga\u00e7\u00e3o\/CBB via X<\/p>\n<\/div>\n<div class=\"Figure-content\">\n<p>Sele\u00e7\u00e3o Brasileira de Basquete far\u00e1 jogo em BH<\/p>\n<\/div>\n<\/div>\n<div class=\"Page-articleBody\" data-mrf-recirculation=\"Links do corpo do artigo\">\n<div class=\"RichTextArticleBody RichTextBody\">\n<p>A Sele\u00e7\u00e3o Brasileira Masculina de Basquete retorna a Belo Horizonte ap\u00f3s mais de 20 anos. A equipe nacional far\u00e1 dois jogos na Arena UniBH entre os dias 27 de fevereiro e 2 de mar\u00e7o. As partidas s\u00e3o v\u00e1lidas pelas Eliminat\u00f3rias da Copa do Mundo Catar 2027.<\/p>\n<p>O primeiro jogo do Brasil na capital mineira ser\u00e1 contra a Venezuela, no dia 27 de fevereiro, \u00e0s 19h (de Bras\u00edlia). Depois, a equipe nacional vai enfrentar a Col\u00f4mbia, no dia 2 de mar\u00e7o, tamb\u00e9m \u00e0s 19h (de Bras\u00edlia).<\/p>\n<p>As partidas marcam o retorno da Sele\u00e7\u00e3o Masculina de Basquete a BH ap\u00f3s mais de duas d\u00e9cadas. A \u00faltima vez que a equipe entrou em quadra em solo belorizontino foi em 2005, quando enfrentou Canad\u00e1, Estados Unidos e Uruguai em torneio preparat\u00f3rio para a Copa Am\u00e9rica daquele ano.<\/p>\n<div id=\"itatiaia-follow-cta\">\n<div class=\"cta-text-container\"><span class=\"cta-title\">Mais de\u00a0<strong>sete milh\u00f5es de pessoas seguem a Itatiaia<\/strong>\u00a0no Google!<\/span><\/div>\n<div class=\"cta-button\">Seguir no Google<\/div>\n<\/div>\n<p>O presidente da Confedera\u00e7\u00e3o Brasileira de Basquete, Marcelo Sousa, celebrou a volta da Sele\u00e7\u00e3o a BH.<\/p>\n<p>\u201cTenho certeza que teremos duas grandes festas na Arena UniBH com a Sele\u00e7\u00e3o em Belo Horizonte. A cidade ama o basquete, o Minas \u00e9 um dos mais tradicionais do pa\u00eds e a Arena \u00e9 incr\u00edvel. Quero agradecer ao Minas pela parceria e esperamos todos os f\u00e3s l\u00e1\u201d, declarou o mandat\u00e1rio.<\/p>\n<h3>Brasil nas Eliminat\u00f3rias<\/h3>\n<p>O Brasil est\u00e1 no Grupo C das Eliminat\u00f3rias, ao lado de Chile, Col\u00f4mbia e Venezuela. At\u00e9 aqui, a equipe nacional soma duas vit\u00f3rias contra a Sele\u00e7\u00e3o Chilena (82 x 66 e 78 x 62).<\/p>\n<p>As Eliminat\u00f3rias da Copa do Mundo de Basquete s\u00e3o divididas em duas etapas. Na primeira fase, 16 equipes s\u00e3o divididas em quatro grupos. As equipes dentro da mesma chave se enfrentam em partidas de ida e volta. Os melhores tr\u00eas colocados de cada grupo avan\u00e7am para a pr\u00f3xima etapa.<\/p>\n<p>Na segunda fase, s\u00e3o formados dois grupos com as sele\u00e7\u00f5es qualificadas. Novamente, as equipes dentro da mesma chave se enfrentam em partidas de ida e volta. Os tr\u00eas melhores de cada grupo e o melhor quarto colocado geral garantem uma vaga no mundial.<\/p>\n<p>Fonte: Radio Itatiaia<\/p>\n<\/div>\n<\/div>\n","protected":false},"excerpt":{"rendered":"<p>Sele\u00e7\u00e3o Brasileira Masculina de Basquete volta a Belo Horizonte ap\u00f3s mais de 20 anos Equipe nacional far\u00e1 dois jogos na<\/p>\n","protected":false},"author":1,"featured_media":12279,"comment_status":"open","ping_status":"open","sticky":false,"template":"","format":"standard","meta":{"colormag_page_container_layout":"default_layout","colormag_page_sidebar_layout":"default_layout","footnotes":""},"categories":[94],"tags":[],"class_list":["post-12274","post","type-post","status-publish","format-standard","has-post-thumbnail","hentry","category-basquete"],"_links":{"self":[{"href":"http:\/\/metropoleemfoco.com.br\/index.php?rest_route=\/wp\/v2\/posts\/12274","targetHints":{"allow":["GET"]}}],"collection":[{"href":"http:\/\/metropoleemfoco.com.br\/index.php?rest_route=\/wp\/v2\/posts"}],"about":[{"href":"http:\/\/metropoleemfoco.com.br\/index.php?rest_route=\/wp\/v2\/types\/post"}],"author":[{"embeddable":true,"href":"http:\/\/metropoleemfoco.com.br\/index.php?rest_route=\/wp\/v2\/users\/1"}],"replies":[{"embeddable":true,"href":"http:\/\/metropoleemfoco.com.br\/index.php?rest_route=%2Fwp%2Fv2%2Fcomments&post=12274"}],"version-history":[{"count":1,"href":"http:\/\/metropoleemfoco.com.br\/index.php?rest_route=\/wp\/v2\/posts\/12274\/revisions"}],"predecessor-version":[{"id":12280,"href":"http:\/\/metropoleemfoco.com.br\/index.php?rest_route=\/wp\/v2\/posts\/12274\/revisions\/12280"}],"wp:featuredmedia":[{"embeddable":true,"href":"http:\/\/metropoleemfoco.com.br\/index.php?rest_route=\/wp\/v2\/media\/12279"}],"wp:attachment":[{"href":"http:\/\/metropoleemfoco.com.br\/index.php?rest_route=%2Fwp%2Fv2%2Fmedia&parent=12274"}],"wp:term":[{"taxonomy":"category","embeddable":true,"href":"http:\/\/metropoleemfoco.com.br\/index.php?rest_route=%2Fwp%2Fv2%2Fcategories&post=12274"},{"taxonomy":"post_tag","embeddable":true,"href":"http:\/\/metropoleemfoco.com.br\/index.php?rest_route=%2Fwp%2Fv2%2Ftags&post=12274"}],"curies":[{"name":"wp","href":"https:\/\/api.w.org\/{rel}","templated":true}]}}