{"id":12273,"date":"2026-01-24T06:00:12","date_gmt":"2026-01-24T09:00:12","guid":{"rendered":"http:\/\/metropoleemfoco.com.br\/?p=12273"},"modified":"2026-01-23T22:26:21","modified_gmt":"2026-01-24T01:26:21","slug":"final-da-copinha-veja-data-horario-e-onde-assistir","status":"publish","type":"post","link":"http:\/\/metropoleemfoco.com.br\/?p=12273","title":{"rendered":"Final da Copinha: veja data, hor\u00e1rio e onde assistir"},"content":{"rendered":"<div class=\"mc-article-header\">\n<div class=\"row content-head mc-column non-featured \">\n<div class=\"title\" data-block-type=\"title\" data-block-id=\"0\">\n<h1 class=\"content-head__title\">Final da Copinha: veja data, hor\u00e1rio e onde assistir<\/h1>\n<\/div>\n<div class=\"medium-centered subtitle\">\n<h2 class=\"content-head__subtitle\">Cruzeiro e S\u00e3o Paulo v\u00e3o disputar o t\u00edtulo da 56\u00aa edi\u00e7\u00e3o na Arena Mercado Livre Pacaembu<\/h2>\n<\/div>\n<\/div>\n<div class=\"content__signa-share mc-column\">\n<div class=\"content__signature\">\n<div class=\"content-publication-data\">\n<div class=\"content-publication-data__text\">\n<p class=\"content-publication-data__from\" title=\"Reda\u00e7\u00e3o do ge\">Por Reda\u00e7\u00e3o do ge\u00a0\u2014 S\u00e3o Paulo, SP<\/p>\n<\/div>\n<\/div>\n<\/div>\n<\/div>\n<div class=\"glb-share-bar content__share-bar\">\n<div class=\"glb-share-bar_icons\">\n<div class=\"glb-share-bar_button-img\"><\/div>\n<div class=\"glb-share-bar_button-img\"><\/div>\n<div class=\"glb-share-bar_button-img\"><\/div>\n<\/div>\n<\/div>\n<hr class=\"content__divider \" \/>\n<\/div>\n<div class=\"mc-article-body\">\n<article>\n<div id=\"chunk-6akf6\">\n<div class=\"cxm-block-video content-media mc-column \" data-block-type=\"backstage-video\" data-block-id=\"1\">\n<div class=\"cxm-block-video__container \">\n<div class=\"cxm-block-video__player-fixer\">\n<article class=\"cxm-block-video__player-wrapper\">\n<section class=\"cxm-block-video__player\">\n<div class=\"cxm-block-video__placeholder\" data-video-id=\"14277487\"><img decoding=\"async\" class=\"cxm-block-video__thumb\" title=\"Gr\u00eamio 2 x 3 Cruzeiro | Melhores Momentos | Semifinal | Copa SP de Futebol J\u00fanior\" src=\"https:\/\/s04.video.glbimg.com\/x240\/14277487.jpg\" alt=\"Gr\u00eamio 2 x 3 Cruzeiro | Melhores Momentos | Semifinal | Copa SP de Futebol J\u00fanior\" \/><\/div>\n<\/section>\n<\/article>\n<\/div>\n<div class=\"cxm-block-video__caption-container\">\n<p class=\"codex-caption codex-caption--small\">Gr\u00eamio 2 x 3 Cruzeiro | Melhores Momentos | Semifinal | Copa SP de Futebol J\u00fanior<\/p>\n<\/div>\n<\/div>\n<\/div>\n<\/div>\n<div id=\"chunk-m2o8\">\n<div class=\"mc-column content-text active-extra-styles \" data-block-type=\"unstyled\" data-block-weight=\"45\" data-block-id=\"2\">\n<p class=\" content-text__container \" data-track-category=\"Link no Texto\" data-track-links=\"\">A final da 56\u00aa edi\u00e7\u00e3o da Copa\u00a0<a class=\"\" href=\"https:\/\/globoesporte.globo.com\/futebol\/times\/sao-paulo\/\">S\u00e3o Paulo<\/a>\u00a0de Futebol J\u00fanior, entre\u00a0<a class=\"\" href=\"https:\/\/globoesporte.globo.com\/futebol\/times\/cruzeiro\/\">Cruzeiro<\/a>\u00a0e S\u00e3o Paulo, est\u00e1 marcada para domingo, 25 de janeiro, anivers\u00e1rio de 472 anos da cidade de S\u00e3o Paulo, a partir das 11h (de Bras\u00edlia), na Arena Mercado Livre Pacaembu.<\/p>\n<\/div>\n<\/div>\n<div class=\"wall protected-content\">\n<div id=\"chunk-aqhr2\">\n<div class=\"mc-column content-text active-extra-styles \" data-block-type=\"unstyled\" data-block-weight=\"46\" data-block-id=\"4\">\n<p class=\" content-text__container \" data-track-category=\"Link no Texto\" data-track-links=\"\">O Cruzeiro j\u00e1 estava garantido na decis\u00e3o desde a \u00faltima quarta-feira, quando eliminaram\u00a0<a class=\"\" href=\"https:\/\/ge.globo.com\/sp\/vale-do-paraiba-regiao\/futebol\/copa-sp-de-futebol-junior\/jogo\/21-01-2026\/gremio-cruzeiro.ghtml\">o Gr\u00eamio com uma vit\u00f3ria de virada por 3 a 2\u00a0<\/a>. O S\u00e3o Paulo, por sua vez, carimbou a vaga nesta quinta,\u00a0<a class=\"\" href=\"https:\/\/ge.globo.com\/sp\/tem-esporte\/futebol\/copa-sp-de-futebol-junior\/jogo\/22-01-2026\/sao-paulo-ibrachina.ghtml\">com a goleada por 4 a 1 sobre o Ibrachina.<\/a><\/p>\n<\/div>\n<\/div>\n<div id=\"chunk-c179p\">\n<div class=\"mc-column content-text active-extra-styles \" data-block-type=\"unstyled\" data-block-weight=\"30\" data-block-id=\"7\">\n<p class=\" content-text__container \" data-track-category=\"Link no Texto\" data-track-links=\"\">Os mineiros v\u00e3o em busca do bicampeonato &#8211; a primeira conquista foi em 2007, justamente contra o S\u00e3o Paulo. J\u00e1 o Tricolor, atual campe\u00e3o, jogar\u00e1 pelo sexto t\u00edtulo.<\/p>\n<\/div>\n<\/div>\n<div id=\"chunk-7ru32\">\n<div class=\"row medium-uncollapsed content-media content-photo\" data-block-type=\"backstage-photo\" data-block-id=\"8\">\n<div class=\" mc-column  content-media__container\">\n<div class=\"content-media-container glb-skeleton-box\">\n<figure class=\"content-media-figure\"><img decoding=\"async\" class=\"i-amphtml-fill-content i-amphtml-replaced-content\" src=\"https:\/\/s2-ge.glbimg.com\/-Khog23JzbyfLMerJUHsOnDnFl8=\/0x0:4928x3280\/984x0\/smart\/filters:strip_icc()\/i.s3.glbimg.com\/v1\/AUTH_bc8228b6673f488aa253bbcb03c80ec5\/internal_photos\/bs\/2025\/z\/L\/g5Njy5RKSbDrRaEa7OZA\/rib6157.jpg\" sizes=\"(max-width: 1600px) 648px, 100vw\" srcset=\"https:\/\/s2-ge.glbimg.com\/chx3frZkGKP8otW4d2isdv5RCpo=\/0x0:4928x3280\/1000x0\/smart\/filters:strip_icc()\/i.s3.glbimg.com\/v1\/AUTH_bc8228b6673f488aa253bbcb03c80ec5\/internal_photos\/bs\/2025\/z\/L\/g5Njy5RKSbDrRaEa7OZA\/rib6157.jpg 1000w, https:\/\/s2-ge.glbimg.com\/-Khog23JzbyfLMerJUHsOnDnFl8=\/0x0:4928x3280\/984x0\/smart\/filters:strip_icc()\/i.s3.glbimg.com\/v1\/AUTH_bc8228b6673f488aa253bbcb03c80ec5\/internal_photos\/bs\/2025\/z\/L\/g5Njy5RKSbDrRaEa7OZA\/rib6157.jpg 984w, https:\/\/s2-ge.glbimg.com\/QxgeGh0EJhWNqmYid9D0L4o31bE=\/0x0:4928x3280\/640x0\/smart\/filters:strip_icc()\/i.s3.glbimg.com\/v1\/AUTH_bc8228b6673f488aa253bbcb03c80ec5\/internal_photos\/bs\/2025\/z\/L\/g5Njy5RKSbDrRaEa7OZA\/rib6157.jpg 640w, https:\/\/s2-ge.glbimg.com\/zPXtoYOKVIKq55BUMEiS-m2DdDU=\/0x0:4928x3280\/600x0\/smart\/filters:strip_icc()\/i.s3.glbimg.com\/v1\/AUTH_bc8228b6673f488aa253bbcb03c80ec5\/internal_photos\/bs\/2025\/z\/L\/g5Njy5RKSbDrRaEa7OZA\/rib6157.jpg 600w\" alt=\"Ta\u00e7a da Copinha  \u2014 Foto: Marcos Ribolli\" \/><\/figure>\n<\/div>\n<p class=\"content-media__description  \">Ta\u00e7a da Copinha \u2014 Foto: Marcos Ribolli<\/p>\n<\/div>\n<\/div>\n<\/div>\n<div id=\"chunk-1r56o\">\n<div class=\"mc-column content-text active-extra-styles \" data-block-type=\"unstyled\" data-block-weight=\"41\" data-block-id=\"9\">\n<p class=\" content-text__container \" data-track-category=\"Link no Texto\" data-track-links=\"\">Das 128 equipes que iniciaram a competi\u00e7\u00e3o, restaram as duas \u00faltimas para disputar o trof\u00e9u. Desde a segunda fase, o mata-mata da Copinha \u00e9 disputado em jogo \u00fanico. Em caso de empate no tempo normal, a defini\u00e7\u00e3o vai para os p\u00eanaltis.<\/p>\n<\/div>\n<\/div>\n<div id=\"chunk-bq0es\">\n<div class=\"mc-column content-text active-extra-styles\" data-block-type=\"raw\" data-block-weight=\"10\" data-block-id=\"10\">\n<div class=\"content-intertitle\">\n<h2><strong>Veja data, hor\u00e1rio e onde assistir \u00e0 final da Copinha:<\/strong><\/h2>\n<\/div>\n<\/div>\n<\/div>\n<div id=\"chunk-c29a9\">\n<div class=\"mc-column content-text active-extra-styles\" data-block-type=\"raw\" data-block-weight=\"26\" data-block-id=\"11\">\n<ul class=\"content-unordered-list\">\n<li>Quem: Cruzeiro x S\u00e3o Paulo<\/li>\n<li>Quando: domingo, 25 de janeiro, \u00e0s 11h<\/li>\n<li>Local: Arena Mercado Livre Pacaembu, em S\u00e3o Paulo<\/li>\n<li>Onde assistir: Record, XSports, Youtube\/XSports, Youtube\/Caz\u00e9TV<\/li>\n<\/ul>\n<p>Fonte: Ge<\/p>\n<\/div>\n<\/div>\n<\/div>\n<\/article>\n<\/div>\n","protected":false},"excerpt":{"rendered":"<p>Final da Copinha: veja data, hor\u00e1rio e onde assistir Cruzeiro e S\u00e3o Paulo v\u00e3o disputar o t\u00edtulo da 56\u00aa edi\u00e7\u00e3o<\/p>\n","protected":false},"author":1,"featured_media":12277,"comment_status":"open","ping_status":"open","sticky":false,"template":"","format":"standard","meta":{"colormag_page_container_layout":"default_layout","colormag_page_sidebar_layout":"default_layout","footnotes":""},"categories":[92],"tags":[],"class_list":["post-12273","post","type-post","status-publish","format-standard","has-post-thumbnail","hentry","category-futebol"],"_links":{"self":[{"href":"http:\/\/metropoleemfoco.com.br\/index.php?rest_route=\/wp\/v2\/posts\/12273","targetHints":{"allow":["GET"]}}],"collection":[{"href":"http:\/\/metropoleemfoco.com.br\/index.php?rest_route=\/wp\/v2\/posts"}],"about":[{"href":"http:\/\/metropoleemfoco.com.br\/index.php?rest_route=\/wp\/v2\/types\/post"}],"author":[{"embeddable":true,"href":"http:\/\/metropoleemfoco.com.br\/index.php?rest_route=\/wp\/v2\/users\/1"}],"replies":[{"embeddable":true,"href":"http:\/\/metropoleemfoco.com.br\/index.php?rest_route=%2Fwp%2Fv2%2Fcomments&post=12273"}],"version-history":[{"count":1,"href":"http:\/\/metropoleemfoco.com.br\/index.php?rest_route=\/wp\/v2\/posts\/12273\/revisions"}],"predecessor-version":[{"id":12278,"href":"http:\/\/metropoleemfoco.com.br\/index.php?rest_route=\/wp\/v2\/posts\/12273\/revisions\/12278"}],"wp:featuredmedia":[{"embeddable":true,"href":"http:\/\/metropoleemfoco.com.br\/index.php?rest_route=\/wp\/v2\/media\/12277"}],"wp:attachment":[{"href":"http:\/\/metropoleemfoco.com.br\/index.php?rest_route=%2Fwp%2Fv2%2Fmedia&parent=12273"}],"wp:term":[{"taxonomy":"category","embeddable":true,"href":"http:\/\/metropoleemfoco.com.br\/index.php?rest_route=%2Fwp%2Fv2%2Fcategories&post=12273"},{"taxonomy":"post_tag","embeddable":true,"href":"http:\/\/metropoleemfoco.com.br\/index.php?rest_route=%2Fwp%2Fv2%2Ftags&post=12273"}],"curies":[{"name":"wp","href":"https:\/\/api.w.org\/{rel}","templated":true}]}}