{"id":12268,"date":"2026-01-24T06:00:25","date_gmt":"2026-01-24T09:00:25","guid":{"rendered":"http:\/\/metropoleemfoco.com.br\/?p=12268"},"modified":"2026-01-25T19:26:06","modified_gmt":"2026-01-25T22:26:06","slug":"governo-do-brasil-anuncia-presidente-da-cop15-sobre-especies-migratorias","status":"publish","type":"post","link":"http:\/\/metropoleemfoco.com.br\/?p=12268","title":{"rendered":"Governo do Brasil"},"content":{"rendered":"<h1 style=\"font-weight: 600;\">Governo do Brasil anuncia presidente da COP15 sobre Esp\u00e9cies Migrat\u00f3rias<\/h1>\n<p style=\"font-weight: 400;\">Secret\u00e1rio-executivo do MMA, Jo\u00e3o Paulo Capobianco, vai liderar o processo; realizada no Pantanal, confer\u00eancia ser\u00e1 promovida pela primeira vez no Brasil<\/p>\n<p><img decoding=\"async\" src=\"https:\/\/imagens.ebc.com.br\/PYGATeKAYlgDenJ4zzpUDuwyHSw=\/754x0\/smart\/https:\/\/agenciabrasil.ebc.com.br\/sites\/default\/files\/atoms\/image\/985052-rjrj-3552.jpg?itok=u58aemLi\" alt=\"COP15 de Esp\u00e9cies Migrat\u00f3rias Silvestres ser\u00e1 no Brasil em 2026 | Ag\u00eancia Brasil\" \/><\/p>\n<p>Jo\u00e3o Paulo Capobianco \u00e9 o presidente da COP15 sobre Esp\u00e9cies Migrat\u00f3rias. &#8211; Foto: Ricardo Stuckert \/ PR<\/p>\n<p style=\"font-weight: 400;\">OGoverno do Brasil anuncia, nesta\u00a0sexta-feira (23\/1),\u00a0o secret\u00e1rio-executivo do Minist\u00e9rio do Meio Ambiente e Mudan\u00e7a do Clima (MMA), Jo\u00e3o Paulo Capobianco, como presidente da 15\u00aa Confer\u00eancia das Partes da Conven\u00e7\u00e3o sobre a Conserva\u00e7\u00e3o das Esp\u00e9cies Migrat\u00f3rias de Animais Silvestres (COP15 da CMS, na sigla em ingl\u00eas).<\/p>\n<p style=\"font-weight: 400;\">A pr\u00f3xima edi\u00e7\u00e3o da confer\u00eancia acontecer\u00e1 em Campo Grande (MS) de 23 a 29 de mar\u00e7o de 2026. O evento reunir\u00e1 governos, cientistas, povos ind\u00edgenas e comunidades tradicionais e sociedade civil de todo o mundo para enfrentar os desafios urgentes de conserva\u00e7\u00e3o que acometem milhares de esp\u00e9cies de animais silvestres que cruzam fronteiras internacionais terrestres, marinhas e a\u00e9reas. Esta ser\u00e1 a primeira vez que o Brasil sediar\u00e1 a reuni\u00e3o \u2013 a \u00faltima promovida na Am\u00e9rica Latina ocorreu em 2014, no Equador.<\/p>\n<p style=\"font-weight: 400;\">O presidente da COP15 ser\u00e1 respons\u00e1vel por articular as negocia\u00e7\u00f5es entre os pa\u00edses para impulsionar a conectividade ecol\u00f3gica e a conserva\u00e7\u00e3o de ecossistemas. Nesse contexto, a escolha de Mato Grosso do Sul, estado que abriga tr\u00eas quartos do bioma Pantanal, \u00e9 considerada estrat\u00e9gica, uma vez que \u00e9 um dos principais eixos de rotas migrat\u00f3rias das Am\u00e9ricas.<\/p>\n<p style=\"font-weight: 400;\">Segundo Jo\u00e3o Paulo Capobianco, \u201cas esp\u00e9cies migrat\u00f3rias de animais silvestres desempenham um papel fundamental na conserva\u00e7\u00e3o da biodiversidade, gerando benef\u00edcios ambientais e econ\u00f4micos, como o fortalecimento do turismo sustent\u00e1vel e do setor de servi\u00e7os&#8221;. \u201cSediar a COP 15 da Conven\u00e7\u00e3o sobre Esp\u00e9cies Migrat\u00f3rias significa uma grande responsabilidade para o Brasil e refor\u00e7a a lideran\u00e7a do pa\u00eds na agenda ambiental global, com impactos positivos para todos os biomas brasileiros e para o sistema costeiro-marinho&#8221;, complementou.<\/p>\n<p style=\"font-weight: 400;\">\u201cAgrade\u00e7o ao presidente Lula por acolher a indica\u00e7\u00e3o do MMA \u00e0 nomea\u00e7\u00e3o de Jo\u00e3o Paulo Capobianco como presidente da COP15\u201d, pontuou a ministra do Meio Ambiente e Mudan\u00e7a do Clima, Marina Silva. \u201cCapobianco \u00e9 amplamente reconhecido por sua atua\u00e7\u00e3o de longa data pela conserva\u00e7\u00e3o do meio ambiente e possui consistente experi\u00eancia na gest\u00e3o p\u00fablica: ocupou a presid\u00eancia do ICMBio e est\u00e1 \u00e0 frente, pela segunda vez, da secretaria-executiva do MMA, onde foi tamb\u00e9m secret\u00e1rio nacional de Biodiversidade e Florestas. Ao ocupar o cargo, participou da coordena\u00e7\u00e3o da COP8 sobre Diversidade Biol\u00f3gica presidida pelo Brasil, ocorrida em Curitiba no ano de 2006.\u201d<\/p>\n<p style=\"font-weight: 400;\">Parte da CMS desde 2015, o Brasil \u00e9 o pa\u00eds mais biodiverso do mundo. In\u00fameras esp\u00e9cies de animais migrat\u00f3rios dependem de seus habitats para sobreviver, o que inclui reprodu\u00e7\u00e3o, alimenta\u00e7\u00e3o e locais de parada em seus trajetos. Os seis biomas brasileiros abrigam biodiversidade extraordin\u00e1ria, que incluem animais migrat\u00f3rios como a on\u00e7a-pintada, o morcego-de-cauda-livre-mexicano e o falc\u00e3o-peregrino.<\/p>\n<p>Al\u00e9m disso, o Brasil apresenta not\u00e1vel diversidade de esp\u00e9cies migrat\u00f3rias, incluindo tubar\u00f5es, arraias, peixes migrat\u00f3rios de \u00e1gua doce, tartarugas, in\u00fameras fam\u00edlias de esp\u00e9cies de p\u00e1ssaros, morcegos, bem como pequenos cet\u00e1ceos, baleias e outros mam\u00edferos marinhos.<\/p>\n<p style=\"font-weight: 400;\">At\u00e9 a abertura da COP15, a presid\u00eancia formal da COP permanece sob a responsabilidade do Uzbequist\u00e3o, onde ocorreu a 14\u00aa edi\u00e7\u00e3o da confer\u00eancia em fevereiro de 2024. Mas caber\u00e1 desde j\u00e1 ao Brasil, como presid\u00eancia designada, liderar os esfor\u00e7os para o \u00eaxito das negocia\u00e7\u00f5es, promovendo o di\u00e1logo entre pa\u00edses e demais partes interessadas.<\/p>\n<p style=\"font-weight: 400;\"><b><strong>Biografia<\/strong><\/b><\/p>\n<p style=\"font-weight: 400;\">Bi\u00f3logo e ambientalista, Capobianco \u00e9 especialista em Educa\u00e7\u00e3o Ambiental pela Universidade de Bras\u00edlia (UnB) e doutor em Ci\u00eancias pela Universidade de S\u00e3o Paulo (USP).<\/p>\n<p style=\"font-weight: 400;\">Foi secret\u00e1rio nacional de Biodiversidade e Florestas e secret\u00e1rio-executivo do Minist\u00e9rio do Meio Ambiente de 2003 a 2008, al\u00e9m de presidente do Instituto Chico Mendes de Conserva\u00e7\u00e3o da Biodiversidade (ICMBio). Nesse per\u00edodo,\u00a0exerceu, entre outras, as fun\u00e7\u00f5es de coordenador do Grupo de Trabalho Interministerial de Preven\u00e7\u00e3o e Controle do Desmatamento na Amaz\u00f4nia, presidente do Conselho de Gest\u00e3o do Patrim\u00f4nio Gen\u00e9tico e da Comiss\u00e3o Brasileira de Florestas e vice-presidente do Conselho Nacional do Meio Ambiente.<\/p>\n<p style=\"font-weight: 400;\">Atuou como professor visitante da Universidade de Columbia entre 2008 e 2009, onde integrou o CEES \u2013 Centro de Meio Ambiente, Economia e Sociedade, per\u00edodo em que tamb\u00e9m trabalhou como pesquisador associado do Instituto de Pesquisa Ambiental da Amaz\u00f4nia (IPAM).<\/p>\n<p style=\"font-weight: 400;\">\u00c9 autor de diversas publica\u00e7\u00f5es sobre quest\u00f5es ambientais, entre elas o livro \u201cBiodiversidade na Amaz\u00f4nia Brasileira\u201d, que recebeu o Pr\u00eamio Jabuti de N\u00e3o-Fic\u00e7\u00e3o em 2003, e o livro \u201cAmaz\u00f4nia &#8211; uma d\u00e9cada de esperan\u00e7a\u201d (Esta\u00e7\u00e3o Liberdade), lan\u00e7ado em 2021.<\/p>\n<p style=\"font-weight: 400;\"><b><strong>Conven\u00e7\u00e3o<\/strong><\/b><\/p>\n<p style=\"font-weight: 400;\">A CMS \u00e9 um tratado ambiental das Na\u00e7\u00f5es Unidas que fornece uma plataforma global para a conserva\u00e7\u00e3o das esp\u00e9cies migrat\u00f3rias, seus habitats e rotas de migra\u00e7\u00e3o em toda sua \u00e1rea de distribui\u00e7\u00e3o.<\/p>\n<p style=\"font-weight: 400;\">Re\u00fane governos, povos ind\u00edgenas e comunidades tradicionais, e sociedade civil e especialistas em vida silvestre para abordar as necessidades de conserva\u00e7\u00e3o de esp\u00e9cies migrat\u00f3rias e seus habitats ao redor do mundo.<\/p>\n<p style=\"font-weight: 400;\">Desde que a Conven\u00e7\u00e3o entrou em vigor, em 1979, 133 pa\u00edses da \u00c1frica, Am\u00e9rica Central e do Sul, \u00c1sia, Europa e Oceania aderiram.\u00a0<a style=\"font-weight: 500;\" href=\"https:\/\/www.gov.br\/mma\/pt-br\/composicao\/sbio\/departamento-de-conservacao-e-uso-sustentavel-da-biodiversidade\/CMS\">Saiba mais aqui<\/a>.<\/p>\n<p style=\"font-weight: 400;\">Veja a vers\u00e3o em ingl\u00eas\u00a0<b><strong><a style=\"font-weight: 600;\" href=\"https:\/\/www.gov.br\/mma\/pt-br\/noticias\/government-of-brazil-announces-the-president-of-cop15-on-migratory-species\" data-tippreview-enabled=\"false\" data-tippreview-image=\"\" data-tippreview-title=\"\">aqui<\/a><\/strong><\/b>.<\/p>\n<p style=\"font-weight: 400;\"><em style=\"font-weight: 400;\">Assessoria Especial de Comunica\u00e7\u00e3o Social do MMA<br \/>\n<a style=\"font-weight: 500;\" href=\"mailto:imprensa@mma.gov.br\">imprensa@mma.gov.br<br \/>\n<\/a>(61) 2028-1227\/1051<br \/>\nAcesse o<a style=\"font-weight: 500;\" href=\"https:\/\/www.flickr.com\/photos\/mmeioambiente\/\">\u00a0Flickr do MMA<\/a><\/em><\/p>\n<p style=\"font-weight: 400;\">Categoria<\/p>\n<p>Meio Ambiente e Clima<\/p>\n<p>Fonte: Gov Br<\/p>\n","protected":false},"excerpt":{"rendered":"<p>Governo do Brasil anuncia presidente da COP15 sobre Esp\u00e9cies Migrat\u00f3rias Secret\u00e1rio-executivo do MMA, Jo\u00e3o Paulo Capobianco, vai liderar o processo;<\/p>\n","protected":false},"author":1,"featured_media":12389,"comment_status":"open","ping_status":"open","sticky":false,"template":"","format":"standard","meta":{"colormag_page_container_layout":"default_layout","colormag_page_sidebar_layout":"default_layout","footnotes":""},"categories":[98],"tags":[],"class_list":["post-12268","post","type-post","status-publish","format-standard","has-post-thumbnail","hentry","category-meio-ambiente"],"_links":{"self":[{"href":"http:\/\/metropoleemfoco.com.br\/index.php?rest_route=\/wp\/v2\/posts\/12268","targetHints":{"allow":["GET"]}}],"collection":[{"href":"http:\/\/metropoleemfoco.com.br\/index.php?rest_route=\/wp\/v2\/posts"}],"about":[{"href":"http:\/\/metropoleemfoco.com.br\/index.php?rest_route=\/wp\/v2\/types\/post"}],"author":[{"embeddable":true,"href":"http:\/\/metropoleemfoco.com.br\/index.php?rest_route=\/wp\/v2\/users\/1"}],"replies":[{"embeddable":true,"href":"http:\/\/metropoleemfoco.com.br\/index.php?rest_route=%2Fwp%2Fv2%2Fcomments&post=12268"}],"version-history":[{"count":4,"href":"http:\/\/metropoleemfoco.com.br\/index.php?rest_route=\/wp\/v2\/posts\/12268\/revisions"}],"predecessor-version":[{"id":12374,"href":"http:\/\/metropoleemfoco.com.br\/index.php?rest_route=\/wp\/v2\/posts\/12268\/revisions\/12374"}],"wp:featuredmedia":[{"embeddable":true,"href":"http:\/\/metropoleemfoco.com.br\/index.php?rest_route=\/wp\/v2\/media\/12389"}],"wp:attachment":[{"href":"http:\/\/metropoleemfoco.com.br\/index.php?rest_route=%2Fwp%2Fv2%2Fmedia&parent=12268"}],"wp:term":[{"taxonomy":"category","embeddable":true,"href":"http:\/\/metropoleemfoco.com.br\/index.php?rest_route=%2Fwp%2Fv2%2Fcategories&post=12268"},{"taxonomy":"post_tag","embeddable":true,"href":"http:\/\/metropoleemfoco.com.br\/index.php?rest_route=%2Fwp%2Fv2%2Ftags&post=12268"}],"curies":[{"name":"wp","href":"https:\/\/api.w.org\/{rel}","templated":true}]}}