{"id":12262,"date":"2026-01-24T06:00:23","date_gmt":"2026-01-24T09:00:23","guid":{"rendered":"http:\/\/metropoleemfoco.com.br\/?p=12262"},"modified":"2026-01-25T16:17:08","modified_gmt":"2026-01-25T19:17:08","slug":"terapia-ocupacional-7-beneficios-para-a-saude-e-o-bem-estar","status":"publish","type":"post","link":"http:\/\/metropoleemfoco.com.br\/?p=12262","title":{"rendered":"Terapia ocupacional"},"content":{"rendered":"<header>\n<h1 class=\"mb-7 font-sans text-[32px] font-black leading-[34px] sm:text-[46px] sm:leading-[48px]\">Terapia ocupacional: 7 benef\u00edcios para a sa\u00fade e o bem-estar<\/h1>\n<p class=\"mb-5 font-plex text-[19px] leading-[25px] text-gzh-gray font-medium\">Interesse pelo atendimento tem crescido tanto no SUS quanto na sa\u00fade suplementar devido ao impacto direto na vida dos pacientes<\/p>\n<div class=\"mb-6 flex flex-wrap items-center gap-6\">\n<div class=\"flex items-center gap-3\">\n<div class=\"flex flex-col text-left font-plex text-sm leading-5 text-gzh-gray\">\n<p class=\"font-medium uppercase\">Portal EdiCase<\/p>\n<\/div>\n<\/div>\n<\/div>\n<\/header>\n<div class=\"m-paid-content\">\n<div class=\"\">\n<div>\n<div class=\"ads-video-intext\">\n<div class=\"m-advertising \">\n<div id=\"slot-1x1\" class=\"ad-banner \"><\/div>\n<\/div>\n<div class=\"m-advertising \">\n<div id=\"slot-floater-3\" class=\"ad-banner \"><\/div>\n<\/div>\n<\/div>\n<div class=\"article-content sa_incontent max-w-[718px] no-summary\">\n<div class=\"article-paragraph\">\n<figure class=\"mb-3 w-auto @[600px]:w-[600px] @lg:mb-2\"><picture><source srcset=\"https:\/\/www.rbsdirect.com.br\/filestore\/3\/7\/3\/0\/7\/6\/5_9acc1c81c05453c\/5670373_e782797c6752758.jpg?format=webp&amp;w=700 1x,https:\/\/www.rbsdirect.com.br\/filestore\/3\/7\/3\/0\/7\/6\/5_9acc1c81c05453c\/5670373_e782797c6752758.jpg?format=webp&amp;w=1400 2x\" media=\"(min-width:1200px)\" \/><source srcset=\"https:\/\/www.rbsdirect.com.br\/filestore\/3\/7\/3\/0\/7\/6\/5_9acc1c81c05453c\/5670373_e782797c6752758.jpg?format=webp&amp;w=460 1x,https:\/\/www.rbsdirect.com.br\/filestore\/3\/7\/3\/0\/7\/6\/5_9acc1c81c05453c\/5670373_e782797c6752758.jpg?format=webp&amp;w=920 2x\" media=\"(min-width:1024px)\" \/><source srcset=\"https:\/\/www.rbsdirect.com.br\/filestore\/3\/7\/3\/0\/7\/6\/5_9acc1c81c05453c\/5670373_e782797c6752758.jpg?format=webp&amp;w=460 1x,https:\/\/www.rbsdirect.com.br\/filestore\/3\/7\/3\/0\/7\/6\/5_9acc1c81c05453c\/5670373_e782797c6752758.jpg?format=webp&amp;w=920 2x\" media=\"(min-width:992px)\" \/><source srcset=\"https:\/\/www.rbsdirect.com.br\/filestore\/3\/7\/3\/0\/7\/6\/5_9acc1c81c05453c\/5670373_e782797c6752758.jpg?format=webp&amp;w=594 1x,https:\/\/www.rbsdirect.com.br\/filestore\/3\/7\/3\/0\/7\/6\/5_9acc1c81c05453c\/5670373_e782797c6752758.jpg?format=webp&amp;w=1188 2x\" media=\"(min-width:800px)\" \/><source srcset=\"https:\/\/www.rbsdirect.com.br\/filestore\/3\/7\/3\/0\/7\/6\/5_9acc1c81c05453c\/5670373_e782797c6752758.jpg?format=webp&amp;w=565 1x,https:\/\/www.rbsdirect.com.br\/filestore\/3\/7\/3\/0\/7\/6\/5_9acc1c81c05453c\/5670373_e782797c6752758.jpg?format=webp&amp;w=1130 2x\" media=\"(min-width:768px)\" \/><source srcset=\"https:\/\/www.rbsdirect.com.br\/filestore\/3\/7\/3\/0\/7\/6\/5_9acc1c81c05453c\/5670373_e782797c6752758.jpg?format=webp&amp;w=600 1x,https:\/\/www.rbsdirect.com.br\/filestore\/3\/7\/3\/0\/7\/6\/5_9acc1c81c05453c\/5670373_e782797c6752758.jpg?format=webp&amp;w=1200 2x\" media=\"(min-width:640px)\" \/><source srcset=\"https:\/\/www.rbsdirect.com.br\/filestore\/3\/7\/3\/0\/7\/6\/5_9acc1c81c05453c\/5670373_e782797c6752758.jpg?format=webp&amp;w=600 1x,https:\/\/www.rbsdirect.com.br\/filestore\/3\/7\/3\/0\/7\/6\/5_9acc1c81c05453c\/5670373_e782797c6752758.jpg?format=webp&amp;w=1200 2x\" media=\"(min-width:600px)\" \/><source srcset=\"https:\/\/www.rbsdirect.com.br\/filestore\/3\/7\/3\/0\/7\/6\/5_9acc1c81c05453c\/5670373_e782797c6752758.jpg?format=webp&amp;w=450 1x,https:\/\/www.rbsdirect.com.br\/filestore\/3\/7\/3\/0\/7\/6\/5_9acc1c81c05453c\/5670373_e782797c6752758.jpg?format=webp&amp;w=900 2x\" media=\"(min-width:480px)\" \/><source srcset=\"https:\/\/www.rbsdirect.com.br\/filestore\/3\/7\/3\/0\/7\/6\/5_9acc1c81c05453c\/5670373_e782797c6752758.jpg?format=webp&amp;w=390 1x,https:\/\/www.rbsdirect.com.br\/filestore\/3\/7\/3\/0\/7\/6\/5_9acc1c81c05453c\/5670373_e782797c6752758.jpg?format=webp&amp;w=780 2x\" media=\"(min-width:414px)\" \/><source srcset=\"https:\/\/www.rbsdirect.com.br\/filestore\/3\/7\/3\/0\/7\/6\/5_9acc1c81c05453c\/5670373_e782797c6752758.jpg?format=webp&amp;w=352 1x,https:\/\/www.rbsdirect.com.br\/filestore\/3\/7\/3\/0\/7\/6\/5_9acc1c81c05453c\/5670373_e782797c6752758.jpg?format=webp&amp;w=704 2x\" media=\"(min-width:375px)\" \/><source srcset=\"https:\/\/www.rbsdirect.com.br\/filestore\/3\/7\/3\/0\/7\/6\/5_9acc1c81c05453c\/5670373_e782797c6752758.jpg?format=webp&amp;w=338 1x,https:\/\/www.rbsdirect.com.br\/filestore\/3\/7\/3\/0\/7\/6\/5_9acc1c81c05453c\/5670373_e782797c6752758.jpg?format=webp&amp;w=676 2x\" media=\"(min-width:360px)\" \/><source srcset=\"https:\/\/www.rbsdirect.com.br\/filestore\/3\/7\/3\/0\/7\/6\/5_9acc1c81c05453c\/5670373_e782797c6752758.jpg?format=webp&amp;w=300 1x,https:\/\/www.rbsdirect.com.br\/filestore\/3\/7\/3\/0\/7\/6\/5_9acc1c81c05453c\/5670373_e782797c6752758.jpg?format=webp&amp;w=600 2x\" media=\"(min-width:320px)\" \/><img loading=\"lazy\" decoding=\"async\" class=\"w-fit lg:w-full\" title=\"koldo_studio \/ Shutterstock&lt;\/div&gt; &lt;div&gt; | Portal EdiCase\" src=\"https:\/\/www.rbsdirect.com.br\/filestore\/3\/7\/3\/0\/7\/6\/5_9acc1c81c05453c\/5670373_e782797c6752758.jpg?format=webp&amp;w=700\" alt=\"koldo_studio \/ Shutterstock&lt;\/div&gt; &lt;div&gt; | Portal EdiCase\" width=\"700\" height=\"477\" \/><\/picture><figcaption class=\"flex flex-col\"><span class=\"mt-[0.6rem] font-plex text-[0.875rem] font-medium leading-4 text-gzh-gray @lg:mt-2\">A terapia ocupacional \u00e9 fundamental por atuar de forma personalizada e devolver a autonomia aos pacientes<\/span><span class=\"mt-[0.6rem] font-plex text-[0.875rem] font-medium leading-4 text-gzh-gray @lg:mt-2\">koldo_studio \/ Shutterstock&lt;\/div&gt; &lt;div&gt; | Portal EdiCase<\/span><\/figcaption><\/figure>\n<\/div>\n<div class=\"article-paragraph\">\n<p>A terapia ocupacional tem papel crescente na rede p\u00fablica de sa\u00fade no Brasil. Segundo dados do Sistema \u00danico de Sa\u00fade (SUS), servi\u00e7os de reabilita\u00e7\u00e3o integrados \u2014 incluindo terapia ocupacional \u2014 somaram mais de 12 mil atendimentos apenas em um dos principais centros hospitalares p\u00fablicos em 2022, com a \u00e1rea contribuindo para a recupera\u00e7\u00e3o funcional de pacientes internados e ambulatoriais.<\/p>\n<\/div>\n<div class=\"article-paragraph\">\n<p>Apesar dos desafios de estrutura e disponibilidade, a\u00a0<strong>procura por terapia<\/strong>\u00a0ocupacional tem crescido tanto no SUS quanto na sa\u00fade suplementar, impulsionada pela maior conscientiza\u00e7\u00e3o sobre seu impacto direto na qualidade de vida dos pacientes.<\/p>\n<\/div>\n<div class=\"article-paragraph\">\n<p>Segundo o Dr. Jo\u00e3o Grangeiro, diretor m\u00e9dico da Associa\u00e7\u00e3o Brasileira Beneficente de Reabilita\u00e7\u00e3o (ABBR), a terapia ocupacional \u00e9 fundamental por atuar de forma personalizada e devolver autonomia, funcionalidade e dignidade \u00e0s pessoas em processo de reabilita\u00e7\u00e3o, permitindo a retomada de atividades essenciais do dia a dia e a participa\u00e7\u00e3o ativa na sociedade.<\/p>\n<\/div>\n<div class=\"article-paragraph\">\n<p>A seguir, o especialista destaca 7 dos principais benef\u00edcios da pr\u00e1tica. Confira!<\/p>\n<\/div>\n<div class=\"article-paragraph\">\n<h2>1.\u00a0<strong>Promo\u00e7\u00e3o da autonomia e independ\u00eancia<\/strong><\/h2>\n<\/div>\n<div class=\"article-paragraph\">\n<p>Auxilia o paciente a executar\u00a0<strong>atividades de vida di\u00e1ria<\/strong>\u00a0b\u00e1sicas e instrumentais, como se alimentar, se vestir, cuidar da casa e trabalhar, fortalecendo a capacidade de tomada de decis\u00f5es no cotidiano.<\/p>\n<\/div>\n<div class=\"article-paragraph\">\n<h2>2.\u00a0<strong>Melhora da coordena\u00e7\u00e3o motora nas ocupa\u00e7\u00f5es di\u00e1rias<\/strong><\/h2>\n<\/div>\n<div class=\"article-paragraph\">\n<p>Estimula movimentos finos e amplos, fundamentais para o desempenho eficiente das ocupa\u00e7\u00f5es, sejam elas pessoais, dom\u00e9sticas, escolares ou profissionais.<\/p>\n<\/div>\n<div class=\"article-paragraph\">\n<h2>3.\u00a0<strong>Est\u00edmulo cognitivo para a rotina e organiza\u00e7\u00e3o funcional<\/strong><\/h2>\n<\/div>\n<div class=\"article-paragraph\">\n<p>Trabalha mem\u00f3ria, aten\u00e7\u00e3o,\u00a0<strong>planejamento e organiza\u00e7\u00e3o<\/strong>, contribuindo para uma rotina mais estruturada, especialmente em casos neurol\u00f3gicos e no processo de envelhecimento.<\/p>\n<\/div>\n<div class=\"article-paragraph\">\n<figure class=\"mb-3 w-auto @[600px]:w-[600px] @lg:mb-2\"><picture><source srcset=\"https:\/\/www.rbsdirect.com.br\/filestore\/4\/7\/3\/0\/7\/6\/5_47fe112af480000\/5670374_641c8fcdab41f20.jpg?format=webp&amp;w=700 1x,https:\/\/www.rbsdirect.com.br\/filestore\/4\/7\/3\/0\/7\/6\/5_47fe112af480000\/5670374_641c8fcdab41f20.jpg?format=webp&amp;w=1400 2x\" media=\"(min-width:1200px)\" \/><source srcset=\"https:\/\/www.rbsdirect.com.br\/filestore\/4\/7\/3\/0\/7\/6\/5_47fe112af480000\/5670374_641c8fcdab41f20.jpg?format=webp&amp;w=460 1x,https:\/\/www.rbsdirect.com.br\/filestore\/4\/7\/3\/0\/7\/6\/5_47fe112af480000\/5670374_641c8fcdab41f20.jpg?format=webp&amp;w=920 2x\" media=\"(min-width:1024px)\" \/><source srcset=\"https:\/\/www.rbsdirect.com.br\/filestore\/4\/7\/3\/0\/7\/6\/5_47fe112af480000\/5670374_641c8fcdab41f20.jpg?format=webp&amp;w=460 1x,https:\/\/www.rbsdirect.com.br\/filestore\/4\/7\/3\/0\/7\/6\/5_47fe112af480000\/5670374_641c8fcdab41f20.jpg?format=webp&amp;w=920 2x\" media=\"(min-width:992px)\" \/><source srcset=\"https:\/\/www.rbsdirect.com.br\/filestore\/4\/7\/3\/0\/7\/6\/5_47fe112af480000\/5670374_641c8fcdab41f20.jpg?format=webp&amp;w=594 1x,https:\/\/www.rbsdirect.com.br\/filestore\/4\/7\/3\/0\/7\/6\/5_47fe112af480000\/5670374_641c8fcdab41f20.jpg?format=webp&amp;w=1188 2x\" media=\"(min-width:800px)\" \/><source srcset=\"https:\/\/www.rbsdirect.com.br\/filestore\/4\/7\/3\/0\/7\/6\/5_47fe112af480000\/5670374_641c8fcdab41f20.jpg?format=webp&amp;w=565 1x,https:\/\/www.rbsdirect.com.br\/filestore\/4\/7\/3\/0\/7\/6\/5_47fe112af480000\/5670374_641c8fcdab41f20.jpg?format=webp&amp;w=1130 2x\" media=\"(min-width:768px)\" \/><source srcset=\"https:\/\/www.rbsdirect.com.br\/filestore\/4\/7\/3\/0\/7\/6\/5_47fe112af480000\/5670374_641c8fcdab41f20.jpg?format=webp&amp;w=600 1x,https:\/\/www.rbsdirect.com.br\/filestore\/4\/7\/3\/0\/7\/6\/5_47fe112af480000\/5670374_641c8fcdab41f20.jpg?format=webp&amp;w=1200 2x\" media=\"(min-width:640px)\" \/><source srcset=\"https:\/\/www.rbsdirect.com.br\/filestore\/4\/7\/3\/0\/7\/6\/5_47fe112af480000\/5670374_641c8fcdab41f20.jpg?format=webp&amp;w=600 1x,https:\/\/www.rbsdirect.com.br\/filestore\/4\/7\/3\/0\/7\/6\/5_47fe112af480000\/5670374_641c8fcdab41f20.jpg?format=webp&amp;w=1200 2x\" media=\"(min-width:600px)\" \/><source srcset=\"https:\/\/www.rbsdirect.com.br\/filestore\/4\/7\/3\/0\/7\/6\/5_47fe112af480000\/5670374_641c8fcdab41f20.jpg?format=webp&amp;w=450 1x,https:\/\/www.rbsdirect.com.br\/filestore\/4\/7\/3\/0\/7\/6\/5_47fe112af480000\/5670374_641c8fcdab41f20.jpg?format=webp&amp;w=900 2x\" media=\"(min-width:480px)\" \/><source srcset=\"https:\/\/www.rbsdirect.com.br\/filestore\/4\/7\/3\/0\/7\/6\/5_47fe112af480000\/5670374_641c8fcdab41f20.jpg?format=webp&amp;w=390 1x,https:\/\/www.rbsdirect.com.br\/filestore\/4\/7\/3\/0\/7\/6\/5_47fe112af480000\/5670374_641c8fcdab41f20.jpg?format=webp&amp;w=780 2x\" media=\"(min-width:414px)\" \/><source srcset=\"https:\/\/www.rbsdirect.com.br\/filestore\/4\/7\/3\/0\/7\/6\/5_47fe112af480000\/5670374_641c8fcdab41f20.jpg?format=webp&amp;w=352 1x,https:\/\/www.rbsdirect.com.br\/filestore\/4\/7\/3\/0\/7\/6\/5_47fe112af480000\/5670374_641c8fcdab41f20.jpg?format=webp&amp;w=704 2x\" media=\"(min-width:375px)\" \/><source srcset=\"https:\/\/www.rbsdirect.com.br\/filestore\/4\/7\/3\/0\/7\/6\/5_47fe112af480000\/5670374_641c8fcdab41f20.jpg?format=webp&amp;w=338 1x,https:\/\/www.rbsdirect.com.br\/filestore\/4\/7\/3\/0\/7\/6\/5_47fe112af480000\/5670374_641c8fcdab41f20.jpg?format=webp&amp;w=676 2x\" media=\"(min-width:360px)\" \/><source srcset=\"https:\/\/www.rbsdirect.com.br\/filestore\/4\/7\/3\/0\/7\/6\/5_47fe112af480000\/5670374_641c8fcdab41f20.jpg?format=webp&amp;w=300 1x,https:\/\/www.rbsdirect.com.br\/filestore\/4\/7\/3\/0\/7\/6\/5_47fe112af480000\/5670374_641c8fcdab41f20.jpg?format=webp&amp;w=600 2x\" media=\"(min-width:320px)\" \/><img loading=\"lazy\" decoding=\"async\" class=\"w-fit lg:w-full\" title=\"Pixel-Shot \/ Shutterstock | Portal EdiCase\" src=\"https:\/\/www.rbsdirect.com.br\/filestore\/4\/7\/3\/0\/7\/6\/5_47fe112af480000\/5670374_641c8fcdab41f20.jpg?format=webp&amp;w=700\" alt=\"Pixel-Shot \/ Shutterstock | Portal EdiCase\" width=\"700\" height=\"477\" \/><\/picture><figcaption class=\"flex flex-col\"><span class=\"mt-[0.6rem] font-plex text-[0.875rem] font-medium leading-4 text-gzh-gray @lg:mt-2\">A terapia ocupacional prop\u00f5e mudan\u00e7as na rotina que favorecem a autonomia e a seguran\u00e7a<\/span><span class=\"mt-[0.6rem] font-plex text-[0.875rem] font-medium leading-4 text-gzh-gray @lg:mt-2\">Pixel-Shot \/ Shutterstock | Portal EdiCase<\/span><\/figcaption><\/figure>\n<\/div>\n<div class=\"article-paragraph\">\n<h2>4.\u00a0<strong>Adapta\u00e7\u00e3o de ambientes para maior independ\u00eancia<\/strong><\/h2>\n<\/div>\n<div class=\"article-paragraph\">\n<p>Avalia e prop\u00f5e mudan\u00e7as em casa, na escola ou no trabalho, favorecendo a autonomia, a seguran\u00e7a e a continuidade das atividades de vida di\u00e1ria com menor risco.<\/p>\n<\/div>\n<div class=\"article-paragraph\">\n<h2>5.\u00a0<strong>Participa\u00e7\u00e3o social e reinser\u00e7\u00e3o profissional<\/strong><\/h2>\n<\/div>\n<div class=\"article-paragraph\">\n<p>Promove o pertencimento e a participa\u00e7\u00e3o ativa do indiv\u00edduo em contextos sociais, familiares,\u00a0<strong>escolares\u00a0<\/strong>e no mercado de trabalho, respeitando suas capacidades e interesses.<\/p>\n<\/div>\n<div class=\"article-paragraph\">\n<h2>6.\u00a0<strong>Fortalecimento da autoestima e do senso de pertencimento<\/strong><\/h2>\n<\/div>\n<div class=\"article-paragraph\">\n<p>A retomada das ocupa\u00e7\u00f5es significativas refor\u00e7a a confian\u00e7a, o bem-estar emocional e a percep\u00e7\u00e3o de utilidade social do paciente.<\/p>\n<\/div>\n<div class=\"article-paragraph\">\n<h2>7.\u00a0<strong>Mais qualidade de vida a longo prazo<\/strong><\/h2>\n<\/div>\n<div class=\"article-paragraph\">\n<p>O foco da terapia ocupacional \u00e9 garantir uma\u00a0<strong>vida mais ativa, funcional e independente<\/strong>, com maior autonomia, participa\u00e7\u00e3o e equil\u00edbrio entre rotina, sa\u00fade e ocupa\u00e7\u00f5es.<\/p>\n<\/div>\n<div class=\"article-paragraph\">\n<p><em>Por J\u00falia Vianna<\/em><\/p>\n<p>Fonte: Gaucha ZH<\/p>\n<\/div>\n<\/div>\n<\/div>\n<\/div>\n<\/div>\n","protected":false},"excerpt":{"rendered":"<p>Terapia ocupacional: 7 benef\u00edcios para a sa\u00fade e o bem-estar Interesse pelo atendimento tem crescido tanto no SUS quanto na<\/p>\n","protected":false},"author":1,"featured_media":12332,"comment_status":"open","ping_status":"open","sticky":false,"template":"","format":"standard","meta":{"colormag_page_container_layout":"default_layout","colormag_page_sidebar_layout":"default_layout","footnotes":""},"categories":[9],"tags":[],"class_list":["post-12262","post","type-post","status-publish","format-standard","has-post-thumbnail","hentry","category-saude"],"_links":{"self":[{"href":"http:\/\/metropoleemfoco.com.br\/index.php?rest_route=\/wp\/v2\/posts\/12262","targetHints":{"allow":["GET"]}}],"collection":[{"href":"http:\/\/metropoleemfoco.com.br\/index.php?rest_route=\/wp\/v2\/posts"}],"about":[{"href":"http:\/\/metropoleemfoco.com.br\/index.php?rest_route=\/wp\/v2\/types\/post"}],"author":[{"embeddable":true,"href":"http:\/\/metropoleemfoco.com.br\/index.php?rest_route=\/wp\/v2\/users\/1"}],"replies":[{"embeddable":true,"href":"http:\/\/metropoleemfoco.com.br\/index.php?rest_route=%2Fwp%2Fv2%2Fcomments&post=12262"}],"version-history":[{"count":2,"href":"http:\/\/metropoleemfoco.com.br\/index.php?rest_route=\/wp\/v2\/posts\/12262\/revisions"}],"predecessor-version":[{"id":12329,"href":"http:\/\/metropoleemfoco.com.br\/index.php?rest_route=\/wp\/v2\/posts\/12262\/revisions\/12329"}],"wp:featuredmedia":[{"embeddable":true,"href":"http:\/\/metropoleemfoco.com.br\/index.php?rest_route=\/wp\/v2\/media\/12332"}],"wp:attachment":[{"href":"http:\/\/metropoleemfoco.com.br\/index.php?rest_route=%2Fwp%2Fv2%2Fmedia&parent=12262"}],"wp:term":[{"taxonomy":"category","embeddable":true,"href":"http:\/\/metropoleemfoco.com.br\/index.php?rest_route=%2Fwp%2Fv2%2Fcategories&post=12262"},{"taxonomy":"post_tag","embeddable":true,"href":"http:\/\/metropoleemfoco.com.br\/index.php?rest_route=%2Fwp%2Fv2%2Ftags&post=12262"}],"curies":[{"name":"wp","href":"https:\/\/api.w.org\/{rel}","templated":true}]}}