{"id":12261,"date":"2026-01-24T06:00:21","date_gmt":"2026-01-24T09:00:21","guid":{"rendered":"http:\/\/metropoleemfoco.com.br\/?p=12261"},"modified":"2026-01-23T22:18:51","modified_gmt":"2026-01-24T01:18:51","slug":"sp-ja-reune-mais-de-2-mil-opinioes-sobre-convenios-de-escolas-com-iniciativa-privada","status":"publish","type":"post","link":"http:\/\/metropoleemfoco.com.br\/?p=12261","title":{"rendered":"SP j\u00e1 re\u00fane mais de 2 mil opini\u00f5es sobre conv\u00eanios de escolas com iniciativa privada"},"content":{"rendered":"<h1 class=\"post-title\">SP j\u00e1 re\u00fane mais de 2 mil opini\u00f5es sobre conv\u00eanios de escolas com iniciativa privada<\/h1>\n<p>Segundo a gest\u00e3o municipal, a ideia \u00e9 que as organiza\u00e7\u00f5es funcionem de forma complementar, mantendo as escolas p\u00fablicas<\/p>\n<div class=\"content-premium\"><\/div>\n<div class=\"meta\">\n<div class=\"row\">\n<div class=\"col-xs-12 col-md-8\">\n<ul class=\"meta-info list-inline\">\n<li style=\"list-style-type: none\">\n<ul class=\"meta-info list-inline\">\n<li class=\"author\">Por\u00a0<strong>Beatriz Manfredini<\/strong><\/li>\n<\/ul>\n<\/li>\n<\/ul>\n<\/div>\n<\/div>\n<\/div>\n<div class=\"context\">\n<div class=\"post_image\"><span class=\"image_fonte\">RENATO S. CERQUEIRA\/ATO PRESS\/ESTAD\u00c3O CONTE\u00daDO<\/span><picture><source srcset=\"https:\/\/jpimg.com.br\/uploads\/2025\/10\/ato20251024032-310x207.jpg\" media=\"(max-width: 799px)\" \/><source srcset=\"https:\/\/jpimg.com.br\/uploads\/2025\/10\/ato20251024032-674x450.jpg\" media=\"(min-width: 800px)\" \/><img decoding=\"async\" id=\"zoom-img\" class=\"img-responsive type:primaryImage\" src=\"https:\/\/jpimg.com.br\/uploads\/2025\/10\/ato20251024032-674x450.jpg\" alt=\"O prefeito de S\u00e3o Paulo, Ricardo Nunes, \u00e9 agraciado com a Medalha de Honra ao M\u00e9rito em um evento organizado pela deputada Carla Morano, na Assembleia Legislativa do Estado de S\u00e3o Paulo\" \/><\/picture><span class=\"image_credits\">A gest\u00e3o Ricardo Nunes (MDB) quer, nessa etapa inicial, conveniar tr\u00eas escolas da \u00e0 iniciativa privada<br \/>\n<\/span><\/div>\n<p>Em uma semana, a Prefeitura de S\u00e3o Paulo recebeu mais de 2 mil contribui\u00e7\u00f5es na consulta p\u00fablica sobre os conv\u00eanios de escolas municipais com a iniciativa privada. As opini\u00f5es come\u00e7aram a ser recebidas na sexta-feira da passada (16) e ser\u00e3o computadas at\u00e9 a pr\u00f3xima segunda (26).<\/p>\n<p>A gest\u00e3o Ricardo Nunes (MDB) quer, nessa etapa inicial, conveniar tr\u00eas escolas da \u00e0 iniciativa privada,\u00a0<a href=\"https:\/\/jovempan.com.br\/noticias\/politica\/prefeitura-de-sao-paulo-quer-inaugurar-tres-escolas-em-2025-ja-conveniadas-com-colegios-particulares.html\">conforme antecipado<\/a>\u00a0no ano passado. As escolas ainda est\u00e3o em constru\u00e7\u00e3o e ser\u00e3o instaladas nos bairros de Campo Limpo e Santo Amaro, na Zona Sul, e em Pirituba\/Jaragu\u00e1, na Zona Noroeste.<\/p>\n<p>A proposta prev\u00ea parcerias com Organiza\u00e7\u00f5es da Sociedade Civil (OSCs), nos moldes do que hoje ocorre no Liceu Cora\u00e7\u00e3o de Jesus. Em nota, a gest\u00e3o municipal deixa claro que o processo n\u00e3o se trata de uma privatiza\u00e7\u00e3o.<\/p>\n<p>Segundo a gest\u00e3o municipal, a ideia \u00e9 que as organiza\u00e7\u00f5es funcionem de forma complementar, mantendo as escolas \u201cp\u00fablicas, integrantes da Rede Municipal, com matr\u00edculas de estudantes por georreferenciamento e seguir\u00e3o as diretrizes pedag\u00f3gicas, curriculares, administrativas e institucionais da Secretaria Municipal da Educa\u00e7\u00e3o\u201d.<\/p>\n<p>A ideia da consulta p\u00fablica \u00e9 \u201campliar o di\u00e1logo com a popula\u00e7\u00e3o, profissionais da educa\u00e7\u00e3o, especialistas e demais interessados, viabilizando a coleta de contribui\u00e7\u00f5es, sugest\u00f5es e manifesta\u00e7\u00f5es sobre o desenho do modelo em an\u00e1lise\u201d.<\/p>\n<h2>Liceu Cora\u00e7\u00e3o de Jesus<\/h2>\n<p>A Prefeitura de S\u00e3o Paulo destaca os bons resultados do Liceu Cora\u00e7\u00e3o de Jesus para a continuidade do projeto, tido ainda como projeto piloto. A gest\u00e3o Ricardo Nunes afirma que os alunos do Liceu obtiveram resultado acima de 10 pontos da m\u00e9dia do resto da rede municipal de ensino na chamada Provinha SP.<\/p>\n<p>\u201cA unidade, administrada em parceria com a Liceu Cora\u00e7\u00e3o de Jesus, apresentou desempenho superior \u00e0 m\u00e9dia da Rede Municipal de Ensino na Provinha S\u00e3o Paulo em 2023 e 2024. Nos 4\u00ba e 5\u00ba anos do Ensino Fundamental, por exemplo, o Liceu obteve m\u00e9dias de 183 e 209,9 em L\u00edngua Portuguesa e de 196,8 e 193,0 em Matem\u00e1tica, superiores \u00e0s m\u00e9dias da Rede Municipal em 2023, que foram de 165,6 e 185,9 em L\u00edngua Portuguesa e de 167,6 e 187,6 em Matem\u00e1tica. No ano seguinte, os mesmos ciclos aumentaram as pontua\u00e7\u00f5es, com 175,1 e 200,7 em L\u00edngua Portuguesa, ao mesmo tempo, em Matem\u00e1tica, obtiveram 182 e 211,5, tamb\u00e9m acima da m\u00e9dia da RME, que foi 173,2 e 188,1 para L\u00edngua Portuguesa e 173,3 e 190,4 em Matem\u00e1tica\u201d.<\/p>\n<p>Caso a Prefeifura de S\u00e3o Paulo considere que o modelo com as novas tr\u00eas escolas foi bem sucedido, a ideia \u00e9 trabalhar na expans\u00e3o do projeto.<\/p>\n<h2>MPSP se op\u00f5e<\/h2>\n<p>Apesar disso, o Minist\u00e9rio P\u00fablico de S\u00e3o Paulo (MPSP) tem contestado a medida (https:\/\/jovempan.com.br\/opiniao-jovem-pan\/comentaristas\/beatriz-manfredini\/prefeitura-de-sp-inicia-neste-mes-concessao-de-escolas-a-iniciativa-privada-promotor-do-mp-promete-barrar-ideia.html). Segundo um documento ao qual a coluna teve acesso, em que o MPSP ajuizou A\u00e7\u00e3o Civil P\u00fablica com pedido de tutela de urg\u00eancia contra o Munic\u00edpio de S\u00e3o Paulo, o Liceu Cora\u00e7\u00e3o de Jesus e o Secret\u00e1rio Municipal de Educa\u00e7\u00e3o, Fernando Padula Novaes, entre fevereiro de 2023 e janeiro de 2025, foram repassados cerca de R$ 14,7 milh\u00f5es.<\/p>\n<p>Na a\u00e7\u00e3o, o Minist\u00e9rio P\u00fablico afirma que a parceria serviu para \u201csalvar\u201d financeiramente o Liceu, e n\u00e3o para atender interesse p\u00fablico. Entre outros argumentos, o MP tamb\u00e9m aponta que j\u00e1 existiam vagas suficientes para alunos da rede p\u00fablica na regi\u00e3o central, n\u00e3o havendo necessidade do conv\u00eanio, e que tecurso p\u00fablicos da educa\u00e7\u00e3o s\u00f3 podem ser destinados a escolas privadas excepcionalmente, quando h\u00e1 falta de vagas p\u00fablicas.<\/p>\n<p>O documento \u00e9 assinado pelo Promotor de Justi\u00e7a Silvio Antonio Marques que, em declara\u00e7\u00f5es \u00e0 coluna, prometeu barrar todas as tentativas da Prefeitura de S\u00e3o Paulo de firmar novos conv\u00eanios nesse modelo.<\/p>\n<p>A consulta est\u00e1 dispon\u00edvel na plataforma Participe Mais, da Prefeitura de S\u00e3o Paulo (https:\/\/participemais.prefeitura.sp.gov.br)<\/p>\n<p>Fonte: Jovem Paa<\/p>\n<\/div>\n","protected":false},"excerpt":{"rendered":"<p>SP j\u00e1 re\u00fane mais de 2 mil opini\u00f5es sobre conv\u00eanios de escolas com iniciativa privada Segundo a gest\u00e3o municipal, a<\/p>\n","protected":false},"author":1,"featured_media":12263,"comment_status":"open","ping_status":"open","sticky":false,"template":"","format":"standard","meta":{"colormag_page_container_layout":"default_layout","colormag_page_sidebar_layout":"default_layout","footnotes":""},"categories":[101],"tags":[],"class_list":["post-12261","post","type-post","status-publish","format-standard","has-post-thumbnail","hentry","category-educacao"],"_links":{"self":[{"href":"http:\/\/metropoleemfoco.com.br\/index.php?rest_route=\/wp\/v2\/posts\/12261","targetHints":{"allow":["GET"]}}],"collection":[{"href":"http:\/\/metropoleemfoco.com.br\/index.php?rest_route=\/wp\/v2\/posts"}],"about":[{"href":"http:\/\/metropoleemfoco.com.br\/index.php?rest_route=\/wp\/v2\/types\/post"}],"author":[{"embeddable":true,"href":"http:\/\/metropoleemfoco.com.br\/index.php?rest_route=\/wp\/v2\/users\/1"}],"replies":[{"embeddable":true,"href":"http:\/\/metropoleemfoco.com.br\/index.php?rest_route=%2Fwp%2Fv2%2Fcomments&post=12261"}],"version-history":[{"count":1,"href":"http:\/\/metropoleemfoco.com.br\/index.php?rest_route=\/wp\/v2\/posts\/12261\/revisions"}],"predecessor-version":[{"id":12264,"href":"http:\/\/metropoleemfoco.com.br\/index.php?rest_route=\/wp\/v2\/posts\/12261\/revisions\/12264"}],"wp:featuredmedia":[{"embeddable":true,"href":"http:\/\/metropoleemfoco.com.br\/index.php?rest_route=\/wp\/v2\/media\/12263"}],"wp:attachment":[{"href":"http:\/\/metropoleemfoco.com.br\/index.php?rest_route=%2Fwp%2Fv2%2Fmedia&parent=12261"}],"wp:term":[{"taxonomy":"category","embeddable":true,"href":"http:\/\/metropoleemfoco.com.br\/index.php?rest_route=%2Fwp%2Fv2%2Fcategories&post=12261"},{"taxonomy":"post_tag","embeddable":true,"href":"http:\/\/metropoleemfoco.com.br\/index.php?rest_route=%2Fwp%2Fv2%2Ftags&post=12261"}],"curies":[{"name":"wp","href":"https:\/\/api.w.org\/{rel}","templated":true}]}}