{"id":12254,"date":"2026-01-24T06:00:56","date_gmt":"2026-01-24T09:00:56","guid":{"rendered":"http:\/\/metropoleemfoco.com.br\/?p=12254"},"modified":"2026-01-23T22:17:15","modified_gmt":"2026-01-24T01:17:15","slug":"site-da-prefeitura-traz-programacao-dos-blocos-do-carnaval-de-rua-2026","status":"publish","type":"post","link":"http:\/\/metropoleemfoco.com.br\/?p=12254","title":{"rendered":"Site da Prefeitura traz programa\u00e7\u00e3o dos blocos do Carnaval de Rua 2026"},"content":{"rendered":"<h1 class=\"psp-news-title mb-2\">Site da Prefeitura traz programa\u00e7\u00e3o dos blocos do Carnaval de Rua 2026<\/h1>\n<div class=\"psp-news-description mb-5\">Ferramenta re\u00fane informa\u00e7\u00f5es dos desfiles em toda a cidade e permite ao foli\u00e3o planejar o roteiro por bairro, data ou per\u00edodo da festa<\/div>\n<picture data-fileentryid=\"36377956\"><source srcset=\"\/o\/adaptive-media\/image\/36377956\/Thumbnail-300x300\/carnaval_sitepref_1248x832.png?t=1769178452532\" media=\"(max-width:300px)\" \/><source srcset=\"\/o\/adaptive-media\/image\/36377956\/Preview-1000x0\/carnaval_sitepref_1248x832.png?t=1769178452532\" media=\"(max-width:1000px) and (min-width:300px)\" \/><\/picture><picture data-fileentryid=\"36377956\"><source srcset=\"\/o\/adaptive-media\/image\/36377956\/Thumbnail-300x300\/carnaval_sitepref_1248x832.png?t=1769178452532\" media=\"(max-width:300px)\" \/><source srcset=\"\/o\/adaptive-media\/image\/36377956\/Preview-1000x0\/carnaval_sitepref_1248x832.png?t=1769178452532\" media=\"(max-width:1000px) and (min-width:300px)\" \/><img decoding=\"async\" class=\"mb-4\" src=\"https:\/\/prefeitura.sp.gov.br\/documents\/34276\/0\/carnaval_sitepref_1248x832.png\/c5297e1b-deca-f375-5fa8-ad77ad8ce21e?t=1769178452532\" alt=\"\" data-fileentryid=\"36377956\" \/><\/picture>\n<div class=\"psp-news-text\">\n<p>O site\u00a0<a href=\"https:\/\/www.carnavalsp.com\/\">www.carnavalsp.com<\/a>\u00a0disponibiliza a programa\u00e7\u00e3o dos blocos do Carnaval de Rua 2026. Desenvolvida pela Prefeitura de S\u00e3o Paulo para facilitar o planejamento dos foli\u00f5es e organizar a circula\u00e7\u00e3o pela cidade durante o per\u00edodo do maior Carnaval de Rua do Brasil, a plataforma permite a busca dos blocos por bairro, por data e hor\u00e1rio ou por per\u00edodo da festa \u2014 pr\u00e9-carnaval, carnaval e p\u00f3s-carnaval \u2014, possibilitando que o p\u00fablico trace o melhor roteiro de acordo com seus interesses. Gra\u00e7as \u00e0 geolocaliza\u00e7\u00e3o, tamb\u00e9m \u00e9 poss\u00edvel buscar os blocos mais pr\u00f3ximos.<\/p>\n<p>A programa\u00e7\u00e3o contempla mais de 600 blocos e ter\u00e1 atualiza\u00e7\u00f5es durante o per\u00edodo carnavalesco. Como \u00e9 pr\u00f3prio da din\u00e2mica do Carnaval de Rua, podem ocorrer ajustes, altera\u00e7\u00f5es de itiner\u00e1rio ou cancelamentos, que s\u00e3o incorporados \u00e0 plataforma \u00e0 medida que as informa\u00e7\u00f5es s\u00e3o validadas, garantindo transpar\u00eancia e dados sempre atualizados ao p\u00fablico.<\/p>\n<p>Todos os trajetos disponibilizados no site foram analisados em conjunto com a Comiss\u00e3o Especial do Carnaval e tiveram seus itiner\u00e1rios aprovados pela Companhia de Engenharia de Tr\u00e2nsito (CET) e pelos \u00f3rg\u00e3os de seguran\u00e7a p\u00fablica, assegurando planejamento e organiza\u00e7\u00e3o dos desfiles.<\/p>\n<p>Como parte das a\u00e7\u00f5es do Carnaval 2026, a Prefeitura tamb\u00e9m est\u00e1 implantando totens informativos pela cidade. Assim que a programa\u00e7\u00e3o estiver consolidada, os equipamentos permitir\u00e3o a consulta direta \u00e0s informa\u00e7\u00f5es dos blocos por meio de QR Code.<\/p>\n<p>A SPTuris refor\u00e7a que segue o cronograma de divulga\u00e7\u00e3o iniciado em setembro do ano passado, sem qualquer atraso no planejamento, e desde dezembro de 2025 j\u00e1 foram publicadas no Di\u00e1rio Oficial as listas parciais.<\/p>\n<p>Fonte: Prefeitura Sp Gov<\/p>\n<\/div>\n","protected":false},"excerpt":{"rendered":"<p>Site da Prefeitura traz programa\u00e7\u00e3o dos blocos do Carnaval de Rua 2026 Ferramenta re\u00fane informa\u00e7\u00f5es dos desfiles em toda a<\/p>\n","protected":false},"author":1,"featured_media":12259,"comment_status":"open","ping_status":"open","sticky":false,"template":"","format":"standard","meta":{"colormag_page_container_layout":"default_layout","colormag_page_sidebar_layout":"default_layout","footnotes":""},"categories":[99],"tags":[],"class_list":["post-12254","post","type-post","status-publish","format-standard","has-post-thumbnail","hentry","category-sp"],"_links":{"self":[{"href":"http:\/\/metropoleemfoco.com.br\/index.php?rest_route=\/wp\/v2\/posts\/12254","targetHints":{"allow":["GET"]}}],"collection":[{"href":"http:\/\/metropoleemfoco.com.br\/index.php?rest_route=\/wp\/v2\/posts"}],"about":[{"href":"http:\/\/metropoleemfoco.com.br\/index.php?rest_route=\/wp\/v2\/types\/post"}],"author":[{"embeddable":true,"href":"http:\/\/metropoleemfoco.com.br\/index.php?rest_route=\/wp\/v2\/users\/1"}],"replies":[{"embeddable":true,"href":"http:\/\/metropoleemfoco.com.br\/index.php?rest_route=%2Fwp%2Fv2%2Fcomments&post=12254"}],"version-history":[{"count":1,"href":"http:\/\/metropoleemfoco.com.br\/index.php?rest_route=\/wp\/v2\/posts\/12254\/revisions"}],"predecessor-version":[{"id":12260,"href":"http:\/\/metropoleemfoco.com.br\/index.php?rest_route=\/wp\/v2\/posts\/12254\/revisions\/12260"}],"wp:featuredmedia":[{"embeddable":true,"href":"http:\/\/metropoleemfoco.com.br\/index.php?rest_route=\/wp\/v2\/media\/12259"}],"wp:attachment":[{"href":"http:\/\/metropoleemfoco.com.br\/index.php?rest_route=%2Fwp%2Fv2%2Fmedia&parent=12254"}],"wp:term":[{"taxonomy":"category","embeddable":true,"href":"http:\/\/metropoleemfoco.com.br\/index.php?rest_route=%2Fwp%2Fv2%2Fcategories&post=12254"},{"taxonomy":"post_tag","embeddable":true,"href":"http:\/\/metropoleemfoco.com.br\/index.php?rest_route=%2Fwp%2Fv2%2Ftags&post=12254"}],"curies":[{"name":"wp","href":"https:\/\/api.w.org\/{rel}","templated":true}]}}