{"id":12252,"date":"2026-01-24T06:00:54","date_gmt":"2026-01-24T09:00:54","guid":{"rendered":"http:\/\/metropoleemfoco.com.br\/?p=12252"},"modified":"2026-01-24T23:49:55","modified_gmt":"2026-01-25T02:49:55","slug":"carta-da-onu-esta-sendo-rasgada-e-lei-do-mais-forte-esta-prevalecendo-no-mundo-critica-lula","status":"publish","type":"post","link":"http:\/\/metropoleemfoco.com.br\/?p=12252","title":{"rendered":"Lula critica Carta da ONU"},"content":{"rendered":"<div class=\"mc-article-header\">\n<div class=\"row content-head mc-column non-featured \">\n<div class=\"title\" data-block-type=\"title\" data-block-id=\"0\">\n<h1 class=\"content-head__title\">Carta da ONU est\u00e1 sendo rasgada e lei do mais forte est\u00e1 prevalecendo no mundo, critica Lula<\/h1>\n<\/div>\n<div class=\"medium-centered subtitle\">\n<h2 class=\"content-head__subtitle\">Presidente afirma que multilateralismo est\u00e1 sendo substitu\u00eddo por a\u00e7\u00f5es unilaterais e cita elei\u00e7\u00f5es e crises pol\u00edticas na Am\u00e9rica Latina e nos EUA. Lula fez cr\u00edticas ao presidente dos EUA, Donald Trump.<\/h2>\n<\/div>\n<\/div>\n<div class=\"content__signa-share mc-column\">\n<div class=\"content__signature\">\n<div class=\"content-publication-data\">\n<div class=\"content-publication-data__text\">\n<p class=\"content-publication-data__from\" title=\"Maria Eduarda Caldo\">Por\u00a0<a class=\"multi_signatures\" href=\"https:\/\/g1.globo.com\/autores\/maria-eduarda-caldo\/\">Maria Eduarda Caldo<\/a>, g1\u00a0\u2014 Bras\u00edlia<\/p>\n<\/div>\n<\/div>\n<\/div>\n<\/div>\n<div class=\"glb-share-bar content__share-bar\">\n<div class=\"glb-share-bar_icons\">\n<div class=\"glb-share-bar_button-img\"><\/div>\n<div class=\"glb-share-bar_button-img\"><\/div>\n<div class=\"glb-share-bar_button-img\"><\/div>\n<\/div>\n<\/div>\n<div class=\"mc-summary mc-column\" data-block-type=\"summary\" data-block-id=\"1\">\n<details class=\"mc-summary-card bs-block--exclude-chunk-children\">\n<div class=\"mc-summary-card__summary-container\"><\/div>\n<div class=\"mc-summary-card__content\">\n<ul class=\"mc-summary-card__list\">\n<li class=\"mc-summary-card__item\">\n<div id=\"chunk-51pa\">\n<div class=\"mc-column content-text active-extra-styles \" data-block-type=\"unstyled\" data-block-weight=\"\">\n<p class=\" content-text__container \" data-track-category=\"Link no Texto\" data-track-links=\"\">O presidente Luiz In\u00e1cio Lula da Silva afirmou nesta sexta-feira (23) que o mundo vive um momento \u201cmuito cr\u00edtico\u201d do ponto de vista pol\u00edtico.<\/p>\n<\/div>\n<\/div>\n<\/li>\n<li class=\"mc-summary-card__item\">\n<div id=\"chunk-3shes\">\n<div class=\"mc-column content-text active-extra-styles \" data-block-type=\"unstyled\" data-block-weight=\"\">\n<p class=\" content-text__container \" data-track-category=\"Link no Texto\" data-track-links=\"\">Segundo Lula, o cen\u00e1rio global tem sido marcado pelo enfraquecimento do multilateralismo e pelo avan\u00e7o de posturas unilaterais.<\/p>\n<\/div>\n<\/div>\n<\/li>\n<li class=\"mc-summary-card__item\">\n<div id=\"chunk-18rja\">\n<div class=\"mc-column content-text active-extra-styles \" data-block-type=\"unstyled\" data-block-weight=\"\">\n<p class=\" content-text__container \" data-track-category=\"Link no Texto\" data-track-links=\"\">Para o presidente, o cen\u00e1rio atual contraria a agenda de reformas defendida pelo Brasil desde seu primeiro mandato, em 2003, especialmente a amplia\u00e7\u00e3o do Conselho de Seguran\u00e7a da ONU.<\/p>\n<\/div>\n<\/div>\n<\/li>\n<li class=\"mc-summary-card__item\">\n<div id=\"chunk-62hl6\">\n<div class=\"mc-column content-text active-extra-styles \" data-block-type=\"unstyled\" data-block-weight=\"\">\n<p class=\" content-text__container \" data-track-category=\"Link no Texto\" data-track-links=\"\">Lula tamb\u00e9m afirmou que o contexto internacional exige aten\u00e7\u00e3o especial do Brasil em 2026, ano de elei\u00e7\u00f5es no pa\u00eds, diante do que classificou como riscos \u00e0 democracia em diferentes partes do mundo.<\/p>\n<\/div>\n<\/div>\n<\/li>\n<\/ul>\n<\/div>\n<\/details>\n<\/div>\n<\/div>\n<div class=\"mc-article-body\">\n<article>\n<div id=\"chunk-5so2f\">\n<div class=\"cxm-block-video content-media mc-column \" data-block-type=\"backstage-video\" data-block-id=\"2\">\n<div class=\"cxm-block-video__container cxm-block-video__container--fallback cxm-block-video__container--vertical\">\n<div class=\"cxm-block-video__player-fixer\">\n<article class=\"cxm-block-video__player-wrapper\">\n<section class=\"cxm-block-video__player\">\n<div class=\"cxm-block-video__placeholder\" data-video-id=\"14282463\"><img decoding=\"async\" class=\"cxm-block-video__thumb\" title=\"Carta da ONU est\u00e1 sendo rasgada e lei do mais forte est\u00e1 prevalecendo no mundo, diz Lula\" src=\"https:\/\/s04.video.glbimg.com\/x240\/14282463.jpg\" alt=\"Carta da ONU est\u00e1 sendo rasgada e lei do mais forte est\u00e1 prevalecendo no mundo, diz Lula\" \/><\/div>\n<\/section>\n<\/article>\n<\/div>\n<div class=\"cxm-block-video__caption-container\">\n<p class=\"codex-caption codex-caption--small\">Carta da ONU est\u00e1 sendo rasgada e lei do mais forte est\u00e1 prevalecendo no mundo, diz Lula<\/p>\n<\/div>\n<\/div>\n<\/div>\n<\/div>\n<div id=\"chunk-2ghl2\">\n<div class=\"mc-column content-text active-extra-styles \" data-block-type=\"unstyled\" data-block-weight=\"48\" data-block-id=\"3\">\n<p class=\" content-text__container \" data-track-category=\"Link no Texto\" data-track-links=\"\">O presidente Luiz In\u00e1cio\u00a0<a class=\"\" href=\"https:\/\/g1.globo.com\/politica\/politico\/lula\/\">Lula<\/a>\u00a0da Silva afirmou nesta sexta-feira (23) que o mundo vive um momento \u201cmuito cr\u00edtico\u201d do ponto de vista pol\u00edtico e disse que a Carta das Na\u00e7\u00f5es Unidas (ONU) est\u00e1 sendo \u201crasgada\u201d, com a preval\u00eancia da chamada \u201clei do mais forte\u201d nas rela\u00e7\u00f5es internacionais.<\/p>\n<\/div>\n<\/div>\n<div class=\"wall protected-content\">\n<div id=\"chunk-3lkgi\">\n<div class=\"mc-column content-text active-extra-styles \" data-block-type=\"unstyled\" data-block-weight=\"39\" data-block-id=\"5\">\n<p class=\" content-text__container \" data-track-category=\"Link no Texto\" data-track-links=\"\">Segundo Lula, o cen\u00e1rio global tem sido marcado pelo enfraquecimento do multilateralismo e pelo avan\u00e7o de posturas unilaterais, fen\u00f4meno que, na avalia\u00e7\u00e3o dele, se reflete tanto em crises recentes na Am\u00e9rica Latina quanto em mudan\u00e7as pol\u00edticas em pa\u00edses centrais.<\/p>\n<\/div>\n<\/div>\n<div id=\"chunk-71ud7\">\n<div class=\"mc-column content-text active-extra-styles \" data-block-type=\"unstyled\" data-block-weight=\"57\" data-block-id=\"6\">\n<p class=\" content-text__container \" data-track-category=\"Link no Texto\" data-track-links=\"\">Lula tamb\u00e9m fez cr\u00edticas ao presidente dos Estados Unidos,\u00a0<a class=\"\" href=\"https:\/\/g1.globo.com\/tudo-sobre\/donald-trump\/\">Donald Trump<\/a>. Nesta semana, no F\u00f3rum Econ\u00f4mico Mundial em Davos, na Su\u00ed\u00e7a,\u00a0<a class=\"\" href=\"https:\/\/g1.globo.com\/mundo\/noticia\/2026\/01\/22\/trump-lanca-conselho-da-paz-em-davos.ghtml\">Trump discursou perante l\u00edderes europeu<\/a> e ressaltou o desejo dos EUA em se apoderar da Groenl\u00e2ndia, territ\u00f3rio dinamarqu\u00eas. Ele tamb\u00e9m anunciou um Conselho para paz em Gaza, com fotos de resorts de luxo na regi\u00e3o.<\/p>\n<\/div>\n<\/div>\n<div id=\"chunk-apup4\">\n<div class=\"mc-column content-text active-extra-styles \" data-block-type=\"unstyled\" data-block-weight=\"13\" data-block-id=\"8\">\n<p class=\" content-text__container \" data-track-category=\"Link no Texto\" data-track-links=\"\">As falas de Trump foram vistas com receio pela comunidade internacional.<\/p>\n<\/div>\n<\/div>\n<div id=\"chunk-3p9no\">\n<div class=\"mc-column content-text active-extra-styles \" data-block-type=\"unstyled\" data-block-weight=\"43\" data-block-id=\"9\">\n<p class=\" content-text__container \" data-track-category=\"Link no Texto\" data-track-links=\"\">\u201cEstamos vivendo um momento muito cr\u00edtico na pol\u00edtica mundial. O multilateralismo est\u00e1 sendo jogado fora pelo unilateralismo. Est\u00e1 prevalecendo a lei do mais forte. A Carta da ONU est\u00e1 sendo rasgada\u201d, afirmou o presidente durante evento do Movimento dos Trabalhadores Sem-Terra em Salvador.<\/p>\n<\/div>\n<\/div>\n<div id=\"chunk-5qg1o\">\n<div class=\"mc-column content-text active-extra-styles \" data-block-type=\"unstyled\" data-block-weight=\"36\" data-block-id=\"10\">\n<p class=\" content-text__container \" data-track-category=\"Link no Texto\" data-track-links=\"\">Lula citou elei\u00e7\u00f5es recentes em pa\u00edses da Am\u00e9rica Latina, em que candidatos da direita sa\u00edram vencedores, al\u00e9m da elei\u00e7\u00e3o do presidente Donald Trump nos Estados Unidos, como parte de um contexto mais amplo de instabilidade democr\u00e1tica.<\/p>\n<\/div>\n<\/div>\n<div id=\"chunk-adp44\">\n<div class=\"mc-column content-text active-extra-styles \" data-block-type=\"unstyled\" data-block-weight=\"35\" data-block-id=\"11\">\n<p class=\" content-text__container \" data-track-category=\"Link no Texto\" data-track-links=\"\">Para o presidente, o cen\u00e1rio atual contraria a agenda de reformas defendida pelo Brasil desde seu primeiro mandato, em 2003, especialmente a amplia\u00e7\u00e3o do Conselho de Seguran\u00e7a da ONU com a entrada de novos pa\u00edses.<\/p>\n<\/div>\n<\/div>\n<div id=\"chunk-90kle\">\n<div class=\"mc-column content-text active-extra-styles \" data-block-type=\"unstyled\" data-block-weight=\"54\" data-block-id=\"12\">\n<p class=\" content-text__container \" data-track-category=\"Link no Texto\" data-track-links=\"\">\u201cEm vez de corrigir a ONU, como a gente reivindica desde 2003, com a entrada de novos pa\u00edses \u2014 como M\u00e9xico, Brasil e pa\u00edses africanos \u2014 o que est\u00e1 acontecendo \u00e9 que o presidente Trump est\u00e1 fazendo uma proposta de criar uma nova ONU, como se ele sozinho fosse o dono da ONU\u201d, disse.<\/p>\n<\/div>\n<\/div>\n<div id=\"chunk-e5gj6\">\n<div class=\"mc-column content-text active-extra-styles \" data-block-type=\"unstyled\" data-block-weight=\"32\" data-block-id=\"13\">\n<p class=\" content-text__container \" data-track-category=\"Link no Texto\" data-track-links=\"\">Lula tamb\u00e9m afirmou que o contexto internacional exige aten\u00e7\u00e3o especial do Brasil em 2026, ano de elei\u00e7\u00f5es no pa\u00eds, diante do que classificou como riscos \u00e0 democracia em diferentes partes do mundo.<\/p>\n<\/div>\n<\/div>\n<div id=\"chunk-2d845\">\n<div class=\"mc-column content-text active-extra-styles\" data-block-type=\"raw\" data-block-weight=\"3\" data-block-id=\"15\">\n<div class=\"content-intertitle\">\n<h2>Defesa do multilateralismo<\/h2>\n<\/div>\n<\/div>\n<\/div>\n<div id=\"chunk-7puqc\">\n<div class=\"mc-column content-text active-extra-styles \" data-block-type=\"unstyled\" data-block-weight=\"45\" data-block-id=\"16\">\n<p class=\" content-text__container \" data-track-category=\"Link no Texto\" data-track-links=\"\">O presidente afirmou que tem intensificado contatos diplom\u00e1ticos nas \u00faltimas semanas em uma tentativa de articular uma rea\u00e7\u00e3o internacional ao enfraquecimento do multilateralismo. Segundo Lula, ele conversou por telefone com l\u00edderes de diferentes pa\u00edses e blocos pol\u00edticos, incluindo pot\u00eancias globais e na\u00e7\u00f5es da Am\u00e9rica Latina.<\/p>\n<\/div>\n<\/div>\n<div id=\"chunk-db0qe\">\n<div class=\"mc-column content-text active-extra-styles \" data-block-type=\"unstyled\" data-block-weight=\"47\" data-block-id=\"17\">\n<p class=\" content-text__container \" data-track-category=\"Link no Texto\" data-track-links=\"\">\u201cEu estou h\u00e1 uma semana telefonando para pa\u00edses do mundo inteiro\u201d, disse. O presidente citou conversas com o presidente da R\u00fassia, Vladimir Putin, com o presidente da China, Xi Jinping, com o primeiro-ministro da \u00cdndia, al\u00e9m de di\u00e1logos com l\u00edderes da Hungria e do M\u00e9xico, entre outros.<\/p>\n<\/div>\n<\/div>\n<div id=\"chunk-265os\">\n<div class=\"mc-column content-text active-extra-styles \" data-block-type=\"unstyled\" data-block-weight=\"43\" data-block-id=\"18\">\n<p class=\" content-text__container \" data-track-category=\"Link no Texto\" data-track-links=\"\">De acordo com Lula, o objetivo dessas conversas \u00e9 avaliar a possibilidade de uma reuni\u00e3o internacional que reafirme o compromisso com o multilateralismo e evite que as rela\u00e7\u00f5es entre pa\u00edses passem a ser regidas pela for\u00e7a militar, pela intoler\u00e2ncia ou por imposi\u00e7\u00f5es unilaterais.<\/p>\n<\/div>\n<\/div>\n<div id=\"chunk-17d5h\">\n<div class=\"mc-column content-text active-extra-styles \" data-block-type=\"unstyled\" data-block-weight=\"33\" data-block-id=\"19\">\n<p class=\" content-text__container \" data-track-category=\"Link no Texto\" data-track-links=\"\">O presidente tamb\u00e9m afirmou que a pol\u00edtica externa brasileira n\u00e3o se baseia em alinhamentos exclusivos. Segundo ele, o Brasil busca manter rela\u00e7\u00f5es diplom\u00e1ticas com diferentes pa\u00edses, independentemente de orienta\u00e7\u00f5es ideol\u00f3gicas ou disputas geopol\u00edticas.<\/p>\n<\/div>\n<\/div>\n<div id=\"chunk-6b7v6\">\n<div class=\"mc-column content-text active-extra-styles \" data-block-type=\"unstyled\" data-block-weight=\"32\" data-block-id=\"20\">\n<p class=\" content-text__container \" data-track-category=\"Link no Texto\" data-track-links=\"\">\u201cO Brasil quer ter rela\u00e7\u00e3o com os Estados Unidos, quer ter rela\u00e7\u00e3o com Cuba, quer ter rela\u00e7\u00e3o com a China, quer ter rela\u00e7\u00e3o com a R\u00fassia. A gente n\u00e3o tem prefer\u00eancia\u201d, afirmou.<\/p>\n<\/div>\n<\/div>\n<div id=\"chunk-fn5a8\">\n<div class=\"mc-column content-text active-extra-styles \" data-block-type=\"unstyled\" data-block-weight=\"30\" data-block-id=\"22\">\n<p class=\" content-text__container \" data-track-category=\"Link no Texto\" data-track-links=\"\">Lula ressaltou, no entanto, que o pa\u00eds n\u00e3o aceita rela\u00e7\u00f5es de subordina\u00e7\u00e3o. \u201cO que a gente n\u00e3o aceita mais \u00e9 voltar a ser col\u00f4nia para algu\u00e9m mandar na gente\u201d, disse.<\/p>\n<\/div>\n<\/div>\n<div id=\"chunk-6hcbe\">\n<div class=\"cxm-block-video content-media mc-column \" data-block-type=\"backstage-video\" data-block-id=\"23\">\n<div class=\"cxm-block-video__container cxm-block-video__container--fallback \">\n<div class=\"cxm-block-video__player-fixer\">\n<article class=\"cxm-block-video__player-wrapper\">\n<section class=\"cxm-block-video__player\">\n<div class=\"cxm-block-video__placeholder\" data-video-id=\"14278021\"><img decoding=\"async\" class=\"cxm-block-video__thumb\" title=\"EUA est\u00e3o negociando 'acesso total' \u00e0 Groenl\u00e2ndia, diz Trump\" src=\"https:\/\/s02.video.glbimg.com\/x240\/14278021.jpg\" alt=\"EUA est\u00e3o negociando 'acesso total' \u00e0 Groenl\u00e2ndia, diz Trump\" \/><\/div>\n<\/section>\n<\/article>\n<\/div>\n<div class=\"cxm-block-video__caption-container\">\n<p class=\"codex-caption codex-caption--small\">EUA est\u00e3o negociando &#8216;acesso total&#8217; \u00e0 Groenl\u00e2ndia, diz Trump<\/p>\n<\/div>\n<\/div>\n<\/div>\n<\/div>\n<div id=\"chunk-1mac0\">\n<div class=\"mc-column content-text active-extra-styles\" data-block-type=\"raw\" data-block-weight=\"3\" data-block-id=\"24\">\n<div class=\"content-intertitle\">\n<h2>Cr\u00edticas a Trump<\/h2>\n<\/div>\n<\/div>\n<\/div>\n<div id=\"chunk-8hprb\">\n<div class=\"mc-column content-text active-extra-styles \" data-block-type=\"unstyled\" data-block-weight=\"39\" data-block-id=\"25\">\n<p class=\" content-text__container \" data-track-category=\"Link no Texto\" data-track-links=\"\">Lula afirmou que n\u00e3o defende confrontos armados e criticou discursos que exaltam o poder militar como instrumento de intimida\u00e7\u00e3o no cen\u00e1rio internacional. Lula fez refer\u00eancia a declara\u00e7\u00f5es recentes do presidente Donald Trump sobre a superioridade das For\u00e7as Armadas americanas.<\/p>\n<\/div>\n<\/div>\n<div id=\"chunk-6qouc\">\n<div class=\"mc-column content-text active-extra-styles \" data-block-type=\"unstyled\" data-block-weight=\"41\" data-block-id=\"26\">\n<p class=\" content-text__container \" data-track-category=\"Link no Texto\" data-track-links=\"\">\u201cEu n\u00e3o quero guerra. Eu sou um homem da paz\u201d, disse Lula. Segundo ele, discursos que enfatizam for\u00e7a b\u00e9lica \u2014 como men\u00e7\u00f5es a ex\u00e9rcitos, armamentos e tecnologias militares \u2014 refor\u00e7am uma l\u00f3gica de intimida\u00e7\u00e3o que n\u00e3o contribui para a estabilidade global.<\/p>\n<\/div>\n<\/div>\n<div id=\"chunk-epp12\">\n<div class=\"mc-column content-text active-extra-styles \" data-block-type=\"unstyled\" data-block-weight=\"36\" data-block-id=\"28\">\n<p class=\" content-text__container \" data-track-category=\"Link no Texto\" data-track-links=\"\">O presidente contrastou esse tipo de discurso com a realidade das For\u00e7as Armadas brasileiras. Disse que o Brasil n\u00e3o disputa poder com grandes pot\u00eancias militares e que sequer disp\u00f5e de recursos abundantes para treinamento e manuten\u00e7\u00e3o.<\/p>\n<\/div>\n<\/div>\n<div id=\"chunk-6n5nd\">\n<div class=\"mc-column content-text active-extra-styles \" data-block-type=\"unstyled\" data-block-weight=\"25\" data-block-id=\"29\">\n<p class=\" content-text__container \" data-track-category=\"Link no Texto\" data-track-links=\"\">\u201cEu n\u00e3o quero fazer guerra armada com os Estados Unidos, com a China, com a R\u00fassia, nem com o Uruguai, nem com a Bol\u00edvia\u201d, afirmou.<\/p>\n<\/div>\n<\/div>\n<div id=\"chunk-7b6nu\">\n<div class=\"mc-column content-text active-extra-styles \" data-block-type=\"unstyled\" data-block-weight=\"34\" data-block-id=\"30\">\n<p class=\" content-text__container \" data-track-category=\"Link no Texto\" data-track-links=\"\">Para Lula, o caminho defendido pelo Brasil \u00e9 o da diplomacia e do di\u00e1logo. Ele disse que prefere o que chamou de \u201cguerra do convencimento\u201d, baseada em argumentos, narrativas e no fortalecimento da democracia.<\/p>\n<\/div>\n<\/div>\n<div data-track-category=\"multicontent\" data-track-action=\"multicontent\" data-track-noninteraction=\"false\" data-track-scroll=\"ultimo chunk conteudo\" data-track-value=\"view\">\n<div id=\"chunk-bccmr\">\n<div class=\"mc-column content-text active-extra-styles \" data-block-type=\"unstyled\" data-block-weight=\"43\" data-block-id=\"31\">\n<p class=\" content-text__container \" data-track-category=\"Link no Texto\" data-track-links=\"\">\u201cO que eu quero \u00e9 fazer guerra com o poder do convencimento, com argumento, mostrando que a democracia \u00e9 imbat\u00edvel\u201d, disse. Segundo o presidente, a coopera\u00e7\u00e3o e o compartilhamento de experi\u00eancias positivas entre pa\u00edses s\u00e3o mais eficazes do que a imposi\u00e7\u00e3o de for\u00e7a.<\/p>\n<p>Fonte: G1<\/p>\n<\/div>\n<\/div>\n<\/div>\n<\/div>\n<\/article>\n<\/div>\n","protected":false},"excerpt":{"rendered":"<p>Carta da ONU est\u00e1 sendo rasgada e lei do mais forte est\u00e1 prevalecendo no mundo, critica Lula Presidente afirma que<\/p>\n","protected":false},"author":1,"featured_media":12255,"comment_status":"open","ping_status":"open","sticky":false,"template":"","format":"standard","meta":{"colormag_page_container_layout":"default_layout","colormag_page_sidebar_layout":"default_layout","footnotes":""},"categories":[91],"tags":[],"class_list":["post-12252","post","type-post","status-publish","format-standard","has-post-thumbnail","hentry","category-mundo"],"_links":{"self":[{"href":"http:\/\/metropoleemfoco.com.br\/index.php?rest_route=\/wp\/v2\/posts\/12252","targetHints":{"allow":["GET"]}}],"collection":[{"href":"http:\/\/metropoleemfoco.com.br\/index.php?rest_route=\/wp\/v2\/posts"}],"about":[{"href":"http:\/\/metropoleemfoco.com.br\/index.php?rest_route=\/wp\/v2\/types\/post"}],"author":[{"embeddable":true,"href":"http:\/\/metropoleemfoco.com.br\/index.php?rest_route=\/wp\/v2\/users\/1"}],"replies":[{"embeddable":true,"href":"http:\/\/metropoleemfoco.com.br\/index.php?rest_route=%2Fwp%2Fv2%2Fcomments&post=12252"}],"version-history":[{"count":3,"href":"http:\/\/metropoleemfoco.com.br\/index.php?rest_route=\/wp\/v2\/posts\/12252\/revisions"}],"predecessor-version":[{"id":12323,"href":"http:\/\/metropoleemfoco.com.br\/index.php?rest_route=\/wp\/v2\/posts\/12252\/revisions\/12323"}],"wp:featuredmedia":[{"embeddable":true,"href":"http:\/\/metropoleemfoco.com.br\/index.php?rest_route=\/wp\/v2\/media\/12255"}],"wp:attachment":[{"href":"http:\/\/metropoleemfoco.com.br\/index.php?rest_route=%2Fwp%2Fv2%2Fmedia&parent=12252"}],"wp:term":[{"taxonomy":"category","embeddable":true,"href":"http:\/\/metropoleemfoco.com.br\/index.php?rest_route=%2Fwp%2Fv2%2Fcategories&post=12252"},{"taxonomy":"post_tag","embeddable":true,"href":"http:\/\/metropoleemfoco.com.br\/index.php?rest_route=%2Fwp%2Fv2%2Ftags&post=12252"}],"curies":[{"name":"wp","href":"https:\/\/api.w.org\/{rel}","templated":true}]}}